{"id":88438,"date":"2022-06-20T16:57:18","date_gmt":"2022-06-20T16:57:18","guid":{"rendered":"https:\/\/www.nettali.com\/?p=88438"},"modified":"2022-06-20T20:37:50","modified_gmt":"2022-06-20T20:37:50","slug":"envoye-en-prison-ameth-aidara-juge-vendredi-en-flagrant-delit","status":"publish","type":"post","link":"https:\/\/www.nettali.com\/2022\/06\/20\/envoye-en-prison-ameth-aidara-juge-vendredi-en-flagrant-delit\/","title":{"rendered":"ENVOYE EN PRISON - Ameth A\u00efdara jug\u00e9 vendredi en flagrant d\u00e9lit"},"content":{"rendered":"<p><strong>NETTALI.COM - Le maire de Gu\u00e8diawaye a \u00e9t\u00e9 plac\u00e9 sous mandat de d\u00e9p\u00f4t par le procureur de Pikine. Il sera jug\u00e9 devant le tribunal des flagrants d\u00e9lits vendredi prochain.<\/strong><\/p>\n<p>Plac\u00e9 en garde \u00e0 vue vendredi dernier, le maire de Gu\u00e9diawaye, Ahmed A\u00efdara a \u00e9t\u00e9 d\u00e9f\u00e9r\u00e9 au parquet ce lundi.\u00a0 Il a \u00e9t\u00e9 plac\u00e9 sous mandat de d\u00e9p\u00f4t par le procureur de Pikine-Gu\u00e9diawaye. Il a \u00e9t\u00e9 inculp\u00e9 pour <em>\"participation \u00e0 une manifestation non-autoris\u00e9e, provocation d'un attroupement et trouble \u00e0 l'ordre public\".<\/em><\/p>\n<p>Le maire de Gu\u00e9diawaye sera jug\u00e9 en flagrant d\u00e9lit ce vendredi.<\/p>\n<div class='share-to-whatsapp-wrapper'><div class='share-on-whsp'>PARTAGER SUR : <\/div><a data-text='ENVOYE EN PRISON - Ameth A\u00efdara jug\u00e9 vendredi en flagrant d\u00e9lit' data-link='https:\/\/www.nettali.com\/2022\/06\/20\/envoye-en-prison-ameth-aidara-juge-vendredi-en-flagrant-delit\/' class='whatsapp-button whatsapp-share'>WhatsApp<\/a><div class='clear '><\/div><\/div>","protected":false},"excerpt":{"rendered":"<p>NETTALI.COM - Le maire de Gu\u00e8diawaye a \u00e9t\u00e9 plac\u00e9 sous mandat de d\u00e9p\u00f4t par le procureur de Pikine. Il sera jug\u00e9 devant le tribunal des flagrants d\u00e9lits vendredi prochain. Plac\u00e9 en garde \u00e0 vue vendredi dernier, le maire de Gu\u00e9diawaye, Ahmed A\u00efdara a \u00e9t\u00e9 d\u00e9f\u00e9r\u00e9 au parquet ce lundi.\u00a0 Il a \u00e9t\u00e9 plac\u00e9 sous mandat [&hellip;]<\/p>\n","protected":false},"author":4,"featured_media":84251,"comment_status":"open","ping_status":"open","sticky":false,"template":"","format":"standard","meta":{"_et_pb_use_builder":"","_et_pb_old_content":""},"categories":[3],"tags":[],"yoast_head":"<!-- This site is optimized with the Yoast SEO Premium plugin v17.8 (Yoast SEO v17.8) - https:\/\/yoast.com\/wordpress\/plugins\/seo\/ -->\n<title>ENVOYE EN PRISON - Ameth A\u00efdara jug\u00e9 vendredi en flagrant d\u00e9lit | Nettali.com<\/title>\n<meta name=\"robots\" content=\"index, follow, max-snippet:-1, max-image-preview:large, max-video-preview:-1\" \/>\n<link rel=\"canonical\" href=\"https:\/\/www.nettali.com\/2022\/06\/20\/envoye-en-prison-ameth-aidara-juge-vendredi-en-flagrant-delit\/\" \/>\n<meta property=\"og:locale\" content=\"fr_FR\" \/>\n<meta property=\"og:type\" content=\"article\" \/>\n<meta property=\"og:title\" content=\"ENVOYE EN PRISON - Ameth A\u00efdara jug\u00e9 vendredi en flagrant d\u00e9lit\" \/>\n<meta property=\"og:description\" content=\"NETTALI.COM - Le maire de Gu\u00e8diawaye a \u00e9t\u00e9 plac\u00e9 sous mandat de d\u00e9p\u00f4t par le procureur de Pikine. Il sera jug\u00e9 devant le tribunal des flagrants d\u00e9lits vendredi prochain. Plac\u00e9 en garde \u00e0 vue vendredi dernier, le maire de Gu\u00e9diawaye, Ahmed A\u00efdara a \u00e9t\u00e9 d\u00e9f\u00e9r\u00e9 au parquet ce lundi.\u00a0 Il a \u00e9t\u00e9 plac\u00e9 sous mandat [&hellip;]\" \/>\n<meta property=\"og:url\" content=\"https:\/\/www.nettali.com\/2022\/06\/20\/envoye-en-prison-ameth-aidara-juge-vendredi-en-flagrant-delit\/\" \/>\n<meta property=\"og:site_name\" content=\"Nettali.com\" \/>\n<meta property=\"article:publisher\" content=\"https:\/\/www.facebook.com\/nettalicom\" \/>\n<meta property=\"article:published_time\" content=\"2022-06-20T16:57:18+00:00\" \/>\n<meta property=\"article:modified_time\" content=\"2022-06-20T20:37:50+00:00\" \/>\n<meta property=\"og:image\" content=\"https:\/\/www.nettali.com\/wp-content\/uploads\/2022\/04\/Ameth-Ai\u0308dara.png\" \/>\n\t<meta property=\"og:image:width\" content=\"761\" \/>\n\t<meta property=\"og:image:height\" content=\"401\" \/>\n<meta name=\"twitter:card\" content=\"summary_large_image\" \/>\n<meta name=\"twitter:label1\" content=\"\u00c9crit par\" \/>\n\t<meta name=\"twitter:data1\" content=\"Daouda\" \/>\n\t<meta name=\"twitter:label2\" content=\"Dur\u00e9e de lecture estim\u00e9e\" \/>\n\t<meta name=\"twitter:data2\" content=\"1 minute\" \/>\n<script type=\"application\/ld+json\" class=\"yoast-schema-graph\">{\"@context\":\"https:\/\/schema.org\",\"@graph\":[{\"@type\":\"WebSite\",\"@id\":\"https:\/\/www.nettali.com\/#website\",\"url\":\"https:\/\/www.nettali.com\/\",\"name\":\"Nettali.com\",\"description\":\"Le rendez-vous critique du Net\",\"potentialAction\":[{\"@type\":\"SearchAction\",\"target\":{\"@type\":\"EntryPoint\",\"urlTemplate\":\"https:\/\/www.nettali.com\/?s={search_term_string}\"},\"query-input\":\"required name=search_term_string\"}],\"inLanguage\":\"fr-FR\"},{\"@type\":\"ImageObject\",\"@id\":\"https:\/\/www.nettali.com\/2022\/06\/20\/envoye-en-prison-ameth-aidara-juge-vendredi-en-flagrant-delit\/#primaryimage\",\"inLanguage\":\"fr-FR\",\"url\":\"https:\/\/www.nettali.com\/wp-content\/uploads\/2022\/04\/Ameth-Ai\\u0308dara.png\",\"contentUrl\":\"https:\/\/www.nettali.com\/wp-content\/uploads\/2022\/04\/Ameth-Ai\\u0308dara.png\",\"width\":761,\"height\":401},{\"@type\":\"WebPage\",\"@id\":\"https:\/\/www.nettali.com\/2022\/06\/20\/envoye-en-prison-ameth-aidara-juge-vendredi-en-flagrant-delit\/#webpage\",\"url\":\"https:\/\/www.nettali.com\/2022\/06\/20\/envoye-en-prison-ameth-aidara-juge-vendredi-en-flagrant-delit\/\",\"name\":\"ENVOYE EN PRISON - Ameth A\\u00efdara jug\\u00e9 vendredi en flagrant d\\u00e9lit | Nettali.com\",\"isPartOf\":{\"@id\":\"https:\/\/www.nettali.com\/#website\"},\"primaryImageOfPage\":{\"@id\":\"https:\/\/www.nettali.com\/2022\/06\/20\/envoye-en-prison-ameth-aidara-juge-vendredi-en-flagrant-delit\/#primaryimage\"},\"datePublished\":\"2022-06-20T16:57:18+00:00\",\"dateModified\":\"2022-06-20T20:37:50+00:00\",\"author\":{\"@id\":\"https:\/\/www.nettali.com\/#\/schema\/person\/3317e0bb3aa1da309fbf7b2780901bf4\"},\"breadcrumb\":{\"@id\":\"https:\/\/www.nettali.com\/2022\/06\/20\/envoye-en-prison-ameth-aidara-juge-vendredi-en-flagrant-delit\/#breadcrumb\"},\"inLanguage\":\"fr-FR\",\"potentialAction\":[{\"@type\":\"ReadAction\",\"target\":[\"https:\/\/www.nettali.com\/2022\/06\/20\/envoye-en-prison-ameth-aidara-juge-vendredi-en-flagrant-delit\/\"]}]},{\"@type\":\"BreadcrumbList\",\"@id\":\"https:\/\/www.nettali.com\/2022\/06\/20\/envoye-en-prison-ameth-aidara-juge-vendredi-en-flagrant-delit\/#breadcrumb\",\"itemListElement\":[{\"@type\":\"ListItem\",\"position\":1,\"name\":\"Accueil\",\"item\":\"https:\/\/www.nettali.com\/\"},{\"@type\":\"ListItem\",\"position\":2,\"name\":\"ENVOYE EN PRISON - Ameth A\\u00efdara jug\\u00e9 vendredi en flagrant d\\u00e9lit\"}]},{\"@type\":\"Person\",\"@id\":\"https:\/\/www.nettali.com\/#\/schema\/person\/3317e0bb3aa1da309fbf7b2780901bf4\",\"name\":\"Daouda\",\"image\":{\"@type\":\"ImageObject\",\"@id\":\"https:\/\/www.nettali.com\/#personlogo\",\"inLanguage\":\"fr-FR\",\"url\":\"https:\/\/secure.gravatar.com\/avatar\/8d143b5a49345098ddcfee1c49c2f47c?s=96&d=mm&r=g\",\"contentUrl\":\"https:\/\/secure.gravatar.com\/avatar\/8d143b5a49345098ddcfee1c49c2f47c?s=96&d=mm&r=g\",\"caption\":\"Daouda\"},\"sameAs\":[\"https:\/\/www.nettali.com\"]}]}<\/script>\n<!-- \/ Yoast SEO Premium plugin. -->","yoast_head_json":{"title":"ENVOYE EN PRISON - Ameth A\u00efdara jug\u00e9 vendredi en flagrant d\u00e9lit | Nettali.com","robots":{"index":"index","follow":"follow","max-snippet":"max-snippet:-1","max-image-preview":"max-image-preview:large","max-video-preview":"max-video-preview:-1"},"canonical":"https:\/\/www.nettali.com\/2022\/06\/20\/envoye-en-prison-ameth-aidara-juge-vendredi-en-flagrant-delit\/","og_locale":"fr_FR","og_type":"article","og_title":"ENVOYE EN PRISON - Ameth A\u00efdara jug\u00e9 vendredi en flagrant d\u00e9lit","og_description":"NETTALI.COM - Le maire de Gu\u00e8diawaye a \u00e9t\u00e9 plac\u00e9 sous mandat de d\u00e9p\u00f4t par le procureur de Pikine. Il sera jug\u00e9 devant le tribunal des flagrants d\u00e9lits vendredi prochain. Plac\u00e9 en garde \u00e0 vue vendredi dernier, le maire de Gu\u00e9diawaye, Ahmed A\u00efdara a \u00e9t\u00e9 d\u00e9f\u00e9r\u00e9 au parquet ce lundi.\u00a0 Il a \u00e9t\u00e9 plac\u00e9 sous mandat [&hellip;]","og_url":"https:\/\/www.nettali.com\/2022\/06\/20\/envoye-en-prison-ameth-aidara-juge-vendredi-en-flagrant-delit\/","og_site_name":"Nettali.com","article_publisher":"https:\/\/www.facebook.com\/nettalicom","article_published_time":"2022-06-20T16:57:18+00:00","article_modified_time":"2022-06-20T20:37:50+00:00","og_image":[{"width":761,"height":401,"url":"https:\/\/www.nettali.com\/wp-content\/uploads\/2022\/04\/Ameth-Ai\u0308dara.png","type":"image\/png"}],"twitter_card":"summary_large_image","twitter_misc":{"\u00c9crit par":"Daouda","Dur\u00e9e de lecture estim\u00e9e":"1 minute"},"schema":{"@context":"https:\/\/schema.org","@graph":[{"@type":"WebSite","@id":"https:\/\/www.nettali.com\/#website","url":"https:\/\/www.nettali.com\/","name":"Nettali.com","description":"Le rendez-vous critique du Net","potentialAction":[{"@type":"SearchAction","target":{"@type":"EntryPoint","urlTemplate":"https:\/\/www.nettali.com\/?s={search_term_string}"},"query-input":"required name=search_term_string"}],"inLanguage":"fr-FR"},{"@type":"ImageObject","@id":"https:\/\/www.nettali.com\/2022\/06\/20\/envoye-en-prison-ameth-aidara-juge-vendredi-en-flagrant-delit\/#primaryimage","inLanguage":"fr-FR","url":"https:\/\/www.nettali.com\/wp-content\/uploads\/2022\/04\/Ameth-Ai\u0308dara.png","contentUrl":"https:\/\/www.nettali.com\/wp-content\/uploads\/2022\/04\/Ameth-Ai\u0308dara.png","width":761,"height":401},{"@type":"WebPage","@id":"https:\/\/www.nettali.com\/2022\/06\/20\/envoye-en-prison-ameth-aidara-juge-vendredi-en-flagrant-delit\/#webpage","url":"https:\/\/www.nettali.com\/2022\/06\/20\/envoye-en-prison-ameth-aidara-juge-vendredi-en-flagrant-delit\/","name":"ENVOYE EN PRISON - Ameth A\u00efdara jug\u00e9 vendredi en flagrant d\u00e9lit | Nettali.com","isPartOf":{"@id":"https:\/\/www.nettali.com\/#website"},"primaryImageOfPage":{"@id":"https:\/\/www.nettali.com\/2022\/06\/20\/envoye-en-prison-ameth-aidara-juge-vendredi-en-flagrant-delit\/#primaryimage"},"datePublished":"2022-06-20T16:57:18+00:00","dateModified":"2022-06-20T20:37:50+00:00","author":{"@id":"https:\/\/www.nettali.com\/#\/schema\/person\/3317e0bb3aa1da309fbf7b2780901bf4"},"breadcrumb":{"@id":"https:\/\/www.nettali.com\/2022\/06\/20\/envoye-en-prison-ameth-aidara-juge-vendredi-en-flagrant-delit\/#breadcrumb"},"inLanguage":"fr-FR","potentialAction":[{"@type":"ReadAction","target":["https:\/\/www.nettali.com\/2022\/06\/20\/envoye-en-prison-ameth-aidara-juge-vendredi-en-flagrant-delit\/"]}]},{"@type":"BreadcrumbList","@id":"https:\/\/www.nettali.com\/2022\/06\/20\/envoye-en-prison-ameth-aidara-juge-vendredi-en-flagrant-delit\/#breadcrumb","itemListElement":[{"@type":"ListItem","position":1,"name":"Accueil","item":"https:\/\/www.nettali.com\/"},{"@type":"ListItem","position":2,"name":"ENVOYE EN PRISON - Ameth A\u00efdara jug\u00e9 vendredi en flagrant d\u00e9lit"}]},{"@type":"Person","@id":"https:\/\/www.nettali.com\/#\/schema\/person\/3317e0bb3aa1da309fbf7b2780901bf4","name":"Daouda","image":{"@type":"ImageObject","@id":"https:\/\/www.nettali.com\/#personlogo","inLanguage":"fr-FR","url":"https:\/\/secure.gravatar.com\/avatar\/8d143b5a49345098ddcfee1c49c2f47c?s=96&d=mm&r=g","contentUrl":"https:\/\/secure.gravatar.com\/avatar\/8d143b5a49345098ddcfee1c49c2f47c?s=96&d=mm&r=g","caption":"Daouda"},"sameAs":["https:\/\/www.nettali.com"]}]}},"_links":{"self":[{"href":"https:\/\/www.nettali.com\/rest\/wp\/v2\/posts\/88438"}],"collection":[{"href":"https:\/\/www.nettali.com\/rest\/wp\/v2\/posts"}],"about":[{"href":"https:\/\/www.nettali.com\/rest\/wp\/v2\/types\/post"}],"author":[{"embeddable":true,"href":"https:\/\/www.nettali.com\/rest\/wp\/v2\/users\/4"}],"replies":[{"embeddable":true,"href":"https:\/\/www.nettali.com\/rest\/wp\/v2\/comments?post=88438"}],"version-history":[{"count":1,"href":"https:\/\/www.nettali.com\/rest\/wp\/v2\/posts\/88438\/revisions"}],"predecessor-version":[{"id":88439,"href":"https:\/\/www.nettali.com\/rest\/wp\/v2\/posts\/88438\/revisions\/88439"}],"wp:featuredmedia":[{"embeddable":true,"href":"https:\/\/www.nettali.com\/rest\/wp\/v2\/media\/84251"}],"wp:attachment":[{"href":"https:\/\/www.nettali.com\/rest\/wp\/v2\/media?parent=88438"}],"wp:term":[{"taxonomy":"category","embeddable":true,"href":"https:\/\/www.nettali.com\/rest\/wp\/v2\/categories?post=88438"},{"taxonomy":"post_tag","embeddable":true,"href":"https:\/\/www.nettali.com\/rest\/wp\/v2\/tags?post=88438"}],"curies":[{"name":"wp","href":"https:\/\/api.w.org\/{rel}","templated":true}]}}