{"id":88430,"date":"2022-06-20T16:00:49","date_gmt":"2022-06-20T16:00:49","guid":{"rendered":"https:\/\/www.nettali.com\/?p=88430"},"modified":"2022-06-20T16:00:49","modified_gmt":"2022-06-20T16:00:49","slug":"combat-franc-sokh-un-supporter-meurt-a-larene-nationale","status":"publish","type":"post","link":"https:\/\/www.nettali.com\/2022\/06\/20\/combat-franc-sokh-un-supporter-meurt-a-larene-nationale\/","title":{"rendered":"COMBAT FRANC-SOKH - Un supporter meurt \u00e0 l'Ar\u00e8ne nationale"},"content":{"rendered":"<p><strong>NETTALI.COM - Encore une triste nouvelle qui va ternir davantage le monde de la lutte s\u00e9n\u00e9galaise. Ce dimanche, lors du combat Franc-Sokh, un jeune supporter a \u00e9t\u00e9 gri\u00e8vement bless\u00e9 \u00e0 l\u2019Ar\u00e8ne Nationale avant de succomber \u00e0 ses blessures.<\/strong><\/p>\n<p>A l\u2019Ar\u00e8ne Nationale, hier,\u00a0Franc s\u2019est impos\u00e9 devant Sokh lors d\u2019un combat \u00e9clair. Mais ce lundi, cette victoire du lutteur des Parcelles Assainies ne fait pas l\u2019actualit\u00e9, mais le d\u00e9c\u00e8s d\u2019un supporter \u00e2g\u00e9 de seulement 23 ans.<\/p>\n<p>D\u2019apr\u00e8s Lib\u00e9ration, le jeune homme se nomme F. Di\u00e9dhiou. Il re\u00e7u une fumig\u00e8ne en pleine figure. Il a \u00e9t\u00e9 asphyxi\u00e9 par la fum\u00e9e, en plus d\u2019avoir subi plusieurs br\u00fblures graves.<\/p>\n<p>A en croire \u00e0 nos confr\u00e8res, le jeune supporter est d\u00e9c\u00e9d\u00e9 hier lors de son \u00e9vacuation, mais les policiers ont gard\u00e9 l\u2019information secr\u00e8te pour \u00e9viter des r\u00e8glements de comptes entre les deux camps.<\/p>\n<p>A noter qu\u2019\u00e0 l'issue de ce combat remport\u00e9 haut la main par Franc des Parcelles Assainies, l'ar\u00e8ne nationale a subi la foudre des supporters. Plusieurs chaises ont \u00e9t\u00e9 saccag\u00e9es.<\/p>\n<div class='share-to-whatsapp-wrapper'><div class='share-on-whsp'>PARTAGER SUR : <\/div><a data-text='COMBAT FRANC-SOKH - Un supporter meurt \u00e0 l'Ar\u00e8ne nationale' data-link='https:\/\/www.nettali.com\/2022\/06\/20\/combat-franc-sokh-un-supporter-meurt-a-larene-nationale\/' class='whatsapp-button whatsapp-share'>WhatsApp<\/a><div class='clear '><\/div><\/div>","protected":false},"excerpt":{"rendered":"<p>NETTALI.COM - Encore une triste nouvelle qui va ternir davantage le monde de la lutte s\u00e9n\u00e9galaise. Ce dimanche, lors du combat Franc-Sokh, un jeune supporter a \u00e9t\u00e9 gri\u00e8vement bless\u00e9 \u00e0 l\u2019Ar\u00e8ne Nationale avant de succomber \u00e0 ses blessures. A l\u2019Ar\u00e8ne Nationale, hier,\u00a0Franc s\u2019est impos\u00e9 devant Sokh lors d\u2019un combat \u00e9clair. Mais ce lundi, cette victoire [&hellip;]<\/p>\n","protected":false},"author":5,"featured_media":88431,"comment_status":"open","ping_status":"open","sticky":false,"template":"","format":"standard","meta":{"_et_pb_use_builder":"","_et_pb_old_content":""},"categories":[6],"tags":[],"yoast_head":"<!-- This site is optimized with the Yoast SEO Premium plugin v17.8 (Yoast SEO v17.8) - https:\/\/yoast.com\/wordpress\/plugins\/seo\/ -->\n<title>COMBAT FRANC-SOKH - Un supporter meurt \u00e0 l&#039;Ar\u00e8ne nationale | Nettali.com<\/title>\n<meta name=\"robots\" content=\"index, follow, max-snippet:-1, max-image-preview:large, max-video-preview:-1\" \/>\n<link rel=\"canonical\" href=\"https:\/\/www.nettali.com\/2022\/06\/20\/combat-franc-sokh-un-supporter-meurt-a-larene-nationale\/\" \/>\n<meta property=\"og:locale\" content=\"fr_FR\" \/>\n<meta property=\"og:type\" content=\"article\" \/>\n<meta property=\"og:title\" content=\"COMBAT FRANC-SOKH - Un supporter meurt \u00e0 l&#039;Ar\u00e8ne nationale\" \/>\n<meta property=\"og:description\" content=\"NETTALI.COM - Encore une triste nouvelle qui va ternir davantage le monde de la lutte s\u00e9n\u00e9galaise. Ce dimanche, lors du combat Franc-Sokh, un jeune supporter a \u00e9t\u00e9 gri\u00e8vement bless\u00e9 \u00e0 l\u2019Ar\u00e8ne Nationale avant de succomber \u00e0 ses blessures. A l\u2019Ar\u00e8ne Nationale, hier,\u00a0Franc s\u2019est impos\u00e9 devant Sokh lors d\u2019un combat \u00e9clair. Mais ce lundi, cette victoire [&hellip;]\" \/>\n<meta property=\"og:url\" content=\"https:\/\/www.nettali.com\/2022\/06\/20\/combat-franc-sokh-un-supporter-meurt-a-larene-nationale\/\" \/>\n<meta property=\"og:site_name\" content=\"Nettali.com\" \/>\n<meta property=\"article:publisher\" content=\"https:\/\/www.facebook.com\/nettalicom\" \/>\n<meta property=\"article:published_time\" content=\"2022-06-20T16:00:49+00:00\" \/>\n<meta property=\"og:image\" content=\"https:\/\/www.nettali.com\/wp-content\/uploads\/2022\/06\/arene-national_1.jpg\" \/>\n\t<meta property=\"og:image:width\" content=\"1048\" \/>\n\t<meta property=\"og:image:height\" content=\"782\" \/>\n<meta name=\"twitter:card\" content=\"summary_large_image\" \/>\n<meta name=\"twitter:label1\" content=\"\u00c9crit par\" \/>\n\t<meta name=\"twitter:data1\" content=\"Ibrahima\" \/>\n\t<meta name=\"twitter:label2\" content=\"Dur\u00e9e de lecture estim\u00e9e\" \/>\n\t<meta name=\"twitter:data2\" content=\"1 minute\" \/>\n<script type=\"application\/ld+json\" class=\"yoast-schema-graph\">{\"@context\":\"https:\/\/schema.org\",\"@graph\":[{\"@type\":\"WebSite\",\"@id\":\"https:\/\/www.nettali.com\/#website\",\"url\":\"https:\/\/www.nettali.com\/\",\"name\":\"Nettali.com\",\"description\":\"Le rendez-vous critique du Net\",\"potentialAction\":[{\"@type\":\"SearchAction\",\"target\":{\"@type\":\"EntryPoint\",\"urlTemplate\":\"https:\/\/www.nettali.com\/?s={search_term_string}\"},\"query-input\":\"required name=search_term_string\"}],\"inLanguage\":\"fr-FR\"},{\"@type\":\"ImageObject\",\"@id\":\"https:\/\/www.nettali.com\/2022\/06\/20\/combat-franc-sokh-un-supporter-meurt-a-larene-nationale\/#primaryimage\",\"inLanguage\":\"fr-FR\",\"url\":\"https:\/\/www.nettali.com\/wp-content\/uploads\/2022\/06\/arene-national_1.jpg\",\"contentUrl\":\"https:\/\/www.nettali.com\/wp-content\/uploads\/2022\/06\/arene-national_1.jpg\",\"width\":1048,\"height\":782},{\"@type\":\"WebPage\",\"@id\":\"https:\/\/www.nettali.com\/2022\/06\/20\/combat-franc-sokh-un-supporter-meurt-a-larene-nationale\/#webpage\",\"url\":\"https:\/\/www.nettali.com\/2022\/06\/20\/combat-franc-sokh-un-supporter-meurt-a-larene-nationale\/\",\"name\":\"COMBAT FRANC-SOKH - Un supporter meurt \\u00e0 l'Ar\\u00e8ne nationale | Nettali.com\",\"isPartOf\":{\"@id\":\"https:\/\/www.nettali.com\/#website\"},\"primaryImageOfPage\":{\"@id\":\"https:\/\/www.nettali.com\/2022\/06\/20\/combat-franc-sokh-un-supporter-meurt-a-larene-nationale\/#primaryimage\"},\"datePublished\":\"2022-06-20T16:00:49+00:00\",\"dateModified\":\"2022-06-20T16:00:49+00:00\",\"author\":{\"@id\":\"https:\/\/www.nettali.com\/#\/schema\/person\/bb147657c2986240405a608162b9bb23\"},\"breadcrumb\":{\"@id\":\"https:\/\/www.nettali.com\/2022\/06\/20\/combat-franc-sokh-un-supporter-meurt-a-larene-nationale\/#breadcrumb\"},\"inLanguage\":\"fr-FR\",\"potentialAction\":[{\"@type\":\"ReadAction\",\"target\":[\"https:\/\/www.nettali.com\/2022\/06\/20\/combat-franc-sokh-un-supporter-meurt-a-larene-nationale\/\"]}]},{\"@type\":\"BreadcrumbList\",\"@id\":\"https:\/\/www.nettali.com\/2022\/06\/20\/combat-franc-sokh-un-supporter-meurt-a-larene-nationale\/#breadcrumb\",\"itemListElement\":[{\"@type\":\"ListItem\",\"position\":1,\"name\":\"Accueil\",\"item\":\"https:\/\/www.nettali.com\/\"},{\"@type\":\"ListItem\",\"position\":2,\"name\":\"COMBAT FRANC-SOKH - Un supporter meurt \\u00e0 l'Ar\\u00e8ne nationale\"}]},{\"@type\":\"Person\",\"@id\":\"https:\/\/www.nettali.com\/#\/schema\/person\/bb147657c2986240405a608162b9bb23\",\"name\":\"Ibrahima\",\"image\":{\"@type\":\"ImageObject\",\"@id\":\"https:\/\/www.nettali.com\/#personlogo\",\"inLanguage\":\"fr-FR\",\"url\":\"https:\/\/secure.gravatar.com\/avatar\/26a8a81f09f0dd7624c9d5c36c9ba3a2?s=96&d=mm&r=g\",\"contentUrl\":\"https:\/\/secure.gravatar.com\/avatar\/26a8a81f09f0dd7624c9d5c36c9ba3a2?s=96&d=mm&r=g\",\"caption\":\"Ibrahima\"},\"sameAs\":[\"https:\/\/www.nettali.com\"]}]}<\/script>\n<!-- \/ Yoast SEO Premium plugin. -->","yoast_head_json":{"title":"COMBAT FRANC-SOKH - Un supporter meurt \u00e0 l'Ar\u00e8ne nationale | Nettali.com","robots":{"index":"index","follow":"follow","max-snippet":"max-snippet:-1","max-image-preview":"max-image-preview:large","max-video-preview":"max-video-preview:-1"},"canonical":"https:\/\/www.nettali.com\/2022\/06\/20\/combat-franc-sokh-un-supporter-meurt-a-larene-nationale\/","og_locale":"fr_FR","og_type":"article","og_title":"COMBAT FRANC-SOKH - Un supporter meurt \u00e0 l'Ar\u00e8ne nationale","og_description":"NETTALI.COM - Encore une triste nouvelle qui va ternir davantage le monde de la lutte s\u00e9n\u00e9galaise. Ce dimanche, lors du combat Franc-Sokh, un jeune supporter a \u00e9t\u00e9 gri\u00e8vement bless\u00e9 \u00e0 l\u2019Ar\u00e8ne Nationale avant de succomber \u00e0 ses blessures. A l\u2019Ar\u00e8ne Nationale, hier,\u00a0Franc s\u2019est impos\u00e9 devant Sokh lors d\u2019un combat \u00e9clair. Mais ce lundi, cette victoire [&hellip;]","og_url":"https:\/\/www.nettali.com\/2022\/06\/20\/combat-franc-sokh-un-supporter-meurt-a-larene-nationale\/","og_site_name":"Nettali.com","article_publisher":"https:\/\/www.facebook.com\/nettalicom","article_published_time":"2022-06-20T16:00:49+00:00","og_image":[{"width":1048,"height":782,"url":"https:\/\/www.nettali.com\/wp-content\/uploads\/2022\/06\/arene-national_1.jpg","type":"image\/jpeg"}],"twitter_card":"summary_large_image","twitter_misc":{"\u00c9crit par":"Ibrahima","Dur\u00e9e de lecture estim\u00e9e":"1 minute"},"schema":{"@context":"https:\/\/schema.org","@graph":[{"@type":"WebSite","@id":"https:\/\/www.nettali.com\/#website","url":"https:\/\/www.nettali.com\/","name":"Nettali.com","description":"Le rendez-vous critique du Net","potentialAction":[{"@type":"SearchAction","target":{"@type":"EntryPoint","urlTemplate":"https:\/\/www.nettali.com\/?s={search_term_string}"},"query-input":"required name=search_term_string"}],"inLanguage":"fr-FR"},{"@type":"ImageObject","@id":"https:\/\/www.nettali.com\/2022\/06\/20\/combat-franc-sokh-un-supporter-meurt-a-larene-nationale\/#primaryimage","inLanguage":"fr-FR","url":"https:\/\/www.nettali.com\/wp-content\/uploads\/2022\/06\/arene-national_1.jpg","contentUrl":"https:\/\/www.nettali.com\/wp-content\/uploads\/2022\/06\/arene-national_1.jpg","width":1048,"height":782},{"@type":"WebPage","@id":"https:\/\/www.nettali.com\/2022\/06\/20\/combat-franc-sokh-un-supporter-meurt-a-larene-nationale\/#webpage","url":"https:\/\/www.nettali.com\/2022\/06\/20\/combat-franc-sokh-un-supporter-meurt-a-larene-nationale\/","name":"COMBAT FRANC-SOKH - Un supporter meurt \u00e0 l'Ar\u00e8ne nationale | Nettali.com","isPartOf":{"@id":"https:\/\/www.nettali.com\/#website"},"primaryImageOfPage":{"@id":"https:\/\/www.nettali.com\/2022\/06\/20\/combat-franc-sokh-un-supporter-meurt-a-larene-nationale\/#primaryimage"},"datePublished":"2022-06-20T16:00:49+00:00","dateModified":"2022-06-20T16:00:49+00:00","author":{"@id":"https:\/\/www.nettali.com\/#\/schema\/person\/bb147657c2986240405a608162b9bb23"},"breadcrumb":{"@id":"https:\/\/www.nettali.com\/2022\/06\/20\/combat-franc-sokh-un-supporter-meurt-a-larene-nationale\/#breadcrumb"},"inLanguage":"fr-FR","potentialAction":[{"@type":"ReadAction","target":["https:\/\/www.nettali.com\/2022\/06\/20\/combat-franc-sokh-un-supporter-meurt-a-larene-nationale\/"]}]},{"@type":"BreadcrumbList","@id":"https:\/\/www.nettali.com\/2022\/06\/20\/combat-franc-sokh-un-supporter-meurt-a-larene-nationale\/#breadcrumb","itemListElement":[{"@type":"ListItem","position":1,"name":"Accueil","item":"https:\/\/www.nettali.com\/"},{"@type":"ListItem","position":2,"name":"COMBAT FRANC-SOKH - Un supporter meurt \u00e0 l'Ar\u00e8ne nationale"}]},{"@type":"Person","@id":"https:\/\/www.nettali.com\/#\/schema\/person\/bb147657c2986240405a608162b9bb23","name":"Ibrahima","image":{"@type":"ImageObject","@id":"https:\/\/www.nettali.com\/#personlogo","inLanguage":"fr-FR","url":"https:\/\/secure.gravatar.com\/avatar\/26a8a81f09f0dd7624c9d5c36c9ba3a2?s=96&d=mm&r=g","contentUrl":"https:\/\/secure.gravatar.com\/avatar\/26a8a81f09f0dd7624c9d5c36c9ba3a2?s=96&d=mm&r=g","caption":"Ibrahima"},"sameAs":["https:\/\/www.nettali.com"]}]}},"_links":{"self":[{"href":"https:\/\/www.nettali.com\/rest\/wp\/v2\/posts\/88430"}],"collection":[{"href":"https:\/\/www.nettali.com\/rest\/wp\/v2\/posts"}],"about":[{"href":"https:\/\/www.nettali.com\/rest\/wp\/v2\/types\/post"}],"author":[{"embeddable":true,"href":"https:\/\/www.nettali.com\/rest\/wp\/v2\/users\/5"}],"replies":[{"embeddable":true,"href":"https:\/\/www.nettali.com\/rest\/wp\/v2\/comments?post=88430"}],"version-history":[{"count":2,"href":"https:\/\/www.nettali.com\/rest\/wp\/v2\/posts\/88430\/revisions"}],"predecessor-version":[{"id":88437,"href":"https:\/\/www.nettali.com\/rest\/wp\/v2\/posts\/88430\/revisions\/88437"}],"wp:featuredmedia":[{"embeddable":true,"href":"https:\/\/www.nettali.com\/rest\/wp\/v2\/media\/88431"}],"wp:attachment":[{"href":"https:\/\/www.nettali.com\/rest\/wp\/v2\/media?parent=88430"}],"wp:term":[{"taxonomy":"category","embeddable":true,"href":"https:\/\/www.nettali.com\/rest\/wp\/v2\/categories?post=88430"},{"taxonomy":"post_tag","embeddable":true,"href":"https:\/\/www.nettali.com\/rest\/wp\/v2\/tags?post=88430"}],"curies":[{"name":"wp","href":"https:\/\/api.w.org\/{rel}","templated":true}]}}