{"id":88427,"date":"2022-06-20T13:24:07","date_gmt":"2022-06-20T13:24:07","guid":{"rendered":"https:\/\/www.nettali.com\/?p=88427"},"modified":"2022-06-22T09:37:23","modified_gmt":"2022-06-22T09:37:23","slug":"polemique-3e-mandat-le-deal-que-habib-sy-propose-a-macky","status":"publish","type":"post","link":"https:\/\/www.nettali.com\/2022\/06\/20\/polemique-3e-mandat-le-deal-que-habib-sy-propose-a-macky\/","title":{"rendered":"POLEMIQUE 3e MANDAT - Le deal que Habib Sy propose \u00e0 Macky"},"content":{"rendered":"<p><strong>NETTALI.COM \u2013 La coalition Yewwi Askan Wi souhaite-t-elle ouvrir des n\u00e9gociations secr\u00e8tes avec Macky Sall\u00a0? En tout cas, l\u2019ancien ministre d\u2019Etat Habib Sy s\u2019engage \u00e0 interc\u00e9der aupr\u00e8s des autres leaders de ce cadre unitaire de l\u2019opposition pour qu\u2019ils laissent l\u2019actuel chef de l\u2019Etat quitter tranquillement le pays en 2024.<\/strong><\/p>\n<p>Lors du point de presse de Yewwi Askan Wi tenu ce lundi matin \u00e0 Dakar, l\u2019ancien ministre d\u2019Etat Habib Sy a sollicit\u00e9 du pr\u00e9sident Sall qu\u2019il se prononce\u00a0\u00ab\u00a0<em>solennellement<\/em>\u00a0\u00bb contre tout projet de 3<sup>e<\/sup> candidature et qu\u2019il dissolve le Conseil constitutionnel.<\/p>\n<p>S\u2019adressant \u00e0 Macky Sall qu\u2019il appelle affectueusement \u00ab\u00a0<em>mon jeune Afrique<\/em>\u00a0\u00bb, il a sembl\u00e9 ouvrir une porte \u00e0 des n\u00e9gociations pour permettre au chef de l\u2019Etat de quitter tranquillement le pouvoir. \u00ab\u00a0<em>Mon fr\u00e8re Macky Sall, je ne vous demande pas de partir aujourd\u2019hui. Si, demain ceux qui sont ici pr\u00e9sents acc\u00e8dent au pouvoir (allusion \u00e0 Ousmane Sonko et Khalifa Sall, notamment), je ne pourrais pas leur forcer la main, mais je crois profond\u00e9ment qu\u2019ils acc\u00e8deront \u00e0 ma demande si j\u2019interc\u00e8de en votre faveur, pour qu\u2019ils vous laissent quitter tranquillement le pays<\/em>\u00a0\u00bb, a d\u00e9clar\u00e9 l\u2019ancien maire de Lingu\u00e8re.<\/p>\n<p>Pr\u00e9cisant sa pens\u00e9e, il souligne, \u00e0 l\u2019endroit du pr\u00e9sident de la R\u00e9publique\u00a0: \u00ab\u00a0<em>Je veux qu\u2019\u00e0 l\u2019image de vos pr\u00e9d\u00e9cesseurs, que vous partiez par la grande porte. Cheikh Tidiane (Youm du PUR) vous a averti l\u2019autre jour en d\u00e9clarant que vous risquez de partir par la petite porte. Senghor ne vaut pas plus que vous, il est pass\u00e9 par la grande porte pour partir, tout comme Abdou Diouf, votre p\u00e8re Abdoulaye Wade, \u00e0 qui vous devez tout en politique pouvait plonger le pays dans le chaos apr\u00e8s la pr\u00e9sidentielle de 2012, il ne l\u2019a pas fait\u00a0<\/em>\u00bb.<\/p>\n<p>Habib exhorte Macky \u00e0 se rappeler les violentes manifestations de f\u00e9vrier-mars 2021, non sans l\u2019alerter sur une <em>\u00ab\u00a0r\u00e9plique qui risque d\u2019\u00eatre plus grave\u00a0<\/em>\u00bb.<\/p>\n<p>En terminant son propos, Habib Sy invite le chef de l\u2019Etat \u00e0 bien \u00e9couter les conseils de son \u00e9pouse, Mari\u00e8me Faye Sall. \u00ab\u00a0<em>Elle sait de quoi je parle<\/em>\u00a0\u00bb, laisse-t-il m\u00e9diter.<\/p>\n<div class='share-to-whatsapp-wrapper'><div class='share-on-whsp'>PARTAGER SUR : <\/div><a data-text='POLEMIQUE 3e MANDAT - Le deal que Habib Sy propose \u00e0 Macky' data-link='https:\/\/www.nettali.com\/2022\/06\/20\/polemique-3e-mandat-le-deal-que-habib-sy-propose-a-macky\/' class='whatsapp-button whatsapp-share'>WhatsApp<\/a><div class='clear '><\/div><\/div>","protected":false},"excerpt":{"rendered":"<p>NETTALI.COM \u2013 La coalition Yewwi Askan Wi souhaite-t-elle ouvrir des n\u00e9gociations secr\u00e8tes avec Macky Sall\u00a0? En tout cas, l\u2019ancien ministre d\u2019Etat Habib Sy s\u2019engage \u00e0 interc\u00e9der aupr\u00e8s des autres leaders de ce cadre unitaire de l\u2019opposition pour qu\u2019ils laissent l\u2019actuel chef de l\u2019Etat quitter tranquillement le pays en 2024. Lors du point de presse de [&hellip;]<\/p>\n","protected":false},"author":11,"featured_media":88428,"comment_status":"open","ping_status":"open","sticky":false,"template":"","format":"standard","meta":{"_et_pb_use_builder":"","_et_pb_old_content":""},"categories":[2],"tags":[],"yoast_head":"<!-- This site is optimized with the Yoast SEO Premium plugin v17.8 (Yoast SEO v17.8) - https:\/\/yoast.com\/wordpress\/plugins\/seo\/ -->\n<title>POLEMIQUE 3e MANDAT - Le deal que Habib Sy propose \u00e0 Macky | Nettali.com<\/title>\n<meta name=\"robots\" content=\"index, follow, max-snippet:-1, max-image-preview:large, max-video-preview:-1\" \/>\n<link rel=\"canonical\" href=\"https:\/\/www.nettali.com\/2022\/06\/20\/polemique-3e-mandat-le-deal-que-habib-sy-propose-a-macky\/\" \/>\n<meta property=\"og:locale\" content=\"fr_FR\" \/>\n<meta property=\"og:type\" content=\"article\" \/>\n<meta property=\"og:title\" content=\"POLEMIQUE 3e MANDAT - Le deal que Habib Sy propose \u00e0 Macky\" \/>\n<meta property=\"og:description\" content=\"NETTALI.COM \u2013 La coalition Yewwi Askan Wi souhaite-t-elle ouvrir des n\u00e9gociations secr\u00e8tes avec Macky Sall\u00a0? En tout cas, l\u2019ancien ministre d\u2019Etat Habib Sy s\u2019engage \u00e0 interc\u00e9der aupr\u00e8s des autres leaders de ce cadre unitaire de l\u2019opposition pour qu\u2019ils laissent l\u2019actuel chef de l\u2019Etat quitter tranquillement le pays en 2024. Lors du point de presse de [&hellip;]\" \/>\n<meta property=\"og:url\" content=\"https:\/\/www.nettali.com\/2022\/06\/20\/polemique-3e-mandat-le-deal-que-habib-sy-propose-a-macky\/\" \/>\n<meta property=\"og:site_name\" content=\"Nettali.com\" \/>\n<meta property=\"article:publisher\" content=\"https:\/\/www.facebook.com\/nettalicom\" \/>\n<meta property=\"article:published_time\" content=\"2022-06-20T13:24:07+00:00\" \/>\n<meta property=\"article:modified_time\" content=\"2022-06-22T09:37:23+00:00\" \/>\n<meta property=\"og:image\" content=\"https:\/\/www.nettali.com\/wp-content\/uploads\/2022\/06\/habib-sy.jpg\" \/>\n\t<meta property=\"og:image:width\" content=\"1242\" \/>\n\t<meta property=\"og:image:height\" content=\"1214\" \/>\n<meta name=\"twitter:card\" content=\"summary_large_image\" \/>\n<meta name=\"twitter:label1\" content=\"\u00c9crit par\" \/>\n\t<meta name=\"twitter:data1\" content=\"Thierno Diop\" \/>\n\t<meta name=\"twitter:label2\" content=\"Dur\u00e9e de lecture estim\u00e9e\" \/>\n\t<meta name=\"twitter:data2\" content=\"2 minutes\" \/>\n<script type=\"application\/ld+json\" class=\"yoast-schema-graph\">{\"@context\":\"https:\/\/schema.org\",\"@graph\":[{\"@type\":\"WebSite\",\"@id\":\"https:\/\/www.nettali.com\/#website\",\"url\":\"https:\/\/www.nettali.com\/\",\"name\":\"Nettali.com\",\"description\":\"Le rendez-vous critique du Net\",\"potentialAction\":[{\"@type\":\"SearchAction\",\"target\":{\"@type\":\"EntryPoint\",\"urlTemplate\":\"https:\/\/www.nettali.com\/?s={search_term_string}\"},\"query-input\":\"required name=search_term_string\"}],\"inLanguage\":\"fr-FR\"},{\"@type\":\"ImageObject\",\"@id\":\"https:\/\/www.nettali.com\/2022\/06\/20\/polemique-3e-mandat-le-deal-que-habib-sy-propose-a-macky\/#primaryimage\",\"inLanguage\":\"fr-FR\",\"url\":\"https:\/\/www.nettali.com\/wp-content\/uploads\/2022\/06\/habib-sy.jpg\",\"contentUrl\":\"https:\/\/www.nettali.com\/wp-content\/uploads\/2022\/06\/habib-sy.jpg\",\"width\":1242,\"height\":1214},{\"@type\":\"WebPage\",\"@id\":\"https:\/\/www.nettali.com\/2022\/06\/20\/polemique-3e-mandat-le-deal-que-habib-sy-propose-a-macky\/#webpage\",\"url\":\"https:\/\/www.nettali.com\/2022\/06\/20\/polemique-3e-mandat-le-deal-que-habib-sy-propose-a-macky\/\",\"name\":\"POLEMIQUE 3e MANDAT - Le deal que Habib Sy propose \\u00e0 Macky | Nettali.com\",\"isPartOf\":{\"@id\":\"https:\/\/www.nettali.com\/#website\"},\"primaryImageOfPage\":{\"@id\":\"https:\/\/www.nettali.com\/2022\/06\/20\/polemique-3e-mandat-le-deal-que-habib-sy-propose-a-macky\/#primaryimage\"},\"datePublished\":\"2022-06-20T13:24:07+00:00\",\"dateModified\":\"2022-06-22T09:37:23+00:00\",\"author\":{\"@id\":\"https:\/\/www.nettali.com\/#\/schema\/person\/8a06c6bd7b19304cf4bf985862900b5b\"},\"breadcrumb\":{\"@id\":\"https:\/\/www.nettali.com\/2022\/06\/20\/polemique-3e-mandat-le-deal-que-habib-sy-propose-a-macky\/#breadcrumb\"},\"inLanguage\":\"fr-FR\",\"potentialAction\":[{\"@type\":\"ReadAction\",\"target\":[\"https:\/\/www.nettali.com\/2022\/06\/20\/polemique-3e-mandat-le-deal-que-habib-sy-propose-a-macky\/\"]}]},{\"@type\":\"BreadcrumbList\",\"@id\":\"https:\/\/www.nettali.com\/2022\/06\/20\/polemique-3e-mandat-le-deal-que-habib-sy-propose-a-macky\/#breadcrumb\",\"itemListElement\":[{\"@type\":\"ListItem\",\"position\":1,\"name\":\"Accueil\",\"item\":\"https:\/\/www.nettali.com\/\"},{\"@type\":\"ListItem\",\"position\":2,\"name\":\"POLEMIQUE 3e MANDAT - Le deal que Habib Sy propose \\u00e0 Macky\"}]},{\"@type\":\"Person\",\"@id\":\"https:\/\/www.nettali.com\/#\/schema\/person\/8a06c6bd7b19304cf4bf985862900b5b\",\"name\":\"Thierno Diop\",\"image\":{\"@type\":\"ImageObject\",\"@id\":\"https:\/\/www.nettali.com\/#personlogo\",\"inLanguage\":\"fr-FR\",\"url\":\"https:\/\/secure.gravatar.com\/avatar\/c8ca58550c94fd2ac856d27391a6c866?s=96&d=mm&r=g\",\"contentUrl\":\"https:\/\/secure.gravatar.com\/avatar\/c8ca58550c94fd2ac856d27391a6c866?s=96&d=mm&r=g\",\"caption\":\"Thierno Diop\"},\"sameAs\":[\"https:\/\/nettali.com\"]}]}<\/script>\n<!-- \/ Yoast SEO Premium plugin. -->","yoast_head_json":{"title":"POLEMIQUE 3e MANDAT - Le deal que Habib Sy propose \u00e0 Macky | Nettali.com","robots":{"index":"index","follow":"follow","max-snippet":"max-snippet:-1","max-image-preview":"max-image-preview:large","max-video-preview":"max-video-preview:-1"},"canonical":"https:\/\/www.nettali.com\/2022\/06\/20\/polemique-3e-mandat-le-deal-que-habib-sy-propose-a-macky\/","og_locale":"fr_FR","og_type":"article","og_title":"POLEMIQUE 3e MANDAT - Le deal que Habib Sy propose \u00e0 Macky","og_description":"NETTALI.COM \u2013 La coalition Yewwi Askan Wi souhaite-t-elle ouvrir des n\u00e9gociations secr\u00e8tes avec Macky Sall\u00a0? En tout cas, l\u2019ancien ministre d\u2019Etat Habib Sy s\u2019engage \u00e0 interc\u00e9der aupr\u00e8s des autres leaders de ce cadre unitaire de l\u2019opposition pour qu\u2019ils laissent l\u2019actuel chef de l\u2019Etat quitter tranquillement le pays en 2024. Lors du point de presse de [&hellip;]","og_url":"https:\/\/www.nettali.com\/2022\/06\/20\/polemique-3e-mandat-le-deal-que-habib-sy-propose-a-macky\/","og_site_name":"Nettali.com","article_publisher":"https:\/\/www.facebook.com\/nettalicom","article_published_time":"2022-06-20T13:24:07+00:00","article_modified_time":"2022-06-22T09:37:23+00:00","og_image":[{"width":1242,"height":1214,"url":"https:\/\/www.nettali.com\/wp-content\/uploads\/2022\/06\/habib-sy.jpg","type":"image\/jpeg"}],"twitter_card":"summary_large_image","twitter_misc":{"\u00c9crit par":"Thierno Diop","Dur\u00e9e de lecture estim\u00e9e":"2 minutes"},"schema":{"@context":"https:\/\/schema.org","@graph":[{"@type":"WebSite","@id":"https:\/\/www.nettali.com\/#website","url":"https:\/\/www.nettali.com\/","name":"Nettali.com","description":"Le rendez-vous critique du Net","potentialAction":[{"@type":"SearchAction","target":{"@type":"EntryPoint","urlTemplate":"https:\/\/www.nettali.com\/?s={search_term_string}"},"query-input":"required name=search_term_string"}],"inLanguage":"fr-FR"},{"@type":"ImageObject","@id":"https:\/\/www.nettali.com\/2022\/06\/20\/polemique-3e-mandat-le-deal-que-habib-sy-propose-a-macky\/#primaryimage","inLanguage":"fr-FR","url":"https:\/\/www.nettali.com\/wp-content\/uploads\/2022\/06\/habib-sy.jpg","contentUrl":"https:\/\/www.nettali.com\/wp-content\/uploads\/2022\/06\/habib-sy.jpg","width":1242,"height":1214},{"@type":"WebPage","@id":"https:\/\/www.nettali.com\/2022\/06\/20\/polemique-3e-mandat-le-deal-que-habib-sy-propose-a-macky\/#webpage","url":"https:\/\/www.nettali.com\/2022\/06\/20\/polemique-3e-mandat-le-deal-que-habib-sy-propose-a-macky\/","name":"POLEMIQUE 3e MANDAT - Le deal que Habib Sy propose \u00e0 Macky | Nettali.com","isPartOf":{"@id":"https:\/\/www.nettali.com\/#website"},"primaryImageOfPage":{"@id":"https:\/\/www.nettali.com\/2022\/06\/20\/polemique-3e-mandat-le-deal-que-habib-sy-propose-a-macky\/#primaryimage"},"datePublished":"2022-06-20T13:24:07+00:00","dateModified":"2022-06-22T09:37:23+00:00","author":{"@id":"https:\/\/www.nettali.com\/#\/schema\/person\/8a06c6bd7b19304cf4bf985862900b5b"},"breadcrumb":{"@id":"https:\/\/www.nettali.com\/2022\/06\/20\/polemique-3e-mandat-le-deal-que-habib-sy-propose-a-macky\/#breadcrumb"},"inLanguage":"fr-FR","potentialAction":[{"@type":"ReadAction","target":["https:\/\/www.nettali.com\/2022\/06\/20\/polemique-3e-mandat-le-deal-que-habib-sy-propose-a-macky\/"]}]},{"@type":"BreadcrumbList","@id":"https:\/\/www.nettali.com\/2022\/06\/20\/polemique-3e-mandat-le-deal-que-habib-sy-propose-a-macky\/#breadcrumb","itemListElement":[{"@type":"ListItem","position":1,"name":"Accueil","item":"https:\/\/www.nettali.com\/"},{"@type":"ListItem","position":2,"name":"POLEMIQUE 3e MANDAT - Le deal que Habib Sy propose \u00e0 Macky"}]},{"@type":"Person","@id":"https:\/\/www.nettali.com\/#\/schema\/person\/8a06c6bd7b19304cf4bf985862900b5b","name":"Thierno Diop","image":{"@type":"ImageObject","@id":"https:\/\/www.nettali.com\/#personlogo","inLanguage":"fr-FR","url":"https:\/\/secure.gravatar.com\/avatar\/c8ca58550c94fd2ac856d27391a6c866?s=96&d=mm&r=g","contentUrl":"https:\/\/secure.gravatar.com\/avatar\/c8ca58550c94fd2ac856d27391a6c866?s=96&d=mm&r=g","caption":"Thierno Diop"},"sameAs":["https:\/\/nettali.com"]}]}},"_links":{"self":[{"href":"https:\/\/www.nettali.com\/rest\/wp\/v2\/posts\/88427"}],"collection":[{"href":"https:\/\/www.nettali.com\/rest\/wp\/v2\/posts"}],"about":[{"href":"https:\/\/www.nettali.com\/rest\/wp\/v2\/types\/post"}],"author":[{"embeddable":true,"href":"https:\/\/www.nettali.com\/rest\/wp\/v2\/users\/11"}],"replies":[{"embeddable":true,"href":"https:\/\/www.nettali.com\/rest\/wp\/v2\/comments?post=88427"}],"version-history":[{"count":1,"href":"https:\/\/www.nettali.com\/rest\/wp\/v2\/posts\/88427\/revisions"}],"predecessor-version":[{"id":88429,"href":"https:\/\/www.nettali.com\/rest\/wp\/v2\/posts\/88427\/revisions\/88429"}],"wp:featuredmedia":[{"embeddable":true,"href":"https:\/\/www.nettali.com\/rest\/wp\/v2\/media\/88428"}],"wp:attachment":[{"href":"https:\/\/www.nettali.com\/rest\/wp\/v2\/media?parent=88427"}],"wp:term":[{"taxonomy":"category","embeddable":true,"href":"https:\/\/www.nettali.com\/rest\/wp\/v2\/categories?post=88427"},{"taxonomy":"post_tag","embeddable":true,"href":"https:\/\/www.nettali.com\/rest\/wp\/v2\/tags?post=88427"}],"curies":[{"name":"wp","href":"https:\/\/api.w.org\/{rel}","templated":true}]}}