{"id":88422,"date":"2022-06-20T11:44:37","date_gmt":"2022-06-20T11:44:37","guid":{"rendered":"https:\/\/www.nettali.com\/?p=88422"},"modified":"2022-06-20T11:44:37","modified_gmt":"2022-06-20T11:44:37","slug":"arrestation-de-dethie-fall-mame-diarra-fam-ahmed-aidara-et-cie-le-ministre-de-la-justice-avertit","status":"publish","type":"post","link":"https:\/\/www.nettali.com\/2022\/06\/20\/arrestation-de-dethie-fall-mame-diarra-fam-ahmed-aidara-et-cie-le-ministre-de-la-justice-avertit\/","title":{"rendered":"ARRESTATION DE DETHIE FALL, MAME DIARRA FAM, AHMED AIDARA ET CIE - Le ministre de la justice avertit !"},"content":{"rendered":"<p class=\"summary_label\"><strong>NETTALI.COM - Si cela ne tenait qu'au ministre de la Justice, Me Malick Sall, les leaders politiques comme D\u00e9thi\u00e9 Fall, Mame Diarra Fam, Ahmed A\u00efdara et autres manifestants arr\u00eat\u00e9s vendredi dernier, iront en prison.<\/strong><\/p>\n<div id=\"printable\" class=\"text_body\">\n<p><em>\u00abVous savez quand on viole la loi, on doit en assumer les cons\u00e9quences. Tout simplement\u00bb<\/em>, a d\u00e9clar\u00e9 me Malick Sall de fa\u00e7on laconique. Le ministre de la Justice, qui prenait part\u00a0 ce week-end, \u00e0 une Ziara dans la banlieue dont le th\u00e8me, cette ann\u00e9e, est ax\u00e9e sur \u00abLa Paix\u00bb. <em>\u00abLe pays est notre pays \u00e0 tous, si on le br\u00fble on le br\u00fble pour tous. Je pense que ceux \u00e0 qui Dieu a confi\u00e9 sa mission, les chefs religieux, ne peuvent pas assister \u00e0 certaines choses sans r\u00e9agir, sans dire la v\u00e9rit\u00e9\u00bb<\/em>, a-t-il indiqu\u00e9 sur ce th\u00e8me.<\/p>\n<p>Imam Thierno Mamadou Lamine K\u00e2, organisateur de la Ziarra, a expliqu\u00e9 que durant longtemps, ils ont invit\u00e9 les hommes politiques \u00e0 la discussion et \u00e0 la paix. <em>\u00abNous l\u2019avons dit dans nos pr\u00eaches, dans des conf\u00e9rences, juste pour que les hommes de ce pays discutent. Mais, nous avons constat\u00e9 que les discussions sont politiciennes. Ils ne parlent que de choses \u00e9lectorales. Tous ceux qui se battent ou envoient des gens se battre le font pour leurs propres int\u00e9r\u00eats. Mais ce pays ne peut \u00eatre d\u00e9velopp\u00e9 que dans la concorde\u00bb,<\/em> indique le religieux.<\/p>\n<p>Ce qu\u2019il demande, c\u2019est que <em>\u00abla classe politique fasse preuve de s\u00e9r\u00e9nit\u00e9, qu\u2019elle sache que ce pays a besoin de s\u00e9r\u00e9nit\u00e9 et qu\u2019ils discutent.\u00bb<\/em><\/p>\n<div class=\"adcanevas\"><\/div>\n<\/div>\n<div class='share-to-whatsapp-wrapper'><div class='share-on-whsp'>PARTAGER SUR : <\/div><a data-text='ARRESTATION DE DETHIE FALL, MAME DIARRA FAM, AHMED AIDARA ET CIE - Le ministre de la justice avertit !' data-link='https:\/\/www.nettali.com\/2022\/06\/20\/arrestation-de-dethie-fall-mame-diarra-fam-ahmed-aidara-et-cie-le-ministre-de-la-justice-avertit\/' class='whatsapp-button whatsapp-share'>WhatsApp<\/a><div class='clear '><\/div><\/div>","protected":false},"excerpt":{"rendered":"<p>NETTALI.COM - Si cela ne tenait qu'au ministre de la Justice, Me Malick Sall, les leaders politiques comme D\u00e9thi\u00e9 Fall, Mame Diarra Fam, Ahmed A\u00efdara et autres manifestants arr\u00eat\u00e9s vendredi dernier, iront en prison. \u00abVous savez quand on viole la loi, on doit en assumer les cons\u00e9quences. Tout simplement\u00bb, a d\u00e9clar\u00e9 me Malick Sall de [&hellip;]<\/p>\n","protected":false},"author":4,"featured_media":70375,"comment_status":"open","ping_status":"open","sticky":false,"template":"","format":"standard","meta":{"_et_pb_use_builder":"","_et_pb_old_content":""},"categories":[3],"tags":[],"yoast_head":"<!-- This site is optimized with the Yoast SEO Premium plugin v17.8 (Yoast SEO v17.8) - https:\/\/yoast.com\/wordpress\/plugins\/seo\/ -->\n<title>ARRESTATION DE DETHIE FALL, MAME DIARRA FAM, AHMED AIDARA ET CIE - Le ministre de la justice avertit ! | Nettali.com<\/title>\n<meta name=\"robots\" content=\"index, follow, max-snippet:-1, max-image-preview:large, max-video-preview:-1\" \/>\n<link rel=\"canonical\" href=\"https:\/\/www.nettali.com\/2022\/06\/20\/arrestation-de-dethie-fall-mame-diarra-fam-ahmed-aidara-et-cie-le-ministre-de-la-justice-avertit\/\" \/>\n<meta property=\"og:locale\" content=\"fr_FR\" \/>\n<meta property=\"og:type\" content=\"article\" \/>\n<meta property=\"og:title\" content=\"ARRESTATION DE DETHIE FALL, MAME DIARRA FAM, AHMED AIDARA ET CIE - Le ministre de la justice avertit !\" \/>\n<meta property=\"og:description\" content=\"NETTALI.COM - Si cela ne tenait qu&#039;au ministre de la Justice, Me Malick Sall, les leaders politiques comme D\u00e9thi\u00e9 Fall, Mame Diarra Fam, Ahmed A\u00efdara et autres manifestants arr\u00eat\u00e9s vendredi dernier, iront en prison. \u00abVous savez quand on viole la loi, on doit en assumer les cons\u00e9quences. Tout simplement\u00bb, a d\u00e9clar\u00e9 me Malick Sall de [&hellip;]\" \/>\n<meta property=\"og:url\" content=\"https:\/\/www.nettali.com\/2022\/06\/20\/arrestation-de-dethie-fall-mame-diarra-fam-ahmed-aidara-et-cie-le-ministre-de-la-justice-avertit\/\" \/>\n<meta property=\"og:site_name\" content=\"Nettali.com\" \/>\n<meta property=\"article:publisher\" content=\"https:\/\/www.facebook.com\/nettalicom\" \/>\n<meta property=\"article:published_time\" content=\"2022-06-20T11:44:37+00:00\" \/>\n<meta property=\"og:image\" content=\"https:\/\/www.nettali.com\/wp-content\/uploads\/2021\/08\/malick-sall.jpeg\" \/>\n\t<meta property=\"og:image:width\" content=\"650\" \/>\n\t<meta property=\"og:image:height\" content=\"433\" \/>\n<meta name=\"twitter:card\" content=\"summary_large_image\" \/>\n<meta name=\"twitter:label1\" content=\"\u00c9crit par\" \/>\n\t<meta name=\"twitter:data1\" content=\"Daouda\" \/>\n\t<meta name=\"twitter:label2\" content=\"Dur\u00e9e de lecture estim\u00e9e\" \/>\n\t<meta name=\"twitter:data2\" content=\"2 minutes\" \/>\n<script type=\"application\/ld+json\" class=\"yoast-schema-graph\">{\"@context\":\"https:\/\/schema.org\",\"@graph\":[{\"@type\":\"WebSite\",\"@id\":\"https:\/\/www.nettali.com\/#website\",\"url\":\"https:\/\/www.nettali.com\/\",\"name\":\"Nettali.com\",\"description\":\"Le rendez-vous critique du Net\",\"potentialAction\":[{\"@type\":\"SearchAction\",\"target\":{\"@type\":\"EntryPoint\",\"urlTemplate\":\"https:\/\/www.nettali.com\/?s={search_term_string}\"},\"query-input\":\"required name=search_term_string\"}],\"inLanguage\":\"fr-FR\"},{\"@type\":\"ImageObject\",\"@id\":\"https:\/\/www.nettali.com\/2022\/06\/20\/arrestation-de-dethie-fall-mame-diarra-fam-ahmed-aidara-et-cie-le-ministre-de-la-justice-avertit\/#primaryimage\",\"inLanguage\":\"fr-FR\",\"url\":\"https:\/\/www.nettali.com\/wp-content\/uploads\/2021\/08\/malick-sall.jpeg\",\"contentUrl\":\"https:\/\/www.nettali.com\/wp-content\/uploads\/2021\/08\/malick-sall.jpeg\",\"width\":650,\"height\":433},{\"@type\":\"WebPage\",\"@id\":\"https:\/\/www.nettali.com\/2022\/06\/20\/arrestation-de-dethie-fall-mame-diarra-fam-ahmed-aidara-et-cie-le-ministre-de-la-justice-avertit\/#webpage\",\"url\":\"https:\/\/www.nettali.com\/2022\/06\/20\/arrestation-de-dethie-fall-mame-diarra-fam-ahmed-aidara-et-cie-le-ministre-de-la-justice-avertit\/\",\"name\":\"ARRESTATION DE DETHIE FALL, MAME DIARRA FAM, AHMED AIDARA ET CIE - Le ministre de la justice avertit ! | Nettali.com\",\"isPartOf\":{\"@id\":\"https:\/\/www.nettali.com\/#website\"},\"primaryImageOfPage\":{\"@id\":\"https:\/\/www.nettali.com\/2022\/06\/20\/arrestation-de-dethie-fall-mame-diarra-fam-ahmed-aidara-et-cie-le-ministre-de-la-justice-avertit\/#primaryimage\"},\"datePublished\":\"2022-06-20T11:44:37+00:00\",\"dateModified\":\"2022-06-20T11:44:37+00:00\",\"author\":{\"@id\":\"https:\/\/www.nettali.com\/#\/schema\/person\/3317e0bb3aa1da309fbf7b2780901bf4\"},\"breadcrumb\":{\"@id\":\"https:\/\/www.nettali.com\/2022\/06\/20\/arrestation-de-dethie-fall-mame-diarra-fam-ahmed-aidara-et-cie-le-ministre-de-la-justice-avertit\/#breadcrumb\"},\"inLanguage\":\"fr-FR\",\"potentialAction\":[{\"@type\":\"ReadAction\",\"target\":[\"https:\/\/www.nettali.com\/2022\/06\/20\/arrestation-de-dethie-fall-mame-diarra-fam-ahmed-aidara-et-cie-le-ministre-de-la-justice-avertit\/\"]}]},{\"@type\":\"BreadcrumbList\",\"@id\":\"https:\/\/www.nettali.com\/2022\/06\/20\/arrestation-de-dethie-fall-mame-diarra-fam-ahmed-aidara-et-cie-le-ministre-de-la-justice-avertit\/#breadcrumb\",\"itemListElement\":[{\"@type\":\"ListItem\",\"position\":1,\"name\":\"Accueil\",\"item\":\"https:\/\/www.nettali.com\/\"},{\"@type\":\"ListItem\",\"position\":2,\"name\":\"ARRESTATION DE DETHIE FALL, MAME DIARRA FAM, AHMED AIDARA ET CIE - Le ministre de la justice avertit !\"}]},{\"@type\":\"Person\",\"@id\":\"https:\/\/www.nettali.com\/#\/schema\/person\/3317e0bb3aa1da309fbf7b2780901bf4\",\"name\":\"Daouda\",\"image\":{\"@type\":\"ImageObject\",\"@id\":\"https:\/\/www.nettali.com\/#personlogo\",\"inLanguage\":\"fr-FR\",\"url\":\"https:\/\/secure.gravatar.com\/avatar\/8d143b5a49345098ddcfee1c49c2f47c?s=96&d=mm&r=g\",\"contentUrl\":\"https:\/\/secure.gravatar.com\/avatar\/8d143b5a49345098ddcfee1c49c2f47c?s=96&d=mm&r=g\",\"caption\":\"Daouda\"},\"sameAs\":[\"https:\/\/www.nettali.com\"]}]}<\/script>\n<!-- \/ Yoast SEO Premium plugin. -->","yoast_head_json":{"title":"ARRESTATION DE DETHIE FALL, MAME DIARRA FAM, AHMED AIDARA ET CIE - Le ministre de la justice avertit ! | Nettali.com","robots":{"index":"index","follow":"follow","max-snippet":"max-snippet:-1","max-image-preview":"max-image-preview:large","max-video-preview":"max-video-preview:-1"},"canonical":"https:\/\/www.nettali.com\/2022\/06\/20\/arrestation-de-dethie-fall-mame-diarra-fam-ahmed-aidara-et-cie-le-ministre-de-la-justice-avertit\/","og_locale":"fr_FR","og_type":"article","og_title":"ARRESTATION DE DETHIE FALL, MAME DIARRA FAM, AHMED AIDARA ET CIE - Le ministre de la justice avertit !","og_description":"NETTALI.COM - Si cela ne tenait qu'au ministre de la Justice, Me Malick Sall, les leaders politiques comme D\u00e9thi\u00e9 Fall, Mame Diarra Fam, Ahmed A\u00efdara et autres manifestants arr\u00eat\u00e9s vendredi dernier, iront en prison. \u00abVous savez quand on viole la loi, on doit en assumer les cons\u00e9quences. Tout simplement\u00bb, a d\u00e9clar\u00e9 me Malick Sall de [&hellip;]","og_url":"https:\/\/www.nettali.com\/2022\/06\/20\/arrestation-de-dethie-fall-mame-diarra-fam-ahmed-aidara-et-cie-le-ministre-de-la-justice-avertit\/","og_site_name":"Nettali.com","article_publisher":"https:\/\/www.facebook.com\/nettalicom","article_published_time":"2022-06-20T11:44:37+00:00","og_image":[{"width":650,"height":433,"url":"https:\/\/www.nettali.com\/wp-content\/uploads\/2021\/08\/malick-sall.jpeg","type":"image\/jpeg"}],"twitter_card":"summary_large_image","twitter_misc":{"\u00c9crit par":"Daouda","Dur\u00e9e de lecture estim\u00e9e":"2 minutes"},"schema":{"@context":"https:\/\/schema.org","@graph":[{"@type":"WebSite","@id":"https:\/\/www.nettali.com\/#website","url":"https:\/\/www.nettali.com\/","name":"Nettali.com","description":"Le rendez-vous critique du Net","potentialAction":[{"@type":"SearchAction","target":{"@type":"EntryPoint","urlTemplate":"https:\/\/www.nettali.com\/?s={search_term_string}"},"query-input":"required name=search_term_string"}],"inLanguage":"fr-FR"},{"@type":"ImageObject","@id":"https:\/\/www.nettali.com\/2022\/06\/20\/arrestation-de-dethie-fall-mame-diarra-fam-ahmed-aidara-et-cie-le-ministre-de-la-justice-avertit\/#primaryimage","inLanguage":"fr-FR","url":"https:\/\/www.nettali.com\/wp-content\/uploads\/2021\/08\/malick-sall.jpeg","contentUrl":"https:\/\/www.nettali.com\/wp-content\/uploads\/2021\/08\/malick-sall.jpeg","width":650,"height":433},{"@type":"WebPage","@id":"https:\/\/www.nettali.com\/2022\/06\/20\/arrestation-de-dethie-fall-mame-diarra-fam-ahmed-aidara-et-cie-le-ministre-de-la-justice-avertit\/#webpage","url":"https:\/\/www.nettali.com\/2022\/06\/20\/arrestation-de-dethie-fall-mame-diarra-fam-ahmed-aidara-et-cie-le-ministre-de-la-justice-avertit\/","name":"ARRESTATION DE DETHIE FALL, MAME DIARRA FAM, AHMED AIDARA ET CIE - Le ministre de la justice avertit ! | Nettali.com","isPartOf":{"@id":"https:\/\/www.nettali.com\/#website"},"primaryImageOfPage":{"@id":"https:\/\/www.nettali.com\/2022\/06\/20\/arrestation-de-dethie-fall-mame-diarra-fam-ahmed-aidara-et-cie-le-ministre-de-la-justice-avertit\/#primaryimage"},"datePublished":"2022-06-20T11:44:37+00:00","dateModified":"2022-06-20T11:44:37+00:00","author":{"@id":"https:\/\/www.nettali.com\/#\/schema\/person\/3317e0bb3aa1da309fbf7b2780901bf4"},"breadcrumb":{"@id":"https:\/\/www.nettali.com\/2022\/06\/20\/arrestation-de-dethie-fall-mame-diarra-fam-ahmed-aidara-et-cie-le-ministre-de-la-justice-avertit\/#breadcrumb"},"inLanguage":"fr-FR","potentialAction":[{"@type":"ReadAction","target":["https:\/\/www.nettali.com\/2022\/06\/20\/arrestation-de-dethie-fall-mame-diarra-fam-ahmed-aidara-et-cie-le-ministre-de-la-justice-avertit\/"]}]},{"@type":"BreadcrumbList","@id":"https:\/\/www.nettali.com\/2022\/06\/20\/arrestation-de-dethie-fall-mame-diarra-fam-ahmed-aidara-et-cie-le-ministre-de-la-justice-avertit\/#breadcrumb","itemListElement":[{"@type":"ListItem","position":1,"name":"Accueil","item":"https:\/\/www.nettali.com\/"},{"@type":"ListItem","position":2,"name":"ARRESTATION DE DETHIE FALL, MAME DIARRA FAM, AHMED AIDARA ET CIE - Le ministre de la justice avertit !"}]},{"@type":"Person","@id":"https:\/\/www.nettali.com\/#\/schema\/person\/3317e0bb3aa1da309fbf7b2780901bf4","name":"Daouda","image":{"@type":"ImageObject","@id":"https:\/\/www.nettali.com\/#personlogo","inLanguage":"fr-FR","url":"https:\/\/secure.gravatar.com\/avatar\/8d143b5a49345098ddcfee1c49c2f47c?s=96&d=mm&r=g","contentUrl":"https:\/\/secure.gravatar.com\/avatar\/8d143b5a49345098ddcfee1c49c2f47c?s=96&d=mm&r=g","caption":"Daouda"},"sameAs":["https:\/\/www.nettali.com"]}]}},"_links":{"self":[{"href":"https:\/\/www.nettali.com\/rest\/wp\/v2\/posts\/88422"}],"collection":[{"href":"https:\/\/www.nettali.com\/rest\/wp\/v2\/posts"}],"about":[{"href":"https:\/\/www.nettali.com\/rest\/wp\/v2\/types\/post"}],"author":[{"embeddable":true,"href":"https:\/\/www.nettali.com\/rest\/wp\/v2\/users\/4"}],"replies":[{"embeddable":true,"href":"https:\/\/www.nettali.com\/rest\/wp\/v2\/comments?post=88422"}],"version-history":[{"count":1,"href":"https:\/\/www.nettali.com\/rest\/wp\/v2\/posts\/88422\/revisions"}],"predecessor-version":[{"id":88423,"href":"https:\/\/www.nettali.com\/rest\/wp\/v2\/posts\/88422\/revisions\/88423"}],"wp:featuredmedia":[{"embeddable":true,"href":"https:\/\/www.nettali.com\/rest\/wp\/v2\/media\/70375"}],"wp:attachment":[{"href":"https:\/\/www.nettali.com\/rest\/wp\/v2\/media?parent=88422"}],"wp:term":[{"taxonomy":"category","embeddable":true,"href":"https:\/\/www.nettali.com\/rest\/wp\/v2\/categories?post=88422"},{"taxonomy":"post_tag","embeddable":true,"href":"https:\/\/www.nettali.com\/rest\/wp\/v2\/tags?post=88422"}],"curies":[{"name":"wp","href":"https:\/\/api.w.org\/{rel}","templated":true}]}}