{"id":88324,"date":"2022-06-17T19:11:17","date_gmt":"2022-06-17T19:11:17","guid":{"rendered":"https:\/\/www.nettali.com\/?p=88324"},"modified":"2022-06-18T10:15:35","modified_gmt":"2022-06-18T10:15:35","slug":"officiel-sadio-mane-sera-bavarois","status":"publish","type":"post","link":"https:\/\/www.nettali.com\/2022\/06\/17\/officiel-sadio-mane-sera-bavarois\/","title":{"rendered":"OFFICIEL - Sadio Man\u00e9 sera Bavarois !"},"content":{"rendered":"<p><strong>NETTALI.COM - Dans les tuyaux depuis d\u00e9j\u00e0 quelques jours, le transfert de Sadio Man\u00e9 au Bayern Munich a \u00e9t\u00e9 finalis\u00e9 cet apr\u00e8s-midi.<\/strong><\/p>\n<p>Alors que Robert Lewandowski fait le forcing pour rejoindre le FC Barcelone, le Bayern Munich n\u2019aura pas \u00e0 attendre pour s\u2019offrir son rempla\u00e7ant.<\/p>\n<p>D\u2019apr\u00e8s les informations de Florian Plettenberg, journaliste de\u00a0Sky Sports, le champion d\u2019Allemagne a boucl\u00e9 ce vendredi le recrutement de Sadio Man\u00e9. Li\u00e9 \u00e0 Liverpool jusqu\u2019en 2023, mais en qu\u00eate d\u2019un nouveau d\u00e9fi dans sa carri\u00e8re, le S\u00e9n\u00e9galais de 30 ans va signer un contrat de 3 ans avec le Bayern Munich. Le montant de l\u2019op\u00e9ration devrait s\u2019\u00e9lever \u00e0 40 millions d\u2019euros (32 + 8 de bonus), et le joueur est attendu en Allemagne la semaine prochaine pour passer sa visite m\u00e9dicale.<\/p>\n<p>Interpell\u00e9 au sortir de la rencontre avec les dirigeants des Reds, Hasan Salihamidzic a confirm\u00e9 l\u2019information que nous vous annoncions il y a quelques heures.<br \/>\n\"<em>Oui\u00a0! Sadio Man\u00e9 arrive au Bayern<\/em>\", a d\u00e9clar\u00e9 le directeur sportif bavarois au micro de Sky.<\/p>\n<p>Le deal ne devrait pas tarder \u00e0 \u00eatre officialis\u00e9 par les deux clubs et devrait sceller l\u2019avenir de l\u2019international s\u00e9n\u00e9galais de 30 ans. Sadio Man\u00e9 va conna\u00eetre le 5\u00e8me\u00a0club professionnel de sa carri\u00e8re depuis le FC Metz.<\/p>\n<div class='share-to-whatsapp-wrapper'><div class='share-on-whsp'>PARTAGER SUR : <\/div><a data-text='OFFICIEL - Sadio Man\u00e9 sera Bavarois !' data-link='https:\/\/www.nettali.com\/2022\/06\/17\/officiel-sadio-mane-sera-bavarois\/' class='whatsapp-button whatsapp-share'>WhatsApp<\/a><div class='clear '><\/div><\/div>","protected":false},"excerpt":{"rendered":"<p>NETTALI.COM - Dans les tuyaux depuis d\u00e9j\u00e0 quelques jours, le transfert de Sadio Man\u00e9 au Bayern Munich a \u00e9t\u00e9 finalis\u00e9 cet apr\u00e8s-midi. Alors que Robert Lewandowski fait le forcing pour rejoindre le FC Barcelone, le Bayern Munich n\u2019aura pas \u00e0 attendre pour s\u2019offrir son rempla\u00e7ant. D\u2019apr\u00e8s les informations de Florian Plettenberg, journaliste de\u00a0Sky Sports, le [&hellip;]<\/p>\n","protected":false},"author":5,"featured_media":88325,"comment_status":"open","ping_status":"open","sticky":false,"template":"","format":"standard","meta":{"_et_pb_use_builder":"","_et_pb_old_content":""},"categories":[3],"tags":[],"yoast_head":"<!-- This site is optimized with the Yoast SEO Premium plugin v17.8 (Yoast SEO v17.8) - https:\/\/yoast.com\/wordpress\/plugins\/seo\/ -->\n<title>OFFICIEL - Sadio Man\u00e9 sera Bavarois ! | Nettali.com<\/title>\n<meta name=\"robots\" content=\"index, follow, max-snippet:-1, max-image-preview:large, max-video-preview:-1\" \/>\n<link rel=\"canonical\" href=\"https:\/\/www.nettali.com\/2022\/06\/17\/officiel-sadio-mane-sera-bavarois\/\" \/>\n<meta property=\"og:locale\" content=\"fr_FR\" \/>\n<meta property=\"og:type\" content=\"article\" \/>\n<meta property=\"og:title\" content=\"OFFICIEL - Sadio Man\u00e9 sera Bavarois !\" \/>\n<meta property=\"og:description\" content=\"NETTALI.COM - Dans les tuyaux depuis d\u00e9j\u00e0 quelques jours, le transfert de Sadio Man\u00e9 au Bayern Munich a \u00e9t\u00e9 finalis\u00e9 cet apr\u00e8s-midi. Alors que Robert Lewandowski fait le forcing pour rejoindre le FC Barcelone, le Bayern Munich n\u2019aura pas \u00e0 attendre pour s\u2019offrir son rempla\u00e7ant. D\u2019apr\u00e8s les informations de Florian Plettenberg, journaliste de\u00a0Sky Sports, le [&hellip;]\" \/>\n<meta property=\"og:url\" content=\"https:\/\/www.nettali.com\/2022\/06\/17\/officiel-sadio-mane-sera-bavarois\/\" \/>\n<meta property=\"og:site_name\" content=\"Nettali.com\" \/>\n<meta property=\"article:publisher\" content=\"https:\/\/www.facebook.com\/nettalicom\" \/>\n<meta property=\"article:published_time\" content=\"2022-06-17T19:11:17+00:00\" \/>\n<meta property=\"article:modified_time\" content=\"2022-06-18T10:15:35+00:00\" \/>\n<meta property=\"og:image\" content=\"https:\/\/www.nettali.com\/wp-content\/uploads\/2022\/06\/resize-2.jpeg\" \/>\n\t<meta property=\"og:image:width\" content=\"720\" \/>\n\t<meta property=\"og:image:height\" content=\"405\" \/>\n<meta name=\"twitter:card\" content=\"summary_large_image\" \/>\n<meta name=\"twitter:label1\" content=\"\u00c9crit par\" \/>\n\t<meta name=\"twitter:data1\" content=\"Ibrahima\" \/>\n\t<meta name=\"twitter:label2\" content=\"Dur\u00e9e de lecture estim\u00e9e\" \/>\n\t<meta name=\"twitter:data2\" content=\"2 minutes\" \/>\n<script type=\"application\/ld+json\" class=\"yoast-schema-graph\">{\"@context\":\"https:\/\/schema.org\",\"@graph\":[{\"@type\":\"WebSite\",\"@id\":\"https:\/\/www.nettali.com\/#website\",\"url\":\"https:\/\/www.nettali.com\/\",\"name\":\"Nettali.com\",\"description\":\"Le rendez-vous critique du Net\",\"potentialAction\":[{\"@type\":\"SearchAction\",\"target\":{\"@type\":\"EntryPoint\",\"urlTemplate\":\"https:\/\/www.nettali.com\/?s={search_term_string}\"},\"query-input\":\"required name=search_term_string\"}],\"inLanguage\":\"fr-FR\"},{\"@type\":\"ImageObject\",\"@id\":\"https:\/\/www.nettali.com\/2022\/06\/17\/officiel-sadio-mane-sera-bavarois\/#primaryimage\",\"inLanguage\":\"fr-FR\",\"url\":\"https:\/\/www.nettali.com\/wp-content\/uploads\/2022\/06\/resize-2.jpeg\",\"contentUrl\":\"https:\/\/www.nettali.com\/wp-content\/uploads\/2022\/06\/resize-2.jpeg\",\"width\":720,\"height\":405},{\"@type\":\"WebPage\",\"@id\":\"https:\/\/www.nettali.com\/2022\/06\/17\/officiel-sadio-mane-sera-bavarois\/#webpage\",\"url\":\"https:\/\/www.nettali.com\/2022\/06\/17\/officiel-sadio-mane-sera-bavarois\/\",\"name\":\"OFFICIEL - Sadio Man\\u00e9 sera Bavarois ! | Nettali.com\",\"isPartOf\":{\"@id\":\"https:\/\/www.nettali.com\/#website\"},\"primaryImageOfPage\":{\"@id\":\"https:\/\/www.nettali.com\/2022\/06\/17\/officiel-sadio-mane-sera-bavarois\/#primaryimage\"},\"datePublished\":\"2022-06-17T19:11:17+00:00\",\"dateModified\":\"2022-06-18T10:15:35+00:00\",\"author\":{\"@id\":\"https:\/\/www.nettali.com\/#\/schema\/person\/bb147657c2986240405a608162b9bb23\"},\"breadcrumb\":{\"@id\":\"https:\/\/www.nettali.com\/2022\/06\/17\/officiel-sadio-mane-sera-bavarois\/#breadcrumb\"},\"inLanguage\":\"fr-FR\",\"potentialAction\":[{\"@type\":\"ReadAction\",\"target\":[\"https:\/\/www.nettali.com\/2022\/06\/17\/officiel-sadio-mane-sera-bavarois\/\"]}]},{\"@type\":\"BreadcrumbList\",\"@id\":\"https:\/\/www.nettali.com\/2022\/06\/17\/officiel-sadio-mane-sera-bavarois\/#breadcrumb\",\"itemListElement\":[{\"@type\":\"ListItem\",\"position\":1,\"name\":\"Accueil\",\"item\":\"https:\/\/www.nettali.com\/\"},{\"@type\":\"ListItem\",\"position\":2,\"name\":\"OFFICIEL - Sadio Man\\u00e9 sera Bavarois !\"}]},{\"@type\":\"Person\",\"@id\":\"https:\/\/www.nettali.com\/#\/schema\/person\/bb147657c2986240405a608162b9bb23\",\"name\":\"Ibrahima\",\"image\":{\"@type\":\"ImageObject\",\"@id\":\"https:\/\/www.nettali.com\/#personlogo\",\"inLanguage\":\"fr-FR\",\"url\":\"https:\/\/secure.gravatar.com\/avatar\/26a8a81f09f0dd7624c9d5c36c9ba3a2?s=96&d=mm&r=g\",\"contentUrl\":\"https:\/\/secure.gravatar.com\/avatar\/26a8a81f09f0dd7624c9d5c36c9ba3a2?s=96&d=mm&r=g\",\"caption\":\"Ibrahima\"},\"sameAs\":[\"https:\/\/www.nettali.com\"]}]}<\/script>\n<!-- \/ Yoast SEO Premium plugin. -->","yoast_head_json":{"title":"OFFICIEL - Sadio Man\u00e9 sera Bavarois ! | Nettali.com","robots":{"index":"index","follow":"follow","max-snippet":"max-snippet:-1","max-image-preview":"max-image-preview:large","max-video-preview":"max-video-preview:-1"},"canonical":"https:\/\/www.nettali.com\/2022\/06\/17\/officiel-sadio-mane-sera-bavarois\/","og_locale":"fr_FR","og_type":"article","og_title":"OFFICIEL - Sadio Man\u00e9 sera Bavarois !","og_description":"NETTALI.COM - Dans les tuyaux depuis d\u00e9j\u00e0 quelques jours, le transfert de Sadio Man\u00e9 au Bayern Munich a \u00e9t\u00e9 finalis\u00e9 cet apr\u00e8s-midi. Alors que Robert Lewandowski fait le forcing pour rejoindre le FC Barcelone, le Bayern Munich n\u2019aura pas \u00e0 attendre pour s\u2019offrir son rempla\u00e7ant. D\u2019apr\u00e8s les informations de Florian Plettenberg, journaliste de\u00a0Sky Sports, le [&hellip;]","og_url":"https:\/\/www.nettali.com\/2022\/06\/17\/officiel-sadio-mane-sera-bavarois\/","og_site_name":"Nettali.com","article_publisher":"https:\/\/www.facebook.com\/nettalicom","article_published_time":"2022-06-17T19:11:17+00:00","article_modified_time":"2022-06-18T10:15:35+00:00","og_image":[{"width":720,"height":405,"url":"https:\/\/www.nettali.com\/wp-content\/uploads\/2022\/06\/resize-2.jpeg","type":"image\/jpeg"}],"twitter_card":"summary_large_image","twitter_misc":{"\u00c9crit par":"Ibrahima","Dur\u00e9e de lecture estim\u00e9e":"2 minutes"},"schema":{"@context":"https:\/\/schema.org","@graph":[{"@type":"WebSite","@id":"https:\/\/www.nettali.com\/#website","url":"https:\/\/www.nettali.com\/","name":"Nettali.com","description":"Le rendez-vous critique du Net","potentialAction":[{"@type":"SearchAction","target":{"@type":"EntryPoint","urlTemplate":"https:\/\/www.nettali.com\/?s={search_term_string}"},"query-input":"required name=search_term_string"}],"inLanguage":"fr-FR"},{"@type":"ImageObject","@id":"https:\/\/www.nettali.com\/2022\/06\/17\/officiel-sadio-mane-sera-bavarois\/#primaryimage","inLanguage":"fr-FR","url":"https:\/\/www.nettali.com\/wp-content\/uploads\/2022\/06\/resize-2.jpeg","contentUrl":"https:\/\/www.nettali.com\/wp-content\/uploads\/2022\/06\/resize-2.jpeg","width":720,"height":405},{"@type":"WebPage","@id":"https:\/\/www.nettali.com\/2022\/06\/17\/officiel-sadio-mane-sera-bavarois\/#webpage","url":"https:\/\/www.nettali.com\/2022\/06\/17\/officiel-sadio-mane-sera-bavarois\/","name":"OFFICIEL - Sadio Man\u00e9 sera Bavarois ! | Nettali.com","isPartOf":{"@id":"https:\/\/www.nettali.com\/#website"},"primaryImageOfPage":{"@id":"https:\/\/www.nettali.com\/2022\/06\/17\/officiel-sadio-mane-sera-bavarois\/#primaryimage"},"datePublished":"2022-06-17T19:11:17+00:00","dateModified":"2022-06-18T10:15:35+00:00","author":{"@id":"https:\/\/www.nettali.com\/#\/schema\/person\/bb147657c2986240405a608162b9bb23"},"breadcrumb":{"@id":"https:\/\/www.nettali.com\/2022\/06\/17\/officiel-sadio-mane-sera-bavarois\/#breadcrumb"},"inLanguage":"fr-FR","potentialAction":[{"@type":"ReadAction","target":["https:\/\/www.nettali.com\/2022\/06\/17\/officiel-sadio-mane-sera-bavarois\/"]}]},{"@type":"BreadcrumbList","@id":"https:\/\/www.nettali.com\/2022\/06\/17\/officiel-sadio-mane-sera-bavarois\/#breadcrumb","itemListElement":[{"@type":"ListItem","position":1,"name":"Accueil","item":"https:\/\/www.nettali.com\/"},{"@type":"ListItem","position":2,"name":"OFFICIEL - Sadio Man\u00e9 sera Bavarois !"}]},{"@type":"Person","@id":"https:\/\/www.nettali.com\/#\/schema\/person\/bb147657c2986240405a608162b9bb23","name":"Ibrahima","image":{"@type":"ImageObject","@id":"https:\/\/www.nettali.com\/#personlogo","inLanguage":"fr-FR","url":"https:\/\/secure.gravatar.com\/avatar\/26a8a81f09f0dd7624c9d5c36c9ba3a2?s=96&d=mm&r=g","contentUrl":"https:\/\/secure.gravatar.com\/avatar\/26a8a81f09f0dd7624c9d5c36c9ba3a2?s=96&d=mm&r=g","caption":"Ibrahima"},"sameAs":["https:\/\/www.nettali.com"]}]}},"_links":{"self":[{"href":"https:\/\/www.nettali.com\/rest\/wp\/v2\/posts\/88324"}],"collection":[{"href":"https:\/\/www.nettali.com\/rest\/wp\/v2\/posts"}],"about":[{"href":"https:\/\/www.nettali.com\/rest\/wp\/v2\/types\/post"}],"author":[{"embeddable":true,"href":"https:\/\/www.nettali.com\/rest\/wp\/v2\/users\/5"}],"replies":[{"embeddable":true,"href":"https:\/\/www.nettali.com\/rest\/wp\/v2\/comments?post=88324"}],"version-history":[{"count":4,"href":"https:\/\/www.nettali.com\/rest\/wp\/v2\/posts\/88324\/revisions"}],"predecessor-version":[{"id":88331,"href":"https:\/\/www.nettali.com\/rest\/wp\/v2\/posts\/88324\/revisions\/88331"}],"wp:featuredmedia":[{"embeddable":true,"href":"https:\/\/www.nettali.com\/rest\/wp\/v2\/media\/88325"}],"wp:attachment":[{"href":"https:\/\/www.nettali.com\/rest\/wp\/v2\/media?parent=88324"}],"wp:term":[{"taxonomy":"category","embeddable":true,"href":"https:\/\/www.nettali.com\/rest\/wp\/v2\/categories?post=88324"},{"taxonomy":"post_tag","embeddable":true,"href":"https:\/\/www.nettali.com\/rest\/wp\/v2\/tags?post=88324"}],"curies":[{"name":"wp","href":"https:\/\/api.w.org\/{rel}","templated":true}]}}