{"id":88221,"date":"2022-06-16T20:39:55","date_gmt":"2022-06-16T20:39:55","guid":{"rendered":"https:\/\/www.nettali.com\/?p=88221"},"modified":"2022-06-16T20:42:46","modified_gmt":"2022-06-16T20:42:46","slug":"plainte-contre-le-procureur-manifestation-de-yewwi-ce-quen-pense-le-ministre-de-la-justice","status":"publish","type":"post","link":"https:\/\/www.nettali.com\/2022\/06\/16\/plainte-contre-le-procureur-manifestation-de-yewwi-ce-quen-pense-le-ministre-de-la-justice\/","title":{"rendered":"PLAINTE CONTRE LE PROCUREUR, MANIFESTATION DE YEWWI - Ce qu'en pense le ministre de la Justice !"},"content":{"rendered":"<p class=\"summary_label\"><strong>NETTALI.COM - Apr\u00e8s la plainte annonc\u00e9e par Ousmane Sonko contre le Procureur et la manifestation de Yewwi interdite, mais que compte toutefois organiser l'opposition, le ministre de la Justice, Me Malick Sall, a fait une sortie.<\/strong><\/p>\n<div id=\"printable\" class=\"text_body\">\n<p>Il pense que Ousmane Sonko et Cie ont le droit de porter plainte. <em>\"Le S\u00e9n\u00e9gal est un pays de droit. Celui qui veut d\u00e9poser une plainte peut le faire et que la Justice fasse ce qu\u2019elle doit faire\",<\/em> a tranch\u00e9 le Garde des Sceaux qui pense qu'on n'a pas besoin de pol\u00e9miquer sur cela.<\/p>\n<p>En revanche, il met en garde ceux qui veulent braver l'interdiction du Pr\u00e9fet de Dakar. \u00a0<em>\"C\u2019est de la responsabilit\u00e9 du ministre de l\u2019Int\u00e9rieur et du ministre de la Justice que je suis. Nous sommes dans un Etat de droit et chacun doit accepter de respecter l\u2019\u00e9tat de droit, aussi bien du c\u00f4t\u00e9 du pouvoir que de celui de l\u2019opposition. La loi est faite pour tout le monde, chacun doit assumer ses responsabilit\u00e9s. L\u2019opposition doit assumer ses responsabilit\u00e9s \"<\/em>, fait-il remarquer. En tout cas, soutient-il, <em>\"le gouvernement assumera ses responsabilit\u00e9s\"<\/em>.<\/p>\n<\/div>\n<div class='share-to-whatsapp-wrapper'><div class='share-on-whsp'>PARTAGER SUR : <\/div><a data-text='PLAINTE CONTRE LE PROCUREUR, MANIFESTATION DE YEWWI - Ce qu'en pense le ministre de la Justice !' data-link='https:\/\/www.nettali.com\/2022\/06\/16\/plainte-contre-le-procureur-manifestation-de-yewwi-ce-quen-pense-le-ministre-de-la-justice\/' class='whatsapp-button whatsapp-share'>WhatsApp<\/a><div class='clear '><\/div><\/div>","protected":false},"excerpt":{"rendered":"<p>NETTALI.COM - Apr\u00e8s la plainte annonc\u00e9e par Ousmane Sonko contre le Procureur et la manifestation de Yewwi interdite, mais que compte toutefois organiser l'opposition, le ministre de la Justice, Me Malick Sall, a fait une sortie. Il pense que Ousmane Sonko et Cie ont le droit de porter plainte. \"Le S\u00e9n\u00e9gal est un pays de [&hellip;]<\/p>\n","protected":false},"author":4,"featured_media":38515,"comment_status":"open","ping_status":"open","sticky":false,"template":"","format":"standard","meta":{"_et_pb_use_builder":"","_et_pb_old_content":""},"categories":[2],"tags":[],"yoast_head":"<!-- This site is optimized with the Yoast SEO Premium plugin v17.8 (Yoast SEO v17.8) - https:\/\/yoast.com\/wordpress\/plugins\/seo\/ -->\n<title>PLAINTE CONTRE LE PROCUREUR, MANIFESTATION DE YEWWI - Ce qu&#039;en pense le ministre de la Justice ! | Nettali.com<\/title>\n<meta name=\"robots\" content=\"index, follow, max-snippet:-1, max-image-preview:large, max-video-preview:-1\" \/>\n<link rel=\"canonical\" href=\"https:\/\/www.nettali.com\/2022\/06\/16\/plainte-contre-le-procureur-manifestation-de-yewwi-ce-quen-pense-le-ministre-de-la-justice\/\" \/>\n<meta property=\"og:locale\" content=\"fr_FR\" \/>\n<meta property=\"og:type\" content=\"article\" \/>\n<meta property=\"og:title\" content=\"PLAINTE CONTRE LE PROCUREUR, MANIFESTATION DE YEWWI - Ce qu&#039;en pense le ministre de la Justice !\" \/>\n<meta property=\"og:description\" content=\"NETTALI.COM - Apr\u00e8s la plainte annonc\u00e9e par Ousmane Sonko contre le Procureur et la manifestation de Yewwi interdite, mais que compte toutefois organiser l&#039;opposition, le ministre de la Justice, Me Malick Sall, a fait une sortie. Il pense que Ousmane Sonko et Cie ont le droit de porter plainte. &quot;Le S\u00e9n\u00e9gal est un pays de [&hellip;]\" \/>\n<meta property=\"og:url\" content=\"https:\/\/www.nettali.com\/2022\/06\/16\/plainte-contre-le-procureur-manifestation-de-yewwi-ce-quen-pense-le-ministre-de-la-justice\/\" \/>\n<meta property=\"og:site_name\" content=\"Nettali.com\" \/>\n<meta property=\"article:publisher\" content=\"https:\/\/www.facebook.com\/nettalicom\" \/>\n<meta property=\"article:published_time\" content=\"2022-06-16T20:39:55+00:00\" \/>\n<meta property=\"article:modified_time\" content=\"2022-06-16T20:42:46+00:00\" \/>\n<meta property=\"og:image\" content=\"https:\/\/www.nettali.com\/wp-content\/uploads\/2020\/06\/MALICK-SALL.jpg\" \/>\n\t<meta property=\"og:image:width\" content=\"1200\" \/>\n\t<meta property=\"og:image:height\" content=\"750\" \/>\n<meta name=\"twitter:card\" content=\"summary_large_image\" \/>\n<meta name=\"twitter:label1\" content=\"\u00c9crit par\" \/>\n\t<meta name=\"twitter:data1\" content=\"Daouda\" \/>\n\t<meta name=\"twitter:label2\" content=\"Dur\u00e9e de lecture estim\u00e9e\" \/>\n\t<meta name=\"twitter:data2\" content=\"1 minute\" \/>\n<script type=\"application\/ld+json\" class=\"yoast-schema-graph\">{\"@context\":\"https:\/\/schema.org\",\"@graph\":[{\"@type\":\"WebSite\",\"@id\":\"https:\/\/www.nettali.com\/#website\",\"url\":\"https:\/\/www.nettali.com\/\",\"name\":\"Nettali.com\",\"description\":\"Le rendez-vous critique du Net\",\"potentialAction\":[{\"@type\":\"SearchAction\",\"target\":{\"@type\":\"EntryPoint\",\"urlTemplate\":\"https:\/\/www.nettali.com\/?s={search_term_string}\"},\"query-input\":\"required name=search_term_string\"}],\"inLanguage\":\"fr-FR\"},{\"@type\":\"ImageObject\",\"@id\":\"https:\/\/www.nettali.com\/2022\/06\/16\/plainte-contre-le-procureur-manifestation-de-yewwi-ce-quen-pense-le-ministre-de-la-justice\/#primaryimage\",\"inLanguage\":\"fr-FR\",\"url\":\"https:\/\/www.nettali.com\/wp-content\/uploads\/2020\/06\/MALICK-SALL.jpg\",\"contentUrl\":\"https:\/\/www.nettali.com\/wp-content\/uploads\/2020\/06\/MALICK-SALL.jpg\",\"width\":1200,\"height\":750},{\"@type\":\"WebPage\",\"@id\":\"https:\/\/www.nettali.com\/2022\/06\/16\/plainte-contre-le-procureur-manifestation-de-yewwi-ce-quen-pense-le-ministre-de-la-justice\/#webpage\",\"url\":\"https:\/\/www.nettali.com\/2022\/06\/16\/plainte-contre-le-procureur-manifestation-de-yewwi-ce-quen-pense-le-ministre-de-la-justice\/\",\"name\":\"PLAINTE CONTRE LE PROCUREUR, MANIFESTATION DE YEWWI - Ce qu'en pense le ministre de la Justice ! | Nettali.com\",\"isPartOf\":{\"@id\":\"https:\/\/www.nettali.com\/#website\"},\"primaryImageOfPage\":{\"@id\":\"https:\/\/www.nettali.com\/2022\/06\/16\/plainte-contre-le-procureur-manifestation-de-yewwi-ce-quen-pense-le-ministre-de-la-justice\/#primaryimage\"},\"datePublished\":\"2022-06-16T20:39:55+00:00\",\"dateModified\":\"2022-06-16T20:42:46+00:00\",\"author\":{\"@id\":\"https:\/\/www.nettali.com\/#\/schema\/person\/3317e0bb3aa1da309fbf7b2780901bf4\"},\"breadcrumb\":{\"@id\":\"https:\/\/www.nettali.com\/2022\/06\/16\/plainte-contre-le-procureur-manifestation-de-yewwi-ce-quen-pense-le-ministre-de-la-justice\/#breadcrumb\"},\"inLanguage\":\"fr-FR\",\"potentialAction\":[{\"@type\":\"ReadAction\",\"target\":[\"https:\/\/www.nettali.com\/2022\/06\/16\/plainte-contre-le-procureur-manifestation-de-yewwi-ce-quen-pense-le-ministre-de-la-justice\/\"]}]},{\"@type\":\"BreadcrumbList\",\"@id\":\"https:\/\/www.nettali.com\/2022\/06\/16\/plainte-contre-le-procureur-manifestation-de-yewwi-ce-quen-pense-le-ministre-de-la-justice\/#breadcrumb\",\"itemListElement\":[{\"@type\":\"ListItem\",\"position\":1,\"name\":\"Accueil\",\"item\":\"https:\/\/www.nettali.com\/\"},{\"@type\":\"ListItem\",\"position\":2,\"name\":\"PLAINTE CONTRE LE PROCUREUR, MANIFESTATION DE YEWWI - Ce qu'en pense le ministre de la Justice !\"}]},{\"@type\":\"Person\",\"@id\":\"https:\/\/www.nettali.com\/#\/schema\/person\/3317e0bb3aa1da309fbf7b2780901bf4\",\"name\":\"Daouda\",\"image\":{\"@type\":\"ImageObject\",\"@id\":\"https:\/\/www.nettali.com\/#personlogo\",\"inLanguage\":\"fr-FR\",\"url\":\"https:\/\/secure.gravatar.com\/avatar\/8d143b5a49345098ddcfee1c49c2f47c?s=96&d=mm&r=g\",\"contentUrl\":\"https:\/\/secure.gravatar.com\/avatar\/8d143b5a49345098ddcfee1c49c2f47c?s=96&d=mm&r=g\",\"caption\":\"Daouda\"},\"sameAs\":[\"https:\/\/www.nettali.com\"]}]}<\/script>\n<!-- \/ Yoast SEO Premium plugin. -->","yoast_head_json":{"title":"PLAINTE CONTRE LE PROCUREUR, MANIFESTATION DE YEWWI - Ce qu'en pense le ministre de la Justice ! | Nettali.com","robots":{"index":"index","follow":"follow","max-snippet":"max-snippet:-1","max-image-preview":"max-image-preview:large","max-video-preview":"max-video-preview:-1"},"canonical":"https:\/\/www.nettali.com\/2022\/06\/16\/plainte-contre-le-procureur-manifestation-de-yewwi-ce-quen-pense-le-ministre-de-la-justice\/","og_locale":"fr_FR","og_type":"article","og_title":"PLAINTE CONTRE LE PROCUREUR, MANIFESTATION DE YEWWI - Ce qu'en pense le ministre de la Justice !","og_description":"NETTALI.COM - Apr\u00e8s la plainte annonc\u00e9e par Ousmane Sonko contre le Procureur et la manifestation de Yewwi interdite, mais que compte toutefois organiser l'opposition, le ministre de la Justice, Me Malick Sall, a fait une sortie. Il pense que Ousmane Sonko et Cie ont le droit de porter plainte. \"Le S\u00e9n\u00e9gal est un pays de [&hellip;]","og_url":"https:\/\/www.nettali.com\/2022\/06\/16\/plainte-contre-le-procureur-manifestation-de-yewwi-ce-quen-pense-le-ministre-de-la-justice\/","og_site_name":"Nettali.com","article_publisher":"https:\/\/www.facebook.com\/nettalicom","article_published_time":"2022-06-16T20:39:55+00:00","article_modified_time":"2022-06-16T20:42:46+00:00","og_image":[{"width":1200,"height":750,"url":"https:\/\/www.nettali.com\/wp-content\/uploads\/2020\/06\/MALICK-SALL.jpg","type":"image\/jpeg"}],"twitter_card":"summary_large_image","twitter_misc":{"\u00c9crit par":"Daouda","Dur\u00e9e de lecture estim\u00e9e":"1 minute"},"schema":{"@context":"https:\/\/schema.org","@graph":[{"@type":"WebSite","@id":"https:\/\/www.nettali.com\/#website","url":"https:\/\/www.nettali.com\/","name":"Nettali.com","description":"Le rendez-vous critique du Net","potentialAction":[{"@type":"SearchAction","target":{"@type":"EntryPoint","urlTemplate":"https:\/\/www.nettali.com\/?s={search_term_string}"},"query-input":"required name=search_term_string"}],"inLanguage":"fr-FR"},{"@type":"ImageObject","@id":"https:\/\/www.nettali.com\/2022\/06\/16\/plainte-contre-le-procureur-manifestation-de-yewwi-ce-quen-pense-le-ministre-de-la-justice\/#primaryimage","inLanguage":"fr-FR","url":"https:\/\/www.nettali.com\/wp-content\/uploads\/2020\/06\/MALICK-SALL.jpg","contentUrl":"https:\/\/www.nettali.com\/wp-content\/uploads\/2020\/06\/MALICK-SALL.jpg","width":1200,"height":750},{"@type":"WebPage","@id":"https:\/\/www.nettali.com\/2022\/06\/16\/plainte-contre-le-procureur-manifestation-de-yewwi-ce-quen-pense-le-ministre-de-la-justice\/#webpage","url":"https:\/\/www.nettali.com\/2022\/06\/16\/plainte-contre-le-procureur-manifestation-de-yewwi-ce-quen-pense-le-ministre-de-la-justice\/","name":"PLAINTE CONTRE LE PROCUREUR, MANIFESTATION DE YEWWI - Ce qu'en pense le ministre de la Justice ! | Nettali.com","isPartOf":{"@id":"https:\/\/www.nettali.com\/#website"},"primaryImageOfPage":{"@id":"https:\/\/www.nettali.com\/2022\/06\/16\/plainte-contre-le-procureur-manifestation-de-yewwi-ce-quen-pense-le-ministre-de-la-justice\/#primaryimage"},"datePublished":"2022-06-16T20:39:55+00:00","dateModified":"2022-06-16T20:42:46+00:00","author":{"@id":"https:\/\/www.nettali.com\/#\/schema\/person\/3317e0bb3aa1da309fbf7b2780901bf4"},"breadcrumb":{"@id":"https:\/\/www.nettali.com\/2022\/06\/16\/plainte-contre-le-procureur-manifestation-de-yewwi-ce-quen-pense-le-ministre-de-la-justice\/#breadcrumb"},"inLanguage":"fr-FR","potentialAction":[{"@type":"ReadAction","target":["https:\/\/www.nettali.com\/2022\/06\/16\/plainte-contre-le-procureur-manifestation-de-yewwi-ce-quen-pense-le-ministre-de-la-justice\/"]}]},{"@type":"BreadcrumbList","@id":"https:\/\/www.nettali.com\/2022\/06\/16\/plainte-contre-le-procureur-manifestation-de-yewwi-ce-quen-pense-le-ministre-de-la-justice\/#breadcrumb","itemListElement":[{"@type":"ListItem","position":1,"name":"Accueil","item":"https:\/\/www.nettali.com\/"},{"@type":"ListItem","position":2,"name":"PLAINTE CONTRE LE PROCUREUR, MANIFESTATION DE YEWWI - Ce qu'en pense le ministre de la Justice !"}]},{"@type":"Person","@id":"https:\/\/www.nettali.com\/#\/schema\/person\/3317e0bb3aa1da309fbf7b2780901bf4","name":"Daouda","image":{"@type":"ImageObject","@id":"https:\/\/www.nettali.com\/#personlogo","inLanguage":"fr-FR","url":"https:\/\/secure.gravatar.com\/avatar\/8d143b5a49345098ddcfee1c49c2f47c?s=96&d=mm&r=g","contentUrl":"https:\/\/secure.gravatar.com\/avatar\/8d143b5a49345098ddcfee1c49c2f47c?s=96&d=mm&r=g","caption":"Daouda"},"sameAs":["https:\/\/www.nettali.com"]}]}},"_links":{"self":[{"href":"https:\/\/www.nettali.com\/rest\/wp\/v2\/posts\/88221"}],"collection":[{"href":"https:\/\/www.nettali.com\/rest\/wp\/v2\/posts"}],"about":[{"href":"https:\/\/www.nettali.com\/rest\/wp\/v2\/types\/post"}],"author":[{"embeddable":true,"href":"https:\/\/www.nettali.com\/rest\/wp\/v2\/users\/4"}],"replies":[{"embeddable":true,"href":"https:\/\/www.nettali.com\/rest\/wp\/v2\/comments?post=88221"}],"version-history":[{"count":3,"href":"https:\/\/www.nettali.com\/rest\/wp\/v2\/posts\/88221\/revisions"}],"predecessor-version":[{"id":88225,"href":"https:\/\/www.nettali.com\/rest\/wp\/v2\/posts\/88221\/revisions\/88225"}],"wp:featuredmedia":[{"embeddable":true,"href":"https:\/\/www.nettali.com\/rest\/wp\/v2\/media\/38515"}],"wp:attachment":[{"href":"https:\/\/www.nettali.com\/rest\/wp\/v2\/media?parent=88221"}],"wp:term":[{"taxonomy":"category","embeddable":true,"href":"https:\/\/www.nettali.com\/rest\/wp\/v2\/categories?post=88221"},{"taxonomy":"post_tag","embeddable":true,"href":"https:\/\/www.nettali.com\/rest\/wp\/v2\/tags?post=88221"}],"curies":[{"name":"wp","href":"https:\/\/api.w.org\/{rel}","templated":true}]}}