{"id":88178,"date":"2022-06-15T19:06:37","date_gmt":"2022-06-15T19:06:37","guid":{"rendered":"https:\/\/www.nettali.com\/?p=88178"},"modified":"2022-06-15T19:06:37","modified_gmt":"2022-06-15T19:06:37","slug":"mercato-hansi-flick-apprecie-larrivee-de-sadio-mane-au-bayern","status":"publish","type":"post","link":"https:\/\/www.nettali.com\/2022\/06\/15\/mercato-hansi-flick-apprecie-larrivee-de-sadio-mane-au-bayern\/","title":{"rendered":"MERCATO - Hansi Flick appr\u00e9cie l'arriv\u00e9e de Sadio Man\u00e9 au Bayern"},"content":{"rendered":"<p><strong>NETTALI.COM - Actuellement en vacances au S\u00e9n\u00e9gal, Sadio Man\u00e9 devrait signer au Bayern Munich sousa peu. Liverpool, en effet, devrait le transf\u00e9rer apr\u00e8s le recrutement de Darwin Nunez. Un choix amplement valid\u00e9 par l'ex coach du club de la Bavi\u00e8re, Hansi Flick.<\/strong><\/p>\n<p>Ancien coach du Bayern et actuel s\u00e9lectionneur de l\u2019Allemagne, Hansi Flick a \u00e9t\u00e9 interrog\u00e9 sur cette possible arriv\u00e9e de l\u2019international s\u00e9n\u00e9galais. Pour lui,\u00a0Man\u00e9\u00a0serait un tr\u00e8s bon transfert pour les Bavarois.<\/p>\n<p>\"<em>S\u2019il veut jouer en Allemagne, ce serait un renfort important pour l\u2019ensemble de la Bundesliga. J\u2019aimerais beaucoup le voir l\u00e0-bas<\/em>\", a d\u00e9clar\u00e9 le s\u00e9lectionneur de l\u2019\u00e9quipe nationale \u00e0 Sport Bild.<\/p>\n<p>\"<em>Et concernant Lewandowski, je pense que c\u2019est une honte que l\u2019on en soit arriv\u00e9 \u00e0 cette situation. Lui et moi nous sommes tr\u00e8s bien entendus au Bayern et dans une saison avec six troph\u00e9es, il \u00e9tait au sommet de son art<\/em>\", a ajout\u00e9 Flick.<\/p>\n<div class='share-to-whatsapp-wrapper'><div class='share-on-whsp'>PARTAGER SUR : <\/div><a data-text='MERCATO - Hansi Flick appr\u00e9cie l'arriv\u00e9e de Sadio Man\u00e9 au Bayern' data-link='https:\/\/www.nettali.com\/2022\/06\/15\/mercato-hansi-flick-apprecie-larrivee-de-sadio-mane-au-bayern\/' class='whatsapp-button whatsapp-share'>WhatsApp<\/a><div class='clear '><\/div><\/div>","protected":false},"excerpt":{"rendered":"<p>NETTALI.COM - Actuellement en vacances au S\u00e9n\u00e9gal, Sadio Man\u00e9 devrait signer au Bayern Munich sousa peu. Liverpool, en effet, devrait le transf\u00e9rer apr\u00e8s le recrutement de Darwin Nunez. Un choix amplement valid\u00e9 par l'ex coach du club de la Bavi\u00e8re, Hansi Flick. Ancien coach du Bayern et actuel s\u00e9lectionneur de l\u2019Allemagne, Hansi Flick a \u00e9t\u00e9 [&hellip;]<\/p>\n","protected":false},"author":5,"featured_media":88179,"comment_status":"open","ping_status":"open","sticky":false,"template":"","format":"standard","meta":{"_et_pb_use_builder":"","_et_pb_old_content":""},"categories":[6],"tags":[],"yoast_head":"<!-- This site is optimized with the Yoast SEO Premium plugin v17.8 (Yoast SEO v17.8) - https:\/\/yoast.com\/wordpress\/plugins\/seo\/ -->\n<title>MERCATO - Hansi Flick appr\u00e9cie l&#039;arriv\u00e9e de Sadio Man\u00e9 au Bayern | Nettali.com<\/title>\n<meta name=\"robots\" content=\"index, follow, max-snippet:-1, max-image-preview:large, max-video-preview:-1\" \/>\n<link rel=\"canonical\" href=\"https:\/\/www.nettali.com\/2022\/06\/15\/mercato-hansi-flick-apprecie-larrivee-de-sadio-mane-au-bayern\/\" \/>\n<meta property=\"og:locale\" content=\"fr_FR\" \/>\n<meta property=\"og:type\" content=\"article\" \/>\n<meta property=\"og:title\" content=\"MERCATO - Hansi Flick appr\u00e9cie l&#039;arriv\u00e9e de Sadio Man\u00e9 au Bayern\" \/>\n<meta property=\"og:description\" content=\"NETTALI.COM - Actuellement en vacances au S\u00e9n\u00e9gal, Sadio Man\u00e9 devrait signer au Bayern Munich sousa peu. Liverpool, en effet, devrait le transf\u00e9rer apr\u00e8s le recrutement de Darwin Nunez. Un choix amplement valid\u00e9 par l&#039;ex coach du club de la Bavi\u00e8re, Hansi Flick. Ancien coach du Bayern et actuel s\u00e9lectionneur de l\u2019Allemagne, Hansi Flick a \u00e9t\u00e9 [&hellip;]\" \/>\n<meta property=\"og:url\" content=\"https:\/\/www.nettali.com\/2022\/06\/15\/mercato-hansi-flick-apprecie-larrivee-de-sadio-mane-au-bayern\/\" \/>\n<meta property=\"og:site_name\" content=\"Nettali.com\" \/>\n<meta property=\"article:publisher\" content=\"https:\/\/www.facebook.com\/nettalicom\" \/>\n<meta property=\"article:published_time\" content=\"2022-06-15T19:06:37+00:00\" \/>\n<meta property=\"og:image\" content=\"https:\/\/www.nettali.com\/wp-content\/uploads\/2022\/06\/20220615_121625-696x394-1.jpg\" \/>\n\t<meta property=\"og:image:width\" content=\"696\" \/>\n\t<meta property=\"og:image:height\" content=\"394\" \/>\n<meta name=\"twitter:card\" content=\"summary_large_image\" \/>\n<meta name=\"twitter:label1\" content=\"\u00c9crit par\" \/>\n\t<meta name=\"twitter:data1\" content=\"Ibrahima\" \/>\n\t<meta name=\"twitter:label2\" content=\"Dur\u00e9e de lecture estim\u00e9e\" \/>\n\t<meta name=\"twitter:data2\" content=\"1 minute\" \/>\n<script type=\"application\/ld+json\" class=\"yoast-schema-graph\">{\"@context\":\"https:\/\/schema.org\",\"@graph\":[{\"@type\":\"WebSite\",\"@id\":\"https:\/\/www.nettali.com\/#website\",\"url\":\"https:\/\/www.nettali.com\/\",\"name\":\"Nettali.com\",\"description\":\"Le rendez-vous critique du Net\",\"potentialAction\":[{\"@type\":\"SearchAction\",\"target\":{\"@type\":\"EntryPoint\",\"urlTemplate\":\"https:\/\/www.nettali.com\/?s={search_term_string}\"},\"query-input\":\"required name=search_term_string\"}],\"inLanguage\":\"fr-FR\"},{\"@type\":\"ImageObject\",\"@id\":\"https:\/\/www.nettali.com\/2022\/06\/15\/mercato-hansi-flick-apprecie-larrivee-de-sadio-mane-au-bayern\/#primaryimage\",\"inLanguage\":\"fr-FR\",\"url\":\"https:\/\/www.nettali.com\/wp-content\/uploads\/2022\/06\/20220615_121625-696x394-1.jpg\",\"contentUrl\":\"https:\/\/www.nettali.com\/wp-content\/uploads\/2022\/06\/20220615_121625-696x394-1.jpg\",\"width\":696,\"height\":394},{\"@type\":\"WebPage\",\"@id\":\"https:\/\/www.nettali.com\/2022\/06\/15\/mercato-hansi-flick-apprecie-larrivee-de-sadio-mane-au-bayern\/#webpage\",\"url\":\"https:\/\/www.nettali.com\/2022\/06\/15\/mercato-hansi-flick-apprecie-larrivee-de-sadio-mane-au-bayern\/\",\"name\":\"MERCATO - Hansi Flick appr\\u00e9cie l'arriv\\u00e9e de Sadio Man\\u00e9 au Bayern | Nettali.com\",\"isPartOf\":{\"@id\":\"https:\/\/www.nettali.com\/#website\"},\"primaryImageOfPage\":{\"@id\":\"https:\/\/www.nettali.com\/2022\/06\/15\/mercato-hansi-flick-apprecie-larrivee-de-sadio-mane-au-bayern\/#primaryimage\"},\"datePublished\":\"2022-06-15T19:06:37+00:00\",\"dateModified\":\"2022-06-15T19:06:37+00:00\",\"author\":{\"@id\":\"https:\/\/www.nettali.com\/#\/schema\/person\/bb147657c2986240405a608162b9bb23\"},\"breadcrumb\":{\"@id\":\"https:\/\/www.nettali.com\/2022\/06\/15\/mercato-hansi-flick-apprecie-larrivee-de-sadio-mane-au-bayern\/#breadcrumb\"},\"inLanguage\":\"fr-FR\",\"potentialAction\":[{\"@type\":\"ReadAction\",\"target\":[\"https:\/\/www.nettali.com\/2022\/06\/15\/mercato-hansi-flick-apprecie-larrivee-de-sadio-mane-au-bayern\/\"]}]},{\"@type\":\"BreadcrumbList\",\"@id\":\"https:\/\/www.nettali.com\/2022\/06\/15\/mercato-hansi-flick-apprecie-larrivee-de-sadio-mane-au-bayern\/#breadcrumb\",\"itemListElement\":[{\"@type\":\"ListItem\",\"position\":1,\"name\":\"Accueil\",\"item\":\"https:\/\/www.nettali.com\/\"},{\"@type\":\"ListItem\",\"position\":2,\"name\":\"MERCATO - Hansi Flick appr\\u00e9cie l'arriv\\u00e9e de Sadio Man\\u00e9 au Bayern\"}]},{\"@type\":\"Person\",\"@id\":\"https:\/\/www.nettali.com\/#\/schema\/person\/bb147657c2986240405a608162b9bb23\",\"name\":\"Ibrahima\",\"image\":{\"@type\":\"ImageObject\",\"@id\":\"https:\/\/www.nettali.com\/#personlogo\",\"inLanguage\":\"fr-FR\",\"url\":\"https:\/\/secure.gravatar.com\/avatar\/26a8a81f09f0dd7624c9d5c36c9ba3a2?s=96&d=mm&r=g\",\"contentUrl\":\"https:\/\/secure.gravatar.com\/avatar\/26a8a81f09f0dd7624c9d5c36c9ba3a2?s=96&d=mm&r=g\",\"caption\":\"Ibrahima\"},\"sameAs\":[\"https:\/\/www.nettali.com\"]}]}<\/script>\n<!-- \/ Yoast SEO Premium plugin. -->","yoast_head_json":{"title":"MERCATO - Hansi Flick appr\u00e9cie l'arriv\u00e9e de Sadio Man\u00e9 au Bayern | Nettali.com","robots":{"index":"index","follow":"follow","max-snippet":"max-snippet:-1","max-image-preview":"max-image-preview:large","max-video-preview":"max-video-preview:-1"},"canonical":"https:\/\/www.nettali.com\/2022\/06\/15\/mercato-hansi-flick-apprecie-larrivee-de-sadio-mane-au-bayern\/","og_locale":"fr_FR","og_type":"article","og_title":"MERCATO - Hansi Flick appr\u00e9cie l'arriv\u00e9e de Sadio Man\u00e9 au Bayern","og_description":"NETTALI.COM - Actuellement en vacances au S\u00e9n\u00e9gal, Sadio Man\u00e9 devrait signer au Bayern Munich sousa peu. Liverpool, en effet, devrait le transf\u00e9rer apr\u00e8s le recrutement de Darwin Nunez. Un choix amplement valid\u00e9 par l'ex coach du club de la Bavi\u00e8re, Hansi Flick. Ancien coach du Bayern et actuel s\u00e9lectionneur de l\u2019Allemagne, Hansi Flick a \u00e9t\u00e9 [&hellip;]","og_url":"https:\/\/www.nettali.com\/2022\/06\/15\/mercato-hansi-flick-apprecie-larrivee-de-sadio-mane-au-bayern\/","og_site_name":"Nettali.com","article_publisher":"https:\/\/www.facebook.com\/nettalicom","article_published_time":"2022-06-15T19:06:37+00:00","og_image":[{"width":696,"height":394,"url":"https:\/\/www.nettali.com\/wp-content\/uploads\/2022\/06\/20220615_121625-696x394-1.jpg","type":"image\/jpeg"}],"twitter_card":"summary_large_image","twitter_misc":{"\u00c9crit par":"Ibrahima","Dur\u00e9e de lecture estim\u00e9e":"1 minute"},"schema":{"@context":"https:\/\/schema.org","@graph":[{"@type":"WebSite","@id":"https:\/\/www.nettali.com\/#website","url":"https:\/\/www.nettali.com\/","name":"Nettali.com","description":"Le rendez-vous critique du Net","potentialAction":[{"@type":"SearchAction","target":{"@type":"EntryPoint","urlTemplate":"https:\/\/www.nettali.com\/?s={search_term_string}"},"query-input":"required name=search_term_string"}],"inLanguage":"fr-FR"},{"@type":"ImageObject","@id":"https:\/\/www.nettali.com\/2022\/06\/15\/mercato-hansi-flick-apprecie-larrivee-de-sadio-mane-au-bayern\/#primaryimage","inLanguage":"fr-FR","url":"https:\/\/www.nettali.com\/wp-content\/uploads\/2022\/06\/20220615_121625-696x394-1.jpg","contentUrl":"https:\/\/www.nettali.com\/wp-content\/uploads\/2022\/06\/20220615_121625-696x394-1.jpg","width":696,"height":394},{"@type":"WebPage","@id":"https:\/\/www.nettali.com\/2022\/06\/15\/mercato-hansi-flick-apprecie-larrivee-de-sadio-mane-au-bayern\/#webpage","url":"https:\/\/www.nettali.com\/2022\/06\/15\/mercato-hansi-flick-apprecie-larrivee-de-sadio-mane-au-bayern\/","name":"MERCATO - Hansi Flick appr\u00e9cie l'arriv\u00e9e de Sadio Man\u00e9 au Bayern | Nettali.com","isPartOf":{"@id":"https:\/\/www.nettali.com\/#website"},"primaryImageOfPage":{"@id":"https:\/\/www.nettali.com\/2022\/06\/15\/mercato-hansi-flick-apprecie-larrivee-de-sadio-mane-au-bayern\/#primaryimage"},"datePublished":"2022-06-15T19:06:37+00:00","dateModified":"2022-06-15T19:06:37+00:00","author":{"@id":"https:\/\/www.nettali.com\/#\/schema\/person\/bb147657c2986240405a608162b9bb23"},"breadcrumb":{"@id":"https:\/\/www.nettali.com\/2022\/06\/15\/mercato-hansi-flick-apprecie-larrivee-de-sadio-mane-au-bayern\/#breadcrumb"},"inLanguage":"fr-FR","potentialAction":[{"@type":"ReadAction","target":["https:\/\/www.nettali.com\/2022\/06\/15\/mercato-hansi-flick-apprecie-larrivee-de-sadio-mane-au-bayern\/"]}]},{"@type":"BreadcrumbList","@id":"https:\/\/www.nettali.com\/2022\/06\/15\/mercato-hansi-flick-apprecie-larrivee-de-sadio-mane-au-bayern\/#breadcrumb","itemListElement":[{"@type":"ListItem","position":1,"name":"Accueil","item":"https:\/\/www.nettali.com\/"},{"@type":"ListItem","position":2,"name":"MERCATO - Hansi Flick appr\u00e9cie l'arriv\u00e9e de Sadio Man\u00e9 au Bayern"}]},{"@type":"Person","@id":"https:\/\/www.nettali.com\/#\/schema\/person\/bb147657c2986240405a608162b9bb23","name":"Ibrahima","image":{"@type":"ImageObject","@id":"https:\/\/www.nettali.com\/#personlogo","inLanguage":"fr-FR","url":"https:\/\/secure.gravatar.com\/avatar\/26a8a81f09f0dd7624c9d5c36c9ba3a2?s=96&d=mm&r=g","contentUrl":"https:\/\/secure.gravatar.com\/avatar\/26a8a81f09f0dd7624c9d5c36c9ba3a2?s=96&d=mm&r=g","caption":"Ibrahima"},"sameAs":["https:\/\/www.nettali.com"]}]}},"_links":{"self":[{"href":"https:\/\/www.nettali.com\/rest\/wp\/v2\/posts\/88178"}],"collection":[{"href":"https:\/\/www.nettali.com\/rest\/wp\/v2\/posts"}],"about":[{"href":"https:\/\/www.nettali.com\/rest\/wp\/v2\/types\/post"}],"author":[{"embeddable":true,"href":"https:\/\/www.nettali.com\/rest\/wp\/v2\/users\/5"}],"replies":[{"embeddable":true,"href":"https:\/\/www.nettali.com\/rest\/wp\/v2\/comments?post=88178"}],"version-history":[{"count":1,"href":"https:\/\/www.nettali.com\/rest\/wp\/v2\/posts\/88178\/revisions"}],"predecessor-version":[{"id":88180,"href":"https:\/\/www.nettali.com\/rest\/wp\/v2\/posts\/88178\/revisions\/88180"}],"wp:featuredmedia":[{"embeddable":true,"href":"https:\/\/www.nettali.com\/rest\/wp\/v2\/media\/88179"}],"wp:attachment":[{"href":"https:\/\/www.nettali.com\/rest\/wp\/v2\/media?parent=88178"}],"wp:term":[{"taxonomy":"category","embeddable":true,"href":"https:\/\/www.nettali.com\/rest\/wp\/v2\/categories?post=88178"},{"taxonomy":"post_tag","embeddable":true,"href":"https:\/\/www.nettali.com\/rest\/wp\/v2\/tags?post=88178"}],"curies":[{"name":"wp","href":"https:\/\/api.w.org\/{rel}","templated":true}]}}