{"id":88089,"date":"2022-06-14T11:25:13","date_gmt":"2022-06-14T11:25:13","guid":{"rendered":"https:\/\/www.nettali.com\/?p=88089"},"modified":"2022-06-14T12:38:11","modified_gmt":"2022-06-14T12:38:11","slug":"violence-et-voies-de-faits-mise-en-danger-de-la-vie-dautrui-quatre-invalides-militaires-condamnes-2","status":"publish","type":"post","link":"https:\/\/www.nettali.com\/2022\/06\/14\/violence-et-voies-de-faits-mise-en-danger-de-la-vie-dautrui-quatre-invalides-militaires-condamnes-2\/","title":{"rendered":"VIOLENCE ET VOIES DE FAITS, MISE EN DANGER DE LA VIE D\u2019AUTRUI - Quatre invalides militaires condamn\u00e9s"},"content":{"rendered":"<p><strong>NETTALI.COM - Quatre militaires invalides, attraits \u00e0 la barre du tribunal des flagrants d\u00e9lits de Dakar, ont \u00e9t\u00e9 condamn\u00e9s \u00e0 un mois avec sursis pour violence et voies de faits et mise en danger de la vie d\u2019autrui.<\/strong><\/p>\n<p>Doudou Sy, Ousseynou Fall, El Hadji Mamadou Nago Gueye et Abdou Achim Diouf ont comparu \u00e0 la barre du tribunal des flagrants d\u00e9lits de Dakar pour participation \u00e0 une manifestation illicite, violence et voies de faits et mise en danger de la vie d\u2019autrui. Ces derniers \u00e9taient dans la rue le 8 juin dernier pour demander l\u2019augmentation de leur pension. Leur manifestation, non autoris\u00e9e a d\u00e9g\u00e9n\u00e9r\u00e9 d\u2019autant plus qu\u2019il y a eu des affrontements entre eux et les forces de l\u2019ordre.<\/p>\n<p>Reconnus coupables des deux derniers chefs d\u2019inculpation, ils ont \u00e9t\u00e9 tous condamn\u00e9s \u00e0 un mois assorti de sursis. Auparavant, les pr\u00e9venus sont revenus sur les faits qu\u2019ils ont essay\u00e9 de nier. Premier \u00e0 \u00eatre entendu, Doudou Sy dit qu'il est un simple membre du bureau et qu'il ignorait que les manifestants n\u2019avaient pas une autorisation.<\/p>\n<p><em>\u00ab On avait jet\u00e9 les pneus en feu vers les policiers pour les disperser pour que nous puissions sortir et manifester. On a interpell\u00e9 nos camarades avant m\u00eame qu'on ne commence notre point de presse<\/em> \u00bb, explique-t-il. Pour sa part, Ousseynou Fall condamne les faits en soutenant que le commandant lui a donn\u00e9 un coup sur le menton. Il a vacill\u00e9 avant de riposter. <em>\u00ab Je reconnais l'avoir frapp\u00e9<\/em> \u00bb, reconnait-il apr\u00e8s qu\u2019il a \u00e9t\u00e9 press\u00e9 de questions.<\/p>\n<p>El Hadji Mamadou Nago a soutenu qu'ils ont manifest\u00e9 sans autorisation parce que leur demande est toujours rejet\u00e9e. <em>\u00ab J'avoue que c'est le commandant qui a en premier inflig\u00e9 un coup de poing \u00e0 Ousseynou Fall avant que celui-ci ne r\u00e9plique en lui assenant un aussi. Apr\u00e8s que le pneu a pris feu, je l'ai lanc\u00e9 dans l'enceinte de l'office et non en direction des policiers \u00bb<\/em>, dit-il. Abdou Achim Diouf d\u2019ajouter : <em>\u00ab apr\u00e8s notre point de presse, on a manifest\u00e9 dans le si\u00e8ge. On a allum\u00e9 des pneus mais, on n\u2019avait pas vis\u00e9 les policiers. J\u2019ai vu la bouteille que Doudou Sy a lanc\u00e9 mais, ce n'est pas le commandant qui \u00e9tait vis\u00e9 \u00bb<\/em>.<\/p>\n<p>Dans son r\u00e9quisitoire, le parquet a d\u00e9nonc\u00e9 les actes des militaires. Ces derniers, selon le minist\u00e8re public, sont des citoyens avertis. Ils ont \u00e9t\u00e9 sous les couleurs du drapeau. Donc, \u00e0 son avis, c\u2019est inadmissible qu\u2019ils s\u2019adonnent \u00e0 de tels actes. Le parquet a requis 1 an dont 1 mois ferme contre tous. L\u2019avocat de la d\u00e9fense a plaid\u00e9 l\u2019application bienveillante de la loi.<\/p>\n<div class='share-to-whatsapp-wrapper'><div class='share-on-whsp'>PARTAGER SUR : <\/div><a data-text='VIOLENCE ET VOIES DE FAITS, MISE EN DANGER DE LA VIE D\u2019AUTRUI - Quatre invalides militaires condamn\u00e9s' data-link='https:\/\/www.nettali.com\/2022\/06\/14\/violence-et-voies-de-faits-mise-en-danger-de-la-vie-dautrui-quatre-invalides-militaires-condamnes-2\/' class='whatsapp-button whatsapp-share'>WhatsApp<\/a><div class='clear '><\/div><\/div>","protected":false},"excerpt":{"rendered":"<p>NETTALI.COM - Quatre militaires invalides, attraits \u00e0 la barre du tribunal des flagrants d\u00e9lits de Dakar, ont \u00e9t\u00e9 condamn\u00e9s \u00e0 un mois avec sursis pour violence et voies de faits et mise en danger de la vie d\u2019autrui. Doudou Sy, Ousseynou Fall, El Hadji Mamadou Nago Gueye et Abdou Achim Diouf ont comparu \u00e0 la [&hellip;]<\/p>\n","protected":false},"author":4,"featured_media":62832,"comment_status":"open","ping_status":"open","sticky":false,"template":"","format":"standard","meta":{"_et_pb_use_builder":"","_et_pb_old_content":""},"categories":[3],"tags":[],"yoast_head":"<!-- This site is optimized with the Yoast SEO Premium plugin v17.8 (Yoast SEO v17.8) - https:\/\/yoast.com\/wordpress\/plugins\/seo\/ -->\n<title>VIOLENCE ET VOIES DE FAITS, MISE EN DANGER DE LA VIE D\u2019AUTRUI - Quatre invalides militaires condamn\u00e9s | Nettali.com<\/title>\n<meta name=\"robots\" content=\"index, follow, max-snippet:-1, max-image-preview:large, max-video-preview:-1\" \/>\n<link rel=\"canonical\" href=\"https:\/\/www.nettali.com\/2022\/06\/14\/violence-et-voies-de-faits-mise-en-danger-de-la-vie-dautrui-quatre-invalides-militaires-condamnes-2\/\" \/>\n<meta property=\"og:locale\" content=\"fr_FR\" \/>\n<meta property=\"og:type\" content=\"article\" \/>\n<meta property=\"og:title\" content=\"VIOLENCE ET VOIES DE FAITS, MISE EN DANGER DE LA VIE D\u2019AUTRUI - Quatre invalides militaires condamn\u00e9s\" \/>\n<meta property=\"og:description\" content=\"NETTALI.COM - Quatre militaires invalides, attraits \u00e0 la barre du tribunal des flagrants d\u00e9lits de Dakar, ont \u00e9t\u00e9 condamn\u00e9s \u00e0 un mois avec sursis pour violence et voies de faits et mise en danger de la vie d\u2019autrui. Doudou Sy, Ousseynou Fall, El Hadji Mamadou Nago Gueye et Abdou Achim Diouf ont comparu \u00e0 la [&hellip;]\" \/>\n<meta property=\"og:url\" content=\"https:\/\/www.nettali.com\/2022\/06\/14\/violence-et-voies-de-faits-mise-en-danger-de-la-vie-dautrui-quatre-invalides-militaires-condamnes-2\/\" \/>\n<meta property=\"og:site_name\" content=\"Nettali.com\" \/>\n<meta property=\"article:publisher\" content=\"https:\/\/www.facebook.com\/nettalicom\" \/>\n<meta property=\"article:published_time\" content=\"2022-06-14T11:25:13+00:00\" \/>\n<meta property=\"article:modified_time\" content=\"2022-06-14T12:38:11+00:00\" \/>\n<meta property=\"og:image\" content=\"https:\/\/www.nettali.com\/wp-content\/uploads\/2021\/04\/Tribunal-Cour-d\u2019assises-Palais-de-justice-de-Dakar.jpeg\" \/>\n\t<meta property=\"og:image:width\" content=\"692\" \/>\n\t<meta property=\"og:image:height\" content=\"352\" \/>\n<meta name=\"twitter:card\" content=\"summary_large_image\" \/>\n<meta name=\"twitter:label1\" content=\"\u00c9crit par\" \/>\n\t<meta name=\"twitter:data1\" content=\"Daouda\" \/>\n\t<meta name=\"twitter:label2\" content=\"Dur\u00e9e de lecture estim\u00e9e\" \/>\n\t<meta name=\"twitter:data2\" content=\"3 minutes\" \/>\n<script type=\"application\/ld+json\" class=\"yoast-schema-graph\">{\"@context\":\"https:\/\/schema.org\",\"@graph\":[{\"@type\":\"WebSite\",\"@id\":\"https:\/\/www.nettali.com\/#website\",\"url\":\"https:\/\/www.nettali.com\/\",\"name\":\"Nettali.com\",\"description\":\"Le rendez-vous critique du Net\",\"potentialAction\":[{\"@type\":\"SearchAction\",\"target\":{\"@type\":\"EntryPoint\",\"urlTemplate\":\"https:\/\/www.nettali.com\/?s={search_term_string}\"},\"query-input\":\"required name=search_term_string\"}],\"inLanguage\":\"fr-FR\"},{\"@type\":\"ImageObject\",\"@id\":\"https:\/\/www.nettali.com\/2022\/06\/14\/violence-et-voies-de-faits-mise-en-danger-de-la-vie-dautrui-quatre-invalides-militaires-condamnes-2\/#primaryimage\",\"inLanguage\":\"fr-FR\",\"url\":\"https:\/\/www.nettali.com\/wp-content\/uploads\/2021\/04\/Tribunal-Cour-d\\u2019assises-Palais-de-justice-de-Dakar.jpeg\",\"contentUrl\":\"https:\/\/www.nettali.com\/wp-content\/uploads\/2021\/04\/Tribunal-Cour-d\\u2019assises-Palais-de-justice-de-Dakar.jpeg\",\"width\":692,\"height\":352},{\"@type\":\"WebPage\",\"@id\":\"https:\/\/www.nettali.com\/2022\/06\/14\/violence-et-voies-de-faits-mise-en-danger-de-la-vie-dautrui-quatre-invalides-militaires-condamnes-2\/#webpage\",\"url\":\"https:\/\/www.nettali.com\/2022\/06\/14\/violence-et-voies-de-faits-mise-en-danger-de-la-vie-dautrui-quatre-invalides-militaires-condamnes-2\/\",\"name\":\"VIOLENCE ET VOIES DE FAITS, MISE EN DANGER DE LA VIE D\\u2019AUTRUI - Quatre invalides militaires condamn\\u00e9s | Nettali.com\",\"isPartOf\":{\"@id\":\"https:\/\/www.nettali.com\/#website\"},\"primaryImageOfPage\":{\"@id\":\"https:\/\/www.nettali.com\/2022\/06\/14\/violence-et-voies-de-faits-mise-en-danger-de-la-vie-dautrui-quatre-invalides-militaires-condamnes-2\/#primaryimage\"},\"datePublished\":\"2022-06-14T11:25:13+00:00\",\"dateModified\":\"2022-06-14T12:38:11+00:00\",\"author\":{\"@id\":\"https:\/\/www.nettali.com\/#\/schema\/person\/3317e0bb3aa1da309fbf7b2780901bf4\"},\"breadcrumb\":{\"@id\":\"https:\/\/www.nettali.com\/2022\/06\/14\/violence-et-voies-de-faits-mise-en-danger-de-la-vie-dautrui-quatre-invalides-militaires-condamnes-2\/#breadcrumb\"},\"inLanguage\":\"fr-FR\",\"potentialAction\":[{\"@type\":\"ReadAction\",\"target\":[\"https:\/\/www.nettali.com\/2022\/06\/14\/violence-et-voies-de-faits-mise-en-danger-de-la-vie-dautrui-quatre-invalides-militaires-condamnes-2\/\"]}]},{\"@type\":\"BreadcrumbList\",\"@id\":\"https:\/\/www.nettali.com\/2022\/06\/14\/violence-et-voies-de-faits-mise-en-danger-de-la-vie-dautrui-quatre-invalides-militaires-condamnes-2\/#breadcrumb\",\"itemListElement\":[{\"@type\":\"ListItem\",\"position\":1,\"name\":\"Accueil\",\"item\":\"https:\/\/www.nettali.com\/\"},{\"@type\":\"ListItem\",\"position\":2,\"name\":\"VIOLENCE ET VOIES DE FAITS, MISE EN DANGER DE LA VIE D\\u2019AUTRUI - Quatre invalides militaires condamn\\u00e9s\"}]},{\"@type\":\"Person\",\"@id\":\"https:\/\/www.nettali.com\/#\/schema\/person\/3317e0bb3aa1da309fbf7b2780901bf4\",\"name\":\"Daouda\",\"image\":{\"@type\":\"ImageObject\",\"@id\":\"https:\/\/www.nettali.com\/#personlogo\",\"inLanguage\":\"fr-FR\",\"url\":\"https:\/\/secure.gravatar.com\/avatar\/8d143b5a49345098ddcfee1c49c2f47c?s=96&d=mm&r=g\",\"contentUrl\":\"https:\/\/secure.gravatar.com\/avatar\/8d143b5a49345098ddcfee1c49c2f47c?s=96&d=mm&r=g\",\"caption\":\"Daouda\"},\"sameAs\":[\"https:\/\/www.nettali.com\"]}]}<\/script>\n<!-- \/ Yoast SEO Premium plugin. -->","yoast_head_json":{"title":"VIOLENCE ET VOIES DE FAITS, MISE EN DANGER DE LA VIE D\u2019AUTRUI - Quatre invalides militaires condamn\u00e9s | Nettali.com","robots":{"index":"index","follow":"follow","max-snippet":"max-snippet:-1","max-image-preview":"max-image-preview:large","max-video-preview":"max-video-preview:-1"},"canonical":"https:\/\/www.nettali.com\/2022\/06\/14\/violence-et-voies-de-faits-mise-en-danger-de-la-vie-dautrui-quatre-invalides-militaires-condamnes-2\/","og_locale":"fr_FR","og_type":"article","og_title":"VIOLENCE ET VOIES DE FAITS, MISE EN DANGER DE LA VIE D\u2019AUTRUI - Quatre invalides militaires condamn\u00e9s","og_description":"NETTALI.COM - Quatre militaires invalides, attraits \u00e0 la barre du tribunal des flagrants d\u00e9lits de Dakar, ont \u00e9t\u00e9 condamn\u00e9s \u00e0 un mois avec sursis pour violence et voies de faits et mise en danger de la vie d\u2019autrui. Doudou Sy, Ousseynou Fall, El Hadji Mamadou Nago Gueye et Abdou Achim Diouf ont comparu \u00e0 la [&hellip;]","og_url":"https:\/\/www.nettali.com\/2022\/06\/14\/violence-et-voies-de-faits-mise-en-danger-de-la-vie-dautrui-quatre-invalides-militaires-condamnes-2\/","og_site_name":"Nettali.com","article_publisher":"https:\/\/www.facebook.com\/nettalicom","article_published_time":"2022-06-14T11:25:13+00:00","article_modified_time":"2022-06-14T12:38:11+00:00","og_image":[{"width":692,"height":352,"url":"https:\/\/www.nettali.com\/wp-content\/uploads\/2021\/04\/Tribunal-Cour-d\u2019assises-Palais-de-justice-de-Dakar.jpeg","type":"image\/jpeg"}],"twitter_card":"summary_large_image","twitter_misc":{"\u00c9crit par":"Daouda","Dur\u00e9e de lecture estim\u00e9e":"3 minutes"},"schema":{"@context":"https:\/\/schema.org","@graph":[{"@type":"WebSite","@id":"https:\/\/www.nettali.com\/#website","url":"https:\/\/www.nettali.com\/","name":"Nettali.com","description":"Le rendez-vous critique du Net","potentialAction":[{"@type":"SearchAction","target":{"@type":"EntryPoint","urlTemplate":"https:\/\/www.nettali.com\/?s={search_term_string}"},"query-input":"required name=search_term_string"}],"inLanguage":"fr-FR"},{"@type":"ImageObject","@id":"https:\/\/www.nettali.com\/2022\/06\/14\/violence-et-voies-de-faits-mise-en-danger-de-la-vie-dautrui-quatre-invalides-militaires-condamnes-2\/#primaryimage","inLanguage":"fr-FR","url":"https:\/\/www.nettali.com\/wp-content\/uploads\/2021\/04\/Tribunal-Cour-d\u2019assises-Palais-de-justice-de-Dakar.jpeg","contentUrl":"https:\/\/www.nettali.com\/wp-content\/uploads\/2021\/04\/Tribunal-Cour-d\u2019assises-Palais-de-justice-de-Dakar.jpeg","width":692,"height":352},{"@type":"WebPage","@id":"https:\/\/www.nettali.com\/2022\/06\/14\/violence-et-voies-de-faits-mise-en-danger-de-la-vie-dautrui-quatre-invalides-militaires-condamnes-2\/#webpage","url":"https:\/\/www.nettali.com\/2022\/06\/14\/violence-et-voies-de-faits-mise-en-danger-de-la-vie-dautrui-quatre-invalides-militaires-condamnes-2\/","name":"VIOLENCE ET VOIES DE FAITS, MISE EN DANGER DE LA VIE D\u2019AUTRUI - Quatre invalides militaires condamn\u00e9s | Nettali.com","isPartOf":{"@id":"https:\/\/www.nettali.com\/#website"},"primaryImageOfPage":{"@id":"https:\/\/www.nettali.com\/2022\/06\/14\/violence-et-voies-de-faits-mise-en-danger-de-la-vie-dautrui-quatre-invalides-militaires-condamnes-2\/#primaryimage"},"datePublished":"2022-06-14T11:25:13+00:00","dateModified":"2022-06-14T12:38:11+00:00","author":{"@id":"https:\/\/www.nettali.com\/#\/schema\/person\/3317e0bb3aa1da309fbf7b2780901bf4"},"breadcrumb":{"@id":"https:\/\/www.nettali.com\/2022\/06\/14\/violence-et-voies-de-faits-mise-en-danger-de-la-vie-dautrui-quatre-invalides-militaires-condamnes-2\/#breadcrumb"},"inLanguage":"fr-FR","potentialAction":[{"@type":"ReadAction","target":["https:\/\/www.nettali.com\/2022\/06\/14\/violence-et-voies-de-faits-mise-en-danger-de-la-vie-dautrui-quatre-invalides-militaires-condamnes-2\/"]}]},{"@type":"BreadcrumbList","@id":"https:\/\/www.nettali.com\/2022\/06\/14\/violence-et-voies-de-faits-mise-en-danger-de-la-vie-dautrui-quatre-invalides-militaires-condamnes-2\/#breadcrumb","itemListElement":[{"@type":"ListItem","position":1,"name":"Accueil","item":"https:\/\/www.nettali.com\/"},{"@type":"ListItem","position":2,"name":"VIOLENCE ET VOIES DE FAITS, MISE EN DANGER DE LA VIE D\u2019AUTRUI - Quatre invalides militaires condamn\u00e9s"}]},{"@type":"Person","@id":"https:\/\/www.nettali.com\/#\/schema\/person\/3317e0bb3aa1da309fbf7b2780901bf4","name":"Daouda","image":{"@type":"ImageObject","@id":"https:\/\/www.nettali.com\/#personlogo","inLanguage":"fr-FR","url":"https:\/\/secure.gravatar.com\/avatar\/8d143b5a49345098ddcfee1c49c2f47c?s=96&d=mm&r=g","contentUrl":"https:\/\/secure.gravatar.com\/avatar\/8d143b5a49345098ddcfee1c49c2f47c?s=96&d=mm&r=g","caption":"Daouda"},"sameAs":["https:\/\/www.nettali.com"]}]}},"_links":{"self":[{"href":"https:\/\/www.nettali.com\/rest\/wp\/v2\/posts\/88089"}],"collection":[{"href":"https:\/\/www.nettali.com\/rest\/wp\/v2\/posts"}],"about":[{"href":"https:\/\/www.nettali.com\/rest\/wp\/v2\/types\/post"}],"author":[{"embeddable":true,"href":"https:\/\/www.nettali.com\/rest\/wp\/v2\/users\/4"}],"replies":[{"embeddable":true,"href":"https:\/\/www.nettali.com\/rest\/wp\/v2\/comments?post=88089"}],"version-history":[{"count":1,"href":"https:\/\/www.nettali.com\/rest\/wp\/v2\/posts\/88089\/revisions"}],"predecessor-version":[{"id":88090,"href":"https:\/\/www.nettali.com\/rest\/wp\/v2\/posts\/88089\/revisions\/88090"}],"wp:featuredmedia":[{"embeddable":true,"href":"https:\/\/www.nettali.com\/rest\/wp\/v2\/media\/62832"}],"wp:attachment":[{"href":"https:\/\/www.nettali.com\/rest\/wp\/v2\/media?parent=88089"}],"wp:term":[{"taxonomy":"category","embeddable":true,"href":"https:\/\/www.nettali.com\/rest\/wp\/v2\/categories?post=88089"},{"taxonomy":"post_tag","embeddable":true,"href":"https:\/\/www.nettali.com\/rest\/wp\/v2\/tags?post=88089"}],"curies":[{"name":"wp","href":"https:\/\/api.w.org\/{rel}","templated":true}]}}