{"id":88028,"date":"2022-06-13T02:22:40","date_gmt":"2022-06-13T02:22:40","guid":{"rendered":"https:\/\/www.nettali.com\/?p=88028"},"modified":"2022-06-13T02:22:40","modified_gmt":"2022-06-13T02:22:40","slug":"benno-book-yaakar-annule-son-rassemblement","status":"publish","type":"post","link":"https:\/\/www.nettali.com\/2022\/06\/13\/benno-book-yaakar-annule-son-rassemblement\/","title":{"rendered":"Benno Book Yaakar annule son rassemblement"},"content":{"rendered":"<p><strong>NETTALI.COM -<\/strong> Dans une note parvenue \u00e0 Nettali.com, la Coalition Benno Bokk Yaakaar informe ses militant(e)s et sympathisant(e)s que le rassemblement pr\u00e9vu ce Mercredi 15 juin 2022 est annul\u00e9, en conformit\u00e9 avec la loi \u00e9lectorale qui interdit toute activit\u00e9 de propagande 30 jours avant le d\u00e9marrage de la campagne \u00e9lectorale.<\/p>\n<p>\u201c<em>Cette d\u00e9cision conforte l\u2019\u00e9tat d\u2019esprit r\u00e9publicain qui anime la coalition Benno Bokk Yaakaar. Nous appelons nos militant(e)s et sympathisant( e)s \u00e0 rester mobilis\u00e9s et pr\u00e9sents sur le terrain pour assurer la victoire au soir du 31 juillet 2022<\/em>\u2019\u2019, renseigne la note de la cellule communication.<\/p>\n<div class='share-to-whatsapp-wrapper'><div class='share-on-whsp'>PARTAGER SUR : <\/div><a data-text='Benno Book Yaakar annule son rassemblement' data-link='https:\/\/www.nettali.com\/2022\/06\/13\/benno-book-yaakar-annule-son-rassemblement\/' class='whatsapp-button whatsapp-share'>WhatsApp<\/a><div class='clear '><\/div><\/div>","protected":false},"excerpt":{"rendered":"<p>NETTALI.COM - Dans une note parvenue \u00e0 Nettali.com, la Coalition Benno Bokk Yaakaar informe ses militant(e)s et sympathisant(e)s que le rassemblement pr\u00e9vu ce Mercredi 15 juin 2022 est annul\u00e9, en conformit\u00e9 avec la loi \u00e9lectorale qui interdit toute activit\u00e9 de propagande 30 jours avant le d\u00e9marrage de la campagne \u00e9lectorale. \u201cCette d\u00e9cision conforte l\u2019\u00e9tat d\u2019esprit [&hellip;]<\/p>\n","protected":false},"author":2,"featured_media":88030,"comment_status":"open","ping_status":"open","sticky":false,"template":"","format":"standard","meta":{"_et_pb_use_builder":"","_et_pb_old_content":""},"categories":[2],"tags":[],"yoast_head":"<!-- This site is optimized with the Yoast SEO Premium plugin v17.8 (Yoast SEO v17.8) - https:\/\/yoast.com\/wordpress\/plugins\/seo\/ -->\n<title>Benno Book Yaakar annule son rassemblement | Nettali.com<\/title>\n<meta name=\"robots\" content=\"index, follow, max-snippet:-1, max-image-preview:large, max-video-preview:-1\" \/>\n<link rel=\"canonical\" href=\"https:\/\/www.nettali.com\/2022\/06\/13\/benno-book-yaakar-annule-son-rassemblement\/\" \/>\n<meta property=\"og:locale\" content=\"fr_FR\" \/>\n<meta property=\"og:type\" content=\"article\" \/>\n<meta property=\"og:title\" content=\"Benno Book Yaakar annule son rassemblement\" \/>\n<meta property=\"og:description\" content=\"NETTALI.COM - Dans une note parvenue \u00e0 Nettali.com, la Coalition Benno Bokk Yaakaar informe ses militant(e)s et sympathisant(e)s que le rassemblement pr\u00e9vu ce Mercredi 15 juin 2022 est annul\u00e9, en conformit\u00e9 avec la loi \u00e9lectorale qui interdit toute activit\u00e9 de propagande 30 jours avant le d\u00e9marrage de la campagne \u00e9lectorale. \u201cCette d\u00e9cision conforte l\u2019\u00e9tat d\u2019esprit [&hellip;]\" \/>\n<meta property=\"og:url\" content=\"https:\/\/www.nettali.com\/2022\/06\/13\/benno-book-yaakar-annule-son-rassemblement\/\" \/>\n<meta property=\"og:site_name\" content=\"Nettali.com\" \/>\n<meta property=\"article:publisher\" content=\"https:\/\/www.facebook.com\/nettalicom\" \/>\n<meta property=\"article:published_time\" content=\"2022-06-13T02:22:40+00:00\" \/>\n<meta property=\"og:image\" content=\"https:\/\/www.nettali.com\/wp-content\/uploads\/2022\/06\/bby_serneplus_copyright_0.jpg\" \/>\n\t<meta property=\"og:image:width\" content=\"800\" \/>\n\t<meta property=\"og:image:height\" content=\"490\" \/>\n<meta name=\"twitter:card\" content=\"summary_large_image\" \/>\n<meta name=\"twitter:label1\" content=\"\u00c9crit par\" \/>\n\t<meta name=\"twitter:data1\" content=\"CK\" \/>\n\t<meta name=\"twitter:label2\" content=\"Dur\u00e9e de lecture estim\u00e9e\" \/>\n\t<meta name=\"twitter:data2\" content=\"1 minute\" \/>\n<script type=\"application\/ld+json\" class=\"yoast-schema-graph\">{\"@context\":\"https:\/\/schema.org\",\"@graph\":[{\"@type\":\"WebSite\",\"@id\":\"https:\/\/www.nettali.com\/#website\",\"url\":\"https:\/\/www.nettali.com\/\",\"name\":\"Nettali.com\",\"description\":\"Le rendez-vous critique du Net\",\"potentialAction\":[{\"@type\":\"SearchAction\",\"target\":{\"@type\":\"EntryPoint\",\"urlTemplate\":\"https:\/\/www.nettali.com\/?s={search_term_string}\"},\"query-input\":\"required name=search_term_string\"}],\"inLanguage\":\"fr-FR\"},{\"@type\":\"ImageObject\",\"@id\":\"https:\/\/www.nettali.com\/2022\/06\/13\/benno-book-yaakar-annule-son-rassemblement\/#primaryimage\",\"inLanguage\":\"fr-FR\",\"url\":\"https:\/\/www.nettali.com\/wp-content\/uploads\/2022\/06\/bby_serneplus_copyright_0.jpg\",\"contentUrl\":\"https:\/\/www.nettali.com\/wp-content\/uploads\/2022\/06\/bby_serneplus_copyright_0.jpg\",\"width\":800,\"height\":490},{\"@type\":\"WebPage\",\"@id\":\"https:\/\/www.nettali.com\/2022\/06\/13\/benno-book-yaakar-annule-son-rassemblement\/#webpage\",\"url\":\"https:\/\/www.nettali.com\/2022\/06\/13\/benno-book-yaakar-annule-son-rassemblement\/\",\"name\":\"Benno Book Yaakar annule son rassemblement | Nettali.com\",\"isPartOf\":{\"@id\":\"https:\/\/www.nettali.com\/#website\"},\"primaryImageOfPage\":{\"@id\":\"https:\/\/www.nettali.com\/2022\/06\/13\/benno-book-yaakar-annule-son-rassemblement\/#primaryimage\"},\"datePublished\":\"2022-06-13T02:22:40+00:00\",\"dateModified\":\"2022-06-13T02:22:40+00:00\",\"author\":{\"@id\":\"https:\/\/www.nettali.com\/#\/schema\/person\/d8ac7b7e27ddad43f1c0d2ef090d7f71\"},\"breadcrumb\":{\"@id\":\"https:\/\/www.nettali.com\/2022\/06\/13\/benno-book-yaakar-annule-son-rassemblement\/#breadcrumb\"},\"inLanguage\":\"fr-FR\",\"potentialAction\":[{\"@type\":\"ReadAction\",\"target\":[\"https:\/\/www.nettali.com\/2022\/06\/13\/benno-book-yaakar-annule-son-rassemblement\/\"]}]},{\"@type\":\"BreadcrumbList\",\"@id\":\"https:\/\/www.nettali.com\/2022\/06\/13\/benno-book-yaakar-annule-son-rassemblement\/#breadcrumb\",\"itemListElement\":[{\"@type\":\"ListItem\",\"position\":1,\"name\":\"Accueil\",\"item\":\"https:\/\/www.nettali.com\/\"},{\"@type\":\"ListItem\",\"position\":2,\"name\":\"Benno Book Yaakar annule son rassemblement\"}]},{\"@type\":\"Person\",\"@id\":\"https:\/\/www.nettali.com\/#\/schema\/person\/d8ac7b7e27ddad43f1c0d2ef090d7f71\",\"name\":\"CK\",\"image\":{\"@type\":\"ImageObject\",\"@id\":\"https:\/\/www.nettali.com\/#personlogo\",\"inLanguage\":\"fr-FR\",\"url\":\"https:\/\/secure.gravatar.com\/avatar\/1d8d5118b9327d94da7cd4ce7f17fec2?s=96&d=mm&r=g\",\"contentUrl\":\"https:\/\/secure.gravatar.com\/avatar\/1d8d5118b9327d94da7cd4ce7f17fec2?s=96&d=mm&r=g\",\"caption\":\"CK\"},\"sameAs\":[\"https:\/\/www.nettali.com\"]}]}<\/script>\n<!-- \/ Yoast SEO Premium plugin. -->","yoast_head_json":{"title":"Benno Book Yaakar annule son rassemblement | Nettali.com","robots":{"index":"index","follow":"follow","max-snippet":"max-snippet:-1","max-image-preview":"max-image-preview:large","max-video-preview":"max-video-preview:-1"},"canonical":"https:\/\/www.nettali.com\/2022\/06\/13\/benno-book-yaakar-annule-son-rassemblement\/","og_locale":"fr_FR","og_type":"article","og_title":"Benno Book Yaakar annule son rassemblement","og_description":"NETTALI.COM - Dans une note parvenue \u00e0 Nettali.com, la Coalition Benno Bokk Yaakaar informe ses militant(e)s et sympathisant(e)s que le rassemblement pr\u00e9vu ce Mercredi 15 juin 2022 est annul\u00e9, en conformit\u00e9 avec la loi \u00e9lectorale qui interdit toute activit\u00e9 de propagande 30 jours avant le d\u00e9marrage de la campagne \u00e9lectorale. \u201cCette d\u00e9cision conforte l\u2019\u00e9tat d\u2019esprit [&hellip;]","og_url":"https:\/\/www.nettali.com\/2022\/06\/13\/benno-book-yaakar-annule-son-rassemblement\/","og_site_name":"Nettali.com","article_publisher":"https:\/\/www.facebook.com\/nettalicom","article_published_time":"2022-06-13T02:22:40+00:00","og_image":[{"width":800,"height":490,"url":"https:\/\/www.nettali.com\/wp-content\/uploads\/2022\/06\/bby_serneplus_copyright_0.jpg","type":"image\/jpeg"}],"twitter_card":"summary_large_image","twitter_misc":{"\u00c9crit par":"CK","Dur\u00e9e de lecture estim\u00e9e":"1 minute"},"schema":{"@context":"https:\/\/schema.org","@graph":[{"@type":"WebSite","@id":"https:\/\/www.nettali.com\/#website","url":"https:\/\/www.nettali.com\/","name":"Nettali.com","description":"Le rendez-vous critique du Net","potentialAction":[{"@type":"SearchAction","target":{"@type":"EntryPoint","urlTemplate":"https:\/\/www.nettali.com\/?s={search_term_string}"},"query-input":"required name=search_term_string"}],"inLanguage":"fr-FR"},{"@type":"ImageObject","@id":"https:\/\/www.nettali.com\/2022\/06\/13\/benno-book-yaakar-annule-son-rassemblement\/#primaryimage","inLanguage":"fr-FR","url":"https:\/\/www.nettali.com\/wp-content\/uploads\/2022\/06\/bby_serneplus_copyright_0.jpg","contentUrl":"https:\/\/www.nettali.com\/wp-content\/uploads\/2022\/06\/bby_serneplus_copyright_0.jpg","width":800,"height":490},{"@type":"WebPage","@id":"https:\/\/www.nettali.com\/2022\/06\/13\/benno-book-yaakar-annule-son-rassemblement\/#webpage","url":"https:\/\/www.nettali.com\/2022\/06\/13\/benno-book-yaakar-annule-son-rassemblement\/","name":"Benno Book Yaakar annule son rassemblement | Nettali.com","isPartOf":{"@id":"https:\/\/www.nettali.com\/#website"},"primaryImageOfPage":{"@id":"https:\/\/www.nettali.com\/2022\/06\/13\/benno-book-yaakar-annule-son-rassemblement\/#primaryimage"},"datePublished":"2022-06-13T02:22:40+00:00","dateModified":"2022-06-13T02:22:40+00:00","author":{"@id":"https:\/\/www.nettali.com\/#\/schema\/person\/d8ac7b7e27ddad43f1c0d2ef090d7f71"},"breadcrumb":{"@id":"https:\/\/www.nettali.com\/2022\/06\/13\/benno-book-yaakar-annule-son-rassemblement\/#breadcrumb"},"inLanguage":"fr-FR","potentialAction":[{"@type":"ReadAction","target":["https:\/\/www.nettali.com\/2022\/06\/13\/benno-book-yaakar-annule-son-rassemblement\/"]}]},{"@type":"BreadcrumbList","@id":"https:\/\/www.nettali.com\/2022\/06\/13\/benno-book-yaakar-annule-son-rassemblement\/#breadcrumb","itemListElement":[{"@type":"ListItem","position":1,"name":"Accueil","item":"https:\/\/www.nettali.com\/"},{"@type":"ListItem","position":2,"name":"Benno Book Yaakar annule son rassemblement"}]},{"@type":"Person","@id":"https:\/\/www.nettali.com\/#\/schema\/person\/d8ac7b7e27ddad43f1c0d2ef090d7f71","name":"CK","image":{"@type":"ImageObject","@id":"https:\/\/www.nettali.com\/#personlogo","inLanguage":"fr-FR","url":"https:\/\/secure.gravatar.com\/avatar\/1d8d5118b9327d94da7cd4ce7f17fec2?s=96&d=mm&r=g","contentUrl":"https:\/\/secure.gravatar.com\/avatar\/1d8d5118b9327d94da7cd4ce7f17fec2?s=96&d=mm&r=g","caption":"CK"},"sameAs":["https:\/\/www.nettali.com"]}]}},"_links":{"self":[{"href":"https:\/\/www.nettali.com\/rest\/wp\/v2\/posts\/88028"}],"collection":[{"href":"https:\/\/www.nettali.com\/rest\/wp\/v2\/posts"}],"about":[{"href":"https:\/\/www.nettali.com\/rest\/wp\/v2\/types\/post"}],"author":[{"embeddable":true,"href":"https:\/\/www.nettali.com\/rest\/wp\/v2\/users\/2"}],"replies":[{"embeddable":true,"href":"https:\/\/www.nettali.com\/rest\/wp\/v2\/comments?post=88028"}],"version-history":[{"count":1,"href":"https:\/\/www.nettali.com\/rest\/wp\/v2\/posts\/88028\/revisions"}],"predecessor-version":[{"id":88029,"href":"https:\/\/www.nettali.com\/rest\/wp\/v2\/posts\/88028\/revisions\/88029"}],"wp:featuredmedia":[{"embeddable":true,"href":"https:\/\/www.nettali.com\/rest\/wp\/v2\/media\/88030"}],"wp:attachment":[{"href":"https:\/\/www.nettali.com\/rest\/wp\/v2\/media?parent=88028"}],"wp:term":[{"taxonomy":"category","embeddable":true,"href":"https:\/\/www.nettali.com\/rest\/wp\/v2\/categories?post=88028"},{"taxonomy":"post_tag","embeddable":true,"href":"https:\/\/www.nettali.com\/rest\/wp\/v2\/tags?post=88028"}],"curies":[{"name":"wp","href":"https:\/\/api.w.org\/{rel}","templated":true}]}}