{"id":87997,"date":"2022-06-12T12:59:42","date_gmt":"2022-06-12T12:59:42","guid":{"rendered":"https:\/\/www.nettali.com\/?p=87997"},"modified":"2022-06-13T02:24:48","modified_gmt":"2022-06-13T02:24:48","slug":"violence-politique-les-verites-de-bineta-diop-envoyee-speciale-du-president-de-la-commission-de-lunion-africaine","status":"publish","type":"post","link":"https:\/\/www.nettali.com\/2022\/06\/12\/violence-politique-les-verites-de-bineta-diop-envoyee-speciale-du-president-de-la-commission-de-lunion-africaine\/","title":{"rendered":"VIOLENCE POLITIQUE - Les v\u00e9rit\u00e9s de l'envoy\u00e9e sp\u00e9ciale du pr\u00e9sident de la Commission de l\u2019Ua"},"content":{"rendered":"<div dir=\"auto\"><strong>NETTALI.COM - Devant le Jury du dimanche, l'envoy\u00e9e sp\u00e9ciale du pr\u00e9sident de la Commission de l\u2019Union africaine pour les Femmes, la Paix et la S\u00e9curit\u00e9, Mme Bineta Diop plaide pour la mise en \u0153uvre des principes fondamentaux de la d\u00e9mocratie pour \u00e9viter les tensions.\u00a0<\/strong><\/div>\n<div dir=\"auto\"><\/div>\n<div dir=\"auto\">Le d\u00e9bat politique national est tr\u00e8s anim\u00e9 ces derniers jours. Mais les mots volent tr\u00e8s bas. Ce sont des insultes entre les acteurs de la mouvance pr\u00e9sidentielle et ceux de l\u2019opposition. Il y a aussi l\u2019Etat, qui a annonc\u00e9 la pr\u00e9sence pr\u00e9sum\u00e9e de rebelles \u00e0 Dakar lors de la derni\u00e8re manifestation de Yewwi Askan. Ce dernier a \u00e9galement fait une sortie pour annonce qu\u2019il a \u00e9t\u00e9 victime d\u2019une tentative pr\u00e9sum\u00e9e d\u2019assassinat.<\/div>\n<div dir=\"auto\"><\/div>\n<div dir=\"auto\">Invit\u00e9e du Jury du dimanche, Mme Bineta Diop, envoy\u00e9e sp\u00e9ciale du pr\u00e9sident de la Commission de l\u2019Union africaine pour les Femmes, la Paix et la S\u00e9curit\u00e9, rel\u00e8ve qu\u2019on est en train de revivre le contexte de 2011. A l\u2019en croire, elle \u00e9tait venue au S\u00e9n\u00e9gal \u00e0 cette p\u00e9riode pour voir ce qui s'y passait. Et les pr\u00e9mices d\u2019un conflit pr\u00e9\u00e9lectoral \u00e9taient l\u00e0. \u00ab<em> Alors que j\u2019\u00e9tais \u00e0 l\u2019ext\u00e9rieur, je me suis dit : mais j\u2019ai pass\u00e9 toute ma vie \u00e0 r\u00e9gler des conflits, \u00e0 faire des m\u00e9diations, \u00e0 soutenir les femmes, et l\u00e0 je dois me mobiliser pour mon pays. C'est ce que j\u2019ai fait en cr\u00e9ant \u2018\u2019 Euttou Jam\u2019\u2019. C\u2019\u00e9tait dans l\u2019objectif de dire que de toute fa\u00e7on, le S\u00e9n\u00e9gal est un et indivisible. Et que l\u2019on devrait tous \u0153uvrer qu\u2019il ait des lendemains meilleurs. Il fallait faire de sorte qu\u2019il y ait la paix par le dialogue<\/em> \u00bb, a-t-elle expliqu\u00e9.<\/div>\n<div dir=\"auto\"><\/div>\n<div dir=\"auto\">D\u2019apr\u00e8s lui, il y aura toujours des conflits et des tensions dans le monde. Mais, il y a, en Afrique, des principes \u00e0 mettre en place. Lesquels sont entre autres : la bonne gouvernance, l\u2019inclusion, la participation, la transparence dans nos ressources, la recevabilit\u00e9, l\u2019Etat de droit. Ce sont, selon elle, des principes fondamentaux qui, en les mettant en \u0153uvre, l'on permet de transcender beaucoup de probl\u00e8mes. \u00ab<em> Ce sont des indicateurs cl\u00e9s. L\u2019absence de la mise en \u0153uvre de ces indicateurs nous am\u00e8ne \u00e0 des situations parfois tr\u00e8s difficiles<\/em> \u00bb, souligne-t-elle.<\/div>\n<div class='share-to-whatsapp-wrapper'><div class='share-on-whsp'>PARTAGER SUR : <\/div><a data-text='VIOLENCE POLITIQUE - Les v\u00e9rit\u00e9s de l'envoy\u00e9e sp\u00e9ciale du pr\u00e9sident de la Commission de l\u2019Ua' data-link='https:\/\/www.nettali.com\/2022\/06\/12\/violence-politique-les-verites-de-bineta-diop-envoyee-speciale-du-president-de-la-commission-de-lunion-africaine\/' class='whatsapp-button whatsapp-share'>WhatsApp<\/a><div class='clear '><\/div><\/div>","protected":false},"excerpt":{"rendered":"<p>NETTALI.COM - Devant le Jury du dimanche, l'envoy\u00e9e sp\u00e9ciale du pr\u00e9sident de la Commission de l\u2019Union africaine pour les Femmes, la Paix et la S\u00e9curit\u00e9, Mme Bineta Diop plaide pour la mise en \u0153uvre des principes fondamentaux de la d\u00e9mocratie pour \u00e9viter les tensions.\u00a0 Le d\u00e9bat politique national est tr\u00e8s anim\u00e9 ces derniers jours. Mais [&hellip;]<\/p>\n","protected":false},"author":11,"featured_media":87998,"comment_status":"open","ping_status":"open","sticky":false,"template":"","format":"standard","meta":{"_et_pb_use_builder":"","_et_pb_old_content":""},"categories":[2],"tags":[],"yoast_head":"<!-- This site is optimized with the Yoast SEO Premium plugin v17.8 (Yoast SEO v17.8) - https:\/\/yoast.com\/wordpress\/plugins\/seo\/ -->\n<title>VIOLENCE POLITIQUE - Les v\u00e9rit\u00e9s de l&#039;envoy\u00e9e sp\u00e9ciale du pr\u00e9sident de la Commission de l\u2019Ua | Nettali.com<\/title>\n<meta name=\"robots\" content=\"index, follow, max-snippet:-1, max-image-preview:large, max-video-preview:-1\" \/>\n<link rel=\"canonical\" href=\"https:\/\/www.nettali.com\/2022\/06\/12\/violence-politique-les-verites-de-bineta-diop-envoyee-speciale-du-president-de-la-commission-de-lunion-africaine\/\" \/>\n<meta property=\"og:locale\" content=\"fr_FR\" \/>\n<meta property=\"og:type\" content=\"article\" \/>\n<meta property=\"og:title\" content=\"VIOLENCE POLITIQUE - Les v\u00e9rit\u00e9s de l&#039;envoy\u00e9e sp\u00e9ciale du pr\u00e9sident de la Commission de l\u2019Ua\" \/>\n<meta property=\"og:description\" content=\"NETTALI.COM - Devant le Jury du dimanche, l&#039;envoy\u00e9e sp\u00e9ciale du pr\u00e9sident de la Commission de l\u2019Union africaine pour les Femmes, la Paix et la S\u00e9curit\u00e9, Mme Bineta Diop plaide pour la mise en \u0153uvre des principes fondamentaux de la d\u00e9mocratie pour \u00e9viter les tensions.\u00a0 Le d\u00e9bat politique national est tr\u00e8s anim\u00e9 ces derniers jours. Mais [&hellip;]\" \/>\n<meta property=\"og:url\" content=\"https:\/\/www.nettali.com\/2022\/06\/12\/violence-politique-les-verites-de-bineta-diop-envoyee-speciale-du-president-de-la-commission-de-lunion-africaine\/\" \/>\n<meta property=\"og:site_name\" content=\"Nettali.com\" \/>\n<meta property=\"article:publisher\" content=\"https:\/\/www.facebook.com\/nettalicom\" \/>\n<meta property=\"article:published_time\" content=\"2022-06-12T12:59:42+00:00\" \/>\n<meta property=\"article:modified_time\" content=\"2022-06-13T02:24:48+00:00\" \/>\n<meta property=\"og:image\" content=\"https:\/\/www.nettali.com\/wp-content\/uploads\/2022\/06\/binta-diop.jpg\" \/>\n\t<meta property=\"og:image:width\" content=\"600\" \/>\n\t<meta property=\"og:image:height\" content=\"758\" \/>\n<meta name=\"twitter:card\" content=\"summary_large_image\" \/>\n<meta name=\"twitter:label1\" content=\"\u00c9crit par\" \/>\n\t<meta name=\"twitter:data1\" content=\"Thierno Diop\" \/>\n\t<meta name=\"twitter:label2\" content=\"Dur\u00e9e de lecture estim\u00e9e\" \/>\n\t<meta name=\"twitter:data2\" content=\"2 minutes\" \/>\n<script type=\"application\/ld+json\" class=\"yoast-schema-graph\">{\"@context\":\"https:\/\/schema.org\",\"@graph\":[{\"@type\":\"WebSite\",\"@id\":\"https:\/\/www.nettali.com\/#website\",\"url\":\"https:\/\/www.nettali.com\/\",\"name\":\"Nettali.com\",\"description\":\"Le rendez-vous critique du Net\",\"potentialAction\":[{\"@type\":\"SearchAction\",\"target\":{\"@type\":\"EntryPoint\",\"urlTemplate\":\"https:\/\/www.nettali.com\/?s={search_term_string}\"},\"query-input\":\"required name=search_term_string\"}],\"inLanguage\":\"fr-FR\"},{\"@type\":\"ImageObject\",\"@id\":\"https:\/\/www.nettali.com\/2022\/06\/12\/violence-politique-les-verites-de-bineta-diop-envoyee-speciale-du-president-de-la-commission-de-lunion-africaine\/#primaryimage\",\"inLanguage\":\"fr-FR\",\"url\":\"https:\/\/www.nettali.com\/wp-content\/uploads\/2022\/06\/binta-diop.jpg\",\"contentUrl\":\"https:\/\/www.nettali.com\/wp-content\/uploads\/2022\/06\/binta-diop.jpg\",\"width\":600,\"height\":758},{\"@type\":\"WebPage\",\"@id\":\"https:\/\/www.nettali.com\/2022\/06\/12\/violence-politique-les-verites-de-bineta-diop-envoyee-speciale-du-president-de-la-commission-de-lunion-africaine\/#webpage\",\"url\":\"https:\/\/www.nettali.com\/2022\/06\/12\/violence-politique-les-verites-de-bineta-diop-envoyee-speciale-du-president-de-la-commission-de-lunion-africaine\/\",\"name\":\"VIOLENCE POLITIQUE - Les v\\u00e9rit\\u00e9s de l'envoy\\u00e9e sp\\u00e9ciale du pr\\u00e9sident de la Commission de l\\u2019Ua | Nettali.com\",\"isPartOf\":{\"@id\":\"https:\/\/www.nettali.com\/#website\"},\"primaryImageOfPage\":{\"@id\":\"https:\/\/www.nettali.com\/2022\/06\/12\/violence-politique-les-verites-de-bineta-diop-envoyee-speciale-du-president-de-la-commission-de-lunion-africaine\/#primaryimage\"},\"datePublished\":\"2022-06-12T12:59:42+00:00\",\"dateModified\":\"2022-06-13T02:24:48+00:00\",\"author\":{\"@id\":\"https:\/\/www.nettali.com\/#\/schema\/person\/8a06c6bd7b19304cf4bf985862900b5b\"},\"breadcrumb\":{\"@id\":\"https:\/\/www.nettali.com\/2022\/06\/12\/violence-politique-les-verites-de-bineta-diop-envoyee-speciale-du-president-de-la-commission-de-lunion-africaine\/#breadcrumb\"},\"inLanguage\":\"fr-FR\",\"potentialAction\":[{\"@type\":\"ReadAction\",\"target\":[\"https:\/\/www.nettali.com\/2022\/06\/12\/violence-politique-les-verites-de-bineta-diop-envoyee-speciale-du-president-de-la-commission-de-lunion-africaine\/\"]}]},{\"@type\":\"BreadcrumbList\",\"@id\":\"https:\/\/www.nettali.com\/2022\/06\/12\/violence-politique-les-verites-de-bineta-diop-envoyee-speciale-du-president-de-la-commission-de-lunion-africaine\/#breadcrumb\",\"itemListElement\":[{\"@type\":\"ListItem\",\"position\":1,\"name\":\"Accueil\",\"item\":\"https:\/\/www.nettali.com\/\"},{\"@type\":\"ListItem\",\"position\":2,\"name\":\"VIOLENCE POLITIQUE - Les v\\u00e9rit\\u00e9s de l'envoy\\u00e9e sp\\u00e9ciale du pr\\u00e9sident de la Commission de l\\u2019Ua\"}]},{\"@type\":\"Person\",\"@id\":\"https:\/\/www.nettali.com\/#\/schema\/person\/8a06c6bd7b19304cf4bf985862900b5b\",\"name\":\"Thierno Diop\",\"image\":{\"@type\":\"ImageObject\",\"@id\":\"https:\/\/www.nettali.com\/#personlogo\",\"inLanguage\":\"fr-FR\",\"url\":\"https:\/\/secure.gravatar.com\/avatar\/c8ca58550c94fd2ac856d27391a6c866?s=96&d=mm&r=g\",\"contentUrl\":\"https:\/\/secure.gravatar.com\/avatar\/c8ca58550c94fd2ac856d27391a6c866?s=96&d=mm&r=g\",\"caption\":\"Thierno Diop\"},\"sameAs\":[\"https:\/\/nettali.com\"]}]}<\/script>\n<!-- \/ Yoast SEO Premium plugin. -->","yoast_head_json":{"title":"VIOLENCE POLITIQUE - Les v\u00e9rit\u00e9s de l'envoy\u00e9e sp\u00e9ciale du pr\u00e9sident de la Commission de l\u2019Ua | Nettali.com","robots":{"index":"index","follow":"follow","max-snippet":"max-snippet:-1","max-image-preview":"max-image-preview:large","max-video-preview":"max-video-preview:-1"},"canonical":"https:\/\/www.nettali.com\/2022\/06\/12\/violence-politique-les-verites-de-bineta-diop-envoyee-speciale-du-president-de-la-commission-de-lunion-africaine\/","og_locale":"fr_FR","og_type":"article","og_title":"VIOLENCE POLITIQUE - Les v\u00e9rit\u00e9s de l'envoy\u00e9e sp\u00e9ciale du pr\u00e9sident de la Commission de l\u2019Ua","og_description":"NETTALI.COM - Devant le Jury du dimanche, l'envoy\u00e9e sp\u00e9ciale du pr\u00e9sident de la Commission de l\u2019Union africaine pour les Femmes, la Paix et la S\u00e9curit\u00e9, Mme Bineta Diop plaide pour la mise en \u0153uvre des principes fondamentaux de la d\u00e9mocratie pour \u00e9viter les tensions.\u00a0 Le d\u00e9bat politique national est tr\u00e8s anim\u00e9 ces derniers jours. Mais [&hellip;]","og_url":"https:\/\/www.nettali.com\/2022\/06\/12\/violence-politique-les-verites-de-bineta-diop-envoyee-speciale-du-president-de-la-commission-de-lunion-africaine\/","og_site_name":"Nettali.com","article_publisher":"https:\/\/www.facebook.com\/nettalicom","article_published_time":"2022-06-12T12:59:42+00:00","article_modified_time":"2022-06-13T02:24:48+00:00","og_image":[{"width":600,"height":758,"url":"https:\/\/www.nettali.com\/wp-content\/uploads\/2022\/06\/binta-diop.jpg","type":"image\/jpeg"}],"twitter_card":"summary_large_image","twitter_misc":{"\u00c9crit par":"Thierno Diop","Dur\u00e9e de lecture estim\u00e9e":"2 minutes"},"schema":{"@context":"https:\/\/schema.org","@graph":[{"@type":"WebSite","@id":"https:\/\/www.nettali.com\/#website","url":"https:\/\/www.nettali.com\/","name":"Nettali.com","description":"Le rendez-vous critique du Net","potentialAction":[{"@type":"SearchAction","target":{"@type":"EntryPoint","urlTemplate":"https:\/\/www.nettali.com\/?s={search_term_string}"},"query-input":"required name=search_term_string"}],"inLanguage":"fr-FR"},{"@type":"ImageObject","@id":"https:\/\/www.nettali.com\/2022\/06\/12\/violence-politique-les-verites-de-bineta-diop-envoyee-speciale-du-president-de-la-commission-de-lunion-africaine\/#primaryimage","inLanguage":"fr-FR","url":"https:\/\/www.nettali.com\/wp-content\/uploads\/2022\/06\/binta-diop.jpg","contentUrl":"https:\/\/www.nettali.com\/wp-content\/uploads\/2022\/06\/binta-diop.jpg","width":600,"height":758},{"@type":"WebPage","@id":"https:\/\/www.nettali.com\/2022\/06\/12\/violence-politique-les-verites-de-bineta-diop-envoyee-speciale-du-president-de-la-commission-de-lunion-africaine\/#webpage","url":"https:\/\/www.nettali.com\/2022\/06\/12\/violence-politique-les-verites-de-bineta-diop-envoyee-speciale-du-president-de-la-commission-de-lunion-africaine\/","name":"VIOLENCE POLITIQUE - Les v\u00e9rit\u00e9s de l'envoy\u00e9e sp\u00e9ciale du pr\u00e9sident de la Commission de l\u2019Ua | Nettali.com","isPartOf":{"@id":"https:\/\/www.nettali.com\/#website"},"primaryImageOfPage":{"@id":"https:\/\/www.nettali.com\/2022\/06\/12\/violence-politique-les-verites-de-bineta-diop-envoyee-speciale-du-president-de-la-commission-de-lunion-africaine\/#primaryimage"},"datePublished":"2022-06-12T12:59:42+00:00","dateModified":"2022-06-13T02:24:48+00:00","author":{"@id":"https:\/\/www.nettali.com\/#\/schema\/person\/8a06c6bd7b19304cf4bf985862900b5b"},"breadcrumb":{"@id":"https:\/\/www.nettali.com\/2022\/06\/12\/violence-politique-les-verites-de-bineta-diop-envoyee-speciale-du-president-de-la-commission-de-lunion-africaine\/#breadcrumb"},"inLanguage":"fr-FR","potentialAction":[{"@type":"ReadAction","target":["https:\/\/www.nettali.com\/2022\/06\/12\/violence-politique-les-verites-de-bineta-diop-envoyee-speciale-du-president-de-la-commission-de-lunion-africaine\/"]}]},{"@type":"BreadcrumbList","@id":"https:\/\/www.nettali.com\/2022\/06\/12\/violence-politique-les-verites-de-bineta-diop-envoyee-speciale-du-president-de-la-commission-de-lunion-africaine\/#breadcrumb","itemListElement":[{"@type":"ListItem","position":1,"name":"Accueil","item":"https:\/\/www.nettali.com\/"},{"@type":"ListItem","position":2,"name":"VIOLENCE POLITIQUE - Les v\u00e9rit\u00e9s de l'envoy\u00e9e sp\u00e9ciale du pr\u00e9sident de la Commission de l\u2019Ua"}]},{"@type":"Person","@id":"https:\/\/www.nettali.com\/#\/schema\/person\/8a06c6bd7b19304cf4bf985862900b5b","name":"Thierno Diop","image":{"@type":"ImageObject","@id":"https:\/\/www.nettali.com\/#personlogo","inLanguage":"fr-FR","url":"https:\/\/secure.gravatar.com\/avatar\/c8ca58550c94fd2ac856d27391a6c866?s=96&d=mm&r=g","contentUrl":"https:\/\/secure.gravatar.com\/avatar\/c8ca58550c94fd2ac856d27391a6c866?s=96&d=mm&r=g","caption":"Thierno Diop"},"sameAs":["https:\/\/nettali.com"]}]}},"_links":{"self":[{"href":"https:\/\/www.nettali.com\/rest\/wp\/v2\/posts\/87997"}],"collection":[{"href":"https:\/\/www.nettali.com\/rest\/wp\/v2\/posts"}],"about":[{"href":"https:\/\/www.nettali.com\/rest\/wp\/v2\/types\/post"}],"author":[{"embeddable":true,"href":"https:\/\/www.nettali.com\/rest\/wp\/v2\/users\/11"}],"replies":[{"embeddable":true,"href":"https:\/\/www.nettali.com\/rest\/wp\/v2\/comments?post=87997"}],"version-history":[{"count":2,"href":"https:\/\/www.nettali.com\/rest\/wp\/v2\/posts\/87997\/revisions"}],"predecessor-version":[{"id":88021,"href":"https:\/\/www.nettali.com\/rest\/wp\/v2\/posts\/87997\/revisions\/88021"}],"wp:featuredmedia":[{"embeddable":true,"href":"https:\/\/www.nettali.com\/rest\/wp\/v2\/media\/87998"}],"wp:attachment":[{"href":"https:\/\/www.nettali.com\/rest\/wp\/v2\/media?parent=87997"}],"wp:term":[{"taxonomy":"category","embeddable":true,"href":"https:\/\/www.nettali.com\/rest\/wp\/v2\/categories?post=87997"},{"taxonomy":"post_tag","embeddable":true,"href":"https:\/\/www.nettali.com\/rest\/wp\/v2\/tags?post=87997"}],"curies":[{"name":"wp","href":"https:\/\/api.w.org\/{rel}","templated":true}]}}