{"id":87973,"date":"2022-06-11T09:53:26","date_gmt":"2022-06-11T09:53:26","guid":{"rendered":"https:\/\/www.nettali.com\/?p=87973"},"modified":"2022-06-12T17:47:54","modified_gmt":"2022-06-12T17:47:54","slug":"manifestation-du-8-juin-ousmane-sonko-dit-etre-victime-dune-tentative-dassassinat","status":"publish","type":"post","link":"https:\/\/www.nettali.com\/2022\/06\/11\/manifestation-du-8-juin-ousmane-sonko-dit-etre-victime-dune-tentative-dassassinat\/","title":{"rendered":"MANIFESTATION DU 8 JUIN - Ousmane Sonko dit \u00eatre victime d\u2019une tentative d\u2019assassinat"},"content":{"rendered":"<p><strong>NETTALI.COM - Ousmane Sonko, dans son live de ce vendredi, a r\u00e9v\u00e9l\u00e9 avoir \u00e9t\u00e9 victime d\u2019une tentative d\u2019assassinat.\u00a0<\/strong><\/p>\n<div dir=\"auto\">\n<div class=\"gs\">\n<div class=\"\">\n<div id=\":nj\" class=\"ii gt\">\n<div id=\":o9\" class=\"a3s aiL \">\n<div dir=\"auto\">\n<div dir=\"auto\">Faisant un live ce vendredi, Ousmane Sonko a fait de graves accusations verbales. Selon lui, il a \u00e9t\u00e9 victime d\u2019une tentative d\u2019assassinat lors de la manifestation du 8 juin dernier \u00e0 la Place de la Nation. \u00ab <em>Ce jour-l\u00e0, des individus ont fragilis\u00e9 les vis de trois pneus de la voiture dans laquelle j\u2019\u00e9tais en allant \u00e0 la manifestation. Par chance, nous avons roul\u00e9 avec une petite vitesse en rentrant et d\u2019ailleurs, je n\u2019\u00e9tais pas dans cette voiture<\/em> \u00bb, a d\u00e9clar\u00e9 Ousmane Sonko.<\/div>\n<\/div>\n<div dir=\"auto\"><\/div>\n<div dir=\"auto\">\n<div dir=\"auto\">Tr\u00e8s en verve, il poursuit : \u00ab <em>Nous avons en face de nous des assassins et nous le savons. Nous faisons face \u00e0 une justice \u00e0 double vitesse parce que si le monsieur qui a appel\u00e9 \u00e0 me tuer (Ndrl Ahmet Suzanne Camara) faisait partie de l\u2019opposition, il serait en prison au moment o\u00f9 je parle<\/em> \u00bb.<\/div>\n<\/div>\n<\/div>\n<\/div>\n<\/div>\n<div dir=\"auto\"><\/div>\n<div class=\"\">\n<div id=\":nj\" class=\"ii gt\">\n<div id=\":o9\" class=\"a3s aiL \">\n<div dir=\"auto\">\n<div dir=\"auto\">Dans le m\u00eame sillage, Ousmane Sonko a manifest\u00e9 son soutien \u00e0 Cheikh Abdou Mback\u00e9 Dolly, plac\u00e9 sous mandat de d\u00e9p\u00f4t pour diffusion de fausses, diffamation et offense au chef de l\u2019Etat. A son avis, des personnes ont tenu des paroles plus graves que celles du d\u00e9put\u00e9 incarc\u00e9r\u00e9 et sont toujours en libert\u00e9. \u00ab Dans ce pays les insulteurs sont du c\u00f4t\u00e9 du pouvoir \u00bb, dit-il, tout en promettant l\u2019enfer au r\u00e9gime en place. Car, d\u2019apr\u00e8s lui, les manifestations vont se\u00a0 poursuivre \u00e0 la Place de la Nation.<\/div>\n<\/div>\n<div class=\"yj6qo\"><\/div>\n<div class=\"adL\"><\/div>\n<\/div>\n<\/div>\n<div class=\"hi\"><\/div>\n<\/div>\n<\/div>\n<\/div>\n<div class='share-to-whatsapp-wrapper'><div class='share-on-whsp'>PARTAGER SUR : <\/div><a data-text='MANIFESTATION DU 8 JUIN - Ousmane Sonko dit \u00eatre victime d\u2019une tentative d\u2019assassinat' data-link='https:\/\/www.nettali.com\/2022\/06\/11\/manifestation-du-8-juin-ousmane-sonko-dit-etre-victime-dune-tentative-dassassinat\/' class='whatsapp-button whatsapp-share'>WhatsApp<\/a><div class='clear '><\/div><\/div>","protected":false},"excerpt":{"rendered":"<p>NETTALI.COM - Ousmane Sonko, dans son live de ce vendredi, a r\u00e9v\u00e9l\u00e9 avoir \u00e9t\u00e9 victime d\u2019une tentative d\u2019assassinat.\u00a0 Faisant un live ce vendredi, Ousmane Sonko a fait de graves accusations verbales. Selon lui, il a \u00e9t\u00e9 victime d\u2019une tentative d\u2019assassinat lors de la manifestation du 8 juin dernier \u00e0 la Place de la Nation. \u00ab [&hellip;]<\/p>\n","protected":false},"author":11,"featured_media":58543,"comment_status":"open","ping_status":"open","sticky":false,"template":"","format":"standard","meta":{"_et_pb_use_builder":"","_et_pb_old_content":""},"categories":[2],"tags":[],"yoast_head":"<!-- This site is optimized with the Yoast SEO Premium plugin v17.8 (Yoast SEO v17.8) - https:\/\/yoast.com\/wordpress\/plugins\/seo\/ -->\n<title>MANIFESTATION DU 8 JUIN - Ousmane Sonko dit \u00eatre victime d\u2019une tentative d\u2019assassinat | Nettali.com<\/title>\n<meta name=\"robots\" content=\"index, follow, max-snippet:-1, max-image-preview:large, max-video-preview:-1\" \/>\n<link rel=\"canonical\" href=\"https:\/\/www.nettali.com\/2022\/06\/11\/manifestation-du-8-juin-ousmane-sonko-dit-etre-victime-dune-tentative-dassassinat\/\" \/>\n<meta property=\"og:locale\" content=\"fr_FR\" \/>\n<meta property=\"og:type\" content=\"article\" \/>\n<meta property=\"og:title\" content=\"MANIFESTATION DU 8 JUIN - Ousmane Sonko dit \u00eatre victime d\u2019une tentative d\u2019assassinat\" \/>\n<meta property=\"og:description\" content=\"NETTALI.COM - Ousmane Sonko, dans son live de ce vendredi, a r\u00e9v\u00e9l\u00e9 avoir \u00e9t\u00e9 victime d\u2019une tentative d\u2019assassinat.\u00a0 Faisant un live ce vendredi, Ousmane Sonko a fait de graves accusations verbales. Selon lui, il a \u00e9t\u00e9 victime d\u2019une tentative d\u2019assassinat lors de la manifestation du 8 juin dernier \u00e0 la Place de la Nation. \u00ab [&hellip;]\" \/>\n<meta property=\"og:url\" content=\"https:\/\/www.nettali.com\/2022\/06\/11\/manifestation-du-8-juin-ousmane-sonko-dit-etre-victime-dune-tentative-dassassinat\/\" \/>\n<meta property=\"og:site_name\" content=\"Nettali.com\" \/>\n<meta property=\"article:publisher\" content=\"https:\/\/www.facebook.com\/nettalicom\" \/>\n<meta property=\"article:published_time\" content=\"2022-06-11T09:53:26+00:00\" \/>\n<meta property=\"article:modified_time\" content=\"2022-06-12T17:47:54+00:00\" \/>\n<meta property=\"og:image\" content=\"https:\/\/www.nettali.com\/wp-content\/uploads\/2021\/03\/jad20210305-conf-senegal-plainte-ousmane-sonko-640x320-1614012365.jpg\" \/>\n\t<meta property=\"og:image:width\" content=\"640\" \/>\n\t<meta property=\"og:image:height\" content=\"320\" \/>\n<meta name=\"twitter:card\" content=\"summary_large_image\" \/>\n<meta name=\"twitter:label1\" content=\"\u00c9crit par\" \/>\n\t<meta name=\"twitter:data1\" content=\"Thierno Diop\" \/>\n\t<meta name=\"twitter:label2\" content=\"Dur\u00e9e de lecture estim\u00e9e\" \/>\n\t<meta name=\"twitter:data2\" content=\"2 minutes\" \/>\n<script type=\"application\/ld+json\" class=\"yoast-schema-graph\">{\"@context\":\"https:\/\/schema.org\",\"@graph\":[{\"@type\":\"WebSite\",\"@id\":\"https:\/\/www.nettali.com\/#website\",\"url\":\"https:\/\/www.nettali.com\/\",\"name\":\"Nettali.com\",\"description\":\"Le rendez-vous critique du Net\",\"potentialAction\":[{\"@type\":\"SearchAction\",\"target\":{\"@type\":\"EntryPoint\",\"urlTemplate\":\"https:\/\/www.nettali.com\/?s={search_term_string}\"},\"query-input\":\"required name=search_term_string\"}],\"inLanguage\":\"fr-FR\"},{\"@type\":\"ImageObject\",\"@id\":\"https:\/\/www.nettali.com\/2022\/06\/11\/manifestation-du-8-juin-ousmane-sonko-dit-etre-victime-dune-tentative-dassassinat\/#primaryimage\",\"inLanguage\":\"fr-FR\",\"url\":\"https:\/\/www.nettali.com\/wp-content\/uploads\/2021\/03\/jad20210305-conf-senegal-plainte-ousmane-sonko-640x320-1614012365.jpg\",\"contentUrl\":\"https:\/\/www.nettali.com\/wp-content\/uploads\/2021\/03\/jad20210305-conf-senegal-plainte-ousmane-sonko-640x320-1614012365.jpg\",\"width\":640,\"height\":320},{\"@type\":\"WebPage\",\"@id\":\"https:\/\/www.nettali.com\/2022\/06\/11\/manifestation-du-8-juin-ousmane-sonko-dit-etre-victime-dune-tentative-dassassinat\/#webpage\",\"url\":\"https:\/\/www.nettali.com\/2022\/06\/11\/manifestation-du-8-juin-ousmane-sonko-dit-etre-victime-dune-tentative-dassassinat\/\",\"name\":\"MANIFESTATION DU 8 JUIN - Ousmane Sonko dit \\u00eatre victime d\\u2019une tentative d\\u2019assassinat | Nettali.com\",\"isPartOf\":{\"@id\":\"https:\/\/www.nettali.com\/#website\"},\"primaryImageOfPage\":{\"@id\":\"https:\/\/www.nettali.com\/2022\/06\/11\/manifestation-du-8-juin-ousmane-sonko-dit-etre-victime-dune-tentative-dassassinat\/#primaryimage\"},\"datePublished\":\"2022-06-11T09:53:26+00:00\",\"dateModified\":\"2022-06-12T17:47:54+00:00\",\"author\":{\"@id\":\"https:\/\/www.nettali.com\/#\/schema\/person\/8a06c6bd7b19304cf4bf985862900b5b\"},\"breadcrumb\":{\"@id\":\"https:\/\/www.nettali.com\/2022\/06\/11\/manifestation-du-8-juin-ousmane-sonko-dit-etre-victime-dune-tentative-dassassinat\/#breadcrumb\"},\"inLanguage\":\"fr-FR\",\"potentialAction\":[{\"@type\":\"ReadAction\",\"target\":[\"https:\/\/www.nettali.com\/2022\/06\/11\/manifestation-du-8-juin-ousmane-sonko-dit-etre-victime-dune-tentative-dassassinat\/\"]}]},{\"@type\":\"BreadcrumbList\",\"@id\":\"https:\/\/www.nettali.com\/2022\/06\/11\/manifestation-du-8-juin-ousmane-sonko-dit-etre-victime-dune-tentative-dassassinat\/#breadcrumb\",\"itemListElement\":[{\"@type\":\"ListItem\",\"position\":1,\"name\":\"Accueil\",\"item\":\"https:\/\/www.nettali.com\/\"},{\"@type\":\"ListItem\",\"position\":2,\"name\":\"MANIFESTATION DU 8 JUIN - Ousmane Sonko dit \\u00eatre victime d\\u2019une tentative d\\u2019assassinat\"}]},{\"@type\":\"Person\",\"@id\":\"https:\/\/www.nettali.com\/#\/schema\/person\/8a06c6bd7b19304cf4bf985862900b5b\",\"name\":\"Thierno Diop\",\"image\":{\"@type\":\"ImageObject\",\"@id\":\"https:\/\/www.nettali.com\/#personlogo\",\"inLanguage\":\"fr-FR\",\"url\":\"https:\/\/secure.gravatar.com\/avatar\/c8ca58550c94fd2ac856d27391a6c866?s=96&d=mm&r=g\",\"contentUrl\":\"https:\/\/secure.gravatar.com\/avatar\/c8ca58550c94fd2ac856d27391a6c866?s=96&d=mm&r=g\",\"caption\":\"Thierno Diop\"},\"sameAs\":[\"https:\/\/nettali.com\"]}]}<\/script>\n<!-- \/ Yoast SEO Premium plugin. -->","yoast_head_json":{"title":"MANIFESTATION DU 8 JUIN - Ousmane Sonko dit \u00eatre victime d\u2019une tentative d\u2019assassinat | Nettali.com","robots":{"index":"index","follow":"follow","max-snippet":"max-snippet:-1","max-image-preview":"max-image-preview:large","max-video-preview":"max-video-preview:-1"},"canonical":"https:\/\/www.nettali.com\/2022\/06\/11\/manifestation-du-8-juin-ousmane-sonko-dit-etre-victime-dune-tentative-dassassinat\/","og_locale":"fr_FR","og_type":"article","og_title":"MANIFESTATION DU 8 JUIN - Ousmane Sonko dit \u00eatre victime d\u2019une tentative d\u2019assassinat","og_description":"NETTALI.COM - Ousmane Sonko, dans son live de ce vendredi, a r\u00e9v\u00e9l\u00e9 avoir \u00e9t\u00e9 victime d\u2019une tentative d\u2019assassinat.\u00a0 Faisant un live ce vendredi, Ousmane Sonko a fait de graves accusations verbales. Selon lui, il a \u00e9t\u00e9 victime d\u2019une tentative d\u2019assassinat lors de la manifestation du 8 juin dernier \u00e0 la Place de la Nation. \u00ab [&hellip;]","og_url":"https:\/\/www.nettali.com\/2022\/06\/11\/manifestation-du-8-juin-ousmane-sonko-dit-etre-victime-dune-tentative-dassassinat\/","og_site_name":"Nettali.com","article_publisher":"https:\/\/www.facebook.com\/nettalicom","article_published_time":"2022-06-11T09:53:26+00:00","article_modified_time":"2022-06-12T17:47:54+00:00","og_image":[{"width":640,"height":320,"url":"https:\/\/www.nettali.com\/wp-content\/uploads\/2021\/03\/jad20210305-conf-senegal-plainte-ousmane-sonko-640x320-1614012365.jpg","type":"image\/jpeg"}],"twitter_card":"summary_large_image","twitter_misc":{"\u00c9crit par":"Thierno Diop","Dur\u00e9e de lecture estim\u00e9e":"2 minutes"},"schema":{"@context":"https:\/\/schema.org","@graph":[{"@type":"WebSite","@id":"https:\/\/www.nettali.com\/#website","url":"https:\/\/www.nettali.com\/","name":"Nettali.com","description":"Le rendez-vous critique du Net","potentialAction":[{"@type":"SearchAction","target":{"@type":"EntryPoint","urlTemplate":"https:\/\/www.nettali.com\/?s={search_term_string}"},"query-input":"required name=search_term_string"}],"inLanguage":"fr-FR"},{"@type":"ImageObject","@id":"https:\/\/www.nettali.com\/2022\/06\/11\/manifestation-du-8-juin-ousmane-sonko-dit-etre-victime-dune-tentative-dassassinat\/#primaryimage","inLanguage":"fr-FR","url":"https:\/\/www.nettali.com\/wp-content\/uploads\/2021\/03\/jad20210305-conf-senegal-plainte-ousmane-sonko-640x320-1614012365.jpg","contentUrl":"https:\/\/www.nettali.com\/wp-content\/uploads\/2021\/03\/jad20210305-conf-senegal-plainte-ousmane-sonko-640x320-1614012365.jpg","width":640,"height":320},{"@type":"WebPage","@id":"https:\/\/www.nettali.com\/2022\/06\/11\/manifestation-du-8-juin-ousmane-sonko-dit-etre-victime-dune-tentative-dassassinat\/#webpage","url":"https:\/\/www.nettali.com\/2022\/06\/11\/manifestation-du-8-juin-ousmane-sonko-dit-etre-victime-dune-tentative-dassassinat\/","name":"MANIFESTATION DU 8 JUIN - Ousmane Sonko dit \u00eatre victime d\u2019une tentative d\u2019assassinat | Nettali.com","isPartOf":{"@id":"https:\/\/www.nettali.com\/#website"},"primaryImageOfPage":{"@id":"https:\/\/www.nettali.com\/2022\/06\/11\/manifestation-du-8-juin-ousmane-sonko-dit-etre-victime-dune-tentative-dassassinat\/#primaryimage"},"datePublished":"2022-06-11T09:53:26+00:00","dateModified":"2022-06-12T17:47:54+00:00","author":{"@id":"https:\/\/www.nettali.com\/#\/schema\/person\/8a06c6bd7b19304cf4bf985862900b5b"},"breadcrumb":{"@id":"https:\/\/www.nettali.com\/2022\/06\/11\/manifestation-du-8-juin-ousmane-sonko-dit-etre-victime-dune-tentative-dassassinat\/#breadcrumb"},"inLanguage":"fr-FR","potentialAction":[{"@type":"ReadAction","target":["https:\/\/www.nettali.com\/2022\/06\/11\/manifestation-du-8-juin-ousmane-sonko-dit-etre-victime-dune-tentative-dassassinat\/"]}]},{"@type":"BreadcrumbList","@id":"https:\/\/www.nettali.com\/2022\/06\/11\/manifestation-du-8-juin-ousmane-sonko-dit-etre-victime-dune-tentative-dassassinat\/#breadcrumb","itemListElement":[{"@type":"ListItem","position":1,"name":"Accueil","item":"https:\/\/www.nettali.com\/"},{"@type":"ListItem","position":2,"name":"MANIFESTATION DU 8 JUIN - Ousmane Sonko dit \u00eatre victime d\u2019une tentative d\u2019assassinat"}]},{"@type":"Person","@id":"https:\/\/www.nettali.com\/#\/schema\/person\/8a06c6bd7b19304cf4bf985862900b5b","name":"Thierno Diop","image":{"@type":"ImageObject","@id":"https:\/\/www.nettali.com\/#personlogo","inLanguage":"fr-FR","url":"https:\/\/secure.gravatar.com\/avatar\/c8ca58550c94fd2ac856d27391a6c866?s=96&d=mm&r=g","contentUrl":"https:\/\/secure.gravatar.com\/avatar\/c8ca58550c94fd2ac856d27391a6c866?s=96&d=mm&r=g","caption":"Thierno Diop"},"sameAs":["https:\/\/nettali.com"]}]}},"_links":{"self":[{"href":"https:\/\/www.nettali.com\/rest\/wp\/v2\/posts\/87973"}],"collection":[{"href":"https:\/\/www.nettali.com\/rest\/wp\/v2\/posts"}],"about":[{"href":"https:\/\/www.nettali.com\/rest\/wp\/v2\/types\/post"}],"author":[{"embeddable":true,"href":"https:\/\/www.nettali.com\/rest\/wp\/v2\/users\/11"}],"replies":[{"embeddable":true,"href":"https:\/\/www.nettali.com\/rest\/wp\/v2\/comments?post=87973"}],"version-history":[{"count":3,"href":"https:\/\/www.nettali.com\/rest\/wp\/v2\/posts\/87973\/revisions"}],"predecessor-version":[{"id":88003,"href":"https:\/\/www.nettali.com\/rest\/wp\/v2\/posts\/87973\/revisions\/88003"}],"wp:featuredmedia":[{"embeddable":true,"href":"https:\/\/www.nettali.com\/rest\/wp\/v2\/media\/58543"}],"wp:attachment":[{"href":"https:\/\/www.nettali.com\/rest\/wp\/v2\/media?parent=87973"}],"wp:term":[{"taxonomy":"category","embeddable":true,"href":"https:\/\/www.nettali.com\/rest\/wp\/v2\/categories?post=87973"},{"taxonomy":"post_tag","embeddable":true,"href":"https:\/\/www.nettali.com\/rest\/wp\/v2\/tags?post=87973"}],"curies":[{"name":"wp","href":"https:\/\/api.w.org\/{rel}","templated":true}]}}