{"id":87970,"date":"2022-06-11T09:45:32","date_gmt":"2022-06-11T09:45:32","guid":{"rendered":"https:\/\/www.nettali.com\/?p=87970"},"modified":"2022-06-12T17:35:26","modified_gmt":"2022-06-12T17:35:26","slug":"arrestation-de-rebelles-a-dakar-lors-de-la-manifestation-de-yaw-oumar-gueye-confirme-linformation","status":"publish","type":"post","link":"https:\/\/www.nettali.com\/2022\/06\/11\/arrestation-de-rebelles-a-dakar-lors-de-la-manifestation-de-yaw-oumar-gueye-confirme-linformation\/","title":{"rendered":"ARRESTATION DE REBELLES A DAKAR LORS DE LA MANIFESTATION DE YAW - Oumar Gu\u00e8ye confirme l\u2019information"},"content":{"rendered":"<div dir=\"auto\"><strong>NETTALI.COM - Des rebelles du Mouvement des forces de la Casamance ont \u00e9t\u00e9 arr\u00eat\u00e9s \u00e0 Dakar lors de la manifestation de l\u2019opposition le 8 juin dernier. L\u2019information a \u00e9t\u00e9 confirm\u00e9e par le ministre porte-parole du Gouvernement, Oumar Gueye.\u00a0\u00a0<\/strong><\/div>\n<div dir=\"auto\"><\/div>\n<div dir=\"auto\">Des rebelles qui voulaient prendre part \u00e0 a manifestation de Yewwi Askan Wi ont \u00e9t\u00e9 arr\u00eat\u00e9s. L\u2019information \u00e9tait r\u00e9v\u00e9l\u00e9e d'abord par certains journaux le lendemain du rassemblement, ensuite relay\u00e9e sur les r\u00e9seaux sociaux, alors que beaucoup la prenaient par des pincettes.<\/div>\n<div dir=\"auto\"><\/div>\n<div dir=\"auto\">C\u2019est le ministre Oumar Gueye, porte-parole du Gouvernement qui a confirm\u00e9 l'information lors du rendez vous de communication \u00ab le <em>Gouvernement face \u00e0 la presse<\/em> \u00bb initi\u00e9 par le r\u00e9gime en place. \u00ab <em>C\u2019est la v\u00e9rit\u00e9. Des rebelles qui voulaient prendre part \u00e0 la manifestation de l\u2019opposition ont \u00e9t\u00e9 arr\u00eat\u00e9s<\/em> \u00bb, a d\u00e9clar\u00e9 le ministre, r\u00e9pondant aux interpellations des journalistes. \u00ab <em>La justice est en train de faire son travail<\/em> \u00bb, a ajout\u00e9 Oumar Gu\u00e8ye.<\/div>\n<div dir=\"auto\"><\/div>\n<div dir=\"auto\">Selon le ministre des Collectivit\u00e9s territoriales, du D\u00e9veloppement et de l'Am\u00e9nagement des Territoires, ceux qui cherchent \u00e0 d\u00e9stabiliser le pays n\u2019atteindront pas leurs objectifs d\u2019autant plus que le pr\u00e9sident de la R\u00e9publique Macky Sall, avec son gouvernement a pris toutes les dispositions pour la s\u00e9curisation des personnes et de leurs biens.<\/div>\n<div class='share-to-whatsapp-wrapper'><div class='share-on-whsp'>PARTAGER SUR : <\/div><a data-text='ARRESTATION DE REBELLES A DAKAR LORS DE LA MANIFESTATION DE YAW - Oumar Gu\u00e8ye confirme l\u2019information' data-link='https:\/\/www.nettali.com\/2022\/06\/11\/arrestation-de-rebelles-a-dakar-lors-de-la-manifestation-de-yaw-oumar-gueye-confirme-linformation\/' class='whatsapp-button whatsapp-share'>WhatsApp<\/a><div class='clear '><\/div><\/div>","protected":false},"excerpt":{"rendered":"<p>NETTALI.COM - Des rebelles du Mouvement des forces de la Casamance ont \u00e9t\u00e9 arr\u00eat\u00e9s \u00e0 Dakar lors de la manifestation de l\u2019opposition le 8 juin dernier. L\u2019information a \u00e9t\u00e9 confirm\u00e9e par le ministre porte-parole du Gouvernement, Oumar Gueye.\u00a0\u00a0 Des rebelles qui voulaient prendre part \u00e0 a manifestation de Yewwi Askan Wi ont \u00e9t\u00e9 arr\u00eat\u00e9s. L\u2019information [&hellip;]<\/p>\n","protected":false},"author":11,"featured_media":62953,"comment_status":"open","ping_status":"open","sticky":false,"template":"","format":"standard","meta":{"_et_pb_use_builder":"","_et_pb_old_content":""},"categories":[2],"tags":[],"yoast_head":"<!-- This site is optimized with the Yoast SEO Premium plugin v17.8 (Yoast SEO v17.8) - https:\/\/yoast.com\/wordpress\/plugins\/seo\/ -->\n<title>ARRESTATION DE REBELLES A DAKAR LORS DE LA MANIFESTATION DE YAW - Oumar Gu\u00e8ye confirme l\u2019information | Nettali.com<\/title>\n<meta name=\"robots\" content=\"index, follow, max-snippet:-1, max-image-preview:large, max-video-preview:-1\" \/>\n<link rel=\"canonical\" href=\"https:\/\/www.nettali.com\/2022\/06\/11\/arrestation-de-rebelles-a-dakar-lors-de-la-manifestation-de-yaw-oumar-gueye-confirme-linformation\/\" \/>\n<meta property=\"og:locale\" content=\"fr_FR\" \/>\n<meta property=\"og:type\" content=\"article\" \/>\n<meta property=\"og:title\" content=\"ARRESTATION DE REBELLES A DAKAR LORS DE LA MANIFESTATION DE YAW - Oumar Gu\u00e8ye confirme l\u2019information\" \/>\n<meta property=\"og:description\" content=\"NETTALI.COM - Des rebelles du Mouvement des forces de la Casamance ont \u00e9t\u00e9 arr\u00eat\u00e9s \u00e0 Dakar lors de la manifestation de l\u2019opposition le 8 juin dernier. L\u2019information a \u00e9t\u00e9 confirm\u00e9e par le ministre porte-parole du Gouvernement, Oumar Gueye.\u00a0\u00a0 Des rebelles qui voulaient prendre part \u00e0 a manifestation de Yewwi Askan Wi ont \u00e9t\u00e9 arr\u00eat\u00e9s. L\u2019information [&hellip;]\" \/>\n<meta property=\"og:url\" content=\"https:\/\/www.nettali.com\/2022\/06\/11\/arrestation-de-rebelles-a-dakar-lors-de-la-manifestation-de-yaw-oumar-gueye-confirme-linformation\/\" \/>\n<meta property=\"og:site_name\" content=\"Nettali.com\" \/>\n<meta property=\"article:publisher\" content=\"https:\/\/www.facebook.com\/nettalicom\" \/>\n<meta property=\"article:published_time\" content=\"2022-06-11T09:45:32+00:00\" \/>\n<meta property=\"article:modified_time\" content=\"2022-06-12T17:35:26+00:00\" \/>\n<meta property=\"og:image\" content=\"https:\/\/www.nettali.com\/wp-content\/uploads\/2021\/04\/oumar-gueye-ministre-1.jpg\" \/>\n\t<meta property=\"og:image:width\" content=\"892\" \/>\n\t<meta property=\"og:image:height\" content=\"528\" \/>\n<meta name=\"twitter:card\" content=\"summary_large_image\" \/>\n<meta name=\"twitter:label1\" content=\"\u00c9crit par\" \/>\n\t<meta name=\"twitter:data1\" content=\"Thierno Diop\" \/>\n\t<meta name=\"twitter:label2\" content=\"Dur\u00e9e de lecture estim\u00e9e\" \/>\n\t<meta name=\"twitter:data2\" content=\"2 minutes\" \/>\n<script type=\"application\/ld+json\" class=\"yoast-schema-graph\">{\"@context\":\"https:\/\/schema.org\",\"@graph\":[{\"@type\":\"WebSite\",\"@id\":\"https:\/\/www.nettali.com\/#website\",\"url\":\"https:\/\/www.nettali.com\/\",\"name\":\"Nettali.com\",\"description\":\"Le rendez-vous critique du Net\",\"potentialAction\":[{\"@type\":\"SearchAction\",\"target\":{\"@type\":\"EntryPoint\",\"urlTemplate\":\"https:\/\/www.nettali.com\/?s={search_term_string}\"},\"query-input\":\"required name=search_term_string\"}],\"inLanguage\":\"fr-FR\"},{\"@type\":\"ImageObject\",\"@id\":\"https:\/\/www.nettali.com\/2022\/06\/11\/arrestation-de-rebelles-a-dakar-lors-de-la-manifestation-de-yaw-oumar-gueye-confirme-linformation\/#primaryimage\",\"inLanguage\":\"fr-FR\",\"url\":\"https:\/\/www.nettali.com\/wp-content\/uploads\/2021\/04\/oumar-gueye-ministre-1.jpg\",\"contentUrl\":\"https:\/\/www.nettali.com\/wp-content\/uploads\/2021\/04\/oumar-gueye-ministre-1.jpg\",\"width\":892,\"height\":528},{\"@type\":\"WebPage\",\"@id\":\"https:\/\/www.nettali.com\/2022\/06\/11\/arrestation-de-rebelles-a-dakar-lors-de-la-manifestation-de-yaw-oumar-gueye-confirme-linformation\/#webpage\",\"url\":\"https:\/\/www.nettali.com\/2022\/06\/11\/arrestation-de-rebelles-a-dakar-lors-de-la-manifestation-de-yaw-oumar-gueye-confirme-linformation\/\",\"name\":\"ARRESTATION DE REBELLES A DAKAR LORS DE LA MANIFESTATION DE YAW - Oumar Gu\\u00e8ye confirme l\\u2019information | Nettali.com\",\"isPartOf\":{\"@id\":\"https:\/\/www.nettali.com\/#website\"},\"primaryImageOfPage\":{\"@id\":\"https:\/\/www.nettali.com\/2022\/06\/11\/arrestation-de-rebelles-a-dakar-lors-de-la-manifestation-de-yaw-oumar-gueye-confirme-linformation\/#primaryimage\"},\"datePublished\":\"2022-06-11T09:45:32+00:00\",\"dateModified\":\"2022-06-12T17:35:26+00:00\",\"author\":{\"@id\":\"https:\/\/www.nettali.com\/#\/schema\/person\/8a06c6bd7b19304cf4bf985862900b5b\"},\"breadcrumb\":{\"@id\":\"https:\/\/www.nettali.com\/2022\/06\/11\/arrestation-de-rebelles-a-dakar-lors-de-la-manifestation-de-yaw-oumar-gueye-confirme-linformation\/#breadcrumb\"},\"inLanguage\":\"fr-FR\",\"potentialAction\":[{\"@type\":\"ReadAction\",\"target\":[\"https:\/\/www.nettali.com\/2022\/06\/11\/arrestation-de-rebelles-a-dakar-lors-de-la-manifestation-de-yaw-oumar-gueye-confirme-linformation\/\"]}]},{\"@type\":\"BreadcrumbList\",\"@id\":\"https:\/\/www.nettali.com\/2022\/06\/11\/arrestation-de-rebelles-a-dakar-lors-de-la-manifestation-de-yaw-oumar-gueye-confirme-linformation\/#breadcrumb\",\"itemListElement\":[{\"@type\":\"ListItem\",\"position\":1,\"name\":\"Accueil\",\"item\":\"https:\/\/www.nettali.com\/\"},{\"@type\":\"ListItem\",\"position\":2,\"name\":\"ARRESTATION DE REBELLES A DAKAR LORS DE LA MANIFESTATION DE YAW - Oumar Gu\\u00e8ye confirme l\\u2019information\"}]},{\"@type\":\"Person\",\"@id\":\"https:\/\/www.nettali.com\/#\/schema\/person\/8a06c6bd7b19304cf4bf985862900b5b\",\"name\":\"Thierno Diop\",\"image\":{\"@type\":\"ImageObject\",\"@id\":\"https:\/\/www.nettali.com\/#personlogo\",\"inLanguage\":\"fr-FR\",\"url\":\"https:\/\/secure.gravatar.com\/avatar\/c8ca58550c94fd2ac856d27391a6c866?s=96&d=mm&r=g\",\"contentUrl\":\"https:\/\/secure.gravatar.com\/avatar\/c8ca58550c94fd2ac856d27391a6c866?s=96&d=mm&r=g\",\"caption\":\"Thierno Diop\"},\"sameAs\":[\"https:\/\/nettali.com\"]}]}<\/script>\n<!-- \/ Yoast SEO Premium plugin. -->","yoast_head_json":{"title":"ARRESTATION DE REBELLES A DAKAR LORS DE LA MANIFESTATION DE YAW - Oumar Gu\u00e8ye confirme l\u2019information | Nettali.com","robots":{"index":"index","follow":"follow","max-snippet":"max-snippet:-1","max-image-preview":"max-image-preview:large","max-video-preview":"max-video-preview:-1"},"canonical":"https:\/\/www.nettali.com\/2022\/06\/11\/arrestation-de-rebelles-a-dakar-lors-de-la-manifestation-de-yaw-oumar-gueye-confirme-linformation\/","og_locale":"fr_FR","og_type":"article","og_title":"ARRESTATION DE REBELLES A DAKAR LORS DE LA MANIFESTATION DE YAW - Oumar Gu\u00e8ye confirme l\u2019information","og_description":"NETTALI.COM - Des rebelles du Mouvement des forces de la Casamance ont \u00e9t\u00e9 arr\u00eat\u00e9s \u00e0 Dakar lors de la manifestation de l\u2019opposition le 8 juin dernier. L\u2019information a \u00e9t\u00e9 confirm\u00e9e par le ministre porte-parole du Gouvernement, Oumar Gueye.\u00a0\u00a0 Des rebelles qui voulaient prendre part \u00e0 a manifestation de Yewwi Askan Wi ont \u00e9t\u00e9 arr\u00eat\u00e9s. L\u2019information [&hellip;]","og_url":"https:\/\/www.nettali.com\/2022\/06\/11\/arrestation-de-rebelles-a-dakar-lors-de-la-manifestation-de-yaw-oumar-gueye-confirme-linformation\/","og_site_name":"Nettali.com","article_publisher":"https:\/\/www.facebook.com\/nettalicom","article_published_time":"2022-06-11T09:45:32+00:00","article_modified_time":"2022-06-12T17:35:26+00:00","og_image":[{"width":892,"height":528,"url":"https:\/\/www.nettali.com\/wp-content\/uploads\/2021\/04\/oumar-gueye-ministre-1.jpg","type":"image\/jpeg"}],"twitter_card":"summary_large_image","twitter_misc":{"\u00c9crit par":"Thierno Diop","Dur\u00e9e de lecture estim\u00e9e":"2 minutes"},"schema":{"@context":"https:\/\/schema.org","@graph":[{"@type":"WebSite","@id":"https:\/\/www.nettali.com\/#website","url":"https:\/\/www.nettali.com\/","name":"Nettali.com","description":"Le rendez-vous critique du Net","potentialAction":[{"@type":"SearchAction","target":{"@type":"EntryPoint","urlTemplate":"https:\/\/www.nettali.com\/?s={search_term_string}"},"query-input":"required name=search_term_string"}],"inLanguage":"fr-FR"},{"@type":"ImageObject","@id":"https:\/\/www.nettali.com\/2022\/06\/11\/arrestation-de-rebelles-a-dakar-lors-de-la-manifestation-de-yaw-oumar-gueye-confirme-linformation\/#primaryimage","inLanguage":"fr-FR","url":"https:\/\/www.nettali.com\/wp-content\/uploads\/2021\/04\/oumar-gueye-ministre-1.jpg","contentUrl":"https:\/\/www.nettali.com\/wp-content\/uploads\/2021\/04\/oumar-gueye-ministre-1.jpg","width":892,"height":528},{"@type":"WebPage","@id":"https:\/\/www.nettali.com\/2022\/06\/11\/arrestation-de-rebelles-a-dakar-lors-de-la-manifestation-de-yaw-oumar-gueye-confirme-linformation\/#webpage","url":"https:\/\/www.nettali.com\/2022\/06\/11\/arrestation-de-rebelles-a-dakar-lors-de-la-manifestation-de-yaw-oumar-gueye-confirme-linformation\/","name":"ARRESTATION DE REBELLES A DAKAR LORS DE LA MANIFESTATION DE YAW - Oumar Gu\u00e8ye confirme l\u2019information | Nettali.com","isPartOf":{"@id":"https:\/\/www.nettali.com\/#website"},"primaryImageOfPage":{"@id":"https:\/\/www.nettali.com\/2022\/06\/11\/arrestation-de-rebelles-a-dakar-lors-de-la-manifestation-de-yaw-oumar-gueye-confirme-linformation\/#primaryimage"},"datePublished":"2022-06-11T09:45:32+00:00","dateModified":"2022-06-12T17:35:26+00:00","author":{"@id":"https:\/\/www.nettali.com\/#\/schema\/person\/8a06c6bd7b19304cf4bf985862900b5b"},"breadcrumb":{"@id":"https:\/\/www.nettali.com\/2022\/06\/11\/arrestation-de-rebelles-a-dakar-lors-de-la-manifestation-de-yaw-oumar-gueye-confirme-linformation\/#breadcrumb"},"inLanguage":"fr-FR","potentialAction":[{"@type":"ReadAction","target":["https:\/\/www.nettali.com\/2022\/06\/11\/arrestation-de-rebelles-a-dakar-lors-de-la-manifestation-de-yaw-oumar-gueye-confirme-linformation\/"]}]},{"@type":"BreadcrumbList","@id":"https:\/\/www.nettali.com\/2022\/06\/11\/arrestation-de-rebelles-a-dakar-lors-de-la-manifestation-de-yaw-oumar-gueye-confirme-linformation\/#breadcrumb","itemListElement":[{"@type":"ListItem","position":1,"name":"Accueil","item":"https:\/\/www.nettali.com\/"},{"@type":"ListItem","position":2,"name":"ARRESTATION DE REBELLES A DAKAR LORS DE LA MANIFESTATION DE YAW - Oumar Gu\u00e8ye confirme l\u2019information"}]},{"@type":"Person","@id":"https:\/\/www.nettali.com\/#\/schema\/person\/8a06c6bd7b19304cf4bf985862900b5b","name":"Thierno Diop","image":{"@type":"ImageObject","@id":"https:\/\/www.nettali.com\/#personlogo","inLanguage":"fr-FR","url":"https:\/\/secure.gravatar.com\/avatar\/c8ca58550c94fd2ac856d27391a6c866?s=96&d=mm&r=g","contentUrl":"https:\/\/secure.gravatar.com\/avatar\/c8ca58550c94fd2ac856d27391a6c866?s=96&d=mm&r=g","caption":"Thierno Diop"},"sameAs":["https:\/\/nettali.com"]}]}},"_links":{"self":[{"href":"https:\/\/www.nettali.com\/rest\/wp\/v2\/posts\/87970"}],"collection":[{"href":"https:\/\/www.nettali.com\/rest\/wp\/v2\/posts"}],"about":[{"href":"https:\/\/www.nettali.com\/rest\/wp\/v2\/types\/post"}],"author":[{"embeddable":true,"href":"https:\/\/www.nettali.com\/rest\/wp\/v2\/users\/11"}],"replies":[{"embeddable":true,"href":"https:\/\/www.nettali.com\/rest\/wp\/v2\/comments?post=87970"}],"version-history":[{"count":3,"href":"https:\/\/www.nettali.com\/rest\/wp\/v2\/posts\/87970\/revisions"}],"predecessor-version":[{"id":88001,"href":"https:\/\/www.nettali.com\/rest\/wp\/v2\/posts\/87970\/revisions\/88001"}],"wp:featuredmedia":[{"embeddable":true,"href":"https:\/\/www.nettali.com\/rest\/wp\/v2\/media\/62953"}],"wp:attachment":[{"href":"https:\/\/www.nettali.com\/rest\/wp\/v2\/media?parent=87970"}],"wp:term":[{"taxonomy":"category","embeddable":true,"href":"https:\/\/www.nettali.com\/rest\/wp\/v2\/categories?post=87970"},{"taxonomy":"post_tag","embeddable":true,"href":"https:\/\/www.nettali.com\/rest\/wp\/v2\/tags?post=87970"}],"curies":[{"name":"wp","href":"https:\/\/api.w.org\/{rel}","templated":true}]}}