{"id":87930,"date":"2022-06-10T16:48:13","date_gmt":"2022-06-10T16:48:13","guid":{"rendered":"https:\/\/www.nettali.com\/?p=87930"},"modified":"2022-06-10T16:48:13","modified_gmt":"2022-06-10T16:48:13","slug":"crise-au-soleil-le-college-des-delegues-du-personnel-annonce-un-sit-in-et-une-greve-de-la-faim","status":"publish","type":"post","link":"https:\/\/www.nettali.com\/2022\/06\/10\/crise-au-soleil-le-college-des-delegues-du-personnel-annonce-un-sit-in-et-une-greve-de-la-faim\/","title":{"rendered":"CRISE AU SOLEIL - Le Coll\u00e8ge des d\u00e9l\u00e9gu\u00e9s du personnel annonce un sit-in et une gr\u00e8ve de la faim"},"content":{"rendered":"<p style=\"text-align: left;\"><strong>NETTALI.COM - La gestion du Directeur g\u00e9n\u00e9ral du quotidien national Le Soleil est toujours d\u00e9cri\u00e9e par les travailleurs. Et la sortie de Yakham Mbaye, suite aux f\u00e9licitations du Pr\u00e9sident Macky Sall, mercredi, en Conseil des ministres, a envenim\u00e9 les choses. Tr\u00e8s remont\u00e9, le Coll\u00e8ge des d\u00e9l\u00e9gu\u00e9s dudit journal annonce un Sit-in et une gr\u00e8ve de la faim.<\/strong><\/p>\n<p>Tr\u00e8s remont\u00e9s contre leur hi\u00e9rarchie, les travailleurs, par la voie du Coll\u00e8ge des d\u00e9l\u00e9gu\u00e9s du personnel et de l\u2019intersyndicale, pr\u00e9viennent de journ\u00e9es mouvement\u00e9es \u00e0 venir. Les travailleurs annoncent pour le 15 juin, la tenue d\u2019un sit-in \u00e0 la Place de la Nation et d\u2019une gr\u00e8ve de la faim.<\/p>\n<p>Au regard de ce qu'il qualifie \"<em>des tentatives de manipulation<\/em>\", le Coll\u00e8ge des d\u00e9l\u00e9gu\u00e9s du journal Le Soleil note que celles-ci \"<em>ne peuvent pas distraire les travailleurs du Soleil qui restent plus que jamais mobilis\u00e9s pour la reconqu\u00eate de leurs acquis et la restauration de leur dignit\u00e9<\/em>.\"<br \/>\nPour cela, le Coll\u00e8ge des d\u00e9l\u00e9gu\u00e9s du personnel compte intensifier la lutte dans les prochains jours. Au-del\u00e0 du pr\u00e9avis de gr\u00e8ve d\u00e9pos\u00e9 depuis le 20 mai et qui va conduire prochainement \u00e0 un arr\u00eat total de travail, \"<em>une premi\u00e8re dans l'histoire de cette prestigieuse institution publique qu'est LE SOLEIL<\/em>\", le personnel annonce un \"<em>SIT-IN \u00e0 la Place de la Nation le 15 juin et une gr\u00e8ve de la faim dans la foul\u00e9e<\/em>\".<\/p>\n<p>A cet effet, le Coll\u00e8ge des d\u00e9l\u00e9gu\u00e9s du journal Le Soleil rappelle que depuis plusieurs mois, la boite vit les moments les plus difficiles et les plus sombres et incertains de son histoire.<br \/>\n\"<em>La crise qu'il (Le Soleil) traverse est in\u00e9dite. Depuis novembre 2021, tout est \u00e0 l'arr\u00eat. Dans ce contexte de chert\u00e9 de la vie o\u00f9 le Gouvernement a pris la d\u00e9cision d'augmenter les salaires dans presque toutes les structures, la direction g\u00e9n\u00e9rale du Soleil, elle, continue de d\u00e9truire des acquis des travailleurs et de b\u00e2illonner les libert\u00e9s syndicales. Cela, en violation flagrante de l'Accord cadre d'entreprise et des dispositions du code du travail<\/em>\", peut-on lire dans le communiqu\u00e9 du Coll\u00e8ge des d\u00e9l\u00e9gu\u00e9s du personnel du Soleil.<\/p>\n<p>\"<em>En essayant de d\u00e9former les termes du communiqu\u00e9 du Conseil des ministres de ce mercredi 8 juin, le directeur g\u00e9n\u00e9ral du Soleil se d\u00e9voile enfin \u00e0 la face du S\u00e9n\u00e9gal. M. Yakham Mbaye est un manipulateur n\u00e9<\/em>\", peste le coll\u00e8ge des d\u00e9l\u00e9gu\u00e9s.<br \/>\nQui ajoute : \"<em>Du premier au dernier mot de ce texte administratif, il n\u2019est nullement mentionn\u00e9 le nom de Yakham Mbaye encore moins son titre<\/em>\".<\/p>\n<p>Le document dit : \" <em>Le Pr\u00e9sident de la R\u00e9publique saisit cette occasion pour f\u00e9liciter le Directeur g\u00e9n\u00e9ral de la RTS, ainsi que LES AGENTS DES ENTREPRISES PUBLIQUES DE PRESSE, notamment CEUX DE LA RTS, DU SOLEIL, DE L\u2019AGENCE DE PRESSE SENEGALAISE (APS), DE TELEDIFFUSION SENEGAL (TDS), qui accomplissent, chacun, dans son domaine, un travail remarquable qui doit \u00eatre soutenu par le Gouvernement<\/em>\". Il s\u2019agit donc plut\u00f4t ici de f\u00e9licitations adress\u00e9es aux travailleurs effectuant un labeur acharn\u00e9 malgr\u00e9 des conditions de travail difficiles. Cela peut choquer certains mais pas nous travailleurs du Soleil qui sommes maintenant habitu\u00e9s \u00e0 ces \"<em>Yakhameries<\/em>\" et autres fables.<\/p>\n<p>Au moment o\u00f9 le Chef de l\u2019Etat parle de poursuite, avec les structures publiques de presse, de la dynamique de transformation num\u00e9rique et de modernisation des m\u00e9dias publics, le Coll\u00e8ge des d\u00e9l\u00e9gu\u00e9s du journal Le Soleil fait savoir au public que le m\u00e9dia \"<em>ne dispose m\u00eame pas d\u2019un site r\u00e9f\u00e9renc\u00e9. Et pourtant, d\u00e9j\u00e0 en 1998, quelques ann\u00e9es seulement apr\u00e8s l\u2019av\u00e8nement de l\u2019internet au S\u00e9n\u00e9gal, le quotidien national \u00e9tait en ligne<\/em>.\"<\/p>\n<p>Le syndicat ajoute \"<em>qu'au moment o\u00f9 le Pr\u00e9sident de la R\u00e9publique demande au ministre de la Culture et de la Communication de veiller \u00e0 la pr\u00e9servation des archives (\u2026), ceux du Soleil, un pan important de l'histoire du S\u00e9n\u00e9gal, sont en train de se p\u00e9trifier au fond d\u2019une chambre<\/em>\".<\/p>\n<p>Pendant ce temps, d\u00e9plore Ndiol Maka Seck, coordonnateur du Coll\u00e8ge, \"<em>le Directeur g\u00e9n\u00e9ral se la coule douce dans sa jolie villa dont la simple r\u00e9habilitation a co\u00fbt\u00e9 plus de 50 millions au Soleil. Le seul bilan dont il peut se gargariser d'ailleurs apr\u00e8s sa prouesse d'avoir anesth\u00e9si\u00e9 bien des travailleurs que son verbe injurieux et ses licenciements abusifs ont inhib\u00e9s.<\/em>\"<\/p>\n<p>En guise de conclusion, les membres du Coll\u00e8ge d\u00e9clarent qu'ils sont pr\u00eats \"<em>\u00e0 laisser leurs vies dans ce combat qui est celui de la survie du journal Le Soleil et de la dignit\u00e9 des travailleurs qui n'en peuvent plus de sa gestion n\u00e9buleuse et catastrophique sur laquelle nous reviendrons amplement dans les prochains jours<\/em>\", ont-ils pr\u00e9venu.<\/p>\n<div class='share-to-whatsapp-wrapper'><div class='share-on-whsp'>PARTAGER SUR : <\/div><a data-text='CRISE AU SOLEIL - Le Coll\u00e8ge des d\u00e9l\u00e9gu\u00e9s du personnel annonce un sit-in et une gr\u00e8ve de la faim' data-link='https:\/\/www.nettali.com\/2022\/06\/10\/crise-au-soleil-le-college-des-delegues-du-personnel-annonce-un-sit-in-et-une-greve-de-la-faim\/' class='whatsapp-button whatsapp-share'>WhatsApp<\/a><div class='clear '><\/div><\/div>","protected":false},"excerpt":{"rendered":"<p>NETTALI.COM - La gestion du Directeur g\u00e9n\u00e9ral du quotidien national Le Soleil est toujours d\u00e9cri\u00e9e par les travailleurs. Et la sortie de Yakham Mbaye, suite aux f\u00e9licitations du Pr\u00e9sident Macky Sall, mercredi, en Conseil des ministres, a envenim\u00e9 les choses. Tr\u00e8s remont\u00e9, le Coll\u00e8ge des d\u00e9l\u00e9gu\u00e9s dudit journal annonce un Sit-in et une gr\u00e8ve de [&hellip;]<\/p>\n","protected":false},"author":5,"featured_media":87932,"comment_status":"open","ping_status":"open","sticky":false,"template":"","format":"standard","meta":{"_et_pb_use_builder":"","_et_pb_old_content":""},"categories":[3],"tags":[],"yoast_head":"<!-- This site is optimized with the Yoast SEO Premium plugin v17.8 (Yoast SEO v17.8) - https:\/\/yoast.com\/wordpress\/plugins\/seo\/ -->\n<title>CRISE AU SOLEIL - Le Coll\u00e8ge des d\u00e9l\u00e9gu\u00e9s du personnel annonce un sit-in et une gr\u00e8ve de la faim | Nettali.com<\/title>\n<meta name=\"robots\" content=\"index, follow, max-snippet:-1, max-image-preview:large, max-video-preview:-1\" \/>\n<link rel=\"canonical\" href=\"https:\/\/www.nettali.com\/2022\/06\/10\/crise-au-soleil-le-college-des-delegues-du-personnel-annonce-un-sit-in-et-une-greve-de-la-faim\/\" \/>\n<meta property=\"og:locale\" content=\"fr_FR\" \/>\n<meta property=\"og:type\" content=\"article\" \/>\n<meta property=\"og:title\" content=\"CRISE AU SOLEIL - Le Coll\u00e8ge des d\u00e9l\u00e9gu\u00e9s du personnel annonce un sit-in et une gr\u00e8ve de la faim\" \/>\n<meta property=\"og:description\" content=\"NETTALI.COM - La gestion du Directeur g\u00e9n\u00e9ral du quotidien national Le Soleil est toujours d\u00e9cri\u00e9e par les travailleurs. Et la sortie de Yakham Mbaye, suite aux f\u00e9licitations du Pr\u00e9sident Macky Sall, mercredi, en Conseil des ministres, a envenim\u00e9 les choses. Tr\u00e8s remont\u00e9, le Coll\u00e8ge des d\u00e9l\u00e9gu\u00e9s dudit journal annonce un Sit-in et une gr\u00e8ve de [&hellip;]\" \/>\n<meta property=\"og:url\" content=\"https:\/\/www.nettali.com\/2022\/06\/10\/crise-au-soleil-le-college-des-delegues-du-personnel-annonce-un-sit-in-et-une-greve-de-la-faim\/\" \/>\n<meta property=\"og:site_name\" content=\"Nettali.com\" \/>\n<meta property=\"article:publisher\" content=\"https:\/\/www.facebook.com\/nettalicom\" \/>\n<meta property=\"article:published_time\" content=\"2022-06-10T16:48:13+00:00\" \/>\n<meta property=\"og:image\" content=\"https:\/\/www.nettali.com\/wp-content\/uploads\/2022\/06\/64254389-46121012-1.jpg\" \/>\n\t<meta property=\"og:image:width\" content=\"480\" \/>\n\t<meta property=\"og:image:height\" content=\"300\" \/>\n<meta name=\"twitter:card\" content=\"summary_large_image\" \/>\n<meta name=\"twitter:label1\" content=\"\u00c9crit par\" \/>\n\t<meta name=\"twitter:data1\" content=\"Ibrahima\" \/>\n\t<meta name=\"twitter:label2\" content=\"Dur\u00e9e de lecture estim\u00e9e\" \/>\n\t<meta name=\"twitter:data2\" content=\"4 minutes\" \/>\n<script type=\"application\/ld+json\" class=\"yoast-schema-graph\">{\"@context\":\"https:\/\/schema.org\",\"@graph\":[{\"@type\":\"WebSite\",\"@id\":\"https:\/\/www.nettali.com\/#website\",\"url\":\"https:\/\/www.nettali.com\/\",\"name\":\"Nettali.com\",\"description\":\"Le rendez-vous critique du Net\",\"potentialAction\":[{\"@type\":\"SearchAction\",\"target\":{\"@type\":\"EntryPoint\",\"urlTemplate\":\"https:\/\/www.nettali.com\/?s={search_term_string}\"},\"query-input\":\"required name=search_term_string\"}],\"inLanguage\":\"fr-FR\"},{\"@type\":\"ImageObject\",\"@id\":\"https:\/\/www.nettali.com\/2022\/06\/10\/crise-au-soleil-le-college-des-delegues-du-personnel-annonce-un-sit-in-et-une-greve-de-la-faim\/#primaryimage\",\"inLanguage\":\"fr-FR\",\"url\":\"https:\/\/www.nettali.com\/wp-content\/uploads\/2022\/06\/64254389-46121012-1.jpg\",\"contentUrl\":\"https:\/\/www.nettali.com\/wp-content\/uploads\/2022\/06\/64254389-46121012-1.jpg\",\"width\":480,\"height\":300},{\"@type\":\"WebPage\",\"@id\":\"https:\/\/www.nettali.com\/2022\/06\/10\/crise-au-soleil-le-college-des-delegues-du-personnel-annonce-un-sit-in-et-une-greve-de-la-faim\/#webpage\",\"url\":\"https:\/\/www.nettali.com\/2022\/06\/10\/crise-au-soleil-le-college-des-delegues-du-personnel-annonce-un-sit-in-et-une-greve-de-la-faim\/\",\"name\":\"CRISE AU SOLEIL - Le Coll\\u00e8ge des d\\u00e9l\\u00e9gu\\u00e9s du personnel annonce un sit-in et une gr\\u00e8ve de la faim | Nettali.com\",\"isPartOf\":{\"@id\":\"https:\/\/www.nettali.com\/#website\"},\"primaryImageOfPage\":{\"@id\":\"https:\/\/www.nettali.com\/2022\/06\/10\/crise-au-soleil-le-college-des-delegues-du-personnel-annonce-un-sit-in-et-une-greve-de-la-faim\/#primaryimage\"},\"datePublished\":\"2022-06-10T16:48:13+00:00\",\"dateModified\":\"2022-06-10T16:48:13+00:00\",\"author\":{\"@id\":\"https:\/\/www.nettali.com\/#\/schema\/person\/bb147657c2986240405a608162b9bb23\"},\"breadcrumb\":{\"@id\":\"https:\/\/www.nettali.com\/2022\/06\/10\/crise-au-soleil-le-college-des-delegues-du-personnel-annonce-un-sit-in-et-une-greve-de-la-faim\/#breadcrumb\"},\"inLanguage\":\"fr-FR\",\"potentialAction\":[{\"@type\":\"ReadAction\",\"target\":[\"https:\/\/www.nettali.com\/2022\/06\/10\/crise-au-soleil-le-college-des-delegues-du-personnel-annonce-un-sit-in-et-une-greve-de-la-faim\/\"]}]},{\"@type\":\"BreadcrumbList\",\"@id\":\"https:\/\/www.nettali.com\/2022\/06\/10\/crise-au-soleil-le-college-des-delegues-du-personnel-annonce-un-sit-in-et-une-greve-de-la-faim\/#breadcrumb\",\"itemListElement\":[{\"@type\":\"ListItem\",\"position\":1,\"name\":\"Accueil\",\"item\":\"https:\/\/www.nettali.com\/\"},{\"@type\":\"ListItem\",\"position\":2,\"name\":\"CRISE AU SOLEIL - Le Coll\\u00e8ge des d\\u00e9l\\u00e9gu\\u00e9s du personnel annonce un sit-in et une gr\\u00e8ve de la faim\"}]},{\"@type\":\"Person\",\"@id\":\"https:\/\/www.nettali.com\/#\/schema\/person\/bb147657c2986240405a608162b9bb23\",\"name\":\"Ibrahima\",\"image\":{\"@type\":\"ImageObject\",\"@id\":\"https:\/\/www.nettali.com\/#personlogo\",\"inLanguage\":\"fr-FR\",\"url\":\"https:\/\/secure.gravatar.com\/avatar\/26a8a81f09f0dd7624c9d5c36c9ba3a2?s=96&d=mm&r=g\",\"contentUrl\":\"https:\/\/secure.gravatar.com\/avatar\/26a8a81f09f0dd7624c9d5c36c9ba3a2?s=96&d=mm&r=g\",\"caption\":\"Ibrahima\"},\"sameAs\":[\"https:\/\/www.nettali.com\"]}]}<\/script>\n<!-- \/ Yoast SEO Premium plugin. -->","yoast_head_json":{"title":"CRISE AU SOLEIL - Le Coll\u00e8ge des d\u00e9l\u00e9gu\u00e9s du personnel annonce un sit-in et une gr\u00e8ve de la faim | Nettali.com","robots":{"index":"index","follow":"follow","max-snippet":"max-snippet:-1","max-image-preview":"max-image-preview:large","max-video-preview":"max-video-preview:-1"},"canonical":"https:\/\/www.nettali.com\/2022\/06\/10\/crise-au-soleil-le-college-des-delegues-du-personnel-annonce-un-sit-in-et-une-greve-de-la-faim\/","og_locale":"fr_FR","og_type":"article","og_title":"CRISE AU SOLEIL - Le Coll\u00e8ge des d\u00e9l\u00e9gu\u00e9s du personnel annonce un sit-in et une gr\u00e8ve de la faim","og_description":"NETTALI.COM - La gestion du Directeur g\u00e9n\u00e9ral du quotidien national Le Soleil est toujours d\u00e9cri\u00e9e par les travailleurs. Et la sortie de Yakham Mbaye, suite aux f\u00e9licitations du Pr\u00e9sident Macky Sall, mercredi, en Conseil des ministres, a envenim\u00e9 les choses. Tr\u00e8s remont\u00e9, le Coll\u00e8ge des d\u00e9l\u00e9gu\u00e9s dudit journal annonce un Sit-in et une gr\u00e8ve de [&hellip;]","og_url":"https:\/\/www.nettali.com\/2022\/06\/10\/crise-au-soleil-le-college-des-delegues-du-personnel-annonce-un-sit-in-et-une-greve-de-la-faim\/","og_site_name":"Nettali.com","article_publisher":"https:\/\/www.facebook.com\/nettalicom","article_published_time":"2022-06-10T16:48:13+00:00","og_image":[{"width":480,"height":300,"url":"https:\/\/www.nettali.com\/wp-content\/uploads\/2022\/06\/64254389-46121012-1.jpg","type":"image\/jpeg"}],"twitter_card":"summary_large_image","twitter_misc":{"\u00c9crit par":"Ibrahima","Dur\u00e9e de lecture estim\u00e9e":"4 minutes"},"schema":{"@context":"https:\/\/schema.org","@graph":[{"@type":"WebSite","@id":"https:\/\/www.nettali.com\/#website","url":"https:\/\/www.nettali.com\/","name":"Nettali.com","description":"Le rendez-vous critique du Net","potentialAction":[{"@type":"SearchAction","target":{"@type":"EntryPoint","urlTemplate":"https:\/\/www.nettali.com\/?s={search_term_string}"},"query-input":"required name=search_term_string"}],"inLanguage":"fr-FR"},{"@type":"ImageObject","@id":"https:\/\/www.nettali.com\/2022\/06\/10\/crise-au-soleil-le-college-des-delegues-du-personnel-annonce-un-sit-in-et-une-greve-de-la-faim\/#primaryimage","inLanguage":"fr-FR","url":"https:\/\/www.nettali.com\/wp-content\/uploads\/2022\/06\/64254389-46121012-1.jpg","contentUrl":"https:\/\/www.nettali.com\/wp-content\/uploads\/2022\/06\/64254389-46121012-1.jpg","width":480,"height":300},{"@type":"WebPage","@id":"https:\/\/www.nettali.com\/2022\/06\/10\/crise-au-soleil-le-college-des-delegues-du-personnel-annonce-un-sit-in-et-une-greve-de-la-faim\/#webpage","url":"https:\/\/www.nettali.com\/2022\/06\/10\/crise-au-soleil-le-college-des-delegues-du-personnel-annonce-un-sit-in-et-une-greve-de-la-faim\/","name":"CRISE AU SOLEIL - Le Coll\u00e8ge des d\u00e9l\u00e9gu\u00e9s du personnel annonce un sit-in et une gr\u00e8ve de la faim | Nettali.com","isPartOf":{"@id":"https:\/\/www.nettali.com\/#website"},"primaryImageOfPage":{"@id":"https:\/\/www.nettali.com\/2022\/06\/10\/crise-au-soleil-le-college-des-delegues-du-personnel-annonce-un-sit-in-et-une-greve-de-la-faim\/#primaryimage"},"datePublished":"2022-06-10T16:48:13+00:00","dateModified":"2022-06-10T16:48:13+00:00","author":{"@id":"https:\/\/www.nettali.com\/#\/schema\/person\/bb147657c2986240405a608162b9bb23"},"breadcrumb":{"@id":"https:\/\/www.nettali.com\/2022\/06\/10\/crise-au-soleil-le-college-des-delegues-du-personnel-annonce-un-sit-in-et-une-greve-de-la-faim\/#breadcrumb"},"inLanguage":"fr-FR","potentialAction":[{"@type":"ReadAction","target":["https:\/\/www.nettali.com\/2022\/06\/10\/crise-au-soleil-le-college-des-delegues-du-personnel-annonce-un-sit-in-et-une-greve-de-la-faim\/"]}]},{"@type":"BreadcrumbList","@id":"https:\/\/www.nettali.com\/2022\/06\/10\/crise-au-soleil-le-college-des-delegues-du-personnel-annonce-un-sit-in-et-une-greve-de-la-faim\/#breadcrumb","itemListElement":[{"@type":"ListItem","position":1,"name":"Accueil","item":"https:\/\/www.nettali.com\/"},{"@type":"ListItem","position":2,"name":"CRISE AU SOLEIL - Le Coll\u00e8ge des d\u00e9l\u00e9gu\u00e9s du personnel annonce un sit-in et une gr\u00e8ve de la faim"}]},{"@type":"Person","@id":"https:\/\/www.nettali.com\/#\/schema\/person\/bb147657c2986240405a608162b9bb23","name":"Ibrahima","image":{"@type":"ImageObject","@id":"https:\/\/www.nettali.com\/#personlogo","inLanguage":"fr-FR","url":"https:\/\/secure.gravatar.com\/avatar\/26a8a81f09f0dd7624c9d5c36c9ba3a2?s=96&d=mm&r=g","contentUrl":"https:\/\/secure.gravatar.com\/avatar\/26a8a81f09f0dd7624c9d5c36c9ba3a2?s=96&d=mm&r=g","caption":"Ibrahima"},"sameAs":["https:\/\/www.nettali.com"]}]}},"_links":{"self":[{"href":"https:\/\/www.nettali.com\/rest\/wp\/v2\/posts\/87930"}],"collection":[{"href":"https:\/\/www.nettali.com\/rest\/wp\/v2\/posts"}],"about":[{"href":"https:\/\/www.nettali.com\/rest\/wp\/v2\/types\/post"}],"author":[{"embeddable":true,"href":"https:\/\/www.nettali.com\/rest\/wp\/v2\/users\/5"}],"replies":[{"embeddable":true,"href":"https:\/\/www.nettali.com\/rest\/wp\/v2\/comments?post=87930"}],"version-history":[{"count":2,"href":"https:\/\/www.nettali.com\/rest\/wp\/v2\/posts\/87930\/revisions"}],"predecessor-version":[{"id":87934,"href":"https:\/\/www.nettali.com\/rest\/wp\/v2\/posts\/87930\/revisions\/87934"}],"wp:featuredmedia":[{"embeddable":true,"href":"https:\/\/www.nettali.com\/rest\/wp\/v2\/media\/87932"}],"wp:attachment":[{"href":"https:\/\/www.nettali.com\/rest\/wp\/v2\/media?parent=87930"}],"wp:term":[{"taxonomy":"category","embeddable":true,"href":"https:\/\/www.nettali.com\/rest\/wp\/v2\/categories?post=87930"},{"taxonomy":"post_tag","embeddable":true,"href":"https:\/\/www.nettali.com\/rest\/wp\/v2\/tags?post=87930"}],"curies":[{"name":"wp","href":"https:\/\/api.w.org\/{rel}","templated":true}]}}