{"id":87831,"date":"2022-06-09T09:23:15","date_gmt":"2022-06-09T09:23:15","guid":{"rendered":"https:\/\/www.nettali.com\/?p=87831"},"modified":"2022-06-09T12:02:14","modified_gmt":"2022-06-09T12:02:14","slug":"grand-yoff-larrestation-dun-chef-rebelle-pro-sonko-confirmee","status":"publish","type":"post","link":"https:\/\/www.nettali.com\/2022\/06\/09\/grand-yoff-larrestation-dun-chef-rebelle-pro-sonko-confirmee\/","title":{"rendered":"GRAND-YOFF \u2013 L\u2019arrestation d\u2019un chef rebelle pro- Sonko confirm\u00e9e"},"content":{"rendered":"<p><strong>NETTALI.COM \u2013 L\u2019arrestation d\u2019un chef rebelle du Mouvement des forces d\u00e9mocratiques de la Casamance (MFDC) est confirm\u00e9e de bonne source. L\u2019homme arr\u00eat\u00e9 \u00e0 Grand-Yoff hier, mercredi 8 juin, est soup\u00e7onn\u00e9 d\u2019\u00eatre venu \u00e0 Dakar pour pr\u00eater main forte \u00e0 Ousmane Sonko.<\/strong><\/p>\n<p>Un chef rebelle du Mouvement des forces d\u00e9mocratiques de la Casamance (MFDC), Ousmane Kakylline Diatta, qui se trouve \u00eatre le num\u00e9ro deux de Paul Alokassine, a \u00e9t\u00e9 arr\u00eat\u00e9 mercredi 9 juin par la gendarmerie nationale, \u00e0 Grand-Yoff. L\u2019information donn\u00e9e par Madiambal Diagne, pr\u00e9sent\u00e9 comme hostile \u00e0 Ousmane Sonko, n\u2019en est pas pour autant inexacte. Elle a \u00e9t\u00e9 confirm\u00e9e de bonne source par Enqu\u00eate. Selon le journal, Ousmane Kakylline Diatta serait \u00e0 Dakar pour donner un coup de pouce \u00e0 la manifestation de Yewwi Askan Wi.<\/p>\n<p>D\u2019autres arrestations de pr\u00e9sum\u00e9s membres du MFDC ont \u00e9t\u00e9 op\u00e9r\u00e9es sans que nous ne soyons en mesure de dire qu\u2019elles sont effectivement dans le coup.<\/p>\n<div class='share-to-whatsapp-wrapper'><div class='share-on-whsp'>PARTAGER SUR : <\/div><a data-text='GRAND-YOFF \u2013 L\u2019arrestation d\u2019un chef rebelle pro- Sonko confirm\u00e9e' data-link='https:\/\/www.nettali.com\/2022\/06\/09\/grand-yoff-larrestation-dun-chef-rebelle-pro-sonko-confirmee\/' class='whatsapp-button whatsapp-share'>WhatsApp<\/a><div class='clear '><\/div><\/div>","protected":false},"excerpt":{"rendered":"<p>NETTALI.COM \u2013 L\u2019arrestation d\u2019un chef rebelle du Mouvement des forces d\u00e9mocratiques de la Casamance (MFDC) est confirm\u00e9e de bonne source. L\u2019homme arr\u00eat\u00e9 \u00e0 Grand-Yoff hier, mercredi 8 juin, est soup\u00e7onn\u00e9 d\u2019\u00eatre venu \u00e0 Dakar pour pr\u00eater main forte \u00e0 Ousmane Sonko. Un chef rebelle du Mouvement des forces d\u00e9mocratiques de la Casamance (MFDC), Ousmane Kakylline [&hellip;]<\/p>\n","protected":false},"author":11,"featured_media":16631,"comment_status":"open","ping_status":"open","sticky":false,"template":"","format":"standard","meta":{"_et_pb_use_builder":"","_et_pb_old_content":""},"categories":[2],"tags":[],"yoast_head":"<!-- This site is optimized with the Yoast SEO Premium plugin v17.8 (Yoast SEO v17.8) - https:\/\/yoast.com\/wordpress\/plugins\/seo\/ -->\n<title>GRAND-YOFF \u2013 L\u2019arrestation d\u2019un chef rebelle pro- Sonko confirm\u00e9e | Nettali.com<\/title>\n<meta name=\"robots\" content=\"index, follow, max-snippet:-1, max-image-preview:large, max-video-preview:-1\" \/>\n<link rel=\"canonical\" href=\"https:\/\/www.nettali.com\/2022\/06\/09\/grand-yoff-larrestation-dun-chef-rebelle-pro-sonko-confirmee\/\" \/>\n<meta property=\"og:locale\" content=\"fr_FR\" \/>\n<meta property=\"og:type\" content=\"article\" \/>\n<meta property=\"og:title\" content=\"GRAND-YOFF \u2013 L\u2019arrestation d\u2019un chef rebelle pro- Sonko confirm\u00e9e\" \/>\n<meta property=\"og:description\" content=\"NETTALI.COM \u2013 L\u2019arrestation d\u2019un chef rebelle du Mouvement des forces d\u00e9mocratiques de la Casamance (MFDC) est confirm\u00e9e de bonne source. L\u2019homme arr\u00eat\u00e9 \u00e0 Grand-Yoff hier, mercredi 8 juin, est soup\u00e7onn\u00e9 d\u2019\u00eatre venu \u00e0 Dakar pour pr\u00eater main forte \u00e0 Ousmane Sonko. Un chef rebelle du Mouvement des forces d\u00e9mocratiques de la Casamance (MFDC), Ousmane Kakylline [&hellip;]\" \/>\n<meta property=\"og:url\" content=\"https:\/\/www.nettali.com\/2022\/06\/09\/grand-yoff-larrestation-dun-chef-rebelle-pro-sonko-confirmee\/\" \/>\n<meta property=\"og:site_name\" content=\"Nettali.com\" \/>\n<meta property=\"article:publisher\" content=\"https:\/\/www.facebook.com\/nettalicom\" \/>\n<meta property=\"article:published_time\" content=\"2022-06-09T09:23:15+00:00\" \/>\n<meta property=\"article:modified_time\" content=\"2022-06-09T12:02:14+00:00\" \/>\n<meta property=\"og:image\" content=\"https:\/\/www.nettali.com\/wp-content\/uploads\/2019\/08\/conference-presse-sonko2.jpg\" \/>\n\t<meta property=\"og:image:width\" content=\"2540\" \/>\n\t<meta property=\"og:image:height\" content=\"1206\" \/>\n<meta name=\"twitter:card\" content=\"summary_large_image\" \/>\n<meta name=\"twitter:label1\" content=\"\u00c9crit par\" \/>\n\t<meta name=\"twitter:data1\" content=\"Thierno Diop\" \/>\n\t<meta name=\"twitter:label2\" content=\"Dur\u00e9e de lecture estim\u00e9e\" \/>\n\t<meta name=\"twitter:data2\" content=\"1 minute\" \/>\n<script type=\"application\/ld+json\" class=\"yoast-schema-graph\">{\"@context\":\"https:\/\/schema.org\",\"@graph\":[{\"@type\":\"WebSite\",\"@id\":\"https:\/\/www.nettali.com\/#website\",\"url\":\"https:\/\/www.nettali.com\/\",\"name\":\"Nettali.com\",\"description\":\"Le rendez-vous critique du Net\",\"potentialAction\":[{\"@type\":\"SearchAction\",\"target\":{\"@type\":\"EntryPoint\",\"urlTemplate\":\"https:\/\/www.nettali.com\/?s={search_term_string}\"},\"query-input\":\"required name=search_term_string\"}],\"inLanguage\":\"fr-FR\"},{\"@type\":\"ImageObject\",\"@id\":\"https:\/\/www.nettali.com\/2022\/06\/09\/grand-yoff-larrestation-dun-chef-rebelle-pro-sonko-confirmee\/#primaryimage\",\"inLanguage\":\"fr-FR\",\"url\":\"https:\/\/www.nettali.com\/wp-content\/uploads\/2019\/08\/conference-presse-sonko2.jpg\",\"contentUrl\":\"https:\/\/www.nettali.com\/wp-content\/uploads\/2019\/08\/conference-presse-sonko2.jpg\",\"width\":2540,\"height\":1206},{\"@type\":\"WebPage\",\"@id\":\"https:\/\/www.nettali.com\/2022\/06\/09\/grand-yoff-larrestation-dun-chef-rebelle-pro-sonko-confirmee\/#webpage\",\"url\":\"https:\/\/www.nettali.com\/2022\/06\/09\/grand-yoff-larrestation-dun-chef-rebelle-pro-sonko-confirmee\/\",\"name\":\"GRAND-YOFF \\u2013 L\\u2019arrestation d\\u2019un chef rebelle pro- Sonko confirm\\u00e9e | Nettali.com\",\"isPartOf\":{\"@id\":\"https:\/\/www.nettali.com\/#website\"},\"primaryImageOfPage\":{\"@id\":\"https:\/\/www.nettali.com\/2022\/06\/09\/grand-yoff-larrestation-dun-chef-rebelle-pro-sonko-confirmee\/#primaryimage\"},\"datePublished\":\"2022-06-09T09:23:15+00:00\",\"dateModified\":\"2022-06-09T12:02:14+00:00\",\"author\":{\"@id\":\"https:\/\/www.nettali.com\/#\/schema\/person\/8a06c6bd7b19304cf4bf985862900b5b\"},\"breadcrumb\":{\"@id\":\"https:\/\/www.nettali.com\/2022\/06\/09\/grand-yoff-larrestation-dun-chef-rebelle-pro-sonko-confirmee\/#breadcrumb\"},\"inLanguage\":\"fr-FR\",\"potentialAction\":[{\"@type\":\"ReadAction\",\"target\":[\"https:\/\/www.nettali.com\/2022\/06\/09\/grand-yoff-larrestation-dun-chef-rebelle-pro-sonko-confirmee\/\"]}]},{\"@type\":\"BreadcrumbList\",\"@id\":\"https:\/\/www.nettali.com\/2022\/06\/09\/grand-yoff-larrestation-dun-chef-rebelle-pro-sonko-confirmee\/#breadcrumb\",\"itemListElement\":[{\"@type\":\"ListItem\",\"position\":1,\"name\":\"Accueil\",\"item\":\"https:\/\/www.nettali.com\/\"},{\"@type\":\"ListItem\",\"position\":2,\"name\":\"GRAND-YOFF \\u2013 L\\u2019arrestation d\\u2019un chef rebelle pro- Sonko confirm\\u00e9e\"}]},{\"@type\":\"Person\",\"@id\":\"https:\/\/www.nettali.com\/#\/schema\/person\/8a06c6bd7b19304cf4bf985862900b5b\",\"name\":\"Thierno Diop\",\"image\":{\"@type\":\"ImageObject\",\"@id\":\"https:\/\/www.nettali.com\/#personlogo\",\"inLanguage\":\"fr-FR\",\"url\":\"https:\/\/secure.gravatar.com\/avatar\/c8ca58550c94fd2ac856d27391a6c866?s=96&d=mm&r=g\",\"contentUrl\":\"https:\/\/secure.gravatar.com\/avatar\/c8ca58550c94fd2ac856d27391a6c866?s=96&d=mm&r=g\",\"caption\":\"Thierno Diop\"},\"sameAs\":[\"https:\/\/nettali.com\"]}]}<\/script>\n<!-- \/ Yoast SEO Premium plugin. -->","yoast_head_json":{"title":"GRAND-YOFF \u2013 L\u2019arrestation d\u2019un chef rebelle pro- Sonko confirm\u00e9e | Nettali.com","robots":{"index":"index","follow":"follow","max-snippet":"max-snippet:-1","max-image-preview":"max-image-preview:large","max-video-preview":"max-video-preview:-1"},"canonical":"https:\/\/www.nettali.com\/2022\/06\/09\/grand-yoff-larrestation-dun-chef-rebelle-pro-sonko-confirmee\/","og_locale":"fr_FR","og_type":"article","og_title":"GRAND-YOFF \u2013 L\u2019arrestation d\u2019un chef rebelle pro- Sonko confirm\u00e9e","og_description":"NETTALI.COM \u2013 L\u2019arrestation d\u2019un chef rebelle du Mouvement des forces d\u00e9mocratiques de la Casamance (MFDC) est confirm\u00e9e de bonne source. L\u2019homme arr\u00eat\u00e9 \u00e0 Grand-Yoff hier, mercredi 8 juin, est soup\u00e7onn\u00e9 d\u2019\u00eatre venu \u00e0 Dakar pour pr\u00eater main forte \u00e0 Ousmane Sonko. Un chef rebelle du Mouvement des forces d\u00e9mocratiques de la Casamance (MFDC), Ousmane Kakylline [&hellip;]","og_url":"https:\/\/www.nettali.com\/2022\/06\/09\/grand-yoff-larrestation-dun-chef-rebelle-pro-sonko-confirmee\/","og_site_name":"Nettali.com","article_publisher":"https:\/\/www.facebook.com\/nettalicom","article_published_time":"2022-06-09T09:23:15+00:00","article_modified_time":"2022-06-09T12:02:14+00:00","og_image":[{"width":2540,"height":1206,"url":"https:\/\/www.nettali.com\/wp-content\/uploads\/2019\/08\/conference-presse-sonko2.jpg","type":"image\/jpeg"}],"twitter_card":"summary_large_image","twitter_misc":{"\u00c9crit par":"Thierno Diop","Dur\u00e9e de lecture estim\u00e9e":"1 minute"},"schema":{"@context":"https:\/\/schema.org","@graph":[{"@type":"WebSite","@id":"https:\/\/www.nettali.com\/#website","url":"https:\/\/www.nettali.com\/","name":"Nettali.com","description":"Le rendez-vous critique du Net","potentialAction":[{"@type":"SearchAction","target":{"@type":"EntryPoint","urlTemplate":"https:\/\/www.nettali.com\/?s={search_term_string}"},"query-input":"required name=search_term_string"}],"inLanguage":"fr-FR"},{"@type":"ImageObject","@id":"https:\/\/www.nettali.com\/2022\/06\/09\/grand-yoff-larrestation-dun-chef-rebelle-pro-sonko-confirmee\/#primaryimage","inLanguage":"fr-FR","url":"https:\/\/www.nettali.com\/wp-content\/uploads\/2019\/08\/conference-presse-sonko2.jpg","contentUrl":"https:\/\/www.nettali.com\/wp-content\/uploads\/2019\/08\/conference-presse-sonko2.jpg","width":2540,"height":1206},{"@type":"WebPage","@id":"https:\/\/www.nettali.com\/2022\/06\/09\/grand-yoff-larrestation-dun-chef-rebelle-pro-sonko-confirmee\/#webpage","url":"https:\/\/www.nettali.com\/2022\/06\/09\/grand-yoff-larrestation-dun-chef-rebelle-pro-sonko-confirmee\/","name":"GRAND-YOFF \u2013 L\u2019arrestation d\u2019un chef rebelle pro- Sonko confirm\u00e9e | Nettali.com","isPartOf":{"@id":"https:\/\/www.nettali.com\/#website"},"primaryImageOfPage":{"@id":"https:\/\/www.nettali.com\/2022\/06\/09\/grand-yoff-larrestation-dun-chef-rebelle-pro-sonko-confirmee\/#primaryimage"},"datePublished":"2022-06-09T09:23:15+00:00","dateModified":"2022-06-09T12:02:14+00:00","author":{"@id":"https:\/\/www.nettali.com\/#\/schema\/person\/8a06c6bd7b19304cf4bf985862900b5b"},"breadcrumb":{"@id":"https:\/\/www.nettali.com\/2022\/06\/09\/grand-yoff-larrestation-dun-chef-rebelle-pro-sonko-confirmee\/#breadcrumb"},"inLanguage":"fr-FR","potentialAction":[{"@type":"ReadAction","target":["https:\/\/www.nettali.com\/2022\/06\/09\/grand-yoff-larrestation-dun-chef-rebelle-pro-sonko-confirmee\/"]}]},{"@type":"BreadcrumbList","@id":"https:\/\/www.nettali.com\/2022\/06\/09\/grand-yoff-larrestation-dun-chef-rebelle-pro-sonko-confirmee\/#breadcrumb","itemListElement":[{"@type":"ListItem","position":1,"name":"Accueil","item":"https:\/\/www.nettali.com\/"},{"@type":"ListItem","position":2,"name":"GRAND-YOFF \u2013 L\u2019arrestation d\u2019un chef rebelle pro- Sonko confirm\u00e9e"}]},{"@type":"Person","@id":"https:\/\/www.nettali.com\/#\/schema\/person\/8a06c6bd7b19304cf4bf985862900b5b","name":"Thierno Diop","image":{"@type":"ImageObject","@id":"https:\/\/www.nettali.com\/#personlogo","inLanguage":"fr-FR","url":"https:\/\/secure.gravatar.com\/avatar\/c8ca58550c94fd2ac856d27391a6c866?s=96&d=mm&r=g","contentUrl":"https:\/\/secure.gravatar.com\/avatar\/c8ca58550c94fd2ac856d27391a6c866?s=96&d=mm&r=g","caption":"Thierno Diop"},"sameAs":["https:\/\/nettali.com"]}]}},"_links":{"self":[{"href":"https:\/\/www.nettali.com\/rest\/wp\/v2\/posts\/87831"}],"collection":[{"href":"https:\/\/www.nettali.com\/rest\/wp\/v2\/posts"}],"about":[{"href":"https:\/\/www.nettali.com\/rest\/wp\/v2\/types\/post"}],"author":[{"embeddable":true,"href":"https:\/\/www.nettali.com\/rest\/wp\/v2\/users\/11"}],"replies":[{"embeddable":true,"href":"https:\/\/www.nettali.com\/rest\/wp\/v2\/comments?post=87831"}],"version-history":[{"count":4,"href":"https:\/\/www.nettali.com\/rest\/wp\/v2\/posts\/87831\/revisions"}],"predecessor-version":[{"id":87849,"href":"https:\/\/www.nettali.com\/rest\/wp\/v2\/posts\/87831\/revisions\/87849"}],"wp:featuredmedia":[{"embeddable":true,"href":"https:\/\/www.nettali.com\/rest\/wp\/v2\/media\/16631"}],"wp:attachment":[{"href":"https:\/\/www.nettali.com\/rest\/wp\/v2\/media?parent=87831"}],"wp:term":[{"taxonomy":"category","embeddable":true,"href":"https:\/\/www.nettali.com\/rest\/wp\/v2\/categories?post=87831"},{"taxonomy":"post_tag","embeddable":true,"href":"https:\/\/www.nettali.com\/rest\/wp\/v2\/tags?post=87831"}],"curies":[{"name":"wp","href":"https:\/\/api.w.org\/{rel}","templated":true}]}}