{"id":87828,"date":"2022-06-09T08:42:00","date_gmt":"2022-06-09T08:42:00","guid":{"rendered":"https:\/\/www.nettali.com\/?p=87828"},"modified":"2022-06-09T08:42:00","modified_gmt":"2022-06-09T08:42:00","slug":"coupe-du-monde-2022-le-premier-adversaire-du-senegal-pourrait-etre-exclu","status":"publish","type":"post","link":"https:\/\/www.nettali.com\/2022\/06\/09\/coupe-du-monde-2022-le-premier-adversaire-du-senegal-pourrait-etre-exclu\/","title":{"rendered":"COUPE DU MONDE 2022 - Le premier adversaire du S\u00e9n\u00e9gal pourrait \u00eatre exclu"},"content":{"rendered":"<p><strong>NETTALI.COM\u00a0 - La menace d\u2019une exclusion de la Coupe du monde 2022 plane s\u00e9rieusement sur l\u2019Equateur, accus\u00e9 d\u2019avoir align\u00e9 un joueur colombien dans les rangs de son \u00e9quipe. L'Equateur partage le m\u00eame groupe que les \"Lions\" du S\u00e9n\u00e9gal.\u00a0<\/strong><\/p>\n<p><span style=\"font-size: 16px;\">L\u2019ombre d\u2019un scandale plane \u00e0 cinq mois du coup d\u2019envoi de la\u00a0Coupe du monde\u00a02022 au Qatar (du 21 novembre au 18 d\u00e9cembre). L\u2019Equateur pourrait \u00eatre exclu de la comp\u00e9tition pour laquelle la s\u00e9lection s\u2019est qualifi\u00e9e en terminant \u00e0 l\u2019une des quatre premi\u00e8res places de la Zone Am\u00e9rique du Sud.<\/span><\/p>\n<p><span style=\"font-size: 16px;\">Mais en mai, le Chili a d\u00e9pos\u00e9 une plainte dans laquelle il assurait que le joueur Byron Castillo n\u2019\u00e9tait pas \u00e9quatorien mais colombien. L\u2019avocat chilien, Eduardo Carlezzo, a tenu une conf\u00e9rence de presse mardi lors de laquelle il a divulgu\u00e9 deux documents prouvant, selon lui, la vraie nationalit\u00e9 de Castillo. <\/span><span style=\"font-size: 16px;\">Il a ainsi pr\u00e9sent\u00e9 un acte de bapt\u00eame dat\u00e9 du 1er juin 2022 indiquant la date du bapt\u00eame du joueur le 25 d\u00e9cembre 1996 dans le dioc\u00e8se de Tumaco (Nari\u00f1o, Colombie). Le deuxi\u00e8me document correspond \u00e0 l'enregistrement de Byron Castillo dans les fichiers de la sant\u00e9 publique colombienne. Le joueur figure ainsi dans \"<em>la base de donn\u00e9es des affili\u00e9s au syst\u00e8me de s\u00e9curit\u00e9 sociale en sant\u00e9<\/em>\" au sein du d\u00e9partement de Nari\u00f1o, dans la municipalit\u00e9 de Tumaco. Selon la d\u00e9fense chilienne, le d\u00e9fenseur \"<em>jouit des avantages et des garanties d'\u00eatre un citoyen colombien<\/em>\".<\/span><\/p>\n<p class=\"subheading\"><strong><span style=\"font-size: 16px;\">Verdict le vendredi 10 juin<\/span><\/strong><\/p>\n<p><span style=\"font-size: 16px;\">Ces deux documents seraient en possession de la Fifa qui \u00e9tudie avec int\u00e9r\u00eat ce dossier. La F\u00e9d\u00e9ration \u00e9quatorienne se serait d\u00e9j\u00e0 d\u00e9fendue et justifi\u00e9e aupr\u00e8s de l\u2019instance internationale avant le verdict final qui tombera dans les prochaines heures. Selon Marca, la d\u00e9cision sera en effet rendue vendredi (10 juin). En cas d'exclusion, le flou persiste sur la nation qui pourrait remplacer l'Equateur. En portant plainte, le Chili (7e des qualifs) esp\u00e8re r\u00e9cup\u00e9rer les points perdus face \u00e0 la \"Tri\" lors des \u00e9liminatoires et se qualifier ainsi pour le Mondial. L'espoir semble plus mince pour la Colombie, 5e, puisque Castillo n'a pas jou\u00e9 lors des deux rencontres face aux Cafeteros.<\/span><\/p>\n<p><span style=\"font-size: 16px;\">L\u2019Equateur figure dans le groupe A avec la Qatar, pays organisateur, le S\u00e9n\u00e9gal et les Pays-Bas. Le pays doit participer au quatri\u00e8me mondial de son histoire et doit affronter le S\u00e9n\u00e9gal pour son premier match de la comp\u00e9tition, le 21 novembre. Mais tout cela est actuellement en suspens.<\/span><\/p>\n<p style=\"text-align: right;\"><strong>(Source : Rmcsport)<\/strong><\/p>\n<div class='share-to-whatsapp-wrapper'><div class='share-on-whsp'>PARTAGER SUR : <\/div><a data-text='COUPE DU MONDE 2022 - Le premier adversaire du S\u00e9n\u00e9gal pourrait \u00eatre exclu' data-link='https:\/\/www.nettali.com\/2022\/06\/09\/coupe-du-monde-2022-le-premier-adversaire-du-senegal-pourrait-etre-exclu\/' class='whatsapp-button whatsapp-share'>WhatsApp<\/a><div class='clear '><\/div><\/div>","protected":false},"excerpt":{"rendered":"<p>NETTALI.COM\u00a0 - La menace d\u2019une exclusion de la Coupe du monde 2022 plane s\u00e9rieusement sur l\u2019Equateur, accus\u00e9 d\u2019avoir align\u00e9 un joueur colombien dans les rangs de son \u00e9quipe. L'Equateur partage le m\u00eame groupe que les \"Lions\" du S\u00e9n\u00e9gal.\u00a0 L\u2019ombre d\u2019un scandale plane \u00e0 cinq mois du coup d\u2019envoi de la\u00a0Coupe du monde\u00a02022 au Qatar (du [&hellip;]<\/p>\n","protected":false},"author":3,"featured_media":87829,"comment_status":"open","ping_status":"open","sticky":false,"template":"","format":"standard","meta":{"_et_pb_use_builder":"","_et_pb_old_content":""},"categories":[6],"tags":[],"yoast_head":"<!-- This site is optimized with the Yoast SEO Premium plugin v17.8 (Yoast SEO v17.8) - https:\/\/yoast.com\/wordpress\/plugins\/seo\/ -->\n<title>COUPE DU MONDE 2022 - Le premier adversaire du S\u00e9n\u00e9gal pourrait \u00eatre exclu | Nettali.com<\/title>\n<meta name=\"robots\" content=\"index, follow, max-snippet:-1, max-image-preview:large, max-video-preview:-1\" \/>\n<link rel=\"canonical\" href=\"https:\/\/www.nettali.com\/2022\/06\/09\/coupe-du-monde-2022-le-premier-adversaire-du-senegal-pourrait-etre-exclu\/\" \/>\n<meta property=\"og:locale\" content=\"fr_FR\" \/>\n<meta property=\"og:type\" content=\"article\" \/>\n<meta property=\"og:title\" content=\"COUPE DU MONDE 2022 - Le premier adversaire du S\u00e9n\u00e9gal pourrait \u00eatre exclu\" \/>\n<meta property=\"og:description\" content=\"NETTALI.COM\u00a0 - La menace d\u2019une exclusion de la Coupe du monde 2022 plane s\u00e9rieusement sur l\u2019Equateur, accus\u00e9 d\u2019avoir align\u00e9 un joueur colombien dans les rangs de son \u00e9quipe. L&#039;Equateur partage le m\u00eame groupe que les &quot;Lions&quot; du S\u00e9n\u00e9gal.\u00a0 L\u2019ombre d\u2019un scandale plane \u00e0 cinq mois du coup d\u2019envoi de la\u00a0Coupe du monde\u00a02022 au Qatar (du [&hellip;]\" \/>\n<meta property=\"og:url\" content=\"https:\/\/www.nettali.com\/2022\/06\/09\/coupe-du-monde-2022-le-premier-adversaire-du-senegal-pourrait-etre-exclu\/\" \/>\n<meta property=\"og:site_name\" content=\"Nettali.com\" \/>\n<meta property=\"article:publisher\" content=\"https:\/\/www.facebook.com\/nettalicom\" \/>\n<meta property=\"article:published_time\" content=\"2022-06-09T08:42:00+00:00\" \/>\n<meta property=\"og:image\" content=\"https:\/\/www.nettali.com\/wp-content\/uploads\/2022\/06\/fcfa3daf72.jpg\" \/>\n\t<meta property=\"og:image:width\" content=\"730\" \/>\n\t<meta property=\"og:image:height\" content=\"500\" \/>\n<meta name=\"twitter:card\" content=\"summary_large_image\" \/>\n<meta name=\"twitter:label1\" content=\"\u00c9crit par\" \/>\n\t<meta name=\"twitter:data1\" content=\"Moustapha\" \/>\n\t<meta name=\"twitter:label2\" content=\"Dur\u00e9e de lecture estim\u00e9e\" \/>\n\t<meta name=\"twitter:data2\" content=\"3 minutes\" \/>\n<script type=\"application\/ld+json\" class=\"yoast-schema-graph\">{\"@context\":\"https:\/\/schema.org\",\"@graph\":[{\"@type\":\"WebSite\",\"@id\":\"https:\/\/www.nettali.com\/#website\",\"url\":\"https:\/\/www.nettali.com\/\",\"name\":\"Nettali.com\",\"description\":\"Le rendez-vous critique du Net\",\"potentialAction\":[{\"@type\":\"SearchAction\",\"target\":{\"@type\":\"EntryPoint\",\"urlTemplate\":\"https:\/\/www.nettali.com\/?s={search_term_string}\"},\"query-input\":\"required name=search_term_string\"}],\"inLanguage\":\"fr-FR\"},{\"@type\":\"ImageObject\",\"@id\":\"https:\/\/www.nettali.com\/2022\/06\/09\/coupe-du-monde-2022-le-premier-adversaire-du-senegal-pourrait-etre-exclu\/#primaryimage\",\"inLanguage\":\"fr-FR\",\"url\":\"https:\/\/www.nettali.com\/wp-content\/uploads\/2022\/06\/fcfa3daf72.jpg\",\"contentUrl\":\"https:\/\/www.nettali.com\/wp-content\/uploads\/2022\/06\/fcfa3daf72.jpg\",\"width\":730,\"height\":500},{\"@type\":\"WebPage\",\"@id\":\"https:\/\/www.nettali.com\/2022\/06\/09\/coupe-du-monde-2022-le-premier-adversaire-du-senegal-pourrait-etre-exclu\/#webpage\",\"url\":\"https:\/\/www.nettali.com\/2022\/06\/09\/coupe-du-monde-2022-le-premier-adversaire-du-senegal-pourrait-etre-exclu\/\",\"name\":\"COUPE DU MONDE 2022 - Le premier adversaire du S\\u00e9n\\u00e9gal pourrait \\u00eatre exclu | Nettali.com\",\"isPartOf\":{\"@id\":\"https:\/\/www.nettali.com\/#website\"},\"primaryImageOfPage\":{\"@id\":\"https:\/\/www.nettali.com\/2022\/06\/09\/coupe-du-monde-2022-le-premier-adversaire-du-senegal-pourrait-etre-exclu\/#primaryimage\"},\"datePublished\":\"2022-06-09T08:42:00+00:00\",\"dateModified\":\"2022-06-09T08:42:00+00:00\",\"author\":{\"@id\":\"https:\/\/www.nettali.com\/#\/schema\/person\/7962a12a6e0267f88f0ffa544c36469a\"},\"breadcrumb\":{\"@id\":\"https:\/\/www.nettali.com\/2022\/06\/09\/coupe-du-monde-2022-le-premier-adversaire-du-senegal-pourrait-etre-exclu\/#breadcrumb\"},\"inLanguage\":\"fr-FR\",\"potentialAction\":[{\"@type\":\"ReadAction\",\"target\":[\"https:\/\/www.nettali.com\/2022\/06\/09\/coupe-du-monde-2022-le-premier-adversaire-du-senegal-pourrait-etre-exclu\/\"]}]},{\"@type\":\"BreadcrumbList\",\"@id\":\"https:\/\/www.nettali.com\/2022\/06\/09\/coupe-du-monde-2022-le-premier-adversaire-du-senegal-pourrait-etre-exclu\/#breadcrumb\",\"itemListElement\":[{\"@type\":\"ListItem\",\"position\":1,\"name\":\"Accueil\",\"item\":\"https:\/\/www.nettali.com\/\"},{\"@type\":\"ListItem\",\"position\":2,\"name\":\"COUPE DU MONDE 2022 - Le premier adversaire du S\\u00e9n\\u00e9gal pourrait \\u00eatre exclu\"}]},{\"@type\":\"Person\",\"@id\":\"https:\/\/www.nettali.com\/#\/schema\/person\/7962a12a6e0267f88f0ffa544c36469a\",\"name\":\"Moustapha\",\"image\":{\"@type\":\"ImageObject\",\"@id\":\"https:\/\/www.nettali.com\/#personlogo\",\"inLanguage\":\"fr-FR\",\"url\":\"https:\/\/secure.gravatar.com\/avatar\/10fdf6a071cccdcf374e3dbe45159590?s=96&d=mm&r=g\",\"contentUrl\":\"https:\/\/secure.gravatar.com\/avatar\/10fdf6a071cccdcf374e3dbe45159590?s=96&d=mm&r=g\",\"caption\":\"Moustapha\"},\"sameAs\":[\"https:\/\/www.nettali.com\"]}]}<\/script>\n<!-- \/ Yoast SEO Premium plugin. -->","yoast_head_json":{"title":"COUPE DU MONDE 2022 - Le premier adversaire du S\u00e9n\u00e9gal pourrait \u00eatre exclu | Nettali.com","robots":{"index":"index","follow":"follow","max-snippet":"max-snippet:-1","max-image-preview":"max-image-preview:large","max-video-preview":"max-video-preview:-1"},"canonical":"https:\/\/www.nettali.com\/2022\/06\/09\/coupe-du-monde-2022-le-premier-adversaire-du-senegal-pourrait-etre-exclu\/","og_locale":"fr_FR","og_type":"article","og_title":"COUPE DU MONDE 2022 - Le premier adversaire du S\u00e9n\u00e9gal pourrait \u00eatre exclu","og_description":"NETTALI.COM\u00a0 - La menace d\u2019une exclusion de la Coupe du monde 2022 plane s\u00e9rieusement sur l\u2019Equateur, accus\u00e9 d\u2019avoir align\u00e9 un joueur colombien dans les rangs de son \u00e9quipe. L'Equateur partage le m\u00eame groupe que les \"Lions\" du S\u00e9n\u00e9gal.\u00a0 L\u2019ombre d\u2019un scandale plane \u00e0 cinq mois du coup d\u2019envoi de la\u00a0Coupe du monde\u00a02022 au Qatar (du [&hellip;]","og_url":"https:\/\/www.nettali.com\/2022\/06\/09\/coupe-du-monde-2022-le-premier-adversaire-du-senegal-pourrait-etre-exclu\/","og_site_name":"Nettali.com","article_publisher":"https:\/\/www.facebook.com\/nettalicom","article_published_time":"2022-06-09T08:42:00+00:00","og_image":[{"width":730,"height":500,"url":"https:\/\/www.nettali.com\/wp-content\/uploads\/2022\/06\/fcfa3daf72.jpg","type":"image\/jpeg"}],"twitter_card":"summary_large_image","twitter_misc":{"\u00c9crit par":"Moustapha","Dur\u00e9e de lecture estim\u00e9e":"3 minutes"},"schema":{"@context":"https:\/\/schema.org","@graph":[{"@type":"WebSite","@id":"https:\/\/www.nettali.com\/#website","url":"https:\/\/www.nettali.com\/","name":"Nettali.com","description":"Le rendez-vous critique du Net","potentialAction":[{"@type":"SearchAction","target":{"@type":"EntryPoint","urlTemplate":"https:\/\/www.nettali.com\/?s={search_term_string}"},"query-input":"required name=search_term_string"}],"inLanguage":"fr-FR"},{"@type":"ImageObject","@id":"https:\/\/www.nettali.com\/2022\/06\/09\/coupe-du-monde-2022-le-premier-adversaire-du-senegal-pourrait-etre-exclu\/#primaryimage","inLanguage":"fr-FR","url":"https:\/\/www.nettali.com\/wp-content\/uploads\/2022\/06\/fcfa3daf72.jpg","contentUrl":"https:\/\/www.nettali.com\/wp-content\/uploads\/2022\/06\/fcfa3daf72.jpg","width":730,"height":500},{"@type":"WebPage","@id":"https:\/\/www.nettali.com\/2022\/06\/09\/coupe-du-monde-2022-le-premier-adversaire-du-senegal-pourrait-etre-exclu\/#webpage","url":"https:\/\/www.nettali.com\/2022\/06\/09\/coupe-du-monde-2022-le-premier-adversaire-du-senegal-pourrait-etre-exclu\/","name":"COUPE DU MONDE 2022 - Le premier adversaire du S\u00e9n\u00e9gal pourrait \u00eatre exclu | Nettali.com","isPartOf":{"@id":"https:\/\/www.nettali.com\/#website"},"primaryImageOfPage":{"@id":"https:\/\/www.nettali.com\/2022\/06\/09\/coupe-du-monde-2022-le-premier-adversaire-du-senegal-pourrait-etre-exclu\/#primaryimage"},"datePublished":"2022-06-09T08:42:00+00:00","dateModified":"2022-06-09T08:42:00+00:00","author":{"@id":"https:\/\/www.nettali.com\/#\/schema\/person\/7962a12a6e0267f88f0ffa544c36469a"},"breadcrumb":{"@id":"https:\/\/www.nettali.com\/2022\/06\/09\/coupe-du-monde-2022-le-premier-adversaire-du-senegal-pourrait-etre-exclu\/#breadcrumb"},"inLanguage":"fr-FR","potentialAction":[{"@type":"ReadAction","target":["https:\/\/www.nettali.com\/2022\/06\/09\/coupe-du-monde-2022-le-premier-adversaire-du-senegal-pourrait-etre-exclu\/"]}]},{"@type":"BreadcrumbList","@id":"https:\/\/www.nettali.com\/2022\/06\/09\/coupe-du-monde-2022-le-premier-adversaire-du-senegal-pourrait-etre-exclu\/#breadcrumb","itemListElement":[{"@type":"ListItem","position":1,"name":"Accueil","item":"https:\/\/www.nettali.com\/"},{"@type":"ListItem","position":2,"name":"COUPE DU MONDE 2022 - Le premier adversaire du S\u00e9n\u00e9gal pourrait \u00eatre exclu"}]},{"@type":"Person","@id":"https:\/\/www.nettali.com\/#\/schema\/person\/7962a12a6e0267f88f0ffa544c36469a","name":"Moustapha","image":{"@type":"ImageObject","@id":"https:\/\/www.nettali.com\/#personlogo","inLanguage":"fr-FR","url":"https:\/\/secure.gravatar.com\/avatar\/10fdf6a071cccdcf374e3dbe45159590?s=96&d=mm&r=g","contentUrl":"https:\/\/secure.gravatar.com\/avatar\/10fdf6a071cccdcf374e3dbe45159590?s=96&d=mm&r=g","caption":"Moustapha"},"sameAs":["https:\/\/www.nettali.com"]}]}},"_links":{"self":[{"href":"https:\/\/www.nettali.com\/rest\/wp\/v2\/posts\/87828"}],"collection":[{"href":"https:\/\/www.nettali.com\/rest\/wp\/v2\/posts"}],"about":[{"href":"https:\/\/www.nettali.com\/rest\/wp\/v2\/types\/post"}],"author":[{"embeddable":true,"href":"https:\/\/www.nettali.com\/rest\/wp\/v2\/users\/3"}],"replies":[{"embeddable":true,"href":"https:\/\/www.nettali.com\/rest\/wp\/v2\/comments?post=87828"}],"version-history":[{"count":1,"href":"https:\/\/www.nettali.com\/rest\/wp\/v2\/posts\/87828\/revisions"}],"predecessor-version":[{"id":87830,"href":"https:\/\/www.nettali.com\/rest\/wp\/v2\/posts\/87828\/revisions\/87830"}],"wp:featuredmedia":[{"embeddable":true,"href":"https:\/\/www.nettali.com\/rest\/wp\/v2\/media\/87829"}],"wp:attachment":[{"href":"https:\/\/www.nettali.com\/rest\/wp\/v2\/media?parent=87828"}],"wp:term":[{"taxonomy":"category","embeddable":true,"href":"https:\/\/www.nettali.com\/rest\/wp\/v2\/categories?post=87828"},{"taxonomy":"post_tag","embeddable":true,"href":"https:\/\/www.nettali.com\/rest\/wp\/v2\/tags?post=87828"}],"curies":[{"name":"wp","href":"https:\/\/api.w.org\/{rel}","templated":true}]}}