{"id":87800,"date":"2022-06-08T19:52:29","date_gmt":"2022-06-08T19:52:29","guid":{"rendered":"https:\/\/www.nettali.com\/?p=87800"},"modified":"2022-06-10T07:38:02","modified_gmt":"2022-06-10T07:38:02","slug":"nettali-tv-assane-diouf-fortement-acclame","status":"publish","type":"post","link":"https:\/\/www.nettali.com\/2022\/06\/08\/nettali-tv-assane-diouf-fortement-acclame\/","title":{"rendered":"NETTALI TV - Assane Diouf fortement acclam\u00e9"},"content":{"rendered":"<p><strong>NETTALI.COM -<\/strong> Pr\u00e9sent \u00e0 la manifestation de la Coalition Yeewi Askan WI, l'activiste Assane Diouf a pris la parole pour galvaniser la foule r\u00e9unie \u00e0 la Place de l'Ob\u00e9lisque. Aussi, a-t-il demand\u00e9 aux manifestants de ne pas c\u00e9der \u00e0 l'interdiction des manifestations. Pour l'activiste rapatri\u00e9 des Etats Unis, il aurait juste suffi qu'il demand\u00e2t aux jeunes de sortir dans la rue, que ceux qui sont post\u00e9s devant (ndlr- forces de s\u00e9curit\u00e9) n'y pourraient rien. Diouf n'a pas dit que cela puisqu'il a scand\u00e9 des slogans tels : \"C'est par force que YAW participera aux \u00e9lections\", \"Antoine Diome doit d\u00e9missionner par force\", \"Non au 3\u00e8me mandat\". Regardez...<\/p>\n<p><iframe loading=\"lazy\" title=\"YouTube video player\" src=\"https:\/\/www.youtube.com\/embed\/6xG11tOZmnE\" width=\"560\" height=\"315\" frameborder=\"0\" allowfullscreen=\"allowfullscreen\"><\/iframe><\/p>\n<div class='share-to-whatsapp-wrapper'><div class='share-on-whsp'>PARTAGER SUR : <\/div><a data-text='NETTALI TV - Assane Diouf fortement acclam\u00e9' data-link='https:\/\/www.nettali.com\/2022\/06\/08\/nettali-tv-assane-diouf-fortement-acclame\/' class='whatsapp-button whatsapp-share'>WhatsApp<\/a><div class='clear '><\/div><\/div>","protected":false},"excerpt":{"rendered":"<p>NETTALI.COM - Pr\u00e9sent \u00e0 la manifestation de la Coalition Yeewi Askan WI, l'activiste Assane Diouf a pris la parole pour galvaniser la foule r\u00e9unie \u00e0 la Place de l'Ob\u00e9lisque. Aussi, a-t-il demand\u00e9 aux manifestants de ne pas c\u00e9der \u00e0 l'interdiction des manifestations. Pour l'activiste rapatri\u00e9 des Etats Unis, il aurait juste suffi qu'il demand\u00e2t aux [&hellip;]<\/p>\n","protected":false},"author":2,"featured_media":87784,"comment_status":"open","ping_status":"open","sticky":false,"template":"","format":"standard","meta":{"_et_pb_use_builder":"","_et_pb_old_content":""},"categories":[34941,2,15],"tags":[],"yoast_head":"<!-- This site is optimized with the Yoast SEO Premium plugin v17.8 (Yoast SEO v17.8) - https:\/\/yoast.com\/wordpress\/plugins\/seo\/ -->\n<title>NETTALI TV - Assane Diouf fortement acclam\u00e9 | Nettali.com<\/title>\n<meta name=\"robots\" content=\"index, follow, max-snippet:-1, max-image-preview:large, max-video-preview:-1\" \/>\n<link rel=\"canonical\" href=\"https:\/\/www.nettali.com\/2022\/06\/08\/nettali-tv-assane-diouf-fortement-acclame\/\" \/>\n<meta property=\"og:locale\" content=\"fr_FR\" \/>\n<meta property=\"og:type\" content=\"article\" \/>\n<meta property=\"og:title\" content=\"NETTALI TV - Assane Diouf fortement acclam\u00e9\" \/>\n<meta property=\"og:description\" content=\"NETTALI.COM - Pr\u00e9sent \u00e0 la manifestation de la Coalition Yeewi Askan WI, l&#039;activiste Assane Diouf a pris la parole pour galvaniser la foule r\u00e9unie \u00e0 la Place de l&#039;Ob\u00e9lisque. Aussi, a-t-il demand\u00e9 aux manifestants de ne pas c\u00e9der \u00e0 l&#039;interdiction des manifestations. Pour l&#039;activiste rapatri\u00e9 des Etats Unis, il aurait juste suffi qu&#039;il demand\u00e2t aux [&hellip;]\" \/>\n<meta property=\"og:url\" content=\"https:\/\/www.nettali.com\/2022\/06\/08\/nettali-tv-assane-diouf-fortement-acclame\/\" \/>\n<meta property=\"og:site_name\" content=\"Nettali.com\" \/>\n<meta property=\"article:publisher\" content=\"https:\/\/www.facebook.com\/nettalicom\" \/>\n<meta property=\"article:published_time\" content=\"2022-06-08T19:52:29+00:00\" \/>\n<meta property=\"article:modified_time\" content=\"2022-06-10T07:38:02+00:00\" \/>\n<meta property=\"og:image\" content=\"https:\/\/www.nettali.com\/wp-content\/uploads\/2022\/06\/manif-askan-wi-6.jpeg\" \/>\n\t<meta property=\"og:image:width\" content=\"992\" \/>\n\t<meta property=\"og:image:height\" content=\"744\" \/>\n<meta name=\"twitter:card\" content=\"summary_large_image\" \/>\n<meta name=\"twitter:label1\" content=\"\u00c9crit par\" \/>\n\t<meta name=\"twitter:data1\" content=\"CK\" \/>\n\t<meta name=\"twitter:label2\" content=\"Dur\u00e9e de lecture estim\u00e9e\" \/>\n\t<meta name=\"twitter:data2\" content=\"1 minute\" \/>\n<script type=\"application\/ld+json\" class=\"yoast-schema-graph\">{\"@context\":\"https:\/\/schema.org\",\"@graph\":[{\"@type\":\"WebSite\",\"@id\":\"https:\/\/www.nettali.com\/#website\",\"url\":\"https:\/\/www.nettali.com\/\",\"name\":\"Nettali.com\",\"description\":\"Le rendez-vous critique du Net\",\"potentialAction\":[{\"@type\":\"SearchAction\",\"target\":{\"@type\":\"EntryPoint\",\"urlTemplate\":\"https:\/\/www.nettali.com\/?s={search_term_string}\"},\"query-input\":\"required name=search_term_string\"}],\"inLanguage\":\"fr-FR\"},{\"@type\":\"ImageObject\",\"@id\":\"https:\/\/www.nettali.com\/2022\/06\/08\/nettali-tv-assane-diouf-fortement-acclame\/#primaryimage\",\"inLanguage\":\"fr-FR\",\"url\":\"https:\/\/www.nettali.com\/wp-content\/uploads\/2022\/06\/manif-askan-wi-6.jpeg\",\"contentUrl\":\"https:\/\/www.nettali.com\/wp-content\/uploads\/2022\/06\/manif-askan-wi-6.jpeg\",\"width\":992,\"height\":744},{\"@type\":\"WebPage\",\"@id\":\"https:\/\/www.nettali.com\/2022\/06\/08\/nettali-tv-assane-diouf-fortement-acclame\/#webpage\",\"url\":\"https:\/\/www.nettali.com\/2022\/06\/08\/nettali-tv-assane-diouf-fortement-acclame\/\",\"name\":\"NETTALI TV - Assane Diouf fortement acclam\\u00e9 | Nettali.com\",\"isPartOf\":{\"@id\":\"https:\/\/www.nettali.com\/#website\"},\"primaryImageOfPage\":{\"@id\":\"https:\/\/www.nettali.com\/2022\/06\/08\/nettali-tv-assane-diouf-fortement-acclame\/#primaryimage\"},\"datePublished\":\"2022-06-08T19:52:29+00:00\",\"dateModified\":\"2022-06-10T07:38:02+00:00\",\"author\":{\"@id\":\"https:\/\/www.nettali.com\/#\/schema\/person\/d8ac7b7e27ddad43f1c0d2ef090d7f71\"},\"breadcrumb\":{\"@id\":\"https:\/\/www.nettali.com\/2022\/06\/08\/nettali-tv-assane-diouf-fortement-acclame\/#breadcrumb\"},\"inLanguage\":\"fr-FR\",\"potentialAction\":[{\"@type\":\"ReadAction\",\"target\":[\"https:\/\/www.nettali.com\/2022\/06\/08\/nettali-tv-assane-diouf-fortement-acclame\/\"]}]},{\"@type\":\"BreadcrumbList\",\"@id\":\"https:\/\/www.nettali.com\/2022\/06\/08\/nettali-tv-assane-diouf-fortement-acclame\/#breadcrumb\",\"itemListElement\":[{\"@type\":\"ListItem\",\"position\":1,\"name\":\"Accueil\",\"item\":\"https:\/\/www.nettali.com\/\"},{\"@type\":\"ListItem\",\"position\":2,\"name\":\"NETTALI TV - Assane Diouf fortement acclam\\u00e9\"}]},{\"@type\":\"Person\",\"@id\":\"https:\/\/www.nettali.com\/#\/schema\/person\/d8ac7b7e27ddad43f1c0d2ef090d7f71\",\"name\":\"CK\",\"image\":{\"@type\":\"ImageObject\",\"@id\":\"https:\/\/www.nettali.com\/#personlogo\",\"inLanguage\":\"fr-FR\",\"url\":\"https:\/\/secure.gravatar.com\/avatar\/1d8d5118b9327d94da7cd4ce7f17fec2?s=96&d=mm&r=g\",\"contentUrl\":\"https:\/\/secure.gravatar.com\/avatar\/1d8d5118b9327d94da7cd4ce7f17fec2?s=96&d=mm&r=g\",\"caption\":\"CK\"},\"sameAs\":[\"https:\/\/www.nettali.com\"]}]}<\/script>\n<!-- \/ Yoast SEO Premium plugin. -->","yoast_head_json":{"title":"NETTALI TV - Assane Diouf fortement acclam\u00e9 | Nettali.com","robots":{"index":"index","follow":"follow","max-snippet":"max-snippet:-1","max-image-preview":"max-image-preview:large","max-video-preview":"max-video-preview:-1"},"canonical":"https:\/\/www.nettali.com\/2022\/06\/08\/nettali-tv-assane-diouf-fortement-acclame\/","og_locale":"fr_FR","og_type":"article","og_title":"NETTALI TV - Assane Diouf fortement acclam\u00e9","og_description":"NETTALI.COM - Pr\u00e9sent \u00e0 la manifestation de la Coalition Yeewi Askan WI, l'activiste Assane Diouf a pris la parole pour galvaniser la foule r\u00e9unie \u00e0 la Place de l'Ob\u00e9lisque. Aussi, a-t-il demand\u00e9 aux manifestants de ne pas c\u00e9der \u00e0 l'interdiction des manifestations. Pour l'activiste rapatri\u00e9 des Etats Unis, il aurait juste suffi qu'il demand\u00e2t aux [&hellip;]","og_url":"https:\/\/www.nettali.com\/2022\/06\/08\/nettali-tv-assane-diouf-fortement-acclame\/","og_site_name":"Nettali.com","article_publisher":"https:\/\/www.facebook.com\/nettalicom","article_published_time":"2022-06-08T19:52:29+00:00","article_modified_time":"2022-06-10T07:38:02+00:00","og_image":[{"width":992,"height":744,"url":"https:\/\/www.nettali.com\/wp-content\/uploads\/2022\/06\/manif-askan-wi-6.jpeg","type":"image\/jpeg"}],"twitter_card":"summary_large_image","twitter_misc":{"\u00c9crit par":"CK","Dur\u00e9e de lecture estim\u00e9e":"1 minute"},"schema":{"@context":"https:\/\/schema.org","@graph":[{"@type":"WebSite","@id":"https:\/\/www.nettali.com\/#website","url":"https:\/\/www.nettali.com\/","name":"Nettali.com","description":"Le rendez-vous critique du Net","potentialAction":[{"@type":"SearchAction","target":{"@type":"EntryPoint","urlTemplate":"https:\/\/www.nettali.com\/?s={search_term_string}"},"query-input":"required name=search_term_string"}],"inLanguage":"fr-FR"},{"@type":"ImageObject","@id":"https:\/\/www.nettali.com\/2022\/06\/08\/nettali-tv-assane-diouf-fortement-acclame\/#primaryimage","inLanguage":"fr-FR","url":"https:\/\/www.nettali.com\/wp-content\/uploads\/2022\/06\/manif-askan-wi-6.jpeg","contentUrl":"https:\/\/www.nettali.com\/wp-content\/uploads\/2022\/06\/manif-askan-wi-6.jpeg","width":992,"height":744},{"@type":"WebPage","@id":"https:\/\/www.nettali.com\/2022\/06\/08\/nettali-tv-assane-diouf-fortement-acclame\/#webpage","url":"https:\/\/www.nettali.com\/2022\/06\/08\/nettali-tv-assane-diouf-fortement-acclame\/","name":"NETTALI TV - Assane Diouf fortement acclam\u00e9 | Nettali.com","isPartOf":{"@id":"https:\/\/www.nettali.com\/#website"},"primaryImageOfPage":{"@id":"https:\/\/www.nettali.com\/2022\/06\/08\/nettali-tv-assane-diouf-fortement-acclame\/#primaryimage"},"datePublished":"2022-06-08T19:52:29+00:00","dateModified":"2022-06-10T07:38:02+00:00","author":{"@id":"https:\/\/www.nettali.com\/#\/schema\/person\/d8ac7b7e27ddad43f1c0d2ef090d7f71"},"breadcrumb":{"@id":"https:\/\/www.nettali.com\/2022\/06\/08\/nettali-tv-assane-diouf-fortement-acclame\/#breadcrumb"},"inLanguage":"fr-FR","potentialAction":[{"@type":"ReadAction","target":["https:\/\/www.nettali.com\/2022\/06\/08\/nettali-tv-assane-diouf-fortement-acclame\/"]}]},{"@type":"BreadcrumbList","@id":"https:\/\/www.nettali.com\/2022\/06\/08\/nettali-tv-assane-diouf-fortement-acclame\/#breadcrumb","itemListElement":[{"@type":"ListItem","position":1,"name":"Accueil","item":"https:\/\/www.nettali.com\/"},{"@type":"ListItem","position":2,"name":"NETTALI TV - Assane Diouf fortement acclam\u00e9"}]},{"@type":"Person","@id":"https:\/\/www.nettali.com\/#\/schema\/person\/d8ac7b7e27ddad43f1c0d2ef090d7f71","name":"CK","image":{"@type":"ImageObject","@id":"https:\/\/www.nettali.com\/#personlogo","inLanguage":"fr-FR","url":"https:\/\/secure.gravatar.com\/avatar\/1d8d5118b9327d94da7cd4ce7f17fec2?s=96&d=mm&r=g","contentUrl":"https:\/\/secure.gravatar.com\/avatar\/1d8d5118b9327d94da7cd4ce7f17fec2?s=96&d=mm&r=g","caption":"CK"},"sameAs":["https:\/\/www.nettali.com"]}]}},"_links":{"self":[{"href":"https:\/\/www.nettali.com\/rest\/wp\/v2\/posts\/87800"}],"collection":[{"href":"https:\/\/www.nettali.com\/rest\/wp\/v2\/posts"}],"about":[{"href":"https:\/\/www.nettali.com\/rest\/wp\/v2\/types\/post"}],"author":[{"embeddable":true,"href":"https:\/\/www.nettali.com\/rest\/wp\/v2\/users\/2"}],"replies":[{"embeddable":true,"href":"https:\/\/www.nettali.com\/rest\/wp\/v2\/comments?post=87800"}],"version-history":[{"count":4,"href":"https:\/\/www.nettali.com\/rest\/wp\/v2\/posts\/87800\/revisions"}],"predecessor-version":[{"id":87814,"href":"https:\/\/www.nettali.com\/rest\/wp\/v2\/posts\/87800\/revisions\/87814"}],"wp:featuredmedia":[{"embeddable":true,"href":"https:\/\/www.nettali.com\/rest\/wp\/v2\/media\/87784"}],"wp:attachment":[{"href":"https:\/\/www.nettali.com\/rest\/wp\/v2\/media?parent=87800"}],"wp:term":[{"taxonomy":"category","embeddable":true,"href":"https:\/\/www.nettali.com\/rest\/wp\/v2\/categories?post=87800"},{"taxonomy":"post_tag","embeddable":true,"href":"https:\/\/www.nettali.com\/rest\/wp\/v2\/tags?post=87800"}],"curies":[{"name":"wp","href":"https:\/\/api.w.org\/{rel}","templated":true}]}}