{"id":87689,"date":"2022-06-07T11:14:17","date_gmt":"2022-06-07T11:14:17","guid":{"rendered":"https:\/\/www.nettali.com\/?p=87689"},"modified":"2022-06-07T11:14:17","modified_gmt":"2022-06-07T11:14:17","slug":"emigration-irreguliere-des-pecheurs-et-des-commercants-la-famille-et-la-collectivite-au-banc-des-accuses","status":"publish","type":"post","link":"https:\/\/www.nettali.com\/2022\/06\/07\/emigration-irreguliere-des-pecheurs-et-des-commercants-la-famille-et-la-collectivite-au-banc-des-accuses\/","title":{"rendered":"\u00c9MIGRATION IRR\u00c9GULI\u00c8RE DES P\u00caCHEURS ET DES COMMER\u00c7ANTS - La famille et la collectivit\u00e9 au banc des accus\u00e9s"},"content":{"rendered":"<div dir=\"auto\"><strong>NETTALI.COM - Tenaill\u00e9s entre les pesanteurs familiales et sociales, d\u2019une part, les difficult\u00e9s \u00e0 trouver un emploi d\u00e9cent et r\u00e9mun\u00e9rateur, d\u2019autre part, beaucoup de jeunes, p\u00eacheurs et commer\u00e7ants surtout, continuent, Selon EnQu\u00eate, de penser que l\u2019Europe reste le seul moyen de se r\u00e9aliser et d\u2019obtenir une promotion sociale.\u00a0<\/strong><\/div>\n<div dir=\"auto\"><\/div>\n<div dir=\"auto\">Le mal-\u00eatre de la jeunesse persiste. Tous les moyens semblent bons, aux yeux de certains jeunes S\u00e9n\u00e9galais, pour fuir les conditions \u00e9conomiques et financi\u00e8res difficiles dans leur pays. Avec l\u2019augmentation de la surveillance et des moyens de lutte contre l\u2019\u00e9migration irr\u00e9guli\u00e8re sur l\u2019\u00e9tendue du territoire, il y a de plus en plus de candidats qui transitent par le Maroc, dans le but de regagner les \u00eeles espagnoles et europ\u00e9ennes.<\/div>\n<div dir=\"auto\"><\/div>\n<div dir=\"auto\">Apr\u00e8s deux tentatives manqu\u00e9es de rejoindre l\u2019Espagne \u00e0 travers les embarcations de fortune, Ibrahima s\u2019est r\u00e9solu \u00e0 recourir aux taxis-clandos pour gagner sa vie. Trouv\u00e9 dans ce garage pr\u00e8s du stade Ngalandou Diouf de Rufisque, il t\u00e9moigne : \u201cJe connais des jeunes qui, il n\u2019y a m\u00eame pas un an, \u00e9taient partis de Rufisque. On leur avait fait croire que s\u2019ils parvenaient \u00e0 se rendre au Maroc, ils pourraient facilement aller en Espagne \u00e0 partir de l\u00e0-bas. Ils ont alors utilis\u00e9 leurs \u00e9conomies, se sont rendus au Maroc. Par la suite, ils ont tent\u00e9 d\u2019aller en Espagne, mais ont p\u00e9ri dans la mer.\u2019\u2019 C\u2019\u00e9taient de jeunes gar\u00e7ons entre 25 et 40 ans, qui travaillaient au niveau du march\u00e9 central de Rufisque o\u00f9 ils tenaient de petits commerces. Ils sont ainsi partis, laissant derri\u00e8re eux des familles meurtries.<\/div>\n<div dir=\"auto\"><\/div>\n<div dir=\"auto\">Selon l'interlocuteur\u00a0 de Enqu\u00eate, les jeunes commer\u00e7ants font partie des personnes les plus expos\u00e9es, du fait de la pr\u00e9carit\u00e9 de leur profession. Dans son boubou blanc assorti d\u2019un pantalon bleu, l\u2019homme de petite taille revient sur le malheur de ces commer\u00e7ants d\u00e9brouillards : \u201cParfois, tu tiens un commerce qui marche assez bien, qui te permet de subvenir \u00e0 tes besoins, \u00e0 soutenir ta famille. Un beau jour, la mairie vient tout d\u00e9molir et te laisse au ch\u00f4mage. Parfois, ils saisissent ta marchandise. Du jour au lendemain, tu n\u2019as plus aucune source de revenus, tu perds tes investissements et tu dois recommencer \u00e0 z\u00e9ro... Dans ces conditions, si tu vois une pirogue, tu tentes ta chance, parce qu\u2019il n\u2019y a aucune autre alternative. Les gens n\u2019ont pas le choix. C\u2019\u00e9tait encore pire durant la pand\u00e9mie \u00e0 coronavirus.\u2019\u2019<\/div>\n<div dir=\"auto\"><\/div>\n<div dir=\"auto\">Ainsi, dans le milieu du commerce informel, beaucoup tentent le p\u00e9rilleux voyage, en d\u00e9sespoir de cause. Quand ce n\u2019est pas la pand\u00e9mie \u00e0 coronavirus avec son lot de restrictions, c\u2019est tout simplement la traque des autorit\u00e9s d\u00e9concentr\u00e9es ou d\u00e9centralis\u00e9es. \u201cLes jeunes sont d\u00e9sesp\u00e9r\u00e9s. Ils ne savent quoi faire\u2026 Et les pirogues sont leur seul recours, d\u2019autant plus que ce n\u2019est pas facile d\u2019avoir le visa pour esp\u00e9rer aller en Europe de mani\u00e8re r\u00e9guli\u00e8re. Aussi, dans le m\u00eame temps, on voit beaucoup de personnes qui essaient et qui r\u00e9ussissent. \u00c0 un moment, on ne se dit pourquoi pas moi. Parce qu\u2019on pense que si on r\u00e9ussit \u00e0 regagner l\u2019Europe, on aura des conditions \u00e9conomiques et financi\u00e8res meilleures\u2019\u2019, raconte l\u2019ancien commer\u00e7ant, ancien candidat \u00e0 l\u2019\u00e9migration irr\u00e9guli\u00e8re, devenu chauffeur de \u201cclando\u2019\u2019.<\/div>\n<div dir=\"auto\"><\/div>\n<div dir=\"auto\"><strong>D\u00e9t\u00e9rioration des conditions de p\u00eache<\/strong><\/div>\n<div dir=\"auto\"><\/div>\n<div dir=\"auto\">L\u2019autre secteur grand pourvoyeur du trafic illicite de migrants, c\u2019est la p\u00eache. L\u00e0 \u00e9galement, la d\u00e9t\u00e9rioration des conditions de travail a boost\u00e9, ces derni\u00e8res ann\u00e9es, les vell\u00e9it\u00e9s de prendre les embarcations pour aller en Europe. Au quai de p\u00eache de Kayar, ce jeudi 2 juin, il est presque 13 h. Sous un soleil accablant, des centaines de jeunes, gar\u00e7ons et filles, ainsi que des femmes d\u2019\u00e2ges plus m\u00fbrs rivalisent d\u2019ardeur. Alors que les dames restent \u00e0 l\u2019aff\u00fbt pour guetter d\u00e9sesp\u00e9r\u00e9ment des clients ou l\u2019arriv\u00e9e des pirogues, les jeunes gar\u00e7ons, eux, sont soit des p\u00eacheurs, soit des manutentionnaires charg\u00e9s de d\u00e9barquer les cargaisons.<\/div>\n<div dir=\"auto\"><\/div>\n<div dir=\"auto\">La vingtaine r\u00e9volue, Meissa Diop, debout au milieu des pirogues, s\u2019appr\u00eate \u00e0 une nouvelle journ\u00e9e de p\u00eache, son quotidien depuis plus de deux d\u00e9cennies. C\u00e9libataire sans enfant, il raconte : \u201cJe suis dans la p\u00eache depuis 2001 ; j\u2019avais 15 ans. Aujourd\u2019hui, j\u2019en ai 36, pr\u00e8s de 40 ans ; je n\u2019ai rien pu r\u00e9aliser. Autrefois, il y avait au moins du poisson et de l\u2019argent, m\u00eame si nous d\u00e9pensions tous nos revenus avec la famille. Maintenant, non seulement les ressources se rar\u00e9fient, mais, il y a \u00e9galement les charges familiales tr\u00e8s nombreuses. Ce que nous gagnons permet \u00e0 peine de prendre en charge la d\u00e9pense quotidienne. C\u2019est la raison pour laquelle beaucoup de jeunes ne veulent m\u00eame plus aller en mer.\u2019\u2019 \u00c0 quelques m\u00e8tres, A. Sow devise tranquillement avec son \u201cami intime\u2019\u2019 avec qui il a commenc\u00e9 \u00e0 aller en mer, depuis les ann\u00e9es 2010. \u00c0 la question de savoir s\u2019il lui traverse l\u2019esprit d\u2019aller en Europe via les pirogues, il n\u2019h\u00e9site pas trois secondes avant de r\u00e9pondre. \u201cBien s\u00fbr, lance-t-il avec beaucoup d\u2019abn\u00e9gation, le sourire en coin. Si je voyais une opportunit\u00e9, cette nuit, je ne dirais m\u00eame pas au revoir \u00e0 ma famille. Et je ne suis pas le seul. Le travail est dur et il n\u2019y a pas d\u2019argent. Celui-l\u00e0 (il d\u00e9signe du doigt son acolyte) c\u2019est mon ami. Je suis s\u00fbr que si tu fouilles dans ses poches, tu ne trouveras m\u00eame pas 100 F CFA. Et pourtant, on travaille tr\u00e8s dur. Tous les jours, on va en mer pour rentrer le lendemain. Parfois, on a du poisson, parfois, on rentre presque bredouille. C\u2019est pourquoi les jeunes optent pour le d\u00e9part par n\u2019importe quel moyen.\u2019\u2019<\/div>\n<div dir=\"auto\"><\/div>\n<div dir=\"auto\"><strong>Les pesanteurs familiales<\/strong><\/div>\n<div dir=\"auto\"><\/div>\n<div dir=\"auto\">\u00a0Plus que la rar\u00e9faction du poisson, l\u2019organisation m\u00eame de la famille constitue un vrai obstacle \u00e0 la r\u00e9ussite des jeunes. C\u2019est du moins ce qui ressort des diff\u00e9rents t\u00e9moignages. M\u00eame si tout est al\u00e9atoire dans la p\u00eache, indiquent plusieurs de nos interlocuteurs, le m\u00e9tier aurait pu bien nourrir son homme, s\u2019ils avaient la possibilit\u00e9 d\u2019\u00e9pargner.<\/div>\n<div dir=\"auto\"><\/div>\n<div dir=\"auto\">\u201cLe probl\u00e8me, fulmine Sow, c\u2019est que tu es oblig\u00e9 de tout donner au chef de famille qui va partager entre tous les membres de la famille : les fr\u00e8res, les demi-fr\u00e8res, les tantes, tout le monde. Je peux m\u00eame dire que nous nous retrouvons avec la portion congrue. Il est difficile de r\u00e9aliser quelque chose dans ces conditions. \u00c0 notre \u00e2ge, tout ce qu\u2019on gagne, on le donne \u00e0 nos parents.\u2019\u2019 Et d\u2019ajouter, narquois : \u201cVous avez vu ces belles maisons \u00e0 l\u2019entr\u00e9e de la ville ? Elles sont toutes construites par les Europ\u00e9ens*, pas les p\u00eacheurs. C\u2019est aussi cela la r\u00e9alit\u00e9\u2019\u2019, sourit-il. Debout \u00e0 ses c\u00f4t\u00e9s, son complice n\u2019a de cesse de sourire au t\u00e9moignage de son ami en signe d\u2019acquiescement.<\/div>\n<div dir=\"auto\"><\/div>\n<div dir=\"auto\">Pour lui, le fait m\u00eame d\u2019aller en mer est devenu un fardeau pour beaucoup de jeunes. \u201cLa moiti\u00e9 des jeunes, ici, ne veulent plus aller en mer. Les gens ont espoir en toi, les attentes sont nombreuses, alors que tu ne gagnes rien. Le peu que l\u2019on arrive \u00e0 gagner, c\u2019est pour la famille. Je ne sais pas comment \u00e7a se passe dans les autres localit\u00e9s, mais \u00e0 Kayar, c\u2019est comme \u00e7a. Au retour du travail, le jeune p\u00eacheur donne tout l\u2019argent aux parents et c\u2019est au p\u00e8re de voir combien il va lui offrir. Et c\u2019est sur cette somme que l\u2019on va aider les fr\u00e8res, les s\u0153urs, la maman, les amis. C\u2019est pourquoi, c\u2019est tr\u00e8s compliqu\u00e9.\u2019\u2019<\/div>\n<div dir=\"auto\"><\/div>\n<div dir=\"auto\">Pour autant, les interlocuteurs de Enqu\u00eate ne trouvent aucune anomalie \u00e0 cette tradition scrupuleusement respect\u00e9e dans le terroir. Pour eux, c\u2019est tout \u00e0 fait normal d\u2019\u00eatre au service du groupe, au prix de se sacrifier eux-m\u00eames. \u201cQuand on aspire \u00e0 aller en Europe, c\u2019est pour gagner plus et les aider mieux. L\u2019autre avantage, c\u2019est que l\u00e0 tu peux aussi vivre en cachette\u2026 Les gens ne sachant pas combien tu gagnes par moi, ils peuvent se contenter de ce que tu leur donnes. Tu peux en profiter pour \u00e9pargner. Je pense que c\u2019est le principal avantage\u2019\u2019, commente l\u2019ami d\u2019A. Sow. Dans ce syst\u00e8me, le p\u00e8re est l\u2019alpha et l\u2019om\u00e9ga du groupe familial. En bon chef, il r\u00e9gule tout dans la famille. Et quand son enfant est en \u00e2ge de prendre femme, c\u2019est lui-m\u00eame qui se charge de lui donner l\u2019argent qu\u2019il faut, \u00e0 travers les ressources de la famille esp\u00e9r\u00e9es de la mer. Sauf que celle-ci n\u2019est plus aussi g\u00e9n\u00e9reuse.<\/div>\n<div dir=\"auto\"><\/div>\n<div dir=\"auto\"><strong>Le poids de la tradition<\/strong><\/div>\n<div dir=\"auto\"><\/div>\n<div dir=\"auto\">Pendant que les jeunes accusent des pesanteurs sociales tr\u00e8s lourdes qui les emp\u00eachent de se r\u00e9aliser, les vieux, eux, invoquent la patience et la foi en Dieu.<\/div>\n<div dir=\"auto\"><\/div>\n<div dir=\"auto\">La soixantaine, Babacar Diallo a au moins trois pirogues dans lesquelles il emploie ses enfants et petits-enfants. Debout au milieu de sa prog\u00e9niture, il trouve normal que les jeunes se mettent exclusivement au service de la famille. \u201cMes enfants, souligne-t-il, sont mes employ\u00e9s. Ils n\u2019ont pas de besoins particuliers. Je les nourris, je les loge et j\u2019essaie de subvenir \u00e0 tous leurs besoins. Tout \u00e7a gr\u00e2ce \u00e0 la p\u00eache. C\u2019est vrai, le secteur n\u2019est plus aussi r\u00e9mun\u00e9rateur qu\u2019auparavant. Mais ce que les jeunes gagnent en Europe, ils peuvent bien le gagner ici, s\u2019ils acceptent de travailler aussi dur et s\u2019ils sont patients\u2019\u2019. Pour lui, il est hors de question de laisser sa main-d\u2019\u0153uvre prendre les embarcations pour l\u2019Europe. \u201c\u00c0 moins qu\u2019ils le fassent en cachette, il est hors de question de les laisser partir. Ces enfants, \u2018sama alal lagn\u2019 (c\u2019est ma richesse). C\u2019est leur devoir de travailler pour moi. Et je m\u2019assure qu\u2019ils ne manquent de rien. Nous n\u2019avons peut-\u00eatre pas de belles voitures, mais nous avons de belles maisons, de belles femmes. On rend gr\u00e2ce \u00e0 Dieu\u2019\u2019, se r\u00e9jouit-il, convaincu que ses enfants se plaisent bien dans cette situation. Ce dossier a \u00e9t\u00e9 r\u00e9alis\u00e9 avec le soutien d\u2019Article 19 et de l\u2019Unesco, dans le cadre du projet \u201cAutonomiser les jeunes en Afrique \u00e0 travers les m\u00e9dias et la communication\u2019\u2019, financ\u00e9 par l\u2019Agence italienne pour la coop\u00e9ration au d\u00e9veloppement.<\/div>\n<div class='share-to-whatsapp-wrapper'><div class='share-on-whsp'>PARTAGER SUR : <\/div><a data-text='\u00c9MIGRATION IRR\u00c9GULI\u00c8RE DES P\u00caCHEURS ET DES COMMER\u00c7ANTS - La famille et la collectivit\u00e9 au banc des accus\u00e9s' data-link='https:\/\/www.nettali.com\/2022\/06\/07\/emigration-irreguliere-des-pecheurs-et-des-commercants-la-famille-et-la-collectivite-au-banc-des-accuses\/' class='whatsapp-button whatsapp-share'>WhatsApp<\/a><div class='clear '><\/div><\/div>","protected":false},"excerpt":{"rendered":"<p>NETTALI.COM - Tenaill\u00e9s entre les pesanteurs familiales et sociales, d\u2019une part, les difficult\u00e9s \u00e0 trouver un emploi d\u00e9cent et r\u00e9mun\u00e9rateur, d\u2019autre part, beaucoup de jeunes, p\u00eacheurs et commer\u00e7ants surtout, continuent, Selon EnQu\u00eate, de penser que l\u2019Europe reste le seul moyen de se r\u00e9aliser et d\u2019obtenir une promotion sociale.\u00a0 Le mal-\u00eatre de la jeunesse persiste. Tous [&hellip;]<\/p>\n","protected":false},"author":11,"featured_media":24997,"comment_status":"open","ping_status":"open","sticky":false,"template":"","format":"standard","meta":{"_et_pb_use_builder":"","_et_pb_old_content":""},"categories":[3],"tags":[],"yoast_head":"<!-- This site is optimized with the Yoast SEO Premium plugin v17.8 (Yoast SEO v17.8) - https:\/\/yoast.com\/wordpress\/plugins\/seo\/ -->\n<title>\u00c9MIGRATION IRR\u00c9GULI\u00c8RE DES P\u00caCHEURS ET DES COMMER\u00c7ANTS - La famille et la collectivit\u00e9 au banc des accus\u00e9s | Nettali.com<\/title>\n<meta name=\"robots\" content=\"index, follow, max-snippet:-1, max-image-preview:large, max-video-preview:-1\" \/>\n<link rel=\"canonical\" href=\"https:\/\/www.nettali.com\/2022\/06\/07\/emigration-irreguliere-des-pecheurs-et-des-commercants-la-famille-et-la-collectivite-au-banc-des-accuses\/\" \/>\n<meta property=\"og:locale\" content=\"fr_FR\" \/>\n<meta property=\"og:type\" content=\"article\" \/>\n<meta property=\"og:title\" content=\"\u00c9MIGRATION IRR\u00c9GULI\u00c8RE DES P\u00caCHEURS ET DES COMMER\u00c7ANTS - La famille et la collectivit\u00e9 au banc des accus\u00e9s\" \/>\n<meta property=\"og:description\" content=\"NETTALI.COM - Tenaill\u00e9s entre les pesanteurs familiales et sociales, d\u2019une part, les difficult\u00e9s \u00e0 trouver un emploi d\u00e9cent et r\u00e9mun\u00e9rateur, d\u2019autre part, beaucoup de jeunes, p\u00eacheurs et commer\u00e7ants surtout, continuent, Selon EnQu\u00eate, de penser que l\u2019Europe reste le seul moyen de se r\u00e9aliser et d\u2019obtenir une promotion sociale.\u00a0 Le mal-\u00eatre de la jeunesse persiste. Tous [&hellip;]\" \/>\n<meta property=\"og:url\" content=\"https:\/\/www.nettali.com\/2022\/06\/07\/emigration-irreguliere-des-pecheurs-et-des-commercants-la-famille-et-la-collectivite-au-banc-des-accuses\/\" \/>\n<meta property=\"og:site_name\" content=\"Nettali.com\" \/>\n<meta property=\"article:publisher\" content=\"https:\/\/www.facebook.com\/nettalicom\" \/>\n<meta property=\"article:published_time\" content=\"2022-06-07T11:14:17+00:00\" \/>\n<meta property=\"og:image\" content=\"https:\/\/www.nettali.com\/wp-content\/uploads\/2019\/12\/immigration.jpg\" \/>\n\t<meta property=\"og:image:width\" content=\"600\" \/>\n\t<meta property=\"og:image:height\" content=\"377\" \/>\n<meta name=\"twitter:card\" content=\"summary_large_image\" \/>\n<meta name=\"twitter:label1\" content=\"\u00c9crit par\" \/>\n\t<meta name=\"twitter:data1\" content=\"Thierno Diop\" \/>\n\t<meta name=\"twitter:label2\" content=\"Dur\u00e9e de lecture estim\u00e9e\" \/>\n\t<meta name=\"twitter:data2\" content=\"9 minutes\" \/>\n<script type=\"application\/ld+json\" class=\"yoast-schema-graph\">{\"@context\":\"https:\/\/schema.org\",\"@graph\":[{\"@type\":\"WebSite\",\"@id\":\"https:\/\/www.nettali.com\/#website\",\"url\":\"https:\/\/www.nettali.com\/\",\"name\":\"Nettali.com\",\"description\":\"Le rendez-vous critique du Net\",\"potentialAction\":[{\"@type\":\"SearchAction\",\"target\":{\"@type\":\"EntryPoint\",\"urlTemplate\":\"https:\/\/www.nettali.com\/?s={search_term_string}\"},\"query-input\":\"required name=search_term_string\"}],\"inLanguage\":\"fr-FR\"},{\"@type\":\"ImageObject\",\"@id\":\"https:\/\/www.nettali.com\/2022\/06\/07\/emigration-irreguliere-des-pecheurs-et-des-commercants-la-famille-et-la-collectivite-au-banc-des-accuses\/#primaryimage\",\"inLanguage\":\"fr-FR\",\"url\":\"https:\/\/www.nettali.com\/wp-content\/uploads\/2019\/12\/immigration.jpg\",\"contentUrl\":\"https:\/\/www.nettali.com\/wp-content\/uploads\/2019\/12\/immigration.jpg\",\"width\":600,\"height\":377},{\"@type\":\"WebPage\",\"@id\":\"https:\/\/www.nettali.com\/2022\/06\/07\/emigration-irreguliere-des-pecheurs-et-des-commercants-la-famille-et-la-collectivite-au-banc-des-accuses\/#webpage\",\"url\":\"https:\/\/www.nettali.com\/2022\/06\/07\/emigration-irreguliere-des-pecheurs-et-des-commercants-la-famille-et-la-collectivite-au-banc-des-accuses\/\",\"name\":\"\\u00c9MIGRATION IRR\\u00c9GULI\\u00c8RE DES P\\u00caCHEURS ET DES COMMER\\u00c7ANTS - La famille et la collectivit\\u00e9 au banc des accus\\u00e9s | Nettali.com\",\"isPartOf\":{\"@id\":\"https:\/\/www.nettali.com\/#website\"},\"primaryImageOfPage\":{\"@id\":\"https:\/\/www.nettali.com\/2022\/06\/07\/emigration-irreguliere-des-pecheurs-et-des-commercants-la-famille-et-la-collectivite-au-banc-des-accuses\/#primaryimage\"},\"datePublished\":\"2022-06-07T11:14:17+00:00\",\"dateModified\":\"2022-06-07T11:14:17+00:00\",\"author\":{\"@id\":\"https:\/\/www.nettali.com\/#\/schema\/person\/8a06c6bd7b19304cf4bf985862900b5b\"},\"breadcrumb\":{\"@id\":\"https:\/\/www.nettali.com\/2022\/06\/07\/emigration-irreguliere-des-pecheurs-et-des-commercants-la-famille-et-la-collectivite-au-banc-des-accuses\/#breadcrumb\"},\"inLanguage\":\"fr-FR\",\"potentialAction\":[{\"@type\":\"ReadAction\",\"target\":[\"https:\/\/www.nettali.com\/2022\/06\/07\/emigration-irreguliere-des-pecheurs-et-des-commercants-la-famille-et-la-collectivite-au-banc-des-accuses\/\"]}]},{\"@type\":\"BreadcrumbList\",\"@id\":\"https:\/\/www.nettali.com\/2022\/06\/07\/emigration-irreguliere-des-pecheurs-et-des-commercants-la-famille-et-la-collectivite-au-banc-des-accuses\/#breadcrumb\",\"itemListElement\":[{\"@type\":\"ListItem\",\"position\":1,\"name\":\"Accueil\",\"item\":\"https:\/\/www.nettali.com\/\"},{\"@type\":\"ListItem\",\"position\":2,\"name\":\"\\u00c9MIGRATION IRR\\u00c9GULI\\u00c8RE DES P\\u00caCHEURS ET DES COMMER\\u00c7ANTS - La famille et la collectivit\\u00e9 au banc des accus\\u00e9s\"}]},{\"@type\":\"Person\",\"@id\":\"https:\/\/www.nettali.com\/#\/schema\/person\/8a06c6bd7b19304cf4bf985862900b5b\",\"name\":\"Thierno Diop\",\"image\":{\"@type\":\"ImageObject\",\"@id\":\"https:\/\/www.nettali.com\/#personlogo\",\"inLanguage\":\"fr-FR\",\"url\":\"https:\/\/secure.gravatar.com\/avatar\/c8ca58550c94fd2ac856d27391a6c866?s=96&d=mm&r=g\",\"contentUrl\":\"https:\/\/secure.gravatar.com\/avatar\/c8ca58550c94fd2ac856d27391a6c866?s=96&d=mm&r=g\",\"caption\":\"Thierno Diop\"},\"sameAs\":[\"https:\/\/nettali.com\"]}]}<\/script>\n<!-- \/ Yoast SEO Premium plugin. -->","yoast_head_json":{"title":"\u00c9MIGRATION IRR\u00c9GULI\u00c8RE DES P\u00caCHEURS ET DES COMMER\u00c7ANTS - La famille et la collectivit\u00e9 au banc des accus\u00e9s | Nettali.com","robots":{"index":"index","follow":"follow","max-snippet":"max-snippet:-1","max-image-preview":"max-image-preview:large","max-video-preview":"max-video-preview:-1"},"canonical":"https:\/\/www.nettali.com\/2022\/06\/07\/emigration-irreguliere-des-pecheurs-et-des-commercants-la-famille-et-la-collectivite-au-banc-des-accuses\/","og_locale":"fr_FR","og_type":"article","og_title":"\u00c9MIGRATION IRR\u00c9GULI\u00c8RE DES P\u00caCHEURS ET DES COMMER\u00c7ANTS - La famille et la collectivit\u00e9 au banc des accus\u00e9s","og_description":"NETTALI.COM - Tenaill\u00e9s entre les pesanteurs familiales et sociales, d\u2019une part, les difficult\u00e9s \u00e0 trouver un emploi d\u00e9cent et r\u00e9mun\u00e9rateur, d\u2019autre part, beaucoup de jeunes, p\u00eacheurs et commer\u00e7ants surtout, continuent, Selon EnQu\u00eate, de penser que l\u2019Europe reste le seul moyen de se r\u00e9aliser et d\u2019obtenir une promotion sociale.\u00a0 Le mal-\u00eatre de la jeunesse persiste. Tous [&hellip;]","og_url":"https:\/\/www.nettali.com\/2022\/06\/07\/emigration-irreguliere-des-pecheurs-et-des-commercants-la-famille-et-la-collectivite-au-banc-des-accuses\/","og_site_name":"Nettali.com","article_publisher":"https:\/\/www.facebook.com\/nettalicom","article_published_time":"2022-06-07T11:14:17+00:00","og_image":[{"width":600,"height":377,"url":"https:\/\/www.nettali.com\/wp-content\/uploads\/2019\/12\/immigration.jpg","type":"image\/jpeg"}],"twitter_card":"summary_large_image","twitter_misc":{"\u00c9crit par":"Thierno Diop","Dur\u00e9e de lecture estim\u00e9e":"9 minutes"},"schema":{"@context":"https:\/\/schema.org","@graph":[{"@type":"WebSite","@id":"https:\/\/www.nettali.com\/#website","url":"https:\/\/www.nettali.com\/","name":"Nettali.com","description":"Le rendez-vous critique du Net","potentialAction":[{"@type":"SearchAction","target":{"@type":"EntryPoint","urlTemplate":"https:\/\/www.nettali.com\/?s={search_term_string}"},"query-input":"required name=search_term_string"}],"inLanguage":"fr-FR"},{"@type":"ImageObject","@id":"https:\/\/www.nettali.com\/2022\/06\/07\/emigration-irreguliere-des-pecheurs-et-des-commercants-la-famille-et-la-collectivite-au-banc-des-accuses\/#primaryimage","inLanguage":"fr-FR","url":"https:\/\/www.nettali.com\/wp-content\/uploads\/2019\/12\/immigration.jpg","contentUrl":"https:\/\/www.nettali.com\/wp-content\/uploads\/2019\/12\/immigration.jpg","width":600,"height":377},{"@type":"WebPage","@id":"https:\/\/www.nettali.com\/2022\/06\/07\/emigration-irreguliere-des-pecheurs-et-des-commercants-la-famille-et-la-collectivite-au-banc-des-accuses\/#webpage","url":"https:\/\/www.nettali.com\/2022\/06\/07\/emigration-irreguliere-des-pecheurs-et-des-commercants-la-famille-et-la-collectivite-au-banc-des-accuses\/","name":"\u00c9MIGRATION IRR\u00c9GULI\u00c8RE DES P\u00caCHEURS ET DES COMMER\u00c7ANTS - La famille et la collectivit\u00e9 au banc des accus\u00e9s | Nettali.com","isPartOf":{"@id":"https:\/\/www.nettali.com\/#website"},"primaryImageOfPage":{"@id":"https:\/\/www.nettali.com\/2022\/06\/07\/emigration-irreguliere-des-pecheurs-et-des-commercants-la-famille-et-la-collectivite-au-banc-des-accuses\/#primaryimage"},"datePublished":"2022-06-07T11:14:17+00:00","dateModified":"2022-06-07T11:14:17+00:00","author":{"@id":"https:\/\/www.nettali.com\/#\/schema\/person\/8a06c6bd7b19304cf4bf985862900b5b"},"breadcrumb":{"@id":"https:\/\/www.nettali.com\/2022\/06\/07\/emigration-irreguliere-des-pecheurs-et-des-commercants-la-famille-et-la-collectivite-au-banc-des-accuses\/#breadcrumb"},"inLanguage":"fr-FR","potentialAction":[{"@type":"ReadAction","target":["https:\/\/www.nettali.com\/2022\/06\/07\/emigration-irreguliere-des-pecheurs-et-des-commercants-la-famille-et-la-collectivite-au-banc-des-accuses\/"]}]},{"@type":"BreadcrumbList","@id":"https:\/\/www.nettali.com\/2022\/06\/07\/emigration-irreguliere-des-pecheurs-et-des-commercants-la-famille-et-la-collectivite-au-banc-des-accuses\/#breadcrumb","itemListElement":[{"@type":"ListItem","position":1,"name":"Accueil","item":"https:\/\/www.nettali.com\/"},{"@type":"ListItem","position":2,"name":"\u00c9MIGRATION IRR\u00c9GULI\u00c8RE DES P\u00caCHEURS ET DES COMMER\u00c7ANTS - La famille et la collectivit\u00e9 au banc des accus\u00e9s"}]},{"@type":"Person","@id":"https:\/\/www.nettali.com\/#\/schema\/person\/8a06c6bd7b19304cf4bf985862900b5b","name":"Thierno Diop","image":{"@type":"ImageObject","@id":"https:\/\/www.nettali.com\/#personlogo","inLanguage":"fr-FR","url":"https:\/\/secure.gravatar.com\/avatar\/c8ca58550c94fd2ac856d27391a6c866?s=96&d=mm&r=g","contentUrl":"https:\/\/secure.gravatar.com\/avatar\/c8ca58550c94fd2ac856d27391a6c866?s=96&d=mm&r=g","caption":"Thierno Diop"},"sameAs":["https:\/\/nettali.com"]}]}},"_links":{"self":[{"href":"https:\/\/www.nettali.com\/rest\/wp\/v2\/posts\/87689"}],"collection":[{"href":"https:\/\/www.nettali.com\/rest\/wp\/v2\/posts"}],"about":[{"href":"https:\/\/www.nettali.com\/rest\/wp\/v2\/types\/post"}],"author":[{"embeddable":true,"href":"https:\/\/www.nettali.com\/rest\/wp\/v2\/users\/11"}],"replies":[{"embeddable":true,"href":"https:\/\/www.nettali.com\/rest\/wp\/v2\/comments?post=87689"}],"version-history":[{"count":1,"href":"https:\/\/www.nettali.com\/rest\/wp\/v2\/posts\/87689\/revisions"}],"predecessor-version":[{"id":87690,"href":"https:\/\/www.nettali.com\/rest\/wp\/v2\/posts\/87689\/revisions\/87690"}],"wp:featuredmedia":[{"embeddable":true,"href":"https:\/\/www.nettali.com\/rest\/wp\/v2\/media\/24997"}],"wp:attachment":[{"href":"https:\/\/www.nettali.com\/rest\/wp\/v2\/media?parent=87689"}],"wp:term":[{"taxonomy":"category","embeddable":true,"href":"https:\/\/www.nettali.com\/rest\/wp\/v2\/categories?post=87689"},{"taxonomy":"post_tag","embeddable":true,"href":"https:\/\/www.nettali.com\/rest\/wp\/v2\/tags?post=87689"}],"curies":[{"name":"wp","href":"https:\/\/api.w.org\/{rel}","templated":true}]}}