{"id":87436,"date":"2022-06-02T09:43:30","date_gmt":"2022-06-02T09:43:30","guid":{"rendered":"https:\/\/www.nettali.com\/?p=87436"},"modified":"2022-06-02T09:43:30","modified_gmt":"2022-06-02T09:43:30","slug":"affaire-890-millions-de-farba-ngom-birahime-seck-invite-le-procureur-a-investiguer-sur-lorigine-de-largent","status":"publish","type":"post","link":"https:\/\/www.nettali.com\/2022\/06\/02\/affaire-890-millions-de-farba-ngom-birahime-seck-invite-le-procureur-a-investiguer-sur-lorigine-de-largent\/","title":{"rendered":"AFFAIRE 890 MILLIONS DE FARBA NGOM - Birahime Seck invite le procureur \u00e0 investiguer sur l\u2019origine de l\u2019argent"},"content":{"rendered":"<p><strong>NETTALI.COM - Le vol de 890 millions de francs CFA au domicile Farba Ngom, Maire de Agnam, fait beaucoup parler, ces derniers temps. Le coordonnateur du Forum civil attend du procureur qu\u2019il demande \u00e0 l\u2019int\u00e9ress\u00e9 l\u2019origine de l\u2019argent. Birahime Seck s\u2019offusque aussi du b\u00e2illonnement des corps de contr\u00f4le de l\u2019\u00c9tat. Il s\u2019est prononc\u00e9, hier, sur ces questions, en marge d\u2019un atelier sur le Code de la publicit\u00e9, \u00e0 Saly.<\/strong><\/p>\n<p>Sur le plan de la circulation des devises, le coordonnateur du Forum civil, Birahime Seck, n\u2019est pas du tout rassur\u00e9 par ce qui se passe au S\u00e9n\u00e9gal. En effet, \u00e0 en croire le coordonnateur, le S\u00e9n\u00e9gal est dans la zone grise du Gafi et se trouve menac\u00e9 par le terrorisme. \u201cDonc, dit-il, le S\u00e9n\u00e9gal doit faire attention sur les aspects qui peuvent \u00eatre vus comme \u00e9tant des risques du financement du terrorisme\u2019\u2019. Dans ce sens, il consid\u00e8re qu\u2019il faut qu\u2019on \u201cait des institutions fortes pour r\u00e9soudre ces probl\u00e8mes\u2019\u2019. \u00c0 ses yeux, \u201cla responsabilit\u00e9 premi\u00e8re est celle du gouvernement\u2019\u2019. Birahime Seck consid\u00e8re que, dans ce contexte, on a \u00e9touff\u00e9 totalement la \u2019\u2019redevabilit\u00e9\u2019\u2019 au niveau du S\u00e9n\u00e9gal.<\/p>\n<p>C\u2019est pourquoi, concernant l\u2019affaire Farba Ngom, il d\u00e9clare : \u201cCe qu\u2019on attendait, ce n\u2019est pas seulement du procureur de la R\u00e9publique d\u2019arr\u00eater le pr\u00e9sum\u00e9 voleur des 890 millions, mais \u00e9galement d\u2019appeler la personne concern\u00e9e pour qu\u2019elle donne l\u2019origine de cette somme. Et elle aura \u00e0 se justifier.\u2019\u2019 Birahime Seck ajoute, \u00e0 ce propos, qu\u2019au S\u00e9n\u00e9gal, on a tendance \u00e0 pol\u00e9miquer sur les cons\u00e9quences et \u00e0 ne pas s\u2019attaquer aux causes. Il rappelle : \u201cIl y a d\u2019autres \u00e9v\u00e8nements. Prenons le cas du ministre de l\u2019Int\u00e9rieur qui a pris un sac d\u2019argent pour l\u2019amener \u00e0 Touba. Je crois que si nous avions des institutions fortes, le procureur allait s\u2019autosaisir et d\u00e9clencher une proc\u00e9dure au niveau de la Haute cour de justice pour trouver l\u2019origine de cet argent. Apr\u00e8s le ministre de l\u2019Int\u00e9rieur, vous avez vu un dignitaire donner un milliard de \u2019hadya\u2019. Si, dans la R\u00e9publique, les institutions fonctionnaient, on allait l\u2019appeler pour lui demander l\u2019origine de ce milliard. Et \u00e9galement, les 890 millions dont on dit qu\u2019on aurait trouv\u00e9s chez monsieur Farba Ngom.\u2019\u2019<\/p>\n<p>Ainsi, le coordonnateur rappelle que le Forum civil travaille pour qu\u2019il y ait une ind\u00e9pendance des corps de contr\u00f4le. Mais \u201caujourd\u2019hui, la Crei est \u00e9touff\u00e9e ; l\u2019IGE nous doit des rapports ; la Cour des comptes nous doit des rapports\u2019\u2019, se d\u00e9sole-t-il. D\u2019ailleurs, il pr\u00e9conise plus de transparence dans la gestion du budget du S\u00e9n\u00e9gal. Il appelle le gouvernement \u00e0 mettre \u00e0 plat le budget, pour susciter la discussion autour de la gestion des deniers publics. \u201cLe gouvernement doit mettre le budget sur la table, pour qu\u2019on discute le budget de fonctionnement, le budget du personnel. C\u2019est-\u00e0-dire qu\u2019il y ait une cartographie du budget sur le personnel, pour qu\u2019on puisse savoir ce que per\u00e7oit, r\u00e9ellement, un d\u00e9put\u00e9, un conseiller \u00e9conomique, un ministre, un enseignant et quelles sont les indemnit\u00e9s qui tournent autour des agents de l\u2019Administration. Je pense qu\u2019il faut qu\u2019on aille sur cette voie et qu\u2019on parte sur des solutions conjoncturelles, structurelles, mais chirurgicales et voir les niches d\u2019indemnit\u00e9s, les contrats sp\u00e9ciaux et ce que per\u00e7oivent r\u00e9ellement les agents de l\u2019Administration\u2019\u2019.<\/p>\n<p>Pour lui, on nous fait croire que certains budgets, qu\u2019on appelle les \u201cfonds politiques\u2019\u2019, ne font pas l\u2019objet de contr\u00f4le. \u201cJe pr\u00e9cise que les fonds politiques sont des fonds sp\u00e9ciaux. C'est l\u2019argent du contribuable et doit faire l\u2019objet d\u2019une \u201credevabilit\u00e9\u201d. C\u2019est le cas des sommes re\u00e7ues par l\u2019Assembl\u00e9e nationale, et vous ne verrez jamais le dire. Que ce soit le Conseil \u00e9conomique environnemental, que ce soit les magistrats et surtout, en p\u00e9riode \u00e9lectorale, que ce soit le Conseil constitutionnel, la Cour d\u2019appel, ils doivent rendre compte et vous ne verrez jamais un rapport sur ces juridictions. Il faut qu\u2019il y ait une \u00abredevabilit\u00e9\u00bb sur toute la cha\u00eene des d\u00e9penses de l\u2019\u00c9tat\u2019\u2019, exige le coordonnateur du Forum civil.<\/p>\n<div class='share-to-whatsapp-wrapper'><div class='share-on-whsp'>PARTAGER SUR : <\/div><a data-text='AFFAIRE 890 MILLIONS DE FARBA NGOM - Birahime Seck invite le procureur \u00e0 investiguer sur l\u2019origine de l\u2019argent' data-link='https:\/\/www.nettali.com\/2022\/06\/02\/affaire-890-millions-de-farba-ngom-birahime-seck-invite-le-procureur-a-investiguer-sur-lorigine-de-largent\/' class='whatsapp-button whatsapp-share'>WhatsApp<\/a><div class='clear '><\/div><\/div>","protected":false},"excerpt":{"rendered":"<p>NETTALI.COM - Le vol de 890 millions de francs CFA au domicile Farba Ngom, Maire de Agnam, fait beaucoup parler, ces derniers temps. Le coordonnateur du Forum civil attend du procureur qu\u2019il demande \u00e0 l\u2019int\u00e9ress\u00e9 l\u2019origine de l\u2019argent. Birahime Seck s\u2019offusque aussi du b\u00e2illonnement des corps de contr\u00f4le de l\u2019\u00c9tat. Il s\u2019est prononc\u00e9, hier, sur [&hellip;]<\/p>\n","protected":false},"author":11,"featured_media":45300,"comment_status":"open","ping_status":"open","sticky":false,"template":"","format":"standard","meta":{"_et_pb_use_builder":"","_et_pb_old_content":""},"categories":[4],"tags":[],"yoast_head":"<!-- This site is optimized with the Yoast SEO Premium plugin v17.8 (Yoast SEO v17.8) - https:\/\/yoast.com\/wordpress\/plugins\/seo\/ -->\n<title>AFFAIRE 890 MILLIONS DE FARBA NGOM - Birahime Seck invite le procureur \u00e0 investiguer sur l\u2019origine de l\u2019argent | Nettali.com<\/title>\n<meta name=\"robots\" content=\"index, follow, max-snippet:-1, max-image-preview:large, max-video-preview:-1\" \/>\n<link rel=\"canonical\" href=\"https:\/\/www.nettali.com\/2022\/06\/02\/affaire-890-millions-de-farba-ngom-birahime-seck-invite-le-procureur-a-investiguer-sur-lorigine-de-largent\/\" \/>\n<meta property=\"og:locale\" content=\"fr_FR\" \/>\n<meta property=\"og:type\" content=\"article\" \/>\n<meta property=\"og:title\" content=\"AFFAIRE 890 MILLIONS DE FARBA NGOM - Birahime Seck invite le procureur \u00e0 investiguer sur l\u2019origine de l\u2019argent\" \/>\n<meta property=\"og:description\" content=\"NETTALI.COM - Le vol de 890 millions de francs CFA au domicile Farba Ngom, Maire de Agnam, fait beaucoup parler, ces derniers temps. Le coordonnateur du Forum civil attend du procureur qu\u2019il demande \u00e0 l\u2019int\u00e9ress\u00e9 l\u2019origine de l\u2019argent. Birahime Seck s\u2019offusque aussi du b\u00e2illonnement des corps de contr\u00f4le de l\u2019\u00c9tat. Il s\u2019est prononc\u00e9, hier, sur [&hellip;]\" \/>\n<meta property=\"og:url\" content=\"https:\/\/www.nettali.com\/2022\/06\/02\/affaire-890-millions-de-farba-ngom-birahime-seck-invite-le-procureur-a-investiguer-sur-lorigine-de-largent\/\" \/>\n<meta property=\"og:site_name\" content=\"Nettali.com\" \/>\n<meta property=\"article:publisher\" content=\"https:\/\/www.facebook.com\/nettalicom\" \/>\n<meta property=\"article:published_time\" content=\"2022-06-02T09:43:30+00:00\" \/>\n<meta property=\"og:image\" content=\"https:\/\/www.nettali.com\/wp-content\/uploads\/2020\/09\/seck-birahim.jpg\" \/>\n\t<meta property=\"og:image:width\" content=\"671\" \/>\n\t<meta property=\"og:image:height\" content=\"875\" \/>\n<meta name=\"twitter:card\" content=\"summary_large_image\" \/>\n<meta name=\"twitter:label1\" content=\"\u00c9crit par\" \/>\n\t<meta name=\"twitter:data1\" content=\"Thierno Diop\" \/>\n\t<meta name=\"twitter:label2\" content=\"Dur\u00e9e de lecture estim\u00e9e\" \/>\n\t<meta name=\"twitter:data2\" content=\"4 minutes\" \/>\n<script type=\"application\/ld+json\" class=\"yoast-schema-graph\">{\"@context\":\"https:\/\/schema.org\",\"@graph\":[{\"@type\":\"WebSite\",\"@id\":\"https:\/\/www.nettali.com\/#website\",\"url\":\"https:\/\/www.nettali.com\/\",\"name\":\"Nettali.com\",\"description\":\"Le rendez-vous critique du Net\",\"potentialAction\":[{\"@type\":\"SearchAction\",\"target\":{\"@type\":\"EntryPoint\",\"urlTemplate\":\"https:\/\/www.nettali.com\/?s={search_term_string}\"},\"query-input\":\"required name=search_term_string\"}],\"inLanguage\":\"fr-FR\"},{\"@type\":\"ImageObject\",\"@id\":\"https:\/\/www.nettali.com\/2022\/06\/02\/affaire-890-millions-de-farba-ngom-birahime-seck-invite-le-procureur-a-investiguer-sur-lorigine-de-largent\/#primaryimage\",\"inLanguage\":\"fr-FR\",\"url\":\"https:\/\/www.nettali.com\/wp-content\/uploads\/2020\/09\/seck-birahim.jpg\",\"contentUrl\":\"https:\/\/www.nettali.com\/wp-content\/uploads\/2020\/09\/seck-birahim.jpg\",\"width\":671,\"height\":875},{\"@type\":\"WebPage\",\"@id\":\"https:\/\/www.nettali.com\/2022\/06\/02\/affaire-890-millions-de-farba-ngom-birahime-seck-invite-le-procureur-a-investiguer-sur-lorigine-de-largent\/#webpage\",\"url\":\"https:\/\/www.nettali.com\/2022\/06\/02\/affaire-890-millions-de-farba-ngom-birahime-seck-invite-le-procureur-a-investiguer-sur-lorigine-de-largent\/\",\"name\":\"AFFAIRE 890 MILLIONS DE FARBA NGOM - Birahime Seck invite le procureur \\u00e0 investiguer sur l\\u2019origine de l\\u2019argent | Nettali.com\",\"isPartOf\":{\"@id\":\"https:\/\/www.nettali.com\/#website\"},\"primaryImageOfPage\":{\"@id\":\"https:\/\/www.nettali.com\/2022\/06\/02\/affaire-890-millions-de-farba-ngom-birahime-seck-invite-le-procureur-a-investiguer-sur-lorigine-de-largent\/#primaryimage\"},\"datePublished\":\"2022-06-02T09:43:30+00:00\",\"dateModified\":\"2022-06-02T09:43:30+00:00\",\"author\":{\"@id\":\"https:\/\/www.nettali.com\/#\/schema\/person\/8a06c6bd7b19304cf4bf985862900b5b\"},\"breadcrumb\":{\"@id\":\"https:\/\/www.nettali.com\/2022\/06\/02\/affaire-890-millions-de-farba-ngom-birahime-seck-invite-le-procureur-a-investiguer-sur-lorigine-de-largent\/#breadcrumb\"},\"inLanguage\":\"fr-FR\",\"potentialAction\":[{\"@type\":\"ReadAction\",\"target\":[\"https:\/\/www.nettali.com\/2022\/06\/02\/affaire-890-millions-de-farba-ngom-birahime-seck-invite-le-procureur-a-investiguer-sur-lorigine-de-largent\/\"]}]},{\"@type\":\"BreadcrumbList\",\"@id\":\"https:\/\/www.nettali.com\/2022\/06\/02\/affaire-890-millions-de-farba-ngom-birahime-seck-invite-le-procureur-a-investiguer-sur-lorigine-de-largent\/#breadcrumb\",\"itemListElement\":[{\"@type\":\"ListItem\",\"position\":1,\"name\":\"Accueil\",\"item\":\"https:\/\/www.nettali.com\/\"},{\"@type\":\"ListItem\",\"position\":2,\"name\":\"AFFAIRE 890 MILLIONS DE FARBA NGOM - Birahime Seck invite le procureur \\u00e0 investiguer sur l\\u2019origine de l\\u2019argent\"}]},{\"@type\":\"Person\",\"@id\":\"https:\/\/www.nettali.com\/#\/schema\/person\/8a06c6bd7b19304cf4bf985862900b5b\",\"name\":\"Thierno Diop\",\"image\":{\"@type\":\"ImageObject\",\"@id\":\"https:\/\/www.nettali.com\/#personlogo\",\"inLanguage\":\"fr-FR\",\"url\":\"https:\/\/secure.gravatar.com\/avatar\/c8ca58550c94fd2ac856d27391a6c866?s=96&d=mm&r=g\",\"contentUrl\":\"https:\/\/secure.gravatar.com\/avatar\/c8ca58550c94fd2ac856d27391a6c866?s=96&d=mm&r=g\",\"caption\":\"Thierno Diop\"},\"sameAs\":[\"https:\/\/nettali.com\"]}]}<\/script>\n<!-- \/ Yoast SEO Premium plugin. -->","yoast_head_json":{"title":"AFFAIRE 890 MILLIONS DE FARBA NGOM - Birahime Seck invite le procureur \u00e0 investiguer sur l\u2019origine de l\u2019argent | Nettali.com","robots":{"index":"index","follow":"follow","max-snippet":"max-snippet:-1","max-image-preview":"max-image-preview:large","max-video-preview":"max-video-preview:-1"},"canonical":"https:\/\/www.nettali.com\/2022\/06\/02\/affaire-890-millions-de-farba-ngom-birahime-seck-invite-le-procureur-a-investiguer-sur-lorigine-de-largent\/","og_locale":"fr_FR","og_type":"article","og_title":"AFFAIRE 890 MILLIONS DE FARBA NGOM - Birahime Seck invite le procureur \u00e0 investiguer sur l\u2019origine de l\u2019argent","og_description":"NETTALI.COM - Le vol de 890 millions de francs CFA au domicile Farba Ngom, Maire de Agnam, fait beaucoup parler, ces derniers temps. Le coordonnateur du Forum civil attend du procureur qu\u2019il demande \u00e0 l\u2019int\u00e9ress\u00e9 l\u2019origine de l\u2019argent. Birahime Seck s\u2019offusque aussi du b\u00e2illonnement des corps de contr\u00f4le de l\u2019\u00c9tat. Il s\u2019est prononc\u00e9, hier, sur [&hellip;]","og_url":"https:\/\/www.nettali.com\/2022\/06\/02\/affaire-890-millions-de-farba-ngom-birahime-seck-invite-le-procureur-a-investiguer-sur-lorigine-de-largent\/","og_site_name":"Nettali.com","article_publisher":"https:\/\/www.facebook.com\/nettalicom","article_published_time":"2022-06-02T09:43:30+00:00","og_image":[{"width":671,"height":875,"url":"https:\/\/www.nettali.com\/wp-content\/uploads\/2020\/09\/seck-birahim.jpg","type":"image\/jpeg"}],"twitter_card":"summary_large_image","twitter_misc":{"\u00c9crit par":"Thierno Diop","Dur\u00e9e de lecture estim\u00e9e":"4 minutes"},"schema":{"@context":"https:\/\/schema.org","@graph":[{"@type":"WebSite","@id":"https:\/\/www.nettali.com\/#website","url":"https:\/\/www.nettali.com\/","name":"Nettali.com","description":"Le rendez-vous critique du Net","potentialAction":[{"@type":"SearchAction","target":{"@type":"EntryPoint","urlTemplate":"https:\/\/www.nettali.com\/?s={search_term_string}"},"query-input":"required name=search_term_string"}],"inLanguage":"fr-FR"},{"@type":"ImageObject","@id":"https:\/\/www.nettali.com\/2022\/06\/02\/affaire-890-millions-de-farba-ngom-birahime-seck-invite-le-procureur-a-investiguer-sur-lorigine-de-largent\/#primaryimage","inLanguage":"fr-FR","url":"https:\/\/www.nettali.com\/wp-content\/uploads\/2020\/09\/seck-birahim.jpg","contentUrl":"https:\/\/www.nettali.com\/wp-content\/uploads\/2020\/09\/seck-birahim.jpg","width":671,"height":875},{"@type":"WebPage","@id":"https:\/\/www.nettali.com\/2022\/06\/02\/affaire-890-millions-de-farba-ngom-birahime-seck-invite-le-procureur-a-investiguer-sur-lorigine-de-largent\/#webpage","url":"https:\/\/www.nettali.com\/2022\/06\/02\/affaire-890-millions-de-farba-ngom-birahime-seck-invite-le-procureur-a-investiguer-sur-lorigine-de-largent\/","name":"AFFAIRE 890 MILLIONS DE FARBA NGOM - Birahime Seck invite le procureur \u00e0 investiguer sur l\u2019origine de l\u2019argent | Nettali.com","isPartOf":{"@id":"https:\/\/www.nettali.com\/#website"},"primaryImageOfPage":{"@id":"https:\/\/www.nettali.com\/2022\/06\/02\/affaire-890-millions-de-farba-ngom-birahime-seck-invite-le-procureur-a-investiguer-sur-lorigine-de-largent\/#primaryimage"},"datePublished":"2022-06-02T09:43:30+00:00","dateModified":"2022-06-02T09:43:30+00:00","author":{"@id":"https:\/\/www.nettali.com\/#\/schema\/person\/8a06c6bd7b19304cf4bf985862900b5b"},"breadcrumb":{"@id":"https:\/\/www.nettali.com\/2022\/06\/02\/affaire-890-millions-de-farba-ngom-birahime-seck-invite-le-procureur-a-investiguer-sur-lorigine-de-largent\/#breadcrumb"},"inLanguage":"fr-FR","potentialAction":[{"@type":"ReadAction","target":["https:\/\/www.nettali.com\/2022\/06\/02\/affaire-890-millions-de-farba-ngom-birahime-seck-invite-le-procureur-a-investiguer-sur-lorigine-de-largent\/"]}]},{"@type":"BreadcrumbList","@id":"https:\/\/www.nettali.com\/2022\/06\/02\/affaire-890-millions-de-farba-ngom-birahime-seck-invite-le-procureur-a-investiguer-sur-lorigine-de-largent\/#breadcrumb","itemListElement":[{"@type":"ListItem","position":1,"name":"Accueil","item":"https:\/\/www.nettali.com\/"},{"@type":"ListItem","position":2,"name":"AFFAIRE 890 MILLIONS DE FARBA NGOM - Birahime Seck invite le procureur \u00e0 investiguer sur l\u2019origine de l\u2019argent"}]},{"@type":"Person","@id":"https:\/\/www.nettali.com\/#\/schema\/person\/8a06c6bd7b19304cf4bf985862900b5b","name":"Thierno Diop","image":{"@type":"ImageObject","@id":"https:\/\/www.nettali.com\/#personlogo","inLanguage":"fr-FR","url":"https:\/\/secure.gravatar.com\/avatar\/c8ca58550c94fd2ac856d27391a6c866?s=96&d=mm&r=g","contentUrl":"https:\/\/secure.gravatar.com\/avatar\/c8ca58550c94fd2ac856d27391a6c866?s=96&d=mm&r=g","caption":"Thierno Diop"},"sameAs":["https:\/\/nettali.com"]}]}},"_links":{"self":[{"href":"https:\/\/www.nettali.com\/rest\/wp\/v2\/posts\/87436"}],"collection":[{"href":"https:\/\/www.nettali.com\/rest\/wp\/v2\/posts"}],"about":[{"href":"https:\/\/www.nettali.com\/rest\/wp\/v2\/types\/post"}],"author":[{"embeddable":true,"href":"https:\/\/www.nettali.com\/rest\/wp\/v2\/users\/11"}],"replies":[{"embeddable":true,"href":"https:\/\/www.nettali.com\/rest\/wp\/v2\/comments?post=87436"}],"version-history":[{"count":1,"href":"https:\/\/www.nettali.com\/rest\/wp\/v2\/posts\/87436\/revisions"}],"predecessor-version":[{"id":87437,"href":"https:\/\/www.nettali.com\/rest\/wp\/v2\/posts\/87436\/revisions\/87437"}],"wp:featuredmedia":[{"embeddable":true,"href":"https:\/\/www.nettali.com\/rest\/wp\/v2\/media\/45300"}],"wp:attachment":[{"href":"https:\/\/www.nettali.com\/rest\/wp\/v2\/media?parent=87436"}],"wp:term":[{"taxonomy":"category","embeddable":true,"href":"https:\/\/www.nettali.com\/rest\/wp\/v2\/categories?post=87436"},{"taxonomy":"post_tag","embeddable":true,"href":"https:\/\/www.nettali.com\/rest\/wp\/v2\/tags?post=87436"}],"curies":[{"name":"wp","href":"https:\/\/api.w.org\/{rel}","templated":true}]}}