{"id":87407,"date":"2022-06-01T22:43:32","date_gmt":"2022-06-01T22:43:32","guid":{"rendered":"https:\/\/www.nettali.com\/?p=87407"},"modified":"2022-06-02T13:57:01","modified_gmt":"2022-06-02T13:57:01","slug":"manif-de-yewwi-askan-wi-le-prefet-de-dakar-dit-non","status":"publish","type":"post","link":"https:\/\/www.nettali.com\/2022\/06\/01\/manif-de-yewwi-askan-wi-le-prefet-de-dakar-dit-non\/","title":{"rendered":"MANIF DE YEWWI ASKAN WI  - Le pr\u00e9fet de Dakar dit non"},"content":{"rendered":"<p><strong>NETTALI.COM\u00a0 - Pr\u00e9vue ce vendredi, la manifestation de la coalition Yewwi askan wi n'aura pas lieu. Elle est en tout cas interdite par le pr\u00e9fet de Dakar.<\/strong><\/p>\n<p>La coalition Yewwi askan wi ne pourra pas tenir sa mobilisation pr\u00e9vue ce vendredi. Sauf si elle d\u00e9fie l'autorit\u00e9 pr\u00e9fectorale. Le pr\u00e9fet de Dakar a en effet d\u00e9cid\u00e9 d'interdire tout bonnement la manifestation. Motif : les \u00e9cologistes avaient d\u00e9j\u00e0 pr\u00e9vu d'organiser une foire \u00e0 la place de la nation. Reste maintenant \u00e0 savoir quelle attitude va adopter Yewwi askan wi. La coalition des Khalifa Ababacar Sall, Ousmane Sonko, A\u00efda Mbodji, D\u00e9thi\u00e9 Fall et compagnie avaient pr\u00e9vu de tenir un grand rassemblement \u00e0 la place de la nation pour sensibiliser les populations sur la situation du pays.<\/p>\n<p>Il s'agit l\u00e0 de la deuxi\u00e8me manifestation interdite cette semaine par le pr\u00e9fet de Dakar. Ce dernier a aussi dit aux mouvements citoyens dont Frapp qui voulaient manifester contre les drames not\u00e9s dans les structures de sant\u00e9. Finalement, c'est vendredi que le collectif \"Patients en danger\" va manifester \u00e0 Tivaouane o\u00f9 11 nouveau-n\u00e9s sont d\u00e9cid\u00e9s la semaine derni\u00e8re dans un incendie \u00e0 l'h\u00f4pital Mame Abdou Aziz Sy Dabakh.<\/p>\n<div class='share-to-whatsapp-wrapper'><div class='share-on-whsp'>PARTAGER SUR : <\/div><a data-text='MANIF DE YEWWI ASKAN WI  - Le pr\u00e9fet de Dakar dit non' data-link='https:\/\/www.nettali.com\/2022\/06\/01\/manif-de-yewwi-askan-wi-le-prefet-de-dakar-dit-non\/' class='whatsapp-button whatsapp-share'>WhatsApp<\/a><div class='clear '><\/div><\/div>","protected":false},"excerpt":{"rendered":"<p>NETTALI.COM\u00a0 - Pr\u00e9vue ce vendredi, la manifestation de la coalition Yewwi askan wi n'aura pas lieu. Elle est en tout cas interdite par le pr\u00e9fet de Dakar. La coalition Yewwi askan wi ne pourra pas tenir sa mobilisation pr\u00e9vue ce vendredi. Sauf si elle d\u00e9fie l'autorit\u00e9 pr\u00e9fectorale. Le pr\u00e9fet de Dakar a en effet d\u00e9cid\u00e9 [&hellip;]<\/p>\n","protected":false},"author":3,"featured_media":85245,"comment_status":"open","ping_status":"open","sticky":false,"template":"","format":"standard","meta":{"_et_pb_use_builder":"","_et_pb_old_content":""},"categories":[2],"tags":[],"yoast_head":"<!-- This site is optimized with the Yoast SEO Premium plugin v17.8 (Yoast SEO v17.8) - https:\/\/yoast.com\/wordpress\/plugins\/seo\/ -->\n<title>MANIF DE YEWWI ASKAN WI - Le pr\u00e9fet de Dakar dit non | Nettali.com<\/title>\n<meta name=\"robots\" content=\"index, follow, max-snippet:-1, max-image-preview:large, max-video-preview:-1\" \/>\n<link rel=\"canonical\" href=\"https:\/\/www.nettali.com\/2022\/06\/01\/manif-de-yewwi-askan-wi-le-prefet-de-dakar-dit-non\/\" \/>\n<meta property=\"og:locale\" content=\"fr_FR\" \/>\n<meta property=\"og:type\" content=\"article\" \/>\n<meta property=\"og:title\" content=\"MANIF DE YEWWI ASKAN WI - Le pr\u00e9fet de Dakar dit non\" \/>\n<meta property=\"og:description\" content=\"NETTALI.COM\u00a0 - Pr\u00e9vue ce vendredi, la manifestation de la coalition Yewwi askan wi n&#039;aura pas lieu. Elle est en tout cas interdite par le pr\u00e9fet de Dakar. La coalition Yewwi askan wi ne pourra pas tenir sa mobilisation pr\u00e9vue ce vendredi. Sauf si elle d\u00e9fie l&#039;autorit\u00e9 pr\u00e9fectorale. Le pr\u00e9fet de Dakar a en effet d\u00e9cid\u00e9 [&hellip;]\" \/>\n<meta property=\"og:url\" content=\"https:\/\/www.nettali.com\/2022\/06\/01\/manif-de-yewwi-askan-wi-le-prefet-de-dakar-dit-non\/\" \/>\n<meta property=\"og:site_name\" content=\"Nettali.com\" \/>\n<meta property=\"article:publisher\" content=\"https:\/\/www.facebook.com\/nettalicom\" \/>\n<meta property=\"article:published_time\" content=\"2022-06-01T22:43:32+00:00\" \/>\n<meta property=\"article:modified_time\" content=\"2022-06-02T13:57:01+00:00\" \/>\n<meta property=\"og:image\" content=\"https:\/\/www.nettali.com\/wp-content\/uploads\/2022\/04\/Yewwi-Askanwi.jpg\" \/>\n\t<meta property=\"og:image:width\" content=\"1200\" \/>\n\t<meta property=\"og:image:height\" content=\"900\" \/>\n<meta name=\"twitter:card\" content=\"summary_large_image\" \/>\n<meta name=\"twitter:label1\" content=\"\u00c9crit par\" \/>\n\t<meta name=\"twitter:data1\" content=\"Moustapha\" \/>\n\t<meta name=\"twitter:label2\" content=\"Dur\u00e9e de lecture estim\u00e9e\" \/>\n\t<meta name=\"twitter:data2\" content=\"1 minute\" \/>\n<script type=\"application\/ld+json\" class=\"yoast-schema-graph\">{\"@context\":\"https:\/\/schema.org\",\"@graph\":[{\"@type\":\"WebSite\",\"@id\":\"https:\/\/www.nettali.com\/#website\",\"url\":\"https:\/\/www.nettali.com\/\",\"name\":\"Nettali.com\",\"description\":\"Le rendez-vous critique du Net\",\"potentialAction\":[{\"@type\":\"SearchAction\",\"target\":{\"@type\":\"EntryPoint\",\"urlTemplate\":\"https:\/\/www.nettali.com\/?s={search_term_string}\"},\"query-input\":\"required name=search_term_string\"}],\"inLanguage\":\"fr-FR\"},{\"@type\":\"ImageObject\",\"@id\":\"https:\/\/www.nettali.com\/2022\/06\/01\/manif-de-yewwi-askan-wi-le-prefet-de-dakar-dit-non\/#primaryimage\",\"inLanguage\":\"fr-FR\",\"url\":\"https:\/\/www.nettali.com\/wp-content\/uploads\/2022\/04\/Yewwi-Askanwi.jpg\",\"contentUrl\":\"https:\/\/www.nettali.com\/wp-content\/uploads\/2022\/04\/Yewwi-Askanwi.jpg\",\"width\":1200,\"height\":900},{\"@type\":\"WebPage\",\"@id\":\"https:\/\/www.nettali.com\/2022\/06\/01\/manif-de-yewwi-askan-wi-le-prefet-de-dakar-dit-non\/#webpage\",\"url\":\"https:\/\/www.nettali.com\/2022\/06\/01\/manif-de-yewwi-askan-wi-le-prefet-de-dakar-dit-non\/\",\"name\":\"MANIF DE YEWWI ASKAN WI - Le pr\\u00e9fet de Dakar dit non | Nettali.com\",\"isPartOf\":{\"@id\":\"https:\/\/www.nettali.com\/#website\"},\"primaryImageOfPage\":{\"@id\":\"https:\/\/www.nettali.com\/2022\/06\/01\/manif-de-yewwi-askan-wi-le-prefet-de-dakar-dit-non\/#primaryimage\"},\"datePublished\":\"2022-06-01T22:43:32+00:00\",\"dateModified\":\"2022-06-02T13:57:01+00:00\",\"author\":{\"@id\":\"https:\/\/www.nettali.com\/#\/schema\/person\/7962a12a6e0267f88f0ffa544c36469a\"},\"breadcrumb\":{\"@id\":\"https:\/\/www.nettali.com\/2022\/06\/01\/manif-de-yewwi-askan-wi-le-prefet-de-dakar-dit-non\/#breadcrumb\"},\"inLanguage\":\"fr-FR\",\"potentialAction\":[{\"@type\":\"ReadAction\",\"target\":[\"https:\/\/www.nettali.com\/2022\/06\/01\/manif-de-yewwi-askan-wi-le-prefet-de-dakar-dit-non\/\"]}]},{\"@type\":\"BreadcrumbList\",\"@id\":\"https:\/\/www.nettali.com\/2022\/06\/01\/manif-de-yewwi-askan-wi-le-prefet-de-dakar-dit-non\/#breadcrumb\",\"itemListElement\":[{\"@type\":\"ListItem\",\"position\":1,\"name\":\"Accueil\",\"item\":\"https:\/\/www.nettali.com\/\"},{\"@type\":\"ListItem\",\"position\":2,\"name\":\"MANIF DE YEWWI ASKAN WI - Le pr\\u00e9fet de Dakar dit non\"}]},{\"@type\":\"Person\",\"@id\":\"https:\/\/www.nettali.com\/#\/schema\/person\/7962a12a6e0267f88f0ffa544c36469a\",\"name\":\"Moustapha\",\"image\":{\"@type\":\"ImageObject\",\"@id\":\"https:\/\/www.nettali.com\/#personlogo\",\"inLanguage\":\"fr-FR\",\"url\":\"https:\/\/secure.gravatar.com\/avatar\/10fdf6a071cccdcf374e3dbe45159590?s=96&d=mm&r=g\",\"contentUrl\":\"https:\/\/secure.gravatar.com\/avatar\/10fdf6a071cccdcf374e3dbe45159590?s=96&d=mm&r=g\",\"caption\":\"Moustapha\"},\"sameAs\":[\"https:\/\/www.nettali.com\"]}]}<\/script>\n<!-- \/ Yoast SEO Premium plugin. -->","yoast_head_json":{"title":"MANIF DE YEWWI ASKAN WI - Le pr\u00e9fet de Dakar dit non | Nettali.com","robots":{"index":"index","follow":"follow","max-snippet":"max-snippet:-1","max-image-preview":"max-image-preview:large","max-video-preview":"max-video-preview:-1"},"canonical":"https:\/\/www.nettali.com\/2022\/06\/01\/manif-de-yewwi-askan-wi-le-prefet-de-dakar-dit-non\/","og_locale":"fr_FR","og_type":"article","og_title":"MANIF DE YEWWI ASKAN WI - Le pr\u00e9fet de Dakar dit non","og_description":"NETTALI.COM\u00a0 - Pr\u00e9vue ce vendredi, la manifestation de la coalition Yewwi askan wi n'aura pas lieu. Elle est en tout cas interdite par le pr\u00e9fet de Dakar. La coalition Yewwi askan wi ne pourra pas tenir sa mobilisation pr\u00e9vue ce vendredi. Sauf si elle d\u00e9fie l'autorit\u00e9 pr\u00e9fectorale. Le pr\u00e9fet de Dakar a en effet d\u00e9cid\u00e9 [&hellip;]","og_url":"https:\/\/www.nettali.com\/2022\/06\/01\/manif-de-yewwi-askan-wi-le-prefet-de-dakar-dit-non\/","og_site_name":"Nettali.com","article_publisher":"https:\/\/www.facebook.com\/nettalicom","article_published_time":"2022-06-01T22:43:32+00:00","article_modified_time":"2022-06-02T13:57:01+00:00","og_image":[{"width":1200,"height":900,"url":"https:\/\/www.nettali.com\/wp-content\/uploads\/2022\/04\/Yewwi-Askanwi.jpg","type":"image\/jpeg"}],"twitter_card":"summary_large_image","twitter_misc":{"\u00c9crit par":"Moustapha","Dur\u00e9e de lecture estim\u00e9e":"1 minute"},"schema":{"@context":"https:\/\/schema.org","@graph":[{"@type":"WebSite","@id":"https:\/\/www.nettali.com\/#website","url":"https:\/\/www.nettali.com\/","name":"Nettali.com","description":"Le rendez-vous critique du Net","potentialAction":[{"@type":"SearchAction","target":{"@type":"EntryPoint","urlTemplate":"https:\/\/www.nettali.com\/?s={search_term_string}"},"query-input":"required name=search_term_string"}],"inLanguage":"fr-FR"},{"@type":"ImageObject","@id":"https:\/\/www.nettali.com\/2022\/06\/01\/manif-de-yewwi-askan-wi-le-prefet-de-dakar-dit-non\/#primaryimage","inLanguage":"fr-FR","url":"https:\/\/www.nettali.com\/wp-content\/uploads\/2022\/04\/Yewwi-Askanwi.jpg","contentUrl":"https:\/\/www.nettali.com\/wp-content\/uploads\/2022\/04\/Yewwi-Askanwi.jpg","width":1200,"height":900},{"@type":"WebPage","@id":"https:\/\/www.nettali.com\/2022\/06\/01\/manif-de-yewwi-askan-wi-le-prefet-de-dakar-dit-non\/#webpage","url":"https:\/\/www.nettali.com\/2022\/06\/01\/manif-de-yewwi-askan-wi-le-prefet-de-dakar-dit-non\/","name":"MANIF DE YEWWI ASKAN WI - Le pr\u00e9fet de Dakar dit non | Nettali.com","isPartOf":{"@id":"https:\/\/www.nettali.com\/#website"},"primaryImageOfPage":{"@id":"https:\/\/www.nettali.com\/2022\/06\/01\/manif-de-yewwi-askan-wi-le-prefet-de-dakar-dit-non\/#primaryimage"},"datePublished":"2022-06-01T22:43:32+00:00","dateModified":"2022-06-02T13:57:01+00:00","author":{"@id":"https:\/\/www.nettali.com\/#\/schema\/person\/7962a12a6e0267f88f0ffa544c36469a"},"breadcrumb":{"@id":"https:\/\/www.nettali.com\/2022\/06\/01\/manif-de-yewwi-askan-wi-le-prefet-de-dakar-dit-non\/#breadcrumb"},"inLanguage":"fr-FR","potentialAction":[{"@type":"ReadAction","target":["https:\/\/www.nettali.com\/2022\/06\/01\/manif-de-yewwi-askan-wi-le-prefet-de-dakar-dit-non\/"]}]},{"@type":"BreadcrumbList","@id":"https:\/\/www.nettali.com\/2022\/06\/01\/manif-de-yewwi-askan-wi-le-prefet-de-dakar-dit-non\/#breadcrumb","itemListElement":[{"@type":"ListItem","position":1,"name":"Accueil","item":"https:\/\/www.nettali.com\/"},{"@type":"ListItem","position":2,"name":"MANIF DE YEWWI ASKAN WI - Le pr\u00e9fet de Dakar dit non"}]},{"@type":"Person","@id":"https:\/\/www.nettali.com\/#\/schema\/person\/7962a12a6e0267f88f0ffa544c36469a","name":"Moustapha","image":{"@type":"ImageObject","@id":"https:\/\/www.nettali.com\/#personlogo","inLanguage":"fr-FR","url":"https:\/\/secure.gravatar.com\/avatar\/10fdf6a071cccdcf374e3dbe45159590?s=96&d=mm&r=g","contentUrl":"https:\/\/secure.gravatar.com\/avatar\/10fdf6a071cccdcf374e3dbe45159590?s=96&d=mm&r=g","caption":"Moustapha"},"sameAs":["https:\/\/www.nettali.com"]}]}},"_links":{"self":[{"href":"https:\/\/www.nettali.com\/rest\/wp\/v2\/posts\/87407"}],"collection":[{"href":"https:\/\/www.nettali.com\/rest\/wp\/v2\/posts"}],"about":[{"href":"https:\/\/www.nettali.com\/rest\/wp\/v2\/types\/post"}],"author":[{"embeddable":true,"href":"https:\/\/www.nettali.com\/rest\/wp\/v2\/users\/3"}],"replies":[{"embeddable":true,"href":"https:\/\/www.nettali.com\/rest\/wp\/v2\/comments?post=87407"}],"version-history":[{"count":1,"href":"https:\/\/www.nettali.com\/rest\/wp\/v2\/posts\/87407\/revisions"}],"predecessor-version":[{"id":87409,"href":"https:\/\/www.nettali.com\/rest\/wp\/v2\/posts\/87407\/revisions\/87409"}],"wp:featuredmedia":[{"embeddable":true,"href":"https:\/\/www.nettali.com\/rest\/wp\/v2\/media\/85245"}],"wp:attachment":[{"href":"https:\/\/www.nettali.com\/rest\/wp\/v2\/media?parent=87407"}],"wp:term":[{"taxonomy":"category","embeddable":true,"href":"https:\/\/www.nettali.com\/rest\/wp\/v2\/categories?post=87407"},{"taxonomy":"post_tag","embeddable":true,"href":"https:\/\/www.nettali.com\/rest\/wp\/v2\/tags?post=87407"}],"curies":[{"name":"wp","href":"https:\/\/api.w.org\/{rel}","templated":true}]}}