{"id":87355,"date":"2022-06-01T09:42:54","date_gmt":"2022-06-01T09:42:54","guid":{"rendered":"https:\/\/www.nettali.com\/?p=87355"},"modified":"2022-06-01T10:18:56","modified_gmt":"2022-06-01T10:18:56","slug":"traces-des-communications-entre-adji-sarr-et-sidy-ahmed-mbaye-le-procureur-soppose-a-la-requete-des-avocats-de-sonko","status":"publish","type":"post","link":"https:\/\/www.nettali.com\/2022\/06\/01\/traces-des-communications-entre-adji-sarr-et-sidy-ahmed-mbaye-le-procureur-soppose-a-la-requete-des-avocats-de-sonko\/","title":{"rendered":"REQUISITIONS TELEPHONIQUES ENTRE ADJI SARR ET SIDY AHMED MBAYE \u2013 Le parquet oppose son veto"},"content":{"rendered":"<p><strong>NETTALI.COM \u2013 De nouveaux rebondissements sont port\u00e9s sur l\u2019affaire Sweet Beaut\u00e9. Le procureur rejette la requ\u00eate des avocats de Ousmane Sonko, demandant au Doyen des juges de requ\u00e9rir aupr\u00e8s des op\u00e9rateurs de t\u00e9l\u00e9phonie la production des relev\u00e9s d\u2019appels entrants et sortants de Adji Sarr et de Sidy Ahmed Mbaye.<\/strong><\/p>\n<p>Dans un r\u00e9quisitoire transmis au juge avant-hier, lundi, le procureur s\u2019oppose, apr\u00e8s que les avocats de Ousmane Sonko ont demand\u00e9 au Doyen des juges de requ\u00e9rir aupr\u00e8s des op\u00e9rateurs de t\u00e9l\u00e9phonie la production des relev\u00e9s d\u2019appels entrants et sortants de Adji Sarr et de Sidy Ahmed Mbaye.<\/p>\n<p>En clair, informe la publication de ce mercredi de Lib\u00e9ration, les conseils de Ousmane Sonko sont int\u00e9ress\u00e9s par les communications de ces derniers entre d\u00e9cembre 2020 et f\u00e9vrier 2021, particuli\u00e8rement la journ\u00e9e du 3 f\u00e9vrier.<\/p>\n<p>A en croire la m\u00eame source, le chef du parquet estime que les r\u00e9quisitions en question n\u2019apporteraient rien de nouveau \u00e0 la manifestation de la v\u00e9rit\u00e9 dans le traitement de l\u2019affaire Sweet Beauty.<\/p>\n<p>Lib\u00e9ration de pr\u00e9ciser que le Doyen des juges dira s\u2019il suit le parquet ou s\u2019il r\u00e9pond favorablement \u00e0 la demande des avocats de Sonko.<\/p>\n<p>Ce dernier devra \u00e9galement trancher entre ces deux parties au sujet d\u2019une \u00e9ventuelle audition de l\u2019ancien capitaine de gendarmerie Seydina Oumar Tour\u00e9. Les conseils du leader de Pastef avaient demand\u00e9 que ce dernier soit interrog\u00e9 dans le cadre de l\u2019instruction de l\u2019affaire alors que le parquet a manifest\u00e9 son opposition.<\/p>\n<div class='share-to-whatsapp-wrapper'><div class='share-on-whsp'>PARTAGER SUR : <\/div><a data-text='REQUISITIONS TELEPHONIQUES ENTRE ADJI SARR ET SIDY AHMED MBAYE \u2013 Le parquet oppose son veto' data-link='https:\/\/www.nettali.com\/2022\/06\/01\/traces-des-communications-entre-adji-sarr-et-sidy-ahmed-mbaye-le-procureur-soppose-a-la-requete-des-avocats-de-sonko\/' class='whatsapp-button whatsapp-share'>WhatsApp<\/a><div class='clear '><\/div><\/div>","protected":false},"excerpt":{"rendered":"<p>NETTALI.COM \u2013 De nouveaux rebondissements sont port\u00e9s sur l\u2019affaire Sweet Beaut\u00e9. Le procureur rejette la requ\u00eate des avocats de Ousmane Sonko, demandant au Doyen des juges de requ\u00e9rir aupr\u00e8s des op\u00e9rateurs de t\u00e9l\u00e9phonie la production des relev\u00e9s d\u2019appels entrants et sortants de Adji Sarr et de Sidy Ahmed Mbaye. Dans un r\u00e9quisitoire transmis au juge [&hellip;]<\/p>\n","protected":false},"author":11,"featured_media":86613,"comment_status":"open","ping_status":"open","sticky":false,"template":"","format":"standard","meta":{"_et_pb_use_builder":"","_et_pb_old_content":""},"categories":[3],"tags":[],"yoast_head":"<!-- This site is optimized with the Yoast SEO Premium plugin v17.8 (Yoast SEO v17.8) - https:\/\/yoast.com\/wordpress\/plugins\/seo\/ -->\n<title>REQUISITIONS TELEPHONIQUES ENTRE ADJI SARR ET SIDY AHMED MBAYE \u2013 Le parquet oppose son veto | Nettali.com<\/title>\n<meta name=\"robots\" content=\"index, follow, max-snippet:-1, max-image-preview:large, max-video-preview:-1\" \/>\n<link rel=\"canonical\" href=\"https:\/\/www.nettali.com\/2022\/06\/01\/traces-des-communications-entre-adji-sarr-et-sidy-ahmed-mbaye-le-procureur-soppose-a-la-requete-des-avocats-de-sonko\/\" \/>\n<meta property=\"og:locale\" content=\"fr_FR\" \/>\n<meta property=\"og:type\" content=\"article\" \/>\n<meta property=\"og:title\" content=\"REQUISITIONS TELEPHONIQUES ENTRE ADJI SARR ET SIDY AHMED MBAYE \u2013 Le parquet oppose son veto\" \/>\n<meta property=\"og:description\" content=\"NETTALI.COM \u2013 De nouveaux rebondissements sont port\u00e9s sur l\u2019affaire Sweet Beaut\u00e9. Le procureur rejette la requ\u00eate des avocats de Ousmane Sonko, demandant au Doyen des juges de requ\u00e9rir aupr\u00e8s des op\u00e9rateurs de t\u00e9l\u00e9phonie la production des relev\u00e9s d\u2019appels entrants et sortants de Adji Sarr et de Sidy Ahmed Mbaye. Dans un r\u00e9quisitoire transmis au juge [&hellip;]\" \/>\n<meta property=\"og:url\" content=\"https:\/\/www.nettali.com\/2022\/06\/01\/traces-des-communications-entre-adji-sarr-et-sidy-ahmed-mbaye-le-procureur-soppose-a-la-requete-des-avocats-de-sonko\/\" \/>\n<meta property=\"og:site_name\" content=\"Nettali.com\" \/>\n<meta property=\"article:publisher\" content=\"https:\/\/www.facebook.com\/nettalicom\" \/>\n<meta property=\"article:published_time\" content=\"2022-06-01T09:42:54+00:00\" \/>\n<meta property=\"article:modified_time\" content=\"2022-06-01T10:18:56+00:00\" \/>\n<meta property=\"og:image\" content=\"https:\/\/www.nettali.com\/wp-content\/uploads\/2022\/05\/Sonko-Adji-Sarr.jpeg\" \/>\n\t<meta property=\"og:image:width\" content=\"592\" \/>\n\t<meta property=\"og:image:height\" content=\"296\" \/>\n<meta name=\"twitter:card\" content=\"summary_large_image\" \/>\n<meta name=\"twitter:label1\" content=\"\u00c9crit par\" \/>\n\t<meta name=\"twitter:data1\" content=\"Thierno Diop\" \/>\n\t<meta name=\"twitter:label2\" content=\"Dur\u00e9e de lecture estim\u00e9e\" \/>\n\t<meta name=\"twitter:data2\" content=\"2 minutes\" \/>\n<script type=\"application\/ld+json\" class=\"yoast-schema-graph\">{\"@context\":\"https:\/\/schema.org\",\"@graph\":[{\"@type\":\"WebSite\",\"@id\":\"https:\/\/www.nettali.com\/#website\",\"url\":\"https:\/\/www.nettali.com\/\",\"name\":\"Nettali.com\",\"description\":\"Le rendez-vous critique du Net\",\"potentialAction\":[{\"@type\":\"SearchAction\",\"target\":{\"@type\":\"EntryPoint\",\"urlTemplate\":\"https:\/\/www.nettali.com\/?s={search_term_string}\"},\"query-input\":\"required name=search_term_string\"}],\"inLanguage\":\"fr-FR\"},{\"@type\":\"ImageObject\",\"@id\":\"https:\/\/www.nettali.com\/2022\/06\/01\/traces-des-communications-entre-adji-sarr-et-sidy-ahmed-mbaye-le-procureur-soppose-a-la-requete-des-avocats-de-sonko\/#primaryimage\",\"inLanguage\":\"fr-FR\",\"url\":\"https:\/\/www.nettali.com\/wp-content\/uploads\/2022\/05\/Sonko-Adji-Sarr.jpeg\",\"contentUrl\":\"https:\/\/www.nettali.com\/wp-content\/uploads\/2022\/05\/Sonko-Adji-Sarr.jpeg\",\"width\":592,\"height\":296},{\"@type\":\"WebPage\",\"@id\":\"https:\/\/www.nettali.com\/2022\/06\/01\/traces-des-communications-entre-adji-sarr-et-sidy-ahmed-mbaye-le-procureur-soppose-a-la-requete-des-avocats-de-sonko\/#webpage\",\"url\":\"https:\/\/www.nettali.com\/2022\/06\/01\/traces-des-communications-entre-adji-sarr-et-sidy-ahmed-mbaye-le-procureur-soppose-a-la-requete-des-avocats-de-sonko\/\",\"name\":\"REQUISITIONS TELEPHONIQUES ENTRE ADJI SARR ET SIDY AHMED MBAYE \\u2013 Le parquet oppose son veto | Nettali.com\",\"isPartOf\":{\"@id\":\"https:\/\/www.nettali.com\/#website\"},\"primaryImageOfPage\":{\"@id\":\"https:\/\/www.nettali.com\/2022\/06\/01\/traces-des-communications-entre-adji-sarr-et-sidy-ahmed-mbaye-le-procureur-soppose-a-la-requete-des-avocats-de-sonko\/#primaryimage\"},\"datePublished\":\"2022-06-01T09:42:54+00:00\",\"dateModified\":\"2022-06-01T10:18:56+00:00\",\"author\":{\"@id\":\"https:\/\/www.nettali.com\/#\/schema\/person\/8a06c6bd7b19304cf4bf985862900b5b\"},\"breadcrumb\":{\"@id\":\"https:\/\/www.nettali.com\/2022\/06\/01\/traces-des-communications-entre-adji-sarr-et-sidy-ahmed-mbaye-le-procureur-soppose-a-la-requete-des-avocats-de-sonko\/#breadcrumb\"},\"inLanguage\":\"fr-FR\",\"potentialAction\":[{\"@type\":\"ReadAction\",\"target\":[\"https:\/\/www.nettali.com\/2022\/06\/01\/traces-des-communications-entre-adji-sarr-et-sidy-ahmed-mbaye-le-procureur-soppose-a-la-requete-des-avocats-de-sonko\/\"]}]},{\"@type\":\"BreadcrumbList\",\"@id\":\"https:\/\/www.nettali.com\/2022\/06\/01\/traces-des-communications-entre-adji-sarr-et-sidy-ahmed-mbaye-le-procureur-soppose-a-la-requete-des-avocats-de-sonko\/#breadcrumb\",\"itemListElement\":[{\"@type\":\"ListItem\",\"position\":1,\"name\":\"Accueil\",\"item\":\"https:\/\/www.nettali.com\/\"},{\"@type\":\"ListItem\",\"position\":2,\"name\":\"REQUISITIONS TELEPHONIQUES ENTRE ADJI SARR ET SIDY AHMED MBAYE \\u2013 Le parquet oppose son veto\"}]},{\"@type\":\"Person\",\"@id\":\"https:\/\/www.nettali.com\/#\/schema\/person\/8a06c6bd7b19304cf4bf985862900b5b\",\"name\":\"Thierno Diop\",\"image\":{\"@type\":\"ImageObject\",\"@id\":\"https:\/\/www.nettali.com\/#personlogo\",\"inLanguage\":\"fr-FR\",\"url\":\"https:\/\/secure.gravatar.com\/avatar\/c8ca58550c94fd2ac856d27391a6c866?s=96&d=mm&r=g\",\"contentUrl\":\"https:\/\/secure.gravatar.com\/avatar\/c8ca58550c94fd2ac856d27391a6c866?s=96&d=mm&r=g\",\"caption\":\"Thierno Diop\"},\"sameAs\":[\"https:\/\/nettali.com\"]}]}<\/script>\n<!-- \/ Yoast SEO Premium plugin. -->","yoast_head_json":{"title":"REQUISITIONS TELEPHONIQUES ENTRE ADJI SARR ET SIDY AHMED MBAYE \u2013 Le parquet oppose son veto | Nettali.com","robots":{"index":"index","follow":"follow","max-snippet":"max-snippet:-1","max-image-preview":"max-image-preview:large","max-video-preview":"max-video-preview:-1"},"canonical":"https:\/\/www.nettali.com\/2022\/06\/01\/traces-des-communications-entre-adji-sarr-et-sidy-ahmed-mbaye-le-procureur-soppose-a-la-requete-des-avocats-de-sonko\/","og_locale":"fr_FR","og_type":"article","og_title":"REQUISITIONS TELEPHONIQUES ENTRE ADJI SARR ET SIDY AHMED MBAYE \u2013 Le parquet oppose son veto","og_description":"NETTALI.COM \u2013 De nouveaux rebondissements sont port\u00e9s sur l\u2019affaire Sweet Beaut\u00e9. Le procureur rejette la requ\u00eate des avocats de Ousmane Sonko, demandant au Doyen des juges de requ\u00e9rir aupr\u00e8s des op\u00e9rateurs de t\u00e9l\u00e9phonie la production des relev\u00e9s d\u2019appels entrants et sortants de Adji Sarr et de Sidy Ahmed Mbaye. Dans un r\u00e9quisitoire transmis au juge [&hellip;]","og_url":"https:\/\/www.nettali.com\/2022\/06\/01\/traces-des-communications-entre-adji-sarr-et-sidy-ahmed-mbaye-le-procureur-soppose-a-la-requete-des-avocats-de-sonko\/","og_site_name":"Nettali.com","article_publisher":"https:\/\/www.facebook.com\/nettalicom","article_published_time":"2022-06-01T09:42:54+00:00","article_modified_time":"2022-06-01T10:18:56+00:00","og_image":[{"width":592,"height":296,"url":"https:\/\/www.nettali.com\/wp-content\/uploads\/2022\/05\/Sonko-Adji-Sarr.jpeg","type":"image\/jpeg"}],"twitter_card":"summary_large_image","twitter_misc":{"\u00c9crit par":"Thierno Diop","Dur\u00e9e de lecture estim\u00e9e":"2 minutes"},"schema":{"@context":"https:\/\/schema.org","@graph":[{"@type":"WebSite","@id":"https:\/\/www.nettali.com\/#website","url":"https:\/\/www.nettali.com\/","name":"Nettali.com","description":"Le rendez-vous critique du Net","potentialAction":[{"@type":"SearchAction","target":{"@type":"EntryPoint","urlTemplate":"https:\/\/www.nettali.com\/?s={search_term_string}"},"query-input":"required name=search_term_string"}],"inLanguage":"fr-FR"},{"@type":"ImageObject","@id":"https:\/\/www.nettali.com\/2022\/06\/01\/traces-des-communications-entre-adji-sarr-et-sidy-ahmed-mbaye-le-procureur-soppose-a-la-requete-des-avocats-de-sonko\/#primaryimage","inLanguage":"fr-FR","url":"https:\/\/www.nettali.com\/wp-content\/uploads\/2022\/05\/Sonko-Adji-Sarr.jpeg","contentUrl":"https:\/\/www.nettali.com\/wp-content\/uploads\/2022\/05\/Sonko-Adji-Sarr.jpeg","width":592,"height":296},{"@type":"WebPage","@id":"https:\/\/www.nettali.com\/2022\/06\/01\/traces-des-communications-entre-adji-sarr-et-sidy-ahmed-mbaye-le-procureur-soppose-a-la-requete-des-avocats-de-sonko\/#webpage","url":"https:\/\/www.nettali.com\/2022\/06\/01\/traces-des-communications-entre-adji-sarr-et-sidy-ahmed-mbaye-le-procureur-soppose-a-la-requete-des-avocats-de-sonko\/","name":"REQUISITIONS TELEPHONIQUES ENTRE ADJI SARR ET SIDY AHMED MBAYE \u2013 Le parquet oppose son veto | Nettali.com","isPartOf":{"@id":"https:\/\/www.nettali.com\/#website"},"primaryImageOfPage":{"@id":"https:\/\/www.nettali.com\/2022\/06\/01\/traces-des-communications-entre-adji-sarr-et-sidy-ahmed-mbaye-le-procureur-soppose-a-la-requete-des-avocats-de-sonko\/#primaryimage"},"datePublished":"2022-06-01T09:42:54+00:00","dateModified":"2022-06-01T10:18:56+00:00","author":{"@id":"https:\/\/www.nettali.com\/#\/schema\/person\/8a06c6bd7b19304cf4bf985862900b5b"},"breadcrumb":{"@id":"https:\/\/www.nettali.com\/2022\/06\/01\/traces-des-communications-entre-adji-sarr-et-sidy-ahmed-mbaye-le-procureur-soppose-a-la-requete-des-avocats-de-sonko\/#breadcrumb"},"inLanguage":"fr-FR","potentialAction":[{"@type":"ReadAction","target":["https:\/\/www.nettali.com\/2022\/06\/01\/traces-des-communications-entre-adji-sarr-et-sidy-ahmed-mbaye-le-procureur-soppose-a-la-requete-des-avocats-de-sonko\/"]}]},{"@type":"BreadcrumbList","@id":"https:\/\/www.nettali.com\/2022\/06\/01\/traces-des-communications-entre-adji-sarr-et-sidy-ahmed-mbaye-le-procureur-soppose-a-la-requete-des-avocats-de-sonko\/#breadcrumb","itemListElement":[{"@type":"ListItem","position":1,"name":"Accueil","item":"https:\/\/www.nettali.com\/"},{"@type":"ListItem","position":2,"name":"REQUISITIONS TELEPHONIQUES ENTRE ADJI SARR ET SIDY AHMED MBAYE \u2013 Le parquet oppose son veto"}]},{"@type":"Person","@id":"https:\/\/www.nettali.com\/#\/schema\/person\/8a06c6bd7b19304cf4bf985862900b5b","name":"Thierno Diop","image":{"@type":"ImageObject","@id":"https:\/\/www.nettali.com\/#personlogo","inLanguage":"fr-FR","url":"https:\/\/secure.gravatar.com\/avatar\/c8ca58550c94fd2ac856d27391a6c866?s=96&d=mm&r=g","contentUrl":"https:\/\/secure.gravatar.com\/avatar\/c8ca58550c94fd2ac856d27391a6c866?s=96&d=mm&r=g","caption":"Thierno Diop"},"sameAs":["https:\/\/nettali.com"]}]}},"_links":{"self":[{"href":"https:\/\/www.nettali.com\/rest\/wp\/v2\/posts\/87355"}],"collection":[{"href":"https:\/\/www.nettali.com\/rest\/wp\/v2\/posts"}],"about":[{"href":"https:\/\/www.nettali.com\/rest\/wp\/v2\/types\/post"}],"author":[{"embeddable":true,"href":"https:\/\/www.nettali.com\/rest\/wp\/v2\/users\/11"}],"replies":[{"embeddable":true,"href":"https:\/\/www.nettali.com\/rest\/wp\/v2\/comments?post=87355"}],"version-history":[{"count":4,"href":"https:\/\/www.nettali.com\/rest\/wp\/v2\/posts\/87355\/revisions"}],"predecessor-version":[{"id":87362,"href":"https:\/\/www.nettali.com\/rest\/wp\/v2\/posts\/87355\/revisions\/87362"}],"wp:featuredmedia":[{"embeddable":true,"href":"https:\/\/www.nettali.com\/rest\/wp\/v2\/media\/86613"}],"wp:attachment":[{"href":"https:\/\/www.nettali.com\/rest\/wp\/v2\/media?parent=87355"}],"wp:term":[{"taxonomy":"category","embeddable":true,"href":"https:\/\/www.nettali.com\/rest\/wp\/v2\/categories?post=87355"},{"taxonomy":"post_tag","embeddable":true,"href":"https:\/\/www.nettali.com\/rest\/wp\/v2\/tags?post=87355"}],"curies":[{"name":"wp","href":"https:\/\/api.w.org\/{rel}","templated":true}]}}