{"id":87179,"date":"2022-05-29T12:51:38","date_gmt":"2022-05-29T12:51:38","guid":{"rendered":"https:\/\/www.nettali.com\/?p=87179"},"modified":"2022-05-29T21:17:05","modified_gmt":"2022-05-29T21:17:05","slug":"ismaila-madior-fall-sur-le-troisieme-mandat-le-moment-venu-le-president-de-la-republique-clarifiera-son-propos","status":"publish","type":"post","link":"https:\/\/www.nettali.com\/2022\/05\/29\/ismaila-madior-fall-sur-le-troisieme-mandat-le-moment-venu-le-president-de-la-republique-clarifiera-son-propos\/","title":{"rendered":"ISMAILA MADIOR FALL SUR LE \"TROISIEME MANDAT\" - \"Le moment venu, le pr\u00e9sident clarifiera son propos\""},"content":{"rendered":"<p><strong>NETTALI.COM - Il appartient au pr\u00e9sident de la R\u00e9publique de dire s\u2019il fera une troisi\u00e8me candidature ou pas. C\u2019est le point de vue de Ismaila Madior Fall, invit\u00e9 du Jury du dimanche.\u00a0<\/strong><\/p>\n<p>Professeur de droit constitutionnel, l\u2019ancien ministre de la Justice, Isma\u00efla Madior Fall refuse de se prononcer sur la question de la limitation des mandats. Selon lui, le moment venu, Macky Sall clarifiera ses propos. \"<em>Dans ce contexte actuel, je ne peux pas r\u00e9pondre \u00e0 cette question parce que toute r\u00e9ponse de ma part serait sujette \u00e0 controverse, \u00e0 pol\u00e9mique, et \u00e7a va nous faire perdre du temps. Je pense que, comme je l\u2019avais dit, c\u2019est une question qu\u2019on va r\u00e9server \u00e0 celui qui est int\u00e9ress\u00e9 en l\u2019occurrence le pr\u00e9sident de la R\u00e9publique\"<\/em>, a d\u00e9clar\u00e9 M. Fall ce dimanche sur Iradio.\u00a0 Celui-ci a soulign\u00e9 qu\u2019il y a des partisans de la limitation des mandats pr\u00e9sidentiels \u00e0 deux qui consid\u00e8rent que dans une d\u00e9mocratie, un pr\u00e9sident, quels que soient son charisme, ses comp\u00e9tences, doit, au bout de deux mandats s\u2019en aller, comme les Am\u00e9ricains le font. Il y en a d\u2019autres qui consid\u00e8rent qu\u2019il n\u2019y a pas lieu de limiter les mandats.<\/p>\n<p>Pour lui, c\u2019est une question sur laquelle chacun peut avoir son point de vue. \"<em>Po<\/em><em>ur l\u2019Etat du S\u00e9n\u00e9gal, la question, on me la pose souvent sur les plateaux, mais moi je pense que dans le contexte o\u00f9 on est, en ces moments, il appartient \u00e0 un seul S\u00e9n\u00e9galais de r\u00e9pondre \u00e0 la question de savoir s\u2019il y aura un troisi\u00e8me mandat ou pas, c\u2019est le pr\u00e9sident de la R\u00e9publique qui est habilit\u00e9 \u00e0 r\u00e9pondre \u00e0 cette question. Pas quelqu'un d'autre<\/em>\", a indiqu\u00e9 Isma\u00efla Madior Fall.<\/p>\n<p>Pour rappel, M. Fall qui est pr\u00e9sent\u00e9 comme un des r\u00e9dacteurs de l'actuelle Constitution du S\u00e9n\u00e9gal, a toujours soutenu avec force que Macky Sall n'avait pas droit \u00e0 un troisi\u00e8me mandat.<\/p>\n<p>&nbsp;<\/p>\n<div class='share-to-whatsapp-wrapper'><div class='share-on-whsp'>PARTAGER SUR : <\/div><a data-text='ISMAILA MADIOR FALL SUR LE \"TROISIEME MANDAT\" - \"Le moment venu, le pr\u00e9sident clarifiera son propos\"' data-link='https:\/\/www.nettali.com\/2022\/05\/29\/ismaila-madior-fall-sur-le-troisieme-mandat-le-moment-venu-le-president-de-la-republique-clarifiera-son-propos\/' class='whatsapp-button whatsapp-share'>WhatsApp<\/a><div class='clear '><\/div><\/div>","protected":false},"excerpt":{"rendered":"<p>NETTALI.COM - Il appartient au pr\u00e9sident de la R\u00e9publique de dire s\u2019il fera une troisi\u00e8me candidature ou pas. C\u2019est le point de vue de Ismaila Madior Fall, invit\u00e9 du Jury du dimanche.\u00a0 Professeur de droit constitutionnel, l\u2019ancien ministre de la Justice, Isma\u00efla Madior Fall refuse de se prononcer sur la question de la limitation des [&hellip;]<\/p>\n","protected":false},"author":11,"featured_media":6459,"comment_status":"open","ping_status":"open","sticky":false,"template":"","format":"standard","meta":{"_et_pb_use_builder":"","_et_pb_old_content":""},"categories":[2],"tags":[],"yoast_head":"<!-- This site is optimized with the Yoast SEO Premium plugin v17.8 (Yoast SEO v17.8) - https:\/\/yoast.com\/wordpress\/plugins\/seo\/ -->\n<title>ISMAILA MADIOR FALL SUR LE &quot;TROISIEME MANDAT&quot; - &quot;Le moment venu, le pr\u00e9sident clarifiera son propos&quot; | Nettali.com<\/title>\n<meta name=\"robots\" content=\"index, follow, max-snippet:-1, max-image-preview:large, max-video-preview:-1\" \/>\n<link rel=\"canonical\" href=\"https:\/\/www.nettali.com\/2022\/05\/29\/ismaila-madior-fall-sur-le-troisieme-mandat-le-moment-venu-le-president-de-la-republique-clarifiera-son-propos\/\" \/>\n<meta property=\"og:locale\" content=\"fr_FR\" \/>\n<meta property=\"og:type\" content=\"article\" \/>\n<meta property=\"og:title\" content=\"ISMAILA MADIOR FALL SUR LE &quot;TROISIEME MANDAT&quot; - &quot;Le moment venu, le pr\u00e9sident clarifiera son propos&quot;\" \/>\n<meta property=\"og:description\" content=\"NETTALI.COM - Il appartient au pr\u00e9sident de la R\u00e9publique de dire s\u2019il fera une troisi\u00e8me candidature ou pas. C\u2019est le point de vue de Ismaila Madior Fall, invit\u00e9 du Jury du dimanche.\u00a0 Professeur de droit constitutionnel, l\u2019ancien ministre de la Justice, Isma\u00efla Madior Fall refuse de se prononcer sur la question de la limitation des [&hellip;]\" \/>\n<meta property=\"og:url\" content=\"https:\/\/www.nettali.com\/2022\/05\/29\/ismaila-madior-fall-sur-le-troisieme-mandat-le-moment-venu-le-president-de-la-republique-clarifiera-son-propos\/\" \/>\n<meta property=\"og:site_name\" content=\"Nettali.com\" \/>\n<meta property=\"article:publisher\" content=\"https:\/\/www.facebook.com\/nettalicom\" \/>\n<meta property=\"article:published_time\" content=\"2022-05-29T12:51:38+00:00\" \/>\n<meta property=\"article:modified_time\" content=\"2022-05-29T21:17:05+00:00\" \/>\n<meta property=\"og:image\" content=\"https:\/\/www.nettali.com\/wp-content\/uploads\/2019\/04\/Ismaila_Madior_Fall-Macky-Sall-porjets-32-cabinets.jpg\" \/>\n\t<meta property=\"og:image:width\" content=\"969\" \/>\n\t<meta property=\"og:image:height\" content=\"623\" \/>\n<meta name=\"twitter:card\" content=\"summary_large_image\" \/>\n<meta name=\"twitter:label1\" content=\"\u00c9crit par\" \/>\n\t<meta name=\"twitter:data1\" content=\"Thierno Diop\" \/>\n\t<meta name=\"twitter:label2\" content=\"Dur\u00e9e de lecture estim\u00e9e\" \/>\n\t<meta name=\"twitter:data2\" content=\"2 minutes\" \/>\n<script type=\"application\/ld+json\" class=\"yoast-schema-graph\">{\"@context\":\"https:\/\/schema.org\",\"@graph\":[{\"@type\":\"WebSite\",\"@id\":\"https:\/\/www.nettali.com\/#website\",\"url\":\"https:\/\/www.nettali.com\/\",\"name\":\"Nettali.com\",\"description\":\"Le rendez-vous critique du Net\",\"potentialAction\":[{\"@type\":\"SearchAction\",\"target\":{\"@type\":\"EntryPoint\",\"urlTemplate\":\"https:\/\/www.nettali.com\/?s={search_term_string}\"},\"query-input\":\"required name=search_term_string\"}],\"inLanguage\":\"fr-FR\"},{\"@type\":\"ImageObject\",\"@id\":\"https:\/\/www.nettali.com\/2022\/05\/29\/ismaila-madior-fall-sur-le-troisieme-mandat-le-moment-venu-le-president-de-la-republique-clarifiera-son-propos\/#primaryimage\",\"inLanguage\":\"fr-FR\",\"url\":\"https:\/\/www.nettali.com\/wp-content\/uploads\/2019\/04\/Ismaila_Madior_Fall-Macky-Sall-porjets-32-cabinets.jpg\",\"contentUrl\":\"https:\/\/www.nettali.com\/wp-content\/uploads\/2019\/04\/Ismaila_Madior_Fall-Macky-Sall-porjets-32-cabinets.jpg\",\"width\":969,\"height\":623},{\"@type\":\"WebPage\",\"@id\":\"https:\/\/www.nettali.com\/2022\/05\/29\/ismaila-madior-fall-sur-le-troisieme-mandat-le-moment-venu-le-president-de-la-republique-clarifiera-son-propos\/#webpage\",\"url\":\"https:\/\/www.nettali.com\/2022\/05\/29\/ismaila-madior-fall-sur-le-troisieme-mandat-le-moment-venu-le-president-de-la-republique-clarifiera-son-propos\/\",\"name\":\"ISMAILA MADIOR FALL SUR LE \\\"TROISIEME MANDAT\\\" - \\\"Le moment venu, le pr\\u00e9sident clarifiera son propos\\\" | Nettali.com\",\"isPartOf\":{\"@id\":\"https:\/\/www.nettali.com\/#website\"},\"primaryImageOfPage\":{\"@id\":\"https:\/\/www.nettali.com\/2022\/05\/29\/ismaila-madior-fall-sur-le-troisieme-mandat-le-moment-venu-le-president-de-la-republique-clarifiera-son-propos\/#primaryimage\"},\"datePublished\":\"2022-05-29T12:51:38+00:00\",\"dateModified\":\"2022-05-29T21:17:05+00:00\",\"author\":{\"@id\":\"https:\/\/www.nettali.com\/#\/schema\/person\/8a06c6bd7b19304cf4bf985862900b5b\"},\"breadcrumb\":{\"@id\":\"https:\/\/www.nettali.com\/2022\/05\/29\/ismaila-madior-fall-sur-le-troisieme-mandat-le-moment-venu-le-president-de-la-republique-clarifiera-son-propos\/#breadcrumb\"},\"inLanguage\":\"fr-FR\",\"potentialAction\":[{\"@type\":\"ReadAction\",\"target\":[\"https:\/\/www.nettali.com\/2022\/05\/29\/ismaila-madior-fall-sur-le-troisieme-mandat-le-moment-venu-le-president-de-la-republique-clarifiera-son-propos\/\"]}]},{\"@type\":\"BreadcrumbList\",\"@id\":\"https:\/\/www.nettali.com\/2022\/05\/29\/ismaila-madior-fall-sur-le-troisieme-mandat-le-moment-venu-le-president-de-la-republique-clarifiera-son-propos\/#breadcrumb\",\"itemListElement\":[{\"@type\":\"ListItem\",\"position\":1,\"name\":\"Accueil\",\"item\":\"https:\/\/www.nettali.com\/\"},{\"@type\":\"ListItem\",\"position\":2,\"name\":\"ISMAILA MADIOR FALL SUR LE \\\"TROISIEME MANDAT\\\" - \\\"Le moment venu, le pr\\u00e9sident clarifiera son propos\\\"\"}]},{\"@type\":\"Person\",\"@id\":\"https:\/\/www.nettali.com\/#\/schema\/person\/8a06c6bd7b19304cf4bf985862900b5b\",\"name\":\"Thierno Diop\",\"image\":{\"@type\":\"ImageObject\",\"@id\":\"https:\/\/www.nettali.com\/#personlogo\",\"inLanguage\":\"fr-FR\",\"url\":\"https:\/\/secure.gravatar.com\/avatar\/c8ca58550c94fd2ac856d27391a6c866?s=96&d=mm&r=g\",\"contentUrl\":\"https:\/\/secure.gravatar.com\/avatar\/c8ca58550c94fd2ac856d27391a6c866?s=96&d=mm&r=g\",\"caption\":\"Thierno Diop\"},\"sameAs\":[\"https:\/\/nettali.com\"]}]}<\/script>\n<!-- \/ Yoast SEO Premium plugin. -->","yoast_head_json":{"title":"ISMAILA MADIOR FALL SUR LE \"TROISIEME MANDAT\" - \"Le moment venu, le pr\u00e9sident clarifiera son propos\" | Nettali.com","robots":{"index":"index","follow":"follow","max-snippet":"max-snippet:-1","max-image-preview":"max-image-preview:large","max-video-preview":"max-video-preview:-1"},"canonical":"https:\/\/www.nettali.com\/2022\/05\/29\/ismaila-madior-fall-sur-le-troisieme-mandat-le-moment-venu-le-president-de-la-republique-clarifiera-son-propos\/","og_locale":"fr_FR","og_type":"article","og_title":"ISMAILA MADIOR FALL SUR LE \"TROISIEME MANDAT\" - \"Le moment venu, le pr\u00e9sident clarifiera son propos\"","og_description":"NETTALI.COM - Il appartient au pr\u00e9sident de la R\u00e9publique de dire s\u2019il fera une troisi\u00e8me candidature ou pas. C\u2019est le point de vue de Ismaila Madior Fall, invit\u00e9 du Jury du dimanche.\u00a0 Professeur de droit constitutionnel, l\u2019ancien ministre de la Justice, Isma\u00efla Madior Fall refuse de se prononcer sur la question de la limitation des [&hellip;]","og_url":"https:\/\/www.nettali.com\/2022\/05\/29\/ismaila-madior-fall-sur-le-troisieme-mandat-le-moment-venu-le-president-de-la-republique-clarifiera-son-propos\/","og_site_name":"Nettali.com","article_publisher":"https:\/\/www.facebook.com\/nettalicom","article_published_time":"2022-05-29T12:51:38+00:00","article_modified_time":"2022-05-29T21:17:05+00:00","og_image":[{"width":969,"height":623,"url":"https:\/\/www.nettali.com\/wp-content\/uploads\/2019\/04\/Ismaila_Madior_Fall-Macky-Sall-porjets-32-cabinets.jpg","type":"image\/jpeg"}],"twitter_card":"summary_large_image","twitter_misc":{"\u00c9crit par":"Thierno Diop","Dur\u00e9e de lecture estim\u00e9e":"2 minutes"},"schema":{"@context":"https:\/\/schema.org","@graph":[{"@type":"WebSite","@id":"https:\/\/www.nettali.com\/#website","url":"https:\/\/www.nettali.com\/","name":"Nettali.com","description":"Le rendez-vous critique du Net","potentialAction":[{"@type":"SearchAction","target":{"@type":"EntryPoint","urlTemplate":"https:\/\/www.nettali.com\/?s={search_term_string}"},"query-input":"required name=search_term_string"}],"inLanguage":"fr-FR"},{"@type":"ImageObject","@id":"https:\/\/www.nettali.com\/2022\/05\/29\/ismaila-madior-fall-sur-le-troisieme-mandat-le-moment-venu-le-president-de-la-republique-clarifiera-son-propos\/#primaryimage","inLanguage":"fr-FR","url":"https:\/\/www.nettali.com\/wp-content\/uploads\/2019\/04\/Ismaila_Madior_Fall-Macky-Sall-porjets-32-cabinets.jpg","contentUrl":"https:\/\/www.nettali.com\/wp-content\/uploads\/2019\/04\/Ismaila_Madior_Fall-Macky-Sall-porjets-32-cabinets.jpg","width":969,"height":623},{"@type":"WebPage","@id":"https:\/\/www.nettali.com\/2022\/05\/29\/ismaila-madior-fall-sur-le-troisieme-mandat-le-moment-venu-le-president-de-la-republique-clarifiera-son-propos\/#webpage","url":"https:\/\/www.nettali.com\/2022\/05\/29\/ismaila-madior-fall-sur-le-troisieme-mandat-le-moment-venu-le-president-de-la-republique-clarifiera-son-propos\/","name":"ISMAILA MADIOR FALL SUR LE \"TROISIEME MANDAT\" - \"Le moment venu, le pr\u00e9sident clarifiera son propos\" | Nettali.com","isPartOf":{"@id":"https:\/\/www.nettali.com\/#website"},"primaryImageOfPage":{"@id":"https:\/\/www.nettali.com\/2022\/05\/29\/ismaila-madior-fall-sur-le-troisieme-mandat-le-moment-venu-le-president-de-la-republique-clarifiera-son-propos\/#primaryimage"},"datePublished":"2022-05-29T12:51:38+00:00","dateModified":"2022-05-29T21:17:05+00:00","author":{"@id":"https:\/\/www.nettali.com\/#\/schema\/person\/8a06c6bd7b19304cf4bf985862900b5b"},"breadcrumb":{"@id":"https:\/\/www.nettali.com\/2022\/05\/29\/ismaila-madior-fall-sur-le-troisieme-mandat-le-moment-venu-le-president-de-la-republique-clarifiera-son-propos\/#breadcrumb"},"inLanguage":"fr-FR","potentialAction":[{"@type":"ReadAction","target":["https:\/\/www.nettali.com\/2022\/05\/29\/ismaila-madior-fall-sur-le-troisieme-mandat-le-moment-venu-le-president-de-la-republique-clarifiera-son-propos\/"]}]},{"@type":"BreadcrumbList","@id":"https:\/\/www.nettali.com\/2022\/05\/29\/ismaila-madior-fall-sur-le-troisieme-mandat-le-moment-venu-le-president-de-la-republique-clarifiera-son-propos\/#breadcrumb","itemListElement":[{"@type":"ListItem","position":1,"name":"Accueil","item":"https:\/\/www.nettali.com\/"},{"@type":"ListItem","position":2,"name":"ISMAILA MADIOR FALL SUR LE \"TROISIEME MANDAT\" - \"Le moment venu, le pr\u00e9sident clarifiera son propos\""}]},{"@type":"Person","@id":"https:\/\/www.nettali.com\/#\/schema\/person\/8a06c6bd7b19304cf4bf985862900b5b","name":"Thierno Diop","image":{"@type":"ImageObject","@id":"https:\/\/www.nettali.com\/#personlogo","inLanguage":"fr-FR","url":"https:\/\/secure.gravatar.com\/avatar\/c8ca58550c94fd2ac856d27391a6c866?s=96&d=mm&r=g","contentUrl":"https:\/\/secure.gravatar.com\/avatar\/c8ca58550c94fd2ac856d27391a6c866?s=96&d=mm&r=g","caption":"Thierno Diop"},"sameAs":["https:\/\/nettali.com"]}]}},"_links":{"self":[{"href":"https:\/\/www.nettali.com\/rest\/wp\/v2\/posts\/87179"}],"collection":[{"href":"https:\/\/www.nettali.com\/rest\/wp\/v2\/posts"}],"about":[{"href":"https:\/\/www.nettali.com\/rest\/wp\/v2\/types\/post"}],"author":[{"embeddable":true,"href":"https:\/\/www.nettali.com\/rest\/wp\/v2\/users\/11"}],"replies":[{"embeddable":true,"href":"https:\/\/www.nettali.com\/rest\/wp\/v2\/comments?post=87179"}],"version-history":[{"count":6,"href":"https:\/\/www.nettali.com\/rest\/wp\/v2\/posts\/87179\/revisions"}],"predecessor-version":[{"id":87193,"href":"https:\/\/www.nettali.com\/rest\/wp\/v2\/posts\/87179\/revisions\/87193"}],"wp:featuredmedia":[{"embeddable":true,"href":"https:\/\/www.nettali.com\/rest\/wp\/v2\/media\/6459"}],"wp:attachment":[{"href":"https:\/\/www.nettali.com\/rest\/wp\/v2\/media?parent=87179"}],"wp:term":[{"taxonomy":"category","embeddable":true,"href":"https:\/\/www.nettali.com\/rest\/wp\/v2\/categories?post=87179"},{"taxonomy":"post_tag","embeddable":true,"href":"https:\/\/www.nettali.com\/rest\/wp\/v2\/tags?post=87179"}],"curies":[{"name":"wp","href":"https:\/\/api.w.org\/{rel}","templated":true}]}}