{"id":87164,"date":"2022-05-29T02:20:48","date_gmt":"2022-05-29T02:20:48","guid":{"rendered":"https:\/\/www.nettali.com\/?p=87164"},"modified":"2022-05-29T02:20:48","modified_gmt":"2022-05-29T02:20:48","slug":"ballon-dor-benzema-sans-doute","status":"publish","type":"post","link":"https:\/\/www.nettali.com\/2022\/05\/29\/ballon-dor-benzema-sans-doute\/","title":{"rendered":"BALLON D'OR - Benzema sans doute !"},"content":{"rendered":"<p><strong>NETTALI.COM - Gr\u00e2ce au succ\u00e8s du Real Madrid, vainqueur contre Liverpool (1-0) ce samedi de la 14e Ligue des Champions de son histoire, l\u2019attaquant Karim Benzema (34 ans, 12 matchs et 15 buts en C1 cette saison) a certainement r\u00e9alis\u00e9 un immense pas vers le Ballon d\u2019Or. Et le Fran\u00e7ais assume pleinement cet objectif.<\/strong><\/p>\n<p>\"<em>Est-ce dans un coin de ma t\u00eate ? Forc\u00e9ment. J'ai termin\u00e9 ma saison, maintenant je vais aller en s\u00e9lection. Je pense qu'en club, je ne peux pas faire mieux. On verra ce qui se passe. Mais en tout cas, je suis fier de ce que j'ai r\u00e9ussi<\/em>\", a clam\u00e9 le natif de Bron, qui aura boucl\u00e9 un exercice stratosph\u00e9rique en remportant la Ligue des Nations avec l\u2019\u00e9quipe de France ainsi que la Supercoupe d\u2019Espagne, la Liga, et la C1 avec le Real.<\/p>\n<p>Pour les deux derni\u00e8res comp\u00e9titions cit\u00e9es, Benzema a notamment termin\u00e9 meilleur buteur.<\/p>\n<div class='share-to-whatsapp-wrapper'><div class='share-on-whsp'>PARTAGER SUR : <\/div><a data-text='BALLON D'OR - Benzema sans doute !' data-link='https:\/\/www.nettali.com\/2022\/05\/29\/ballon-dor-benzema-sans-doute\/' class='whatsapp-button whatsapp-share'>WhatsApp<\/a><div class='clear '><\/div><\/div>","protected":false},"excerpt":{"rendered":"<p>NETTALI.COM - Gr\u00e2ce au succ\u00e8s du Real Madrid, vainqueur contre Liverpool (1-0) ce samedi de la 14e Ligue des Champions de son histoire, l\u2019attaquant Karim Benzema (34 ans, 12 matchs et 15 buts en C1 cette saison) a certainement r\u00e9alis\u00e9 un immense pas vers le Ballon d\u2019Or. Et le Fran\u00e7ais assume pleinement cet objectif. \"Est-ce [&hellip;]<\/p>\n","protected":false},"author":5,"featured_media":87165,"comment_status":"open","ping_status":"open","sticky":false,"template":"","format":"standard","meta":{"_et_pb_use_builder":"","_et_pb_old_content":""},"categories":[6],"tags":[],"yoast_head":"<!-- This site is optimized with the Yoast SEO Premium plugin v17.8 (Yoast SEO v17.8) - https:\/\/yoast.com\/wordpress\/plugins\/seo\/ -->\n<title>BALLON D&#039;OR - Benzema sans doute ! | Nettali.com<\/title>\n<meta name=\"robots\" content=\"index, follow, max-snippet:-1, max-image-preview:large, max-video-preview:-1\" \/>\n<link rel=\"canonical\" href=\"https:\/\/www.nettali.com\/2022\/05\/29\/ballon-dor-benzema-sans-doute\/\" \/>\n<meta property=\"og:locale\" content=\"fr_FR\" \/>\n<meta property=\"og:type\" content=\"article\" \/>\n<meta property=\"og:title\" content=\"BALLON D&#039;OR - Benzema sans doute !\" \/>\n<meta property=\"og:description\" content=\"NETTALI.COM - Gr\u00e2ce au succ\u00e8s du Real Madrid, vainqueur contre Liverpool (1-0) ce samedi de la 14e Ligue des Champions de son histoire, l\u2019attaquant Karim Benzema (34 ans, 12 matchs et 15 buts en C1 cette saison) a certainement r\u00e9alis\u00e9 un immense pas vers le Ballon d\u2019Or. Et le Fran\u00e7ais assume pleinement cet objectif. &quot;Est-ce [&hellip;]\" \/>\n<meta property=\"og:url\" content=\"https:\/\/www.nettali.com\/2022\/05\/29\/ballon-dor-benzema-sans-doute\/\" \/>\n<meta property=\"og:site_name\" content=\"Nettali.com\" \/>\n<meta property=\"article:publisher\" content=\"https:\/\/www.facebook.com\/nettalicom\" \/>\n<meta property=\"article:published_time\" content=\"2022-05-29T02:20:48+00:00\" \/>\n<meta property=\"og:image\" content=\"https:\/\/www.nettali.com\/wp-content\/uploads\/2022\/05\/3383024-69140748-2560-1440.jpg\" \/>\n\t<meta property=\"og:image:width\" content=\"1200\" \/>\n\t<meta property=\"og:image:height\" content=\"675\" \/>\n<meta name=\"twitter:card\" content=\"summary_large_image\" \/>\n<meta name=\"twitter:label1\" content=\"\u00c9crit par\" \/>\n\t<meta name=\"twitter:data1\" content=\"Ibrahima\" \/>\n\t<meta name=\"twitter:label2\" content=\"Dur\u00e9e de lecture estim\u00e9e\" \/>\n\t<meta name=\"twitter:data2\" content=\"1 minute\" \/>\n<script type=\"application\/ld+json\" class=\"yoast-schema-graph\">{\"@context\":\"https:\/\/schema.org\",\"@graph\":[{\"@type\":\"WebSite\",\"@id\":\"https:\/\/www.nettali.com\/#website\",\"url\":\"https:\/\/www.nettali.com\/\",\"name\":\"Nettali.com\",\"description\":\"Le rendez-vous critique du Net\",\"potentialAction\":[{\"@type\":\"SearchAction\",\"target\":{\"@type\":\"EntryPoint\",\"urlTemplate\":\"https:\/\/www.nettali.com\/?s={search_term_string}\"},\"query-input\":\"required name=search_term_string\"}],\"inLanguage\":\"fr-FR\"},{\"@type\":\"ImageObject\",\"@id\":\"https:\/\/www.nettali.com\/2022\/05\/29\/ballon-dor-benzema-sans-doute\/#primaryimage\",\"inLanguage\":\"fr-FR\",\"url\":\"https:\/\/www.nettali.com\/wp-content\/uploads\/2022\/05\/3383024-69140748-2560-1440.jpg\",\"contentUrl\":\"https:\/\/www.nettali.com\/wp-content\/uploads\/2022\/05\/3383024-69140748-2560-1440.jpg\",\"width\":1200,\"height\":675},{\"@type\":\"WebPage\",\"@id\":\"https:\/\/www.nettali.com\/2022\/05\/29\/ballon-dor-benzema-sans-doute\/#webpage\",\"url\":\"https:\/\/www.nettali.com\/2022\/05\/29\/ballon-dor-benzema-sans-doute\/\",\"name\":\"BALLON D'OR - Benzema sans doute ! | Nettali.com\",\"isPartOf\":{\"@id\":\"https:\/\/www.nettali.com\/#website\"},\"primaryImageOfPage\":{\"@id\":\"https:\/\/www.nettali.com\/2022\/05\/29\/ballon-dor-benzema-sans-doute\/#primaryimage\"},\"datePublished\":\"2022-05-29T02:20:48+00:00\",\"dateModified\":\"2022-05-29T02:20:48+00:00\",\"author\":{\"@id\":\"https:\/\/www.nettali.com\/#\/schema\/person\/bb147657c2986240405a608162b9bb23\"},\"breadcrumb\":{\"@id\":\"https:\/\/www.nettali.com\/2022\/05\/29\/ballon-dor-benzema-sans-doute\/#breadcrumb\"},\"inLanguage\":\"fr-FR\",\"potentialAction\":[{\"@type\":\"ReadAction\",\"target\":[\"https:\/\/www.nettali.com\/2022\/05\/29\/ballon-dor-benzema-sans-doute\/\"]}]},{\"@type\":\"BreadcrumbList\",\"@id\":\"https:\/\/www.nettali.com\/2022\/05\/29\/ballon-dor-benzema-sans-doute\/#breadcrumb\",\"itemListElement\":[{\"@type\":\"ListItem\",\"position\":1,\"name\":\"Accueil\",\"item\":\"https:\/\/www.nettali.com\/\"},{\"@type\":\"ListItem\",\"position\":2,\"name\":\"BALLON D'OR - Benzema sans doute !\"}]},{\"@type\":\"Person\",\"@id\":\"https:\/\/www.nettali.com\/#\/schema\/person\/bb147657c2986240405a608162b9bb23\",\"name\":\"Ibrahima\",\"image\":{\"@type\":\"ImageObject\",\"@id\":\"https:\/\/www.nettali.com\/#personlogo\",\"inLanguage\":\"fr-FR\",\"url\":\"https:\/\/secure.gravatar.com\/avatar\/26a8a81f09f0dd7624c9d5c36c9ba3a2?s=96&d=mm&r=g\",\"contentUrl\":\"https:\/\/secure.gravatar.com\/avatar\/26a8a81f09f0dd7624c9d5c36c9ba3a2?s=96&d=mm&r=g\",\"caption\":\"Ibrahima\"},\"sameAs\":[\"https:\/\/www.nettali.com\"]}]}<\/script>\n<!-- \/ Yoast SEO Premium plugin. -->","yoast_head_json":{"title":"BALLON D'OR - Benzema sans doute ! | Nettali.com","robots":{"index":"index","follow":"follow","max-snippet":"max-snippet:-1","max-image-preview":"max-image-preview:large","max-video-preview":"max-video-preview:-1"},"canonical":"https:\/\/www.nettali.com\/2022\/05\/29\/ballon-dor-benzema-sans-doute\/","og_locale":"fr_FR","og_type":"article","og_title":"BALLON D'OR - Benzema sans doute !","og_description":"NETTALI.COM - Gr\u00e2ce au succ\u00e8s du Real Madrid, vainqueur contre Liverpool (1-0) ce samedi de la 14e Ligue des Champions de son histoire, l\u2019attaquant Karim Benzema (34 ans, 12 matchs et 15 buts en C1 cette saison) a certainement r\u00e9alis\u00e9 un immense pas vers le Ballon d\u2019Or. Et le Fran\u00e7ais assume pleinement cet objectif. \"Est-ce [&hellip;]","og_url":"https:\/\/www.nettali.com\/2022\/05\/29\/ballon-dor-benzema-sans-doute\/","og_site_name":"Nettali.com","article_publisher":"https:\/\/www.facebook.com\/nettalicom","article_published_time":"2022-05-29T02:20:48+00:00","og_image":[{"width":1200,"height":675,"url":"https:\/\/www.nettali.com\/wp-content\/uploads\/2022\/05\/3383024-69140748-2560-1440.jpg","type":"image\/jpeg"}],"twitter_card":"summary_large_image","twitter_misc":{"\u00c9crit par":"Ibrahima","Dur\u00e9e de lecture estim\u00e9e":"1 minute"},"schema":{"@context":"https:\/\/schema.org","@graph":[{"@type":"WebSite","@id":"https:\/\/www.nettali.com\/#website","url":"https:\/\/www.nettali.com\/","name":"Nettali.com","description":"Le rendez-vous critique du Net","potentialAction":[{"@type":"SearchAction","target":{"@type":"EntryPoint","urlTemplate":"https:\/\/www.nettali.com\/?s={search_term_string}"},"query-input":"required name=search_term_string"}],"inLanguage":"fr-FR"},{"@type":"ImageObject","@id":"https:\/\/www.nettali.com\/2022\/05\/29\/ballon-dor-benzema-sans-doute\/#primaryimage","inLanguage":"fr-FR","url":"https:\/\/www.nettali.com\/wp-content\/uploads\/2022\/05\/3383024-69140748-2560-1440.jpg","contentUrl":"https:\/\/www.nettali.com\/wp-content\/uploads\/2022\/05\/3383024-69140748-2560-1440.jpg","width":1200,"height":675},{"@type":"WebPage","@id":"https:\/\/www.nettali.com\/2022\/05\/29\/ballon-dor-benzema-sans-doute\/#webpage","url":"https:\/\/www.nettali.com\/2022\/05\/29\/ballon-dor-benzema-sans-doute\/","name":"BALLON D'OR - Benzema sans doute ! | Nettali.com","isPartOf":{"@id":"https:\/\/www.nettali.com\/#website"},"primaryImageOfPage":{"@id":"https:\/\/www.nettali.com\/2022\/05\/29\/ballon-dor-benzema-sans-doute\/#primaryimage"},"datePublished":"2022-05-29T02:20:48+00:00","dateModified":"2022-05-29T02:20:48+00:00","author":{"@id":"https:\/\/www.nettali.com\/#\/schema\/person\/bb147657c2986240405a608162b9bb23"},"breadcrumb":{"@id":"https:\/\/www.nettali.com\/2022\/05\/29\/ballon-dor-benzema-sans-doute\/#breadcrumb"},"inLanguage":"fr-FR","potentialAction":[{"@type":"ReadAction","target":["https:\/\/www.nettali.com\/2022\/05\/29\/ballon-dor-benzema-sans-doute\/"]}]},{"@type":"BreadcrumbList","@id":"https:\/\/www.nettali.com\/2022\/05\/29\/ballon-dor-benzema-sans-doute\/#breadcrumb","itemListElement":[{"@type":"ListItem","position":1,"name":"Accueil","item":"https:\/\/www.nettali.com\/"},{"@type":"ListItem","position":2,"name":"BALLON D'OR - Benzema sans doute !"}]},{"@type":"Person","@id":"https:\/\/www.nettali.com\/#\/schema\/person\/bb147657c2986240405a608162b9bb23","name":"Ibrahima","image":{"@type":"ImageObject","@id":"https:\/\/www.nettali.com\/#personlogo","inLanguage":"fr-FR","url":"https:\/\/secure.gravatar.com\/avatar\/26a8a81f09f0dd7624c9d5c36c9ba3a2?s=96&d=mm&r=g","contentUrl":"https:\/\/secure.gravatar.com\/avatar\/26a8a81f09f0dd7624c9d5c36c9ba3a2?s=96&d=mm&r=g","caption":"Ibrahima"},"sameAs":["https:\/\/www.nettali.com"]}]}},"_links":{"self":[{"href":"https:\/\/www.nettali.com\/rest\/wp\/v2\/posts\/87164"}],"collection":[{"href":"https:\/\/www.nettali.com\/rest\/wp\/v2\/posts"}],"about":[{"href":"https:\/\/www.nettali.com\/rest\/wp\/v2\/types\/post"}],"author":[{"embeddable":true,"href":"https:\/\/www.nettali.com\/rest\/wp\/v2\/users\/5"}],"replies":[{"embeddable":true,"href":"https:\/\/www.nettali.com\/rest\/wp\/v2\/comments?post=87164"}],"version-history":[{"count":3,"href":"https:\/\/www.nettali.com\/rest\/wp\/v2\/posts\/87164\/revisions"}],"predecessor-version":[{"id":87171,"href":"https:\/\/www.nettali.com\/rest\/wp\/v2\/posts\/87164\/revisions\/87171"}],"wp:featuredmedia":[{"embeddable":true,"href":"https:\/\/www.nettali.com\/rest\/wp\/v2\/media\/87165"}],"wp:attachment":[{"href":"https:\/\/www.nettali.com\/rest\/wp\/v2\/media?parent=87164"}],"wp:term":[{"taxonomy":"category","embeddable":true,"href":"https:\/\/www.nettali.com\/rest\/wp\/v2\/categories?post=87164"},{"taxonomy":"post_tag","embeddable":true,"href":"https:\/\/www.nettali.com\/rest\/wp\/v2\/tags?post=87164"}],"curies":[{"name":"wp","href":"https:\/\/api.w.org\/{rel}","templated":true}]}}