{"id":87145,"date":"2022-05-28T15:47:05","date_gmt":"2022-05-28T15:47:05","guid":{"rendered":"https:\/\/www.nettali.com\/?p=87145"},"modified":"2022-05-28T15:47:05","modified_gmt":"2022-05-28T15:47:05","slug":"suicide-dune-employee-de-la-sgs-seydi-gassama-pour-louverture-dune-enquete","status":"publish","type":"post","link":"https:\/\/www.nettali.com\/2022\/05\/28\/suicide-dune-employee-de-la-sgs-seydi-gassama-pour-louverture-dune-enquete\/","title":{"rendered":"SUICIDE D\u2019UNE EMPLOYEE DE LA SGS \u2013 Seydi Gassama pour l\u2019ouverture d\u2019une enqu\u00eate"},"content":{"rendered":"<p>NETTALI.COM - Le directeur ex\u00e9cutif de la section Amnesty International, Seydou Gassama, demande l\u2019ouverture d\u2019une enqu\u00eate apr\u00e8s le suicide d\u2019une employ\u00e9e de la Soci\u00e9t\u00e9 g\u00e9n\u00e9rale du S\u00e9n\u00e9gal (SGS).<\/p>\n<p>\u00ab Dans toute entreprise s\u00e9rieuse, lorsqu\u2019un(e) employ\u00e9(e) se suicide sur son lieu de travail, une enqu\u00eate ind\u00e9pendante est men\u00e9e pour \u00e9tablir l\u2019impact \u00e9ventuel des conditions de travail (burn-out, harc\u00e8lement, manque de soutien et d\u2019\u00e9coute sur le suicide) \u00bb, a indiqu\u00e9 le directeur ex\u00e9cutif de la section Amnesty International, sur Twitter.<\/p>\n<p>Pr\u00e9cisant sa pens\u00e9e, il d\u00e9clare\u00a0: \u00ab Si les dirigeants de l\u2019entreprise ne prennent pas l\u2019initiative d\u2019une telle enqu\u00eate, les employ\u00e9(e)s et m\u00eame l\u2019\u00c9tat, par l\u2019inspection du travail et de la s\u00e9curit\u00e9 sociale doivent l\u2019exiger\u00a0\u00bb.<\/p>\n<div class='share-to-whatsapp-wrapper'><div class='share-on-whsp'>PARTAGER SUR : <\/div><a data-text='SUICIDE D\u2019UNE EMPLOYEE DE LA SGS \u2013 Seydi Gassama pour l\u2019ouverture d\u2019une enqu\u00eate' data-link='https:\/\/www.nettali.com\/2022\/05\/28\/suicide-dune-employee-de-la-sgs-seydi-gassama-pour-louverture-dune-enquete\/' class='whatsapp-button whatsapp-share'>WhatsApp<\/a><div class='clear '><\/div><\/div>","protected":false},"excerpt":{"rendered":"<p>NETTALI.COM - Le directeur ex\u00e9cutif de la section Amnesty International, Seydou Gassama, demande l\u2019ouverture d\u2019une enqu\u00eate apr\u00e8s le suicide d\u2019une employ\u00e9e de la Soci\u00e9t\u00e9 g\u00e9n\u00e9rale du S\u00e9n\u00e9gal (SGS). \u00ab Dans toute entreprise s\u00e9rieuse, lorsqu\u2019un(e) employ\u00e9(e) se suicide sur son lieu de travail, une enqu\u00eate ind\u00e9pendante est men\u00e9e pour \u00e9tablir l\u2019impact \u00e9ventuel des conditions de travail [&hellip;]<\/p>\n","protected":false},"author":11,"featured_media":61501,"comment_status":"open","ping_status":"open","sticky":false,"template":"","format":"standard","meta":{"_et_pb_use_builder":"","_et_pb_old_content":""},"categories":[3],"tags":[],"yoast_head":"<!-- This site is optimized with the Yoast SEO Premium plugin v17.8 (Yoast SEO v17.8) - https:\/\/yoast.com\/wordpress\/plugins\/seo\/ -->\n<title>SUICIDE D\u2019UNE EMPLOYEE DE LA SGS \u2013 Seydi Gassama pour l\u2019ouverture d\u2019une enqu\u00eate | Nettali.com<\/title>\n<meta name=\"robots\" content=\"index, follow, max-snippet:-1, max-image-preview:large, max-video-preview:-1\" \/>\n<link rel=\"canonical\" href=\"https:\/\/www.nettali.com\/2022\/05\/28\/suicide-dune-employee-de-la-sgs-seydi-gassama-pour-louverture-dune-enquete\/\" \/>\n<meta property=\"og:locale\" content=\"fr_FR\" \/>\n<meta property=\"og:type\" content=\"article\" \/>\n<meta property=\"og:title\" content=\"SUICIDE D\u2019UNE EMPLOYEE DE LA SGS \u2013 Seydi Gassama pour l\u2019ouverture d\u2019une enqu\u00eate\" \/>\n<meta property=\"og:description\" content=\"NETTALI.COM - Le directeur ex\u00e9cutif de la section Amnesty International, Seydou Gassama, demande l\u2019ouverture d\u2019une enqu\u00eate apr\u00e8s le suicide d\u2019une employ\u00e9e de la Soci\u00e9t\u00e9 g\u00e9n\u00e9rale du S\u00e9n\u00e9gal (SGS). \u00ab Dans toute entreprise s\u00e9rieuse, lorsqu\u2019un(e) employ\u00e9(e) se suicide sur son lieu de travail, une enqu\u00eate ind\u00e9pendante est men\u00e9e pour \u00e9tablir l\u2019impact \u00e9ventuel des conditions de travail [&hellip;]\" \/>\n<meta property=\"og:url\" content=\"https:\/\/www.nettali.com\/2022\/05\/28\/suicide-dune-employee-de-la-sgs-seydi-gassama-pour-louverture-dune-enquete\/\" \/>\n<meta property=\"og:site_name\" content=\"Nettali.com\" \/>\n<meta property=\"article:publisher\" content=\"https:\/\/www.facebook.com\/nettalicom\" \/>\n<meta property=\"article:published_time\" content=\"2022-05-28T15:47:05+00:00\" \/>\n<meta property=\"og:image\" content=\"https:\/\/www.nettali.com\/wp-content\/uploads\/2021\/04\/Seydi-Gassama-800x445-1.jpeg\" \/>\n\t<meta property=\"og:image:width\" content=\"800\" \/>\n\t<meta property=\"og:image:height\" content=\"445\" \/>\n<meta name=\"twitter:card\" content=\"summary_large_image\" \/>\n<meta name=\"twitter:label1\" content=\"\u00c9crit par\" \/>\n\t<meta name=\"twitter:data1\" content=\"Thierno Diop\" \/>\n\t<meta name=\"twitter:label2\" content=\"Dur\u00e9e de lecture estim\u00e9e\" \/>\n\t<meta name=\"twitter:data2\" content=\"1 minute\" \/>\n<script type=\"application\/ld+json\" class=\"yoast-schema-graph\">{\"@context\":\"https:\/\/schema.org\",\"@graph\":[{\"@type\":\"WebSite\",\"@id\":\"https:\/\/www.nettali.com\/#website\",\"url\":\"https:\/\/www.nettali.com\/\",\"name\":\"Nettali.com\",\"description\":\"Le rendez-vous critique du Net\",\"potentialAction\":[{\"@type\":\"SearchAction\",\"target\":{\"@type\":\"EntryPoint\",\"urlTemplate\":\"https:\/\/www.nettali.com\/?s={search_term_string}\"},\"query-input\":\"required name=search_term_string\"}],\"inLanguage\":\"fr-FR\"},{\"@type\":\"ImageObject\",\"@id\":\"https:\/\/www.nettali.com\/2022\/05\/28\/suicide-dune-employee-de-la-sgs-seydi-gassama-pour-louverture-dune-enquete\/#primaryimage\",\"inLanguage\":\"fr-FR\",\"url\":\"https:\/\/www.nettali.com\/wp-content\/uploads\/2021\/04\/Seydi-Gassama-800x445-1.jpeg\",\"contentUrl\":\"https:\/\/www.nettali.com\/wp-content\/uploads\/2021\/04\/Seydi-Gassama-800x445-1.jpeg\",\"width\":800,\"height\":445},{\"@type\":\"WebPage\",\"@id\":\"https:\/\/www.nettali.com\/2022\/05\/28\/suicide-dune-employee-de-la-sgs-seydi-gassama-pour-louverture-dune-enquete\/#webpage\",\"url\":\"https:\/\/www.nettali.com\/2022\/05\/28\/suicide-dune-employee-de-la-sgs-seydi-gassama-pour-louverture-dune-enquete\/\",\"name\":\"SUICIDE D\\u2019UNE EMPLOYEE DE LA SGS \\u2013 Seydi Gassama pour l\\u2019ouverture d\\u2019une enqu\\u00eate | Nettali.com\",\"isPartOf\":{\"@id\":\"https:\/\/www.nettali.com\/#website\"},\"primaryImageOfPage\":{\"@id\":\"https:\/\/www.nettali.com\/2022\/05\/28\/suicide-dune-employee-de-la-sgs-seydi-gassama-pour-louverture-dune-enquete\/#primaryimage\"},\"datePublished\":\"2022-05-28T15:47:05+00:00\",\"dateModified\":\"2022-05-28T15:47:05+00:00\",\"author\":{\"@id\":\"https:\/\/www.nettali.com\/#\/schema\/person\/8a06c6bd7b19304cf4bf985862900b5b\"},\"breadcrumb\":{\"@id\":\"https:\/\/www.nettali.com\/2022\/05\/28\/suicide-dune-employee-de-la-sgs-seydi-gassama-pour-louverture-dune-enquete\/#breadcrumb\"},\"inLanguage\":\"fr-FR\",\"potentialAction\":[{\"@type\":\"ReadAction\",\"target\":[\"https:\/\/www.nettali.com\/2022\/05\/28\/suicide-dune-employee-de-la-sgs-seydi-gassama-pour-louverture-dune-enquete\/\"]}]},{\"@type\":\"BreadcrumbList\",\"@id\":\"https:\/\/www.nettali.com\/2022\/05\/28\/suicide-dune-employee-de-la-sgs-seydi-gassama-pour-louverture-dune-enquete\/#breadcrumb\",\"itemListElement\":[{\"@type\":\"ListItem\",\"position\":1,\"name\":\"Accueil\",\"item\":\"https:\/\/www.nettali.com\/\"},{\"@type\":\"ListItem\",\"position\":2,\"name\":\"SUICIDE D\\u2019UNE EMPLOYEE DE LA SGS \\u2013 Seydi Gassama pour l\\u2019ouverture d\\u2019une enqu\\u00eate\"}]},{\"@type\":\"Person\",\"@id\":\"https:\/\/www.nettali.com\/#\/schema\/person\/8a06c6bd7b19304cf4bf985862900b5b\",\"name\":\"Thierno Diop\",\"image\":{\"@type\":\"ImageObject\",\"@id\":\"https:\/\/www.nettali.com\/#personlogo\",\"inLanguage\":\"fr-FR\",\"url\":\"https:\/\/secure.gravatar.com\/avatar\/c8ca58550c94fd2ac856d27391a6c866?s=96&d=mm&r=g\",\"contentUrl\":\"https:\/\/secure.gravatar.com\/avatar\/c8ca58550c94fd2ac856d27391a6c866?s=96&d=mm&r=g\",\"caption\":\"Thierno Diop\"},\"sameAs\":[\"https:\/\/nettali.com\"]}]}<\/script>\n<!-- \/ Yoast SEO Premium plugin. -->","yoast_head_json":{"title":"SUICIDE D\u2019UNE EMPLOYEE DE LA SGS \u2013 Seydi Gassama pour l\u2019ouverture d\u2019une enqu\u00eate | Nettali.com","robots":{"index":"index","follow":"follow","max-snippet":"max-snippet:-1","max-image-preview":"max-image-preview:large","max-video-preview":"max-video-preview:-1"},"canonical":"https:\/\/www.nettali.com\/2022\/05\/28\/suicide-dune-employee-de-la-sgs-seydi-gassama-pour-louverture-dune-enquete\/","og_locale":"fr_FR","og_type":"article","og_title":"SUICIDE D\u2019UNE EMPLOYEE DE LA SGS \u2013 Seydi Gassama pour l\u2019ouverture d\u2019une enqu\u00eate","og_description":"NETTALI.COM - Le directeur ex\u00e9cutif de la section Amnesty International, Seydou Gassama, demande l\u2019ouverture d\u2019une enqu\u00eate apr\u00e8s le suicide d\u2019une employ\u00e9e de la Soci\u00e9t\u00e9 g\u00e9n\u00e9rale du S\u00e9n\u00e9gal (SGS). \u00ab Dans toute entreprise s\u00e9rieuse, lorsqu\u2019un(e) employ\u00e9(e) se suicide sur son lieu de travail, une enqu\u00eate ind\u00e9pendante est men\u00e9e pour \u00e9tablir l\u2019impact \u00e9ventuel des conditions de travail [&hellip;]","og_url":"https:\/\/www.nettali.com\/2022\/05\/28\/suicide-dune-employee-de-la-sgs-seydi-gassama-pour-louverture-dune-enquete\/","og_site_name":"Nettali.com","article_publisher":"https:\/\/www.facebook.com\/nettalicom","article_published_time":"2022-05-28T15:47:05+00:00","og_image":[{"width":800,"height":445,"url":"https:\/\/www.nettali.com\/wp-content\/uploads\/2021\/04\/Seydi-Gassama-800x445-1.jpeg","type":"image\/jpeg"}],"twitter_card":"summary_large_image","twitter_misc":{"\u00c9crit par":"Thierno Diop","Dur\u00e9e de lecture estim\u00e9e":"1 minute"},"schema":{"@context":"https:\/\/schema.org","@graph":[{"@type":"WebSite","@id":"https:\/\/www.nettali.com\/#website","url":"https:\/\/www.nettali.com\/","name":"Nettali.com","description":"Le rendez-vous critique du Net","potentialAction":[{"@type":"SearchAction","target":{"@type":"EntryPoint","urlTemplate":"https:\/\/www.nettali.com\/?s={search_term_string}"},"query-input":"required name=search_term_string"}],"inLanguage":"fr-FR"},{"@type":"ImageObject","@id":"https:\/\/www.nettali.com\/2022\/05\/28\/suicide-dune-employee-de-la-sgs-seydi-gassama-pour-louverture-dune-enquete\/#primaryimage","inLanguage":"fr-FR","url":"https:\/\/www.nettali.com\/wp-content\/uploads\/2021\/04\/Seydi-Gassama-800x445-1.jpeg","contentUrl":"https:\/\/www.nettali.com\/wp-content\/uploads\/2021\/04\/Seydi-Gassama-800x445-1.jpeg","width":800,"height":445},{"@type":"WebPage","@id":"https:\/\/www.nettali.com\/2022\/05\/28\/suicide-dune-employee-de-la-sgs-seydi-gassama-pour-louverture-dune-enquete\/#webpage","url":"https:\/\/www.nettali.com\/2022\/05\/28\/suicide-dune-employee-de-la-sgs-seydi-gassama-pour-louverture-dune-enquete\/","name":"SUICIDE D\u2019UNE EMPLOYEE DE LA SGS \u2013 Seydi Gassama pour l\u2019ouverture d\u2019une enqu\u00eate | Nettali.com","isPartOf":{"@id":"https:\/\/www.nettali.com\/#website"},"primaryImageOfPage":{"@id":"https:\/\/www.nettali.com\/2022\/05\/28\/suicide-dune-employee-de-la-sgs-seydi-gassama-pour-louverture-dune-enquete\/#primaryimage"},"datePublished":"2022-05-28T15:47:05+00:00","dateModified":"2022-05-28T15:47:05+00:00","author":{"@id":"https:\/\/www.nettali.com\/#\/schema\/person\/8a06c6bd7b19304cf4bf985862900b5b"},"breadcrumb":{"@id":"https:\/\/www.nettali.com\/2022\/05\/28\/suicide-dune-employee-de-la-sgs-seydi-gassama-pour-louverture-dune-enquete\/#breadcrumb"},"inLanguage":"fr-FR","potentialAction":[{"@type":"ReadAction","target":["https:\/\/www.nettali.com\/2022\/05\/28\/suicide-dune-employee-de-la-sgs-seydi-gassama-pour-louverture-dune-enquete\/"]}]},{"@type":"BreadcrumbList","@id":"https:\/\/www.nettali.com\/2022\/05\/28\/suicide-dune-employee-de-la-sgs-seydi-gassama-pour-louverture-dune-enquete\/#breadcrumb","itemListElement":[{"@type":"ListItem","position":1,"name":"Accueil","item":"https:\/\/www.nettali.com\/"},{"@type":"ListItem","position":2,"name":"SUICIDE D\u2019UNE EMPLOYEE DE LA SGS \u2013 Seydi Gassama pour l\u2019ouverture d\u2019une enqu\u00eate"}]},{"@type":"Person","@id":"https:\/\/www.nettali.com\/#\/schema\/person\/8a06c6bd7b19304cf4bf985862900b5b","name":"Thierno Diop","image":{"@type":"ImageObject","@id":"https:\/\/www.nettali.com\/#personlogo","inLanguage":"fr-FR","url":"https:\/\/secure.gravatar.com\/avatar\/c8ca58550c94fd2ac856d27391a6c866?s=96&d=mm&r=g","contentUrl":"https:\/\/secure.gravatar.com\/avatar\/c8ca58550c94fd2ac856d27391a6c866?s=96&d=mm&r=g","caption":"Thierno Diop"},"sameAs":["https:\/\/nettali.com"]}]}},"_links":{"self":[{"href":"https:\/\/www.nettali.com\/rest\/wp\/v2\/posts\/87145"}],"collection":[{"href":"https:\/\/www.nettali.com\/rest\/wp\/v2\/posts"}],"about":[{"href":"https:\/\/www.nettali.com\/rest\/wp\/v2\/types\/post"}],"author":[{"embeddable":true,"href":"https:\/\/www.nettali.com\/rest\/wp\/v2\/users\/11"}],"replies":[{"embeddable":true,"href":"https:\/\/www.nettali.com\/rest\/wp\/v2\/comments?post=87145"}],"version-history":[{"count":1,"href":"https:\/\/www.nettali.com\/rest\/wp\/v2\/posts\/87145\/revisions"}],"predecessor-version":[{"id":87146,"href":"https:\/\/www.nettali.com\/rest\/wp\/v2\/posts\/87145\/revisions\/87146"}],"wp:featuredmedia":[{"embeddable":true,"href":"https:\/\/www.nettali.com\/rest\/wp\/v2\/media\/61501"}],"wp:attachment":[{"href":"https:\/\/www.nettali.com\/rest\/wp\/v2\/media?parent=87145"}],"wp:term":[{"taxonomy":"category","embeddable":true,"href":"https:\/\/www.nettali.com\/rest\/wp\/v2\/categories?post=87145"},{"taxonomy":"post_tag","embeddable":true,"href":"https:\/\/www.nettali.com\/rest\/wp\/v2\/tags?post=87145"}],"curies":[{"name":"wp","href":"https:\/\/api.w.org\/{rel}","templated":true}]}}