{"id":87000,"date":"2022-05-25T23:51:56","date_gmt":"2022-05-25T23:51:56","guid":{"rendered":"https:\/\/www.nettali.com\/?p=87000"},"modified":"2022-05-25T23:51:56","modified_gmt":"2022-05-25T23:51:56","slug":"football-mourinho-dans-la-legende","status":"publish","type":"post","link":"https:\/\/www.nettali.com\/2022\/05\/25\/football-mourinho-dans-la-legende\/","title":{"rendered":"FOOTBALL - Mourinho dans la L\u00e9gende!"},"content":{"rendered":"<p><strong>NETTALI.COM - Avec sa victoire face au Feyenoord ce mercredi, Jos\u00e9 Mourinho est entr\u00e9 dans l'histoire un peu plus. Le Portugais, qui rajoute un titre \u00e0 son palmar\u00e8s d\u00e9j\u00e0 bien rempli, est devenu le premier entra\u00eeneur de l'histoire \u00e0 remporter la Ligue des Champions, la Ligue Europa et la Ligue Europa Conf\u00e9rence.<\/strong><\/p>\n<p>Jos\u00e9 Mourinho, le sp\u00e9cialiste des finales europ\u00e9ennes, remporte son cinqui\u00e8me troph\u00e9e continental, apr\u00e8s ses deux Ligues des champions (2004 avec le FC Porto, 2010 avec l\u2019Inter Milan) et ses deux Ligues Europa (2003 avec le FC Porto, 2017 avec Manchester United).<\/p>\n<p><strong>Cinqui\u00e8me<\/strong> <strong>troph\u00e9e pour Mourinho<\/strong><\/p>\n<p>Si on compte son succ\u00e8s en Coupe des coupes (la d\u00e9funte C2) comme adjoint au FC Barcelone, il cumule m\u00eame les quatre coupes europ\u00e9ennes. Seule la Supercoupe UEFA, perdue trois fois, se refuse \u00e0 lui.<\/p>\n<p>Sa victoire sur le banc de l\u2019Inter, en C1, \u00e9tait aussi la derni\u00e8re d\u2019un club italien sur la sc\u00e8ne europ\u00e9enne. Il aura donc fallu attendre douze ans et le retour du Portugais en Italie pour voir un club de Serie A de nouveau soulever une coupe en Europe.<\/p>\n<div class='share-to-whatsapp-wrapper'><div class='share-on-whsp'>PARTAGER SUR : <\/div><a data-text='FOOTBALL - Mourinho dans la L\u00e9gende!' data-link='https:\/\/www.nettali.com\/2022\/05\/25\/football-mourinho-dans-la-legende\/' class='whatsapp-button whatsapp-share'>WhatsApp<\/a><div class='clear '><\/div><\/div>","protected":false},"excerpt":{"rendered":"<p>NETTALI.COM - Avec sa victoire face au Feyenoord ce mercredi, Jos\u00e9 Mourinho est entr\u00e9 dans l'histoire un peu plus. Le Portugais, qui rajoute un titre \u00e0 son palmar\u00e8s d\u00e9j\u00e0 bien rempli, est devenu le premier entra\u00eeneur de l'histoire \u00e0 remporter la Ligue des Champions, la Ligue Europa et la Ligue Europa Conf\u00e9rence. Jos\u00e9 Mourinho, le [&hellip;]<\/p>\n","protected":false},"author":5,"featured_media":86995,"comment_status":"open","ping_status":"open","sticky":false,"template":"","format":"standard","meta":{"_et_pb_use_builder":"","_et_pb_old_content":""},"categories":[6],"tags":[],"yoast_head":"<!-- This site is optimized with the Yoast SEO Premium plugin v17.8 (Yoast SEO v17.8) - https:\/\/yoast.com\/wordpress\/plugins\/seo\/ -->\n<title>FOOTBALL - Mourinho dans la L\u00e9gende! | Nettali.com<\/title>\n<meta name=\"robots\" content=\"index, follow, max-snippet:-1, max-image-preview:large, max-video-preview:-1\" \/>\n<link rel=\"canonical\" href=\"https:\/\/www.nettali.com\/2022\/05\/25\/football-mourinho-dans-la-legende\/\" \/>\n<meta property=\"og:locale\" content=\"fr_FR\" \/>\n<meta property=\"og:type\" content=\"article\" \/>\n<meta property=\"og:title\" content=\"FOOTBALL - Mourinho dans la L\u00e9gende!\" \/>\n<meta property=\"og:description\" content=\"NETTALI.COM - Avec sa victoire face au Feyenoord ce mercredi, Jos\u00e9 Mourinho est entr\u00e9 dans l&#039;histoire un peu plus. Le Portugais, qui rajoute un titre \u00e0 son palmar\u00e8s d\u00e9j\u00e0 bien rempli, est devenu le premier entra\u00eeneur de l&#039;histoire \u00e0 remporter la Ligue des Champions, la Ligue Europa et la Ligue Europa Conf\u00e9rence. Jos\u00e9 Mourinho, le [&hellip;]\" \/>\n<meta property=\"og:url\" content=\"https:\/\/www.nettali.com\/2022\/05\/25\/football-mourinho-dans-la-legende\/\" \/>\n<meta property=\"og:site_name\" content=\"Nettali.com\" \/>\n<meta property=\"article:publisher\" content=\"https:\/\/www.facebook.com\/nettalicom\" \/>\n<meta property=\"article:published_time\" content=\"2022-05-25T23:51:56+00:00\" \/>\n<meta property=\"og:image\" content=\"https:\/\/www.nettali.com\/wp-content\/uploads\/2022\/05\/3380373-69087728-2560-1440.jpg\" \/>\n\t<meta property=\"og:image:width\" content=\"1200\" \/>\n\t<meta property=\"og:image:height\" content=\"675\" \/>\n<meta name=\"twitter:card\" content=\"summary_large_image\" \/>\n<meta name=\"twitter:label1\" content=\"\u00c9crit par\" \/>\n\t<meta name=\"twitter:data1\" content=\"Ibrahima\" \/>\n\t<meta name=\"twitter:label2\" content=\"Dur\u00e9e de lecture estim\u00e9e\" \/>\n\t<meta name=\"twitter:data2\" content=\"1 minute\" \/>\n<script type=\"application\/ld+json\" class=\"yoast-schema-graph\">{\"@context\":\"https:\/\/schema.org\",\"@graph\":[{\"@type\":\"WebSite\",\"@id\":\"https:\/\/www.nettali.com\/#website\",\"url\":\"https:\/\/www.nettali.com\/\",\"name\":\"Nettali.com\",\"description\":\"Le rendez-vous critique du Net\",\"potentialAction\":[{\"@type\":\"SearchAction\",\"target\":{\"@type\":\"EntryPoint\",\"urlTemplate\":\"https:\/\/www.nettali.com\/?s={search_term_string}\"},\"query-input\":\"required name=search_term_string\"}],\"inLanguage\":\"fr-FR\"},{\"@type\":\"ImageObject\",\"@id\":\"https:\/\/www.nettali.com\/2022\/05\/25\/football-mourinho-dans-la-legende\/#primaryimage\",\"inLanguage\":\"fr-FR\",\"url\":\"https:\/\/www.nettali.com\/wp-content\/uploads\/2022\/05\/3380373-69087728-2560-1440.jpg\",\"contentUrl\":\"https:\/\/www.nettali.com\/wp-content\/uploads\/2022\/05\/3380373-69087728-2560-1440.jpg\",\"width\":1200,\"height\":675},{\"@type\":\"WebPage\",\"@id\":\"https:\/\/www.nettali.com\/2022\/05\/25\/football-mourinho-dans-la-legende\/#webpage\",\"url\":\"https:\/\/www.nettali.com\/2022\/05\/25\/football-mourinho-dans-la-legende\/\",\"name\":\"FOOTBALL - Mourinho dans la L\\u00e9gende! | Nettali.com\",\"isPartOf\":{\"@id\":\"https:\/\/www.nettali.com\/#website\"},\"primaryImageOfPage\":{\"@id\":\"https:\/\/www.nettali.com\/2022\/05\/25\/football-mourinho-dans-la-legende\/#primaryimage\"},\"datePublished\":\"2022-05-25T23:51:56+00:00\",\"dateModified\":\"2022-05-25T23:51:56+00:00\",\"author\":{\"@id\":\"https:\/\/www.nettali.com\/#\/schema\/person\/bb147657c2986240405a608162b9bb23\"},\"breadcrumb\":{\"@id\":\"https:\/\/www.nettali.com\/2022\/05\/25\/football-mourinho-dans-la-legende\/#breadcrumb\"},\"inLanguage\":\"fr-FR\",\"potentialAction\":[{\"@type\":\"ReadAction\",\"target\":[\"https:\/\/www.nettali.com\/2022\/05\/25\/football-mourinho-dans-la-legende\/\"]}]},{\"@type\":\"BreadcrumbList\",\"@id\":\"https:\/\/www.nettali.com\/2022\/05\/25\/football-mourinho-dans-la-legende\/#breadcrumb\",\"itemListElement\":[{\"@type\":\"ListItem\",\"position\":1,\"name\":\"Accueil\",\"item\":\"https:\/\/www.nettali.com\/\"},{\"@type\":\"ListItem\",\"position\":2,\"name\":\"FOOTBALL - Mourinho dans la L\\u00e9gende!\"}]},{\"@type\":\"Person\",\"@id\":\"https:\/\/www.nettali.com\/#\/schema\/person\/bb147657c2986240405a608162b9bb23\",\"name\":\"Ibrahima\",\"image\":{\"@type\":\"ImageObject\",\"@id\":\"https:\/\/www.nettali.com\/#personlogo\",\"inLanguage\":\"fr-FR\",\"url\":\"https:\/\/secure.gravatar.com\/avatar\/26a8a81f09f0dd7624c9d5c36c9ba3a2?s=96&d=mm&r=g\",\"contentUrl\":\"https:\/\/secure.gravatar.com\/avatar\/26a8a81f09f0dd7624c9d5c36c9ba3a2?s=96&d=mm&r=g\",\"caption\":\"Ibrahima\"},\"sameAs\":[\"https:\/\/www.nettali.com\"]}]}<\/script>\n<!-- \/ Yoast SEO Premium plugin. -->","yoast_head_json":{"title":"FOOTBALL - Mourinho dans la L\u00e9gende! | Nettali.com","robots":{"index":"index","follow":"follow","max-snippet":"max-snippet:-1","max-image-preview":"max-image-preview:large","max-video-preview":"max-video-preview:-1"},"canonical":"https:\/\/www.nettali.com\/2022\/05\/25\/football-mourinho-dans-la-legende\/","og_locale":"fr_FR","og_type":"article","og_title":"FOOTBALL - Mourinho dans la L\u00e9gende!","og_description":"NETTALI.COM - Avec sa victoire face au Feyenoord ce mercredi, Jos\u00e9 Mourinho est entr\u00e9 dans l'histoire un peu plus. Le Portugais, qui rajoute un titre \u00e0 son palmar\u00e8s d\u00e9j\u00e0 bien rempli, est devenu le premier entra\u00eeneur de l'histoire \u00e0 remporter la Ligue des Champions, la Ligue Europa et la Ligue Europa Conf\u00e9rence. Jos\u00e9 Mourinho, le [&hellip;]","og_url":"https:\/\/www.nettali.com\/2022\/05\/25\/football-mourinho-dans-la-legende\/","og_site_name":"Nettali.com","article_publisher":"https:\/\/www.facebook.com\/nettalicom","article_published_time":"2022-05-25T23:51:56+00:00","og_image":[{"width":1200,"height":675,"url":"https:\/\/www.nettali.com\/wp-content\/uploads\/2022\/05\/3380373-69087728-2560-1440.jpg","type":"image\/jpeg"}],"twitter_card":"summary_large_image","twitter_misc":{"\u00c9crit par":"Ibrahima","Dur\u00e9e de lecture estim\u00e9e":"1 minute"},"schema":{"@context":"https:\/\/schema.org","@graph":[{"@type":"WebSite","@id":"https:\/\/www.nettali.com\/#website","url":"https:\/\/www.nettali.com\/","name":"Nettali.com","description":"Le rendez-vous critique du Net","potentialAction":[{"@type":"SearchAction","target":{"@type":"EntryPoint","urlTemplate":"https:\/\/www.nettali.com\/?s={search_term_string}"},"query-input":"required name=search_term_string"}],"inLanguage":"fr-FR"},{"@type":"ImageObject","@id":"https:\/\/www.nettali.com\/2022\/05\/25\/football-mourinho-dans-la-legende\/#primaryimage","inLanguage":"fr-FR","url":"https:\/\/www.nettali.com\/wp-content\/uploads\/2022\/05\/3380373-69087728-2560-1440.jpg","contentUrl":"https:\/\/www.nettali.com\/wp-content\/uploads\/2022\/05\/3380373-69087728-2560-1440.jpg","width":1200,"height":675},{"@type":"WebPage","@id":"https:\/\/www.nettali.com\/2022\/05\/25\/football-mourinho-dans-la-legende\/#webpage","url":"https:\/\/www.nettali.com\/2022\/05\/25\/football-mourinho-dans-la-legende\/","name":"FOOTBALL - Mourinho dans la L\u00e9gende! | Nettali.com","isPartOf":{"@id":"https:\/\/www.nettali.com\/#website"},"primaryImageOfPage":{"@id":"https:\/\/www.nettali.com\/2022\/05\/25\/football-mourinho-dans-la-legende\/#primaryimage"},"datePublished":"2022-05-25T23:51:56+00:00","dateModified":"2022-05-25T23:51:56+00:00","author":{"@id":"https:\/\/www.nettali.com\/#\/schema\/person\/bb147657c2986240405a608162b9bb23"},"breadcrumb":{"@id":"https:\/\/www.nettali.com\/2022\/05\/25\/football-mourinho-dans-la-legende\/#breadcrumb"},"inLanguage":"fr-FR","potentialAction":[{"@type":"ReadAction","target":["https:\/\/www.nettali.com\/2022\/05\/25\/football-mourinho-dans-la-legende\/"]}]},{"@type":"BreadcrumbList","@id":"https:\/\/www.nettali.com\/2022\/05\/25\/football-mourinho-dans-la-legende\/#breadcrumb","itemListElement":[{"@type":"ListItem","position":1,"name":"Accueil","item":"https:\/\/www.nettali.com\/"},{"@type":"ListItem","position":2,"name":"FOOTBALL - Mourinho dans la L\u00e9gende!"}]},{"@type":"Person","@id":"https:\/\/www.nettali.com\/#\/schema\/person\/bb147657c2986240405a608162b9bb23","name":"Ibrahima","image":{"@type":"ImageObject","@id":"https:\/\/www.nettali.com\/#personlogo","inLanguage":"fr-FR","url":"https:\/\/secure.gravatar.com\/avatar\/26a8a81f09f0dd7624c9d5c36c9ba3a2?s=96&d=mm&r=g","contentUrl":"https:\/\/secure.gravatar.com\/avatar\/26a8a81f09f0dd7624c9d5c36c9ba3a2?s=96&d=mm&r=g","caption":"Ibrahima"},"sameAs":["https:\/\/www.nettali.com"]}]}},"_links":{"self":[{"href":"https:\/\/www.nettali.com\/rest\/wp\/v2\/posts\/87000"}],"collection":[{"href":"https:\/\/www.nettali.com\/rest\/wp\/v2\/posts"}],"about":[{"href":"https:\/\/www.nettali.com\/rest\/wp\/v2\/types\/post"}],"author":[{"embeddable":true,"href":"https:\/\/www.nettali.com\/rest\/wp\/v2\/users\/5"}],"replies":[{"embeddable":true,"href":"https:\/\/www.nettali.com\/rest\/wp\/v2\/comments?post=87000"}],"version-history":[{"count":1,"href":"https:\/\/www.nettali.com\/rest\/wp\/v2\/posts\/87000\/revisions"}],"predecessor-version":[{"id":87001,"href":"https:\/\/www.nettali.com\/rest\/wp\/v2\/posts\/87000\/revisions\/87001"}],"wp:featuredmedia":[{"embeddable":true,"href":"https:\/\/www.nettali.com\/rest\/wp\/v2\/media\/86995"}],"wp:attachment":[{"href":"https:\/\/www.nettali.com\/rest\/wp\/v2\/media?parent=87000"}],"wp:term":[{"taxonomy":"category","embeddable":true,"href":"https:\/\/www.nettali.com\/rest\/wp\/v2\/categories?post=87000"},{"taxonomy":"post_tag","embeddable":true,"href":"https:\/\/www.nettali.com\/rest\/wp\/v2\/tags?post=87000"}],"curies":[{"name":"wp","href":"https:\/\/api.w.org\/{rel}","templated":true}]}}