{"id":86954,"date":"2022-05-25T13:38:53","date_gmt":"2022-05-25T13:38:53","guid":{"rendered":"https:\/\/www.nettali.com\/?p=86954"},"modified":"2022-05-25T13:38:53","modified_gmt":"2022-05-25T13:38:53","slug":"real-madrid-la-reaction-de-benzema-sur-le-choix-de-mbappe","status":"publish","type":"post","link":"https:\/\/www.nettali.com\/2022\/05\/25\/real-madrid-la-reaction-de-benzema-sur-le-choix-de-mbappe\/","title":{"rendered":"REAL MADRID - La r\u00e9action de Benzema sur le choix de Mbapp\u00e9"},"content":{"rendered":"<p><strong>NETTALI.COM - Benzema a r\u00e9agi \u00e0 la d\u00e9cision de Kylian Mbapp\u00e9 de prolonger son aventure au PSG. L'attaquant regrette ce choix mais n'en veut pas \u00e0 son partenaire en \u00e9quipe de France.<\/strong><\/p>\n<p>Karim Benzema s'est exprim\u00e9 mardi sur la cha\u00eene espagnole Movistar Plus +\u00a0\u00e0 propos de\u00a0la prolongation de Kylian Mbapp\u00e9 au PSG jusqu'en 2025.<\/p>\n<p>\"<em>Je pr\u00e9f\u00e8re ne pas parler. Je ne suis pas en col\u00e8re, je peux juste vous dire que je suis concentr\u00e9 sur la finale de la Ligue des champions qui est plus importante que d'\u00e9couter autre chose<\/em>\", a fait savoir l'attaquant Merengue.<\/p>\n<p>Pleinement concentr\u00e9 sur\u00a0la finale de Ligue des champions face \u00e0 Liverpool\u00a0samedi au stade de France (21h), Benzema ajoute m\u00eame\u00a0:\u00a0\"<em>Ce n'est pas le moment de parler de ces petites choses<\/em>\".<\/p>\n<p>Dans un autre entretien accord\u00e9 \u00e0 Canal+, Benzema se montre un peu plus prolixe.<br \/>\n\"<em>C'\u00e9tait une longue ann\u00e9e pour lui, il fallait qu'il d\u00e9cide. C'est son choix, je lui souhaite le meilleur m\u00eame si, comme je l'ai d\u00e9j\u00e0 dit, j'aurais aim\u00e9 qu'il joue au Real Madrid. Mais nous allons gagner la coupe du monde ensemble<\/em>\", dit-il.<\/p>\n<p>Benzema avait post\u00e9 sur Instagram une\u00a0story myst\u00e9rieuse avec une photo du rappeur Tupac\u00a0dimanche soir. Sur le clich\u00e9, on voyait en arri\u00e8re plan l'homme qui a trahi Tupac, son \"<em>ami<\/em>\".<br \/>\nInterrog\u00e9 mardi par\u00a0AS Diario\u00a0sur ce qui a \u00e9t\u00e9 interpr\u00e9t\u00e9 comme la \"<em>photo de la trahison<\/em>\", l'ancien Lyonnais s'est d\u00e9fendu :\u00a0\"<em>Ce n'est pas contre Mbapp\u00e9. Je l'ai post\u00e9e parce que j'aime le Real Madrid. Il n'y a pas d'histoire de trahison, ou quoi que ce soit. Tous les mois et demi, je sors des photos de Tupac, qui est mon rappeur pr\u00e9f\u00e9r\u00e9. Ce n'est pas une photo avec un message. Si j'ai un message, je vais voir la personne<\/em>\".<\/p>\n<p>De son c\u00f4t\u00e9, Kylian Mbapp\u00e9 a \u00e9t\u00e9 amen\u00e9 \u00e0 r\u00e9agir \u00e0 cette publication dans une interview donn\u00e9e au quotidien espagnol Marca mardi.<\/p>\n<p>\"<em>Quand j'irai en \u00e9quipe de France, j'expliquerai \u00e0 Karim pourquoi je suis rest\u00e9 au PSG, car nous avons une bonne relation<\/em>\", a laiss\u00e9 entendre l'enfant de Bondy.<\/p>\n<div class='share-to-whatsapp-wrapper'><div class='share-on-whsp'>PARTAGER SUR : <\/div><a data-text='REAL MADRID - La r\u00e9action de Benzema sur le choix de Mbapp\u00e9' data-link='https:\/\/www.nettali.com\/2022\/05\/25\/real-madrid-la-reaction-de-benzema-sur-le-choix-de-mbappe\/' class='whatsapp-button whatsapp-share'>WhatsApp<\/a><div class='clear '><\/div><\/div>","protected":false},"excerpt":{"rendered":"<p>NETTALI.COM - Benzema a r\u00e9agi \u00e0 la d\u00e9cision de Kylian Mbapp\u00e9 de prolonger son aventure au PSG. L'attaquant regrette ce choix mais n'en veut pas \u00e0 son partenaire en \u00e9quipe de France. Karim Benzema s'est exprim\u00e9 mardi sur la cha\u00eene espagnole Movistar Plus +\u00a0\u00e0 propos de\u00a0la prolongation de Kylian Mbapp\u00e9 au PSG jusqu'en 2025. \"Je [&hellip;]<\/p>\n","protected":false},"author":5,"featured_media":86955,"comment_status":"open","ping_status":"open","sticky":false,"template":"","format":"standard","meta":{"_et_pb_use_builder":"","_et_pb_old_content":""},"categories":[6],"tags":[],"yoast_head":"<!-- This site is optimized with the Yoast SEO Premium plugin v17.8 (Yoast SEO v17.8) - https:\/\/yoast.com\/wordpress\/plugins\/seo\/ -->\n<title>REAL MADRID - La r\u00e9action de Benzema sur le choix de Mbapp\u00e9 | Nettali.com<\/title>\n<meta name=\"robots\" content=\"index, follow, max-snippet:-1, max-image-preview:large, max-video-preview:-1\" \/>\n<link rel=\"canonical\" href=\"https:\/\/www.nettali.com\/2022\/05\/25\/real-madrid-la-reaction-de-benzema-sur-le-choix-de-mbappe\/\" \/>\n<meta property=\"og:locale\" content=\"fr_FR\" \/>\n<meta property=\"og:type\" content=\"article\" \/>\n<meta property=\"og:title\" content=\"REAL MADRID - La r\u00e9action de Benzema sur le choix de Mbapp\u00e9\" \/>\n<meta property=\"og:description\" content=\"NETTALI.COM - Benzema a r\u00e9agi \u00e0 la d\u00e9cision de Kylian Mbapp\u00e9 de prolonger son aventure au PSG. L&#039;attaquant regrette ce choix mais n&#039;en veut pas \u00e0 son partenaire en \u00e9quipe de France. Karim Benzema s&#039;est exprim\u00e9 mardi sur la cha\u00eene espagnole Movistar Plus +\u00a0\u00e0 propos de\u00a0la prolongation de Kylian Mbapp\u00e9 au PSG jusqu&#039;en 2025. &quot;Je [&hellip;]\" \/>\n<meta property=\"og:url\" content=\"https:\/\/www.nettali.com\/2022\/05\/25\/real-madrid-la-reaction-de-benzema-sur-le-choix-de-mbappe\/\" \/>\n<meta property=\"og:site_name\" content=\"Nettali.com\" \/>\n<meta property=\"article:publisher\" content=\"https:\/\/www.facebook.com\/nettalicom\" \/>\n<meta property=\"article:published_time\" content=\"2022-05-25T13:38:53+00:00\" \/>\n<meta property=\"og:image\" content=\"https:\/\/www.nettali.com\/wp-content\/uploads\/2022\/05\/medium_2022-05-22-7bbca04491.jpg\" \/>\n\t<meta property=\"og:image:width\" content=\"700\" \/>\n\t<meta property=\"og:image:height\" content=\"450\" \/>\n<meta name=\"twitter:card\" content=\"summary_large_image\" \/>\n<meta name=\"twitter:label1\" content=\"\u00c9crit par\" \/>\n\t<meta name=\"twitter:data1\" content=\"Ibrahima\" \/>\n\t<meta name=\"twitter:label2\" content=\"Dur\u00e9e de lecture estim\u00e9e\" \/>\n\t<meta name=\"twitter:data2\" content=\"2 minutes\" \/>\n<script type=\"application\/ld+json\" class=\"yoast-schema-graph\">{\"@context\":\"https:\/\/schema.org\",\"@graph\":[{\"@type\":\"WebSite\",\"@id\":\"https:\/\/www.nettali.com\/#website\",\"url\":\"https:\/\/www.nettali.com\/\",\"name\":\"Nettali.com\",\"description\":\"Le rendez-vous critique du Net\",\"potentialAction\":[{\"@type\":\"SearchAction\",\"target\":{\"@type\":\"EntryPoint\",\"urlTemplate\":\"https:\/\/www.nettali.com\/?s={search_term_string}\"},\"query-input\":\"required name=search_term_string\"}],\"inLanguage\":\"fr-FR\"},{\"@type\":\"ImageObject\",\"@id\":\"https:\/\/www.nettali.com\/2022\/05\/25\/real-madrid-la-reaction-de-benzema-sur-le-choix-de-mbappe\/#primaryimage\",\"inLanguage\":\"fr-FR\",\"url\":\"https:\/\/www.nettali.com\/wp-content\/uploads\/2022\/05\/medium_2022-05-22-7bbca04491.jpg\",\"contentUrl\":\"https:\/\/www.nettali.com\/wp-content\/uploads\/2022\/05\/medium_2022-05-22-7bbca04491.jpg\",\"width\":700,\"height\":450},{\"@type\":\"WebPage\",\"@id\":\"https:\/\/www.nettali.com\/2022\/05\/25\/real-madrid-la-reaction-de-benzema-sur-le-choix-de-mbappe\/#webpage\",\"url\":\"https:\/\/www.nettali.com\/2022\/05\/25\/real-madrid-la-reaction-de-benzema-sur-le-choix-de-mbappe\/\",\"name\":\"REAL MADRID - La r\\u00e9action de Benzema sur le choix de Mbapp\\u00e9 | Nettali.com\",\"isPartOf\":{\"@id\":\"https:\/\/www.nettali.com\/#website\"},\"primaryImageOfPage\":{\"@id\":\"https:\/\/www.nettali.com\/2022\/05\/25\/real-madrid-la-reaction-de-benzema-sur-le-choix-de-mbappe\/#primaryimage\"},\"datePublished\":\"2022-05-25T13:38:53+00:00\",\"dateModified\":\"2022-05-25T13:38:53+00:00\",\"author\":{\"@id\":\"https:\/\/www.nettali.com\/#\/schema\/person\/bb147657c2986240405a608162b9bb23\"},\"breadcrumb\":{\"@id\":\"https:\/\/www.nettali.com\/2022\/05\/25\/real-madrid-la-reaction-de-benzema-sur-le-choix-de-mbappe\/#breadcrumb\"},\"inLanguage\":\"fr-FR\",\"potentialAction\":[{\"@type\":\"ReadAction\",\"target\":[\"https:\/\/www.nettali.com\/2022\/05\/25\/real-madrid-la-reaction-de-benzema-sur-le-choix-de-mbappe\/\"]}]},{\"@type\":\"BreadcrumbList\",\"@id\":\"https:\/\/www.nettali.com\/2022\/05\/25\/real-madrid-la-reaction-de-benzema-sur-le-choix-de-mbappe\/#breadcrumb\",\"itemListElement\":[{\"@type\":\"ListItem\",\"position\":1,\"name\":\"Accueil\",\"item\":\"https:\/\/www.nettali.com\/\"},{\"@type\":\"ListItem\",\"position\":2,\"name\":\"REAL MADRID - La r\\u00e9action de Benzema sur le choix de Mbapp\\u00e9\"}]},{\"@type\":\"Person\",\"@id\":\"https:\/\/www.nettali.com\/#\/schema\/person\/bb147657c2986240405a608162b9bb23\",\"name\":\"Ibrahima\",\"image\":{\"@type\":\"ImageObject\",\"@id\":\"https:\/\/www.nettali.com\/#personlogo\",\"inLanguage\":\"fr-FR\",\"url\":\"https:\/\/secure.gravatar.com\/avatar\/26a8a81f09f0dd7624c9d5c36c9ba3a2?s=96&d=mm&r=g\",\"contentUrl\":\"https:\/\/secure.gravatar.com\/avatar\/26a8a81f09f0dd7624c9d5c36c9ba3a2?s=96&d=mm&r=g\",\"caption\":\"Ibrahima\"},\"sameAs\":[\"https:\/\/www.nettali.com\"]}]}<\/script>\n<!-- \/ Yoast SEO Premium plugin. -->","yoast_head_json":{"title":"REAL MADRID - La r\u00e9action de Benzema sur le choix de Mbapp\u00e9 | Nettali.com","robots":{"index":"index","follow":"follow","max-snippet":"max-snippet:-1","max-image-preview":"max-image-preview:large","max-video-preview":"max-video-preview:-1"},"canonical":"https:\/\/www.nettali.com\/2022\/05\/25\/real-madrid-la-reaction-de-benzema-sur-le-choix-de-mbappe\/","og_locale":"fr_FR","og_type":"article","og_title":"REAL MADRID - La r\u00e9action de Benzema sur le choix de Mbapp\u00e9","og_description":"NETTALI.COM - Benzema a r\u00e9agi \u00e0 la d\u00e9cision de Kylian Mbapp\u00e9 de prolonger son aventure au PSG. L'attaquant regrette ce choix mais n'en veut pas \u00e0 son partenaire en \u00e9quipe de France. Karim Benzema s'est exprim\u00e9 mardi sur la cha\u00eene espagnole Movistar Plus +\u00a0\u00e0 propos de\u00a0la prolongation de Kylian Mbapp\u00e9 au PSG jusqu'en 2025. \"Je [&hellip;]","og_url":"https:\/\/www.nettali.com\/2022\/05\/25\/real-madrid-la-reaction-de-benzema-sur-le-choix-de-mbappe\/","og_site_name":"Nettali.com","article_publisher":"https:\/\/www.facebook.com\/nettalicom","article_published_time":"2022-05-25T13:38:53+00:00","og_image":[{"width":700,"height":450,"url":"https:\/\/www.nettali.com\/wp-content\/uploads\/2022\/05\/medium_2022-05-22-7bbca04491.jpg","type":"image\/jpeg"}],"twitter_card":"summary_large_image","twitter_misc":{"\u00c9crit par":"Ibrahima","Dur\u00e9e de lecture estim\u00e9e":"2 minutes"},"schema":{"@context":"https:\/\/schema.org","@graph":[{"@type":"WebSite","@id":"https:\/\/www.nettali.com\/#website","url":"https:\/\/www.nettali.com\/","name":"Nettali.com","description":"Le rendez-vous critique du Net","potentialAction":[{"@type":"SearchAction","target":{"@type":"EntryPoint","urlTemplate":"https:\/\/www.nettali.com\/?s={search_term_string}"},"query-input":"required name=search_term_string"}],"inLanguage":"fr-FR"},{"@type":"ImageObject","@id":"https:\/\/www.nettali.com\/2022\/05\/25\/real-madrid-la-reaction-de-benzema-sur-le-choix-de-mbappe\/#primaryimage","inLanguage":"fr-FR","url":"https:\/\/www.nettali.com\/wp-content\/uploads\/2022\/05\/medium_2022-05-22-7bbca04491.jpg","contentUrl":"https:\/\/www.nettali.com\/wp-content\/uploads\/2022\/05\/medium_2022-05-22-7bbca04491.jpg","width":700,"height":450},{"@type":"WebPage","@id":"https:\/\/www.nettali.com\/2022\/05\/25\/real-madrid-la-reaction-de-benzema-sur-le-choix-de-mbappe\/#webpage","url":"https:\/\/www.nettali.com\/2022\/05\/25\/real-madrid-la-reaction-de-benzema-sur-le-choix-de-mbappe\/","name":"REAL MADRID - La r\u00e9action de Benzema sur le choix de Mbapp\u00e9 | Nettali.com","isPartOf":{"@id":"https:\/\/www.nettali.com\/#website"},"primaryImageOfPage":{"@id":"https:\/\/www.nettali.com\/2022\/05\/25\/real-madrid-la-reaction-de-benzema-sur-le-choix-de-mbappe\/#primaryimage"},"datePublished":"2022-05-25T13:38:53+00:00","dateModified":"2022-05-25T13:38:53+00:00","author":{"@id":"https:\/\/www.nettali.com\/#\/schema\/person\/bb147657c2986240405a608162b9bb23"},"breadcrumb":{"@id":"https:\/\/www.nettali.com\/2022\/05\/25\/real-madrid-la-reaction-de-benzema-sur-le-choix-de-mbappe\/#breadcrumb"},"inLanguage":"fr-FR","potentialAction":[{"@type":"ReadAction","target":["https:\/\/www.nettali.com\/2022\/05\/25\/real-madrid-la-reaction-de-benzema-sur-le-choix-de-mbappe\/"]}]},{"@type":"BreadcrumbList","@id":"https:\/\/www.nettali.com\/2022\/05\/25\/real-madrid-la-reaction-de-benzema-sur-le-choix-de-mbappe\/#breadcrumb","itemListElement":[{"@type":"ListItem","position":1,"name":"Accueil","item":"https:\/\/www.nettali.com\/"},{"@type":"ListItem","position":2,"name":"REAL MADRID - La r\u00e9action de Benzema sur le choix de Mbapp\u00e9"}]},{"@type":"Person","@id":"https:\/\/www.nettali.com\/#\/schema\/person\/bb147657c2986240405a608162b9bb23","name":"Ibrahima","image":{"@type":"ImageObject","@id":"https:\/\/www.nettali.com\/#personlogo","inLanguage":"fr-FR","url":"https:\/\/secure.gravatar.com\/avatar\/26a8a81f09f0dd7624c9d5c36c9ba3a2?s=96&d=mm&r=g","contentUrl":"https:\/\/secure.gravatar.com\/avatar\/26a8a81f09f0dd7624c9d5c36c9ba3a2?s=96&d=mm&r=g","caption":"Ibrahima"},"sameAs":["https:\/\/www.nettali.com"]}]}},"_links":{"self":[{"href":"https:\/\/www.nettali.com\/rest\/wp\/v2\/posts\/86954"}],"collection":[{"href":"https:\/\/www.nettali.com\/rest\/wp\/v2\/posts"}],"about":[{"href":"https:\/\/www.nettali.com\/rest\/wp\/v2\/types\/post"}],"author":[{"embeddable":true,"href":"https:\/\/www.nettali.com\/rest\/wp\/v2\/users\/5"}],"replies":[{"embeddable":true,"href":"https:\/\/www.nettali.com\/rest\/wp\/v2\/comments?post=86954"}],"version-history":[{"count":1,"href":"https:\/\/www.nettali.com\/rest\/wp\/v2\/posts\/86954\/revisions"}],"predecessor-version":[{"id":86956,"href":"https:\/\/www.nettali.com\/rest\/wp\/v2\/posts\/86954\/revisions\/86956"}],"wp:featuredmedia":[{"embeddable":true,"href":"https:\/\/www.nettali.com\/rest\/wp\/v2\/media\/86955"}],"wp:attachment":[{"href":"https:\/\/www.nettali.com\/rest\/wp\/v2\/media?parent=86954"}],"wp:term":[{"taxonomy":"category","embeddable":true,"href":"https:\/\/www.nettali.com\/rest\/wp\/v2\/categories?post=86954"},{"taxonomy":"post_tag","embeddable":true,"href":"https:\/\/www.nettali.com\/rest\/wp\/v2\/tags?post=86954"}],"curies":[{"name":"wp","href":"https:\/\/api.w.org\/{rel}","templated":true}]}}