{"id":86703,"date":"2022-05-21T15:50:14","date_gmt":"2022-05-21T15:50:14","guid":{"rendered":"https:\/\/www.nettali.com\/?p=86703"},"modified":"2022-05-22T21:01:38","modified_gmt":"2022-05-22T21:01:38","slug":"legislatives-du-31-juillet-aar-senegal-ne-veut-pas-de-deal","status":"publish","type":"post","link":"https:\/\/www.nettali.com\/2022\/05\/21\/legislatives-du-31-juillet-aar-senegal-ne-veut-pas-de-deal\/","title":{"rendered":"LEGISLATIVES DU 31 JUILLET  - \"Aar S\u00e9n\u00e9gal\" ne veut pas de deal"},"content":{"rendered":"<p><strong>NETTALI.COM\u00a0 - Les l\u00e9gislatives de 2022 risquent d'\u00eatre les \u00e9lections de toutes les incertitudes pour Benno Bokk Yakaar et Yewwi askan wi dont certaines des listes vont vers la forclusion. Mais pour la coalition \"Aar S\u00e9n\u00e9gal\", il faut surtout pas penser \u00e0 un report des \u00e9lections.<\/strong><\/p>\n<p>Des l\u00e9gislatives sans liste nationale de Benno Bokk Yakaar et sans Yewwi askan wi \u00e0 Dakar. C'est le sc\u00e9nario le plus probable pour le scrutin du 31 juillet prochain. Ce qui pousse certains \u00e0 \u00e9voquer un possible report afin d'\u00e9viter un chaos \u00e9lectoral. <em>\"Pas question\",<\/em> semble dire \"Aar S\u00e9n\u00e9gal\". La coalition des Thierno Alassane Sall, Abdourahmane Diouf, Thierno Bocoum et compagnie a sorti un communiqu\u00e9 pour mettre en garde contre toute tentative de trouver un compromis sur le dos des citoyens.<\/p>\n<p><em>\"La coalition Aar S\u00e9n\u00e9gal a re\u00e7u le mercredi 18 mai, \u00e0 l\u2019instar des autres listes de candidatures, de la part de la Direction g\u00e9n\u00e9rale des \u00e9lections, les notifications de corrections des dossiers de candidature en vue des \u00e9lections l\u00e9gislatives du 31 Juillet prochain. Aar S\u00e9n\u00e9gal, conform\u00e9ment aux dispositions de l'article L179 alin\u00e9a 2 du code \u00e9lectoral, a transmis \u00e0 la Dge ce vendredi 20 mai 2022, \u00e0 travers son mandataire, les r\u00e9gularisations relatives au remplacement des cas d\u2019in\u00e9ligibilit\u00e9 et aux substitutions de pi\u00e8ces<\/em>\", renseigne le porte-parole de ladite coalition. Et Thierno Bocoum de poursuivre : \"<em>La coalition Aar S\u00e9n\u00e9gal s\u2019est jusque-l\u00e0 conform\u00e9e \u00e0 toutes les exigences de la loi \u00e9lectorale et dont la rigueur a entra\u00een\u00e9 notre forclusion dans certains d\u00e9partements pour avoir tenu \u00e0 respecter les d\u00e9lais.<\/em>\"<\/p>\n<p>Thierno Alassane Sall et compagnie\u00a0condamnent ainsi <em>\"les<\/em> <em>agissements allant dans le sens de chercher \u00e0 vouloir tordre le cou \u00e0 la loi<\/em>\". Non sans promettre de veiller \u00e0 ce que \"<em>la loi soit respect\u00e9e dans toute sa rigueur notamment sur la question des d\u00e9sistements, de la parit\u00e9 et de la correction des erreurs mat\u00e9rielles<\/em>\". \"<em>Aar S\u00e9n\u00e9gal se gardera le droit de r\u00e9agir \u00e0 toute compromission sur le dos des populations<\/em>\", ajoute le communiqu\u00e9. Qui\u00a0exige que les \u00e9lections l\u00e9gislatives pr\u00e9vues ce 31 juillet 2022 se tiennent \u00e0 date \u00e9chue.<\/p>\n<div class='share-to-whatsapp-wrapper'><div class='share-on-whsp'>PARTAGER SUR : <\/div><a data-text='LEGISLATIVES DU 31 JUILLET  - \"Aar S\u00e9n\u00e9gal\" ne veut pas de deal' data-link='https:\/\/www.nettali.com\/2022\/05\/21\/legislatives-du-31-juillet-aar-senegal-ne-veut-pas-de-deal\/' class='whatsapp-button whatsapp-share'>WhatsApp<\/a><div class='clear '><\/div><\/div>","protected":false},"excerpt":{"rendered":"<p>NETTALI.COM\u00a0 - Les l\u00e9gislatives de 2022 risquent d'\u00eatre les \u00e9lections de toutes les incertitudes pour Benno Bokk Yakaar et Yewwi askan wi dont certaines des listes vont vers la forclusion. Mais pour la coalition \"Aar S\u00e9n\u00e9gal\", il faut surtout pas penser \u00e0 un report des \u00e9lections. Des l\u00e9gislatives sans liste nationale de Benno Bokk Yakaar [&hellip;]<\/p>\n","protected":false},"author":3,"featured_media":86704,"comment_status":"open","ping_status":"open","sticky":false,"template":"","format":"standard","meta":{"_et_pb_use_builder":"","_et_pb_old_content":""},"categories":[2],"tags":[],"yoast_head":"<!-- This site is optimized with the Yoast SEO Premium plugin v17.8 (Yoast SEO v17.8) - https:\/\/yoast.com\/wordpress\/plugins\/seo\/ -->\n<title>LEGISLATIVES DU 31 JUILLET - &quot;Aar S\u00e9n\u00e9gal&quot; ne veut pas de deal | Nettali.com<\/title>\n<meta name=\"robots\" content=\"index, follow, max-snippet:-1, max-image-preview:large, max-video-preview:-1\" \/>\n<link rel=\"canonical\" href=\"https:\/\/www.nettali.com\/2022\/05\/21\/legislatives-du-31-juillet-aar-senegal-ne-veut-pas-de-deal\/\" \/>\n<meta property=\"og:locale\" content=\"fr_FR\" \/>\n<meta property=\"og:type\" content=\"article\" \/>\n<meta property=\"og:title\" content=\"LEGISLATIVES DU 31 JUILLET - &quot;Aar S\u00e9n\u00e9gal&quot; ne veut pas de deal\" \/>\n<meta property=\"og:description\" content=\"NETTALI.COM\u00a0 - Les l\u00e9gislatives de 2022 risquent d&#039;\u00eatre les \u00e9lections de toutes les incertitudes pour Benno Bokk Yakaar et Yewwi askan wi dont certaines des listes vont vers la forclusion. Mais pour la coalition &quot;Aar S\u00e9n\u00e9gal&quot;, il faut surtout pas penser \u00e0 un report des \u00e9lections. Des l\u00e9gislatives sans liste nationale de Benno Bokk Yakaar [&hellip;]\" \/>\n<meta property=\"og:url\" content=\"https:\/\/www.nettali.com\/2022\/05\/21\/legislatives-du-31-juillet-aar-senegal-ne-veut-pas-de-deal\/\" \/>\n<meta property=\"og:site_name\" content=\"Nettali.com\" \/>\n<meta property=\"article:publisher\" content=\"https:\/\/www.facebook.com\/nettalicom\" \/>\n<meta property=\"article:published_time\" content=\"2022-05-21T15:50:14+00:00\" \/>\n<meta property=\"article:modified_time\" content=\"2022-05-22T21:01:38+00:00\" \/>\n<meta property=\"og:image\" content=\"https:\/\/www.nettali.com\/wp-content\/uploads\/2022\/05\/capture_decran_2022-05-10_a_00.18.05.png\" \/>\n\t<meta property=\"og:image:width\" content=\"680\" \/>\n\t<meta property=\"og:image:height\" content=\"335\" \/>\n<meta name=\"twitter:card\" content=\"summary_large_image\" \/>\n<meta name=\"twitter:label1\" content=\"\u00c9crit par\" \/>\n\t<meta name=\"twitter:data1\" content=\"Moustapha\" \/>\n\t<meta name=\"twitter:label2\" content=\"Dur\u00e9e de lecture estim\u00e9e\" \/>\n\t<meta name=\"twitter:data2\" content=\"2 minutes\" \/>\n<script type=\"application\/ld+json\" class=\"yoast-schema-graph\">{\"@context\":\"https:\/\/schema.org\",\"@graph\":[{\"@type\":\"WebSite\",\"@id\":\"https:\/\/www.nettali.com\/#website\",\"url\":\"https:\/\/www.nettali.com\/\",\"name\":\"Nettali.com\",\"description\":\"Le rendez-vous critique du Net\",\"potentialAction\":[{\"@type\":\"SearchAction\",\"target\":{\"@type\":\"EntryPoint\",\"urlTemplate\":\"https:\/\/www.nettali.com\/?s={search_term_string}\"},\"query-input\":\"required name=search_term_string\"}],\"inLanguage\":\"fr-FR\"},{\"@type\":\"ImageObject\",\"@id\":\"https:\/\/www.nettali.com\/2022\/05\/21\/legislatives-du-31-juillet-aar-senegal-ne-veut-pas-de-deal\/#primaryimage\",\"inLanguage\":\"fr-FR\",\"url\":\"https:\/\/www.nettali.com\/wp-content\/uploads\/2022\/05\/capture_decran_2022-05-10_a_00.18.05.png\",\"contentUrl\":\"https:\/\/www.nettali.com\/wp-content\/uploads\/2022\/05\/capture_decran_2022-05-10_a_00.18.05.png\",\"width\":680,\"height\":335},{\"@type\":\"WebPage\",\"@id\":\"https:\/\/www.nettali.com\/2022\/05\/21\/legislatives-du-31-juillet-aar-senegal-ne-veut-pas-de-deal\/#webpage\",\"url\":\"https:\/\/www.nettali.com\/2022\/05\/21\/legislatives-du-31-juillet-aar-senegal-ne-veut-pas-de-deal\/\",\"name\":\"LEGISLATIVES DU 31 JUILLET - \\\"Aar S\\u00e9n\\u00e9gal\\\" ne veut pas de deal | Nettali.com\",\"isPartOf\":{\"@id\":\"https:\/\/www.nettali.com\/#website\"},\"primaryImageOfPage\":{\"@id\":\"https:\/\/www.nettali.com\/2022\/05\/21\/legislatives-du-31-juillet-aar-senegal-ne-veut-pas-de-deal\/#primaryimage\"},\"datePublished\":\"2022-05-21T15:50:14+00:00\",\"dateModified\":\"2022-05-22T21:01:38+00:00\",\"author\":{\"@id\":\"https:\/\/www.nettali.com\/#\/schema\/person\/7962a12a6e0267f88f0ffa544c36469a\"},\"breadcrumb\":{\"@id\":\"https:\/\/www.nettali.com\/2022\/05\/21\/legislatives-du-31-juillet-aar-senegal-ne-veut-pas-de-deal\/#breadcrumb\"},\"inLanguage\":\"fr-FR\",\"potentialAction\":[{\"@type\":\"ReadAction\",\"target\":[\"https:\/\/www.nettali.com\/2022\/05\/21\/legislatives-du-31-juillet-aar-senegal-ne-veut-pas-de-deal\/\"]}]},{\"@type\":\"BreadcrumbList\",\"@id\":\"https:\/\/www.nettali.com\/2022\/05\/21\/legislatives-du-31-juillet-aar-senegal-ne-veut-pas-de-deal\/#breadcrumb\",\"itemListElement\":[{\"@type\":\"ListItem\",\"position\":1,\"name\":\"Accueil\",\"item\":\"https:\/\/www.nettali.com\/\"},{\"@type\":\"ListItem\",\"position\":2,\"name\":\"LEGISLATIVES DU 31 JUILLET - \\\"Aar S\\u00e9n\\u00e9gal\\\" ne veut pas de deal\"}]},{\"@type\":\"Person\",\"@id\":\"https:\/\/www.nettali.com\/#\/schema\/person\/7962a12a6e0267f88f0ffa544c36469a\",\"name\":\"Moustapha\",\"image\":{\"@type\":\"ImageObject\",\"@id\":\"https:\/\/www.nettali.com\/#personlogo\",\"inLanguage\":\"fr-FR\",\"url\":\"https:\/\/secure.gravatar.com\/avatar\/10fdf6a071cccdcf374e3dbe45159590?s=96&d=mm&r=g\",\"contentUrl\":\"https:\/\/secure.gravatar.com\/avatar\/10fdf6a071cccdcf374e3dbe45159590?s=96&d=mm&r=g\",\"caption\":\"Moustapha\"},\"sameAs\":[\"https:\/\/www.nettali.com\"]}]}<\/script>\n<!-- \/ Yoast SEO Premium plugin. -->","yoast_head_json":{"title":"LEGISLATIVES DU 31 JUILLET - \"Aar S\u00e9n\u00e9gal\" ne veut pas de deal | Nettali.com","robots":{"index":"index","follow":"follow","max-snippet":"max-snippet:-1","max-image-preview":"max-image-preview:large","max-video-preview":"max-video-preview:-1"},"canonical":"https:\/\/www.nettali.com\/2022\/05\/21\/legislatives-du-31-juillet-aar-senegal-ne-veut-pas-de-deal\/","og_locale":"fr_FR","og_type":"article","og_title":"LEGISLATIVES DU 31 JUILLET - \"Aar S\u00e9n\u00e9gal\" ne veut pas de deal","og_description":"NETTALI.COM\u00a0 - Les l\u00e9gislatives de 2022 risquent d'\u00eatre les \u00e9lections de toutes les incertitudes pour Benno Bokk Yakaar et Yewwi askan wi dont certaines des listes vont vers la forclusion. Mais pour la coalition \"Aar S\u00e9n\u00e9gal\", il faut surtout pas penser \u00e0 un report des \u00e9lections. Des l\u00e9gislatives sans liste nationale de Benno Bokk Yakaar [&hellip;]","og_url":"https:\/\/www.nettali.com\/2022\/05\/21\/legislatives-du-31-juillet-aar-senegal-ne-veut-pas-de-deal\/","og_site_name":"Nettali.com","article_publisher":"https:\/\/www.facebook.com\/nettalicom","article_published_time":"2022-05-21T15:50:14+00:00","article_modified_time":"2022-05-22T21:01:38+00:00","og_image":[{"width":680,"height":335,"url":"https:\/\/www.nettali.com\/wp-content\/uploads\/2022\/05\/capture_decran_2022-05-10_a_00.18.05.png","type":"image\/png"}],"twitter_card":"summary_large_image","twitter_misc":{"\u00c9crit par":"Moustapha","Dur\u00e9e de lecture estim\u00e9e":"2 minutes"},"schema":{"@context":"https:\/\/schema.org","@graph":[{"@type":"WebSite","@id":"https:\/\/www.nettali.com\/#website","url":"https:\/\/www.nettali.com\/","name":"Nettali.com","description":"Le rendez-vous critique du Net","potentialAction":[{"@type":"SearchAction","target":{"@type":"EntryPoint","urlTemplate":"https:\/\/www.nettali.com\/?s={search_term_string}"},"query-input":"required name=search_term_string"}],"inLanguage":"fr-FR"},{"@type":"ImageObject","@id":"https:\/\/www.nettali.com\/2022\/05\/21\/legislatives-du-31-juillet-aar-senegal-ne-veut-pas-de-deal\/#primaryimage","inLanguage":"fr-FR","url":"https:\/\/www.nettali.com\/wp-content\/uploads\/2022\/05\/capture_decran_2022-05-10_a_00.18.05.png","contentUrl":"https:\/\/www.nettali.com\/wp-content\/uploads\/2022\/05\/capture_decran_2022-05-10_a_00.18.05.png","width":680,"height":335},{"@type":"WebPage","@id":"https:\/\/www.nettali.com\/2022\/05\/21\/legislatives-du-31-juillet-aar-senegal-ne-veut-pas-de-deal\/#webpage","url":"https:\/\/www.nettali.com\/2022\/05\/21\/legislatives-du-31-juillet-aar-senegal-ne-veut-pas-de-deal\/","name":"LEGISLATIVES DU 31 JUILLET - \"Aar S\u00e9n\u00e9gal\" ne veut pas de deal | Nettali.com","isPartOf":{"@id":"https:\/\/www.nettali.com\/#website"},"primaryImageOfPage":{"@id":"https:\/\/www.nettali.com\/2022\/05\/21\/legislatives-du-31-juillet-aar-senegal-ne-veut-pas-de-deal\/#primaryimage"},"datePublished":"2022-05-21T15:50:14+00:00","dateModified":"2022-05-22T21:01:38+00:00","author":{"@id":"https:\/\/www.nettali.com\/#\/schema\/person\/7962a12a6e0267f88f0ffa544c36469a"},"breadcrumb":{"@id":"https:\/\/www.nettali.com\/2022\/05\/21\/legislatives-du-31-juillet-aar-senegal-ne-veut-pas-de-deal\/#breadcrumb"},"inLanguage":"fr-FR","potentialAction":[{"@type":"ReadAction","target":["https:\/\/www.nettali.com\/2022\/05\/21\/legislatives-du-31-juillet-aar-senegal-ne-veut-pas-de-deal\/"]}]},{"@type":"BreadcrumbList","@id":"https:\/\/www.nettali.com\/2022\/05\/21\/legislatives-du-31-juillet-aar-senegal-ne-veut-pas-de-deal\/#breadcrumb","itemListElement":[{"@type":"ListItem","position":1,"name":"Accueil","item":"https:\/\/www.nettali.com\/"},{"@type":"ListItem","position":2,"name":"LEGISLATIVES DU 31 JUILLET - \"Aar S\u00e9n\u00e9gal\" ne veut pas de deal"}]},{"@type":"Person","@id":"https:\/\/www.nettali.com\/#\/schema\/person\/7962a12a6e0267f88f0ffa544c36469a","name":"Moustapha","image":{"@type":"ImageObject","@id":"https:\/\/www.nettali.com\/#personlogo","inLanguage":"fr-FR","url":"https:\/\/secure.gravatar.com\/avatar\/10fdf6a071cccdcf374e3dbe45159590?s=96&d=mm&r=g","contentUrl":"https:\/\/secure.gravatar.com\/avatar\/10fdf6a071cccdcf374e3dbe45159590?s=96&d=mm&r=g","caption":"Moustapha"},"sameAs":["https:\/\/www.nettali.com"]}]}},"_links":{"self":[{"href":"https:\/\/www.nettali.com\/rest\/wp\/v2\/posts\/86703"}],"collection":[{"href":"https:\/\/www.nettali.com\/rest\/wp\/v2\/posts"}],"about":[{"href":"https:\/\/www.nettali.com\/rest\/wp\/v2\/types\/post"}],"author":[{"embeddable":true,"href":"https:\/\/www.nettali.com\/rest\/wp\/v2\/users\/3"}],"replies":[{"embeddable":true,"href":"https:\/\/www.nettali.com\/rest\/wp\/v2\/comments?post=86703"}],"version-history":[{"count":1,"href":"https:\/\/www.nettali.com\/rest\/wp\/v2\/posts\/86703\/revisions"}],"predecessor-version":[{"id":86705,"href":"https:\/\/www.nettali.com\/rest\/wp\/v2\/posts\/86703\/revisions\/86705"}],"wp:featuredmedia":[{"embeddable":true,"href":"https:\/\/www.nettali.com\/rest\/wp\/v2\/media\/86704"}],"wp:attachment":[{"href":"https:\/\/www.nettali.com\/rest\/wp\/v2\/media?parent=86703"}],"wp:term":[{"taxonomy":"category","embeddable":true,"href":"https:\/\/www.nettali.com\/rest\/wp\/v2\/categories?post=86703"},{"taxonomy":"post_tag","embeddable":true,"href":"https:\/\/www.nettali.com\/rest\/wp\/v2\/tags?post=86703"}],"curies":[{"name":"wp","href":"https:\/\/api.w.org\/{rel}","templated":true}]}}