{"id":86544,"date":"2022-05-18T21:21:06","date_gmt":"2022-05-18T21:21:06","guid":{"rendered":"https:\/\/www.nettali.com\/?p=86544"},"modified":"2022-05-18T22:18:05","modified_gmt":"2022-05-18T22:18:05","slug":"conseil-des-ministres-les-nominations-5","status":"publish","type":"post","link":"https:\/\/www.nettali.com\/2022\/05\/18\/conseil-des-ministres-les-nominations-5\/","title":{"rendered":"CONSEIL DES MINISTRES - Les nominations"},"content":{"rendered":"<div><strong>NETTALI.COM - En conseil des ministres, mercredi 18 mai, le pr\u00e9sident de la R\u00e9publique, au titre des mesures individuelles, a pris les d\u00e9cisions suivantes :<\/strong><\/div>\n<div><\/div>\n<div><strong>Maodo Malick NDAO,<\/strong> Juriste financier, est nomm\u00e9 Secr\u00e9taire g\u00e9n\u00e9ral de l\u2019Agence s\u00e9n\u00e9galaise de la Reforestation et de la Grande Muraille verte au Minist\u00e8re de l\u2019Environnement et du D\u00e9veloppement durable en remplacement du Colonel Moussa DIOUF, admis \u00e0 faire valoir ses droits \u00e0 une pension de retraite.<\/div>\n<div><\/div>\n<div>\u00a0<strong>Babacar GUEYE,<\/strong> M\u00e9decin Sp\u00e9cialiste en Sant\u00e9 publique, pr\u00e9c\u00e9demment Directeur de la Lutte contre la Maladie, est nomm\u00e9 Directeur de la Planification, de la Recherche et des Statistiques (DPRS), en remplacement de Docteur Youssoupha NDIAYE.<\/div>\n<div><\/div>\n<div><strong>Mamadou Moustapha DIOP<\/strong>, M\u00e9decin Sp\u00e9cialiste en Sant\u00e9 publique, pr\u00e9c\u00e9demment M\u00e9decin-Chef de la r\u00e9gion m\u00e9dicale de Kaffrine, est nomm\u00e9 Directeur de la Lutte contre la Maladie (DLM), en remplacement de Docteur Babacar GUEYE, appel\u00e9 \u00e0 d\u2019autres fonctions.<\/div>\n<div><\/div>\n<div><strong>Mamadou Lamine NDIAYE,<\/strong> titulaire d\u2019un dipl\u00f4me d\u2019Etudes sup\u00e9rieures sp\u00e9cialis\u00e9es (DESS) en Gestion de Services de Sant\u00e9, pr\u00e9c\u00e9demment Chef du Service d\u2019Audit interne de l\u2019H\u00f4pital g\u00e9n\u00e9ral Idrissa POUYE (HOGIP), est nomm\u00e9 Directeur de l\u2019Institut d\u2019Hygi\u00e8ne sociale (IHS), en remplacement de A\u00efssatou SY NDIAYE, admise \u00e0 faire valoir ses droits \u00e0 une pension de retraite.<\/div>\n<div class='share-to-whatsapp-wrapper'><div class='share-on-whsp'>PARTAGER SUR : <\/div><a data-text='CONSEIL DES MINISTRES - Les nominations' data-link='https:\/\/www.nettali.com\/2022\/05\/18\/conseil-des-ministres-les-nominations-5\/' class='whatsapp-button whatsapp-share'>WhatsApp<\/a><div class='clear '><\/div><\/div>","protected":false},"excerpt":{"rendered":"<p>NETTALI.COM - En conseil des ministres, mercredi 18 mai, le pr\u00e9sident de la R\u00e9publique, au titre des mesures individuelles, a pris les d\u00e9cisions suivantes : Maodo Malick NDAO, Juriste financier, est nomm\u00e9 Secr\u00e9taire g\u00e9n\u00e9ral de l\u2019Agence s\u00e9n\u00e9galaise de la Reforestation et de la Grande Muraille verte au Minist\u00e8re de l\u2019Environnement et du D\u00e9veloppement durable en [&hellip;]<\/p>\n","protected":false},"author":11,"featured_media":39330,"comment_status":"open","ping_status":"open","sticky":false,"template":"","format":"standard","meta":{"_et_pb_use_builder":"","_et_pb_old_content":""},"categories":[3],"tags":[],"yoast_head":"<!-- This site is optimized with the Yoast SEO Premium plugin v17.8 (Yoast SEO v17.8) - https:\/\/yoast.com\/wordpress\/plugins\/seo\/ -->\n<title>CONSEIL DES MINISTRES - Les nominations | Nettali.com<\/title>\n<meta name=\"robots\" content=\"index, follow, max-snippet:-1, max-image-preview:large, max-video-preview:-1\" \/>\n<link rel=\"canonical\" href=\"https:\/\/www.nettali.com\/2022\/05\/18\/conseil-des-ministres-les-nominations-5\/\" \/>\n<meta property=\"og:locale\" content=\"fr_FR\" \/>\n<meta property=\"og:type\" content=\"article\" \/>\n<meta property=\"og:title\" content=\"CONSEIL DES MINISTRES - Les nominations\" \/>\n<meta property=\"og:description\" content=\"NETTALI.COM - En conseil des ministres, mercredi 18 mai, le pr\u00e9sident de la R\u00e9publique, au titre des mesures individuelles, a pris les d\u00e9cisions suivantes : Maodo Malick NDAO, Juriste financier, est nomm\u00e9 Secr\u00e9taire g\u00e9n\u00e9ral de l\u2019Agence s\u00e9n\u00e9galaise de la Reforestation et de la Grande Muraille verte au Minist\u00e8re de l\u2019Environnement et du D\u00e9veloppement durable en [&hellip;]\" \/>\n<meta property=\"og:url\" content=\"https:\/\/www.nettali.com\/2022\/05\/18\/conseil-des-ministres-les-nominations-5\/\" \/>\n<meta property=\"og:site_name\" content=\"Nettali.com\" \/>\n<meta property=\"article:publisher\" content=\"https:\/\/www.facebook.com\/nettalicom\" \/>\n<meta property=\"article:published_time\" content=\"2022-05-18T21:21:06+00:00\" \/>\n<meta property=\"article:modified_time\" content=\"2022-05-18T22:18:05+00:00\" \/>\n<meta property=\"og:image\" content=\"https:\/\/www.nettali.com\/wp-content\/uploads\/2020\/06\/conseil-ministrezs-696x363-1.jpg\" \/>\n\t<meta property=\"og:image:width\" content=\"696\" \/>\n\t<meta property=\"og:image:height\" content=\"363\" \/>\n<meta name=\"twitter:card\" content=\"summary_large_image\" \/>\n<meta name=\"twitter:label1\" content=\"\u00c9crit par\" \/>\n\t<meta name=\"twitter:data1\" content=\"Thierno Diop\" \/>\n\t<meta name=\"twitter:label2\" content=\"Dur\u00e9e de lecture estim\u00e9e\" \/>\n\t<meta name=\"twitter:data2\" content=\"1 minute\" \/>\n<script type=\"application\/ld+json\" class=\"yoast-schema-graph\">{\"@context\":\"https:\/\/schema.org\",\"@graph\":[{\"@type\":\"WebSite\",\"@id\":\"https:\/\/www.nettali.com\/#website\",\"url\":\"https:\/\/www.nettali.com\/\",\"name\":\"Nettali.com\",\"description\":\"Le rendez-vous critique du Net\",\"potentialAction\":[{\"@type\":\"SearchAction\",\"target\":{\"@type\":\"EntryPoint\",\"urlTemplate\":\"https:\/\/www.nettali.com\/?s={search_term_string}\"},\"query-input\":\"required name=search_term_string\"}],\"inLanguage\":\"fr-FR\"},{\"@type\":\"ImageObject\",\"@id\":\"https:\/\/www.nettali.com\/2022\/05\/18\/conseil-des-ministres-les-nominations-5\/#primaryimage\",\"inLanguage\":\"fr-FR\",\"url\":\"https:\/\/www.nettali.com\/wp-content\/uploads\/2020\/06\/conseil-ministrezs-696x363-1.jpg\",\"contentUrl\":\"https:\/\/www.nettali.com\/wp-content\/uploads\/2020\/06\/conseil-ministrezs-696x363-1.jpg\",\"width\":696,\"height\":363},{\"@type\":\"WebPage\",\"@id\":\"https:\/\/www.nettali.com\/2022\/05\/18\/conseil-des-ministres-les-nominations-5\/#webpage\",\"url\":\"https:\/\/www.nettali.com\/2022\/05\/18\/conseil-des-ministres-les-nominations-5\/\",\"name\":\"CONSEIL DES MINISTRES - Les nominations | Nettali.com\",\"isPartOf\":{\"@id\":\"https:\/\/www.nettali.com\/#website\"},\"primaryImageOfPage\":{\"@id\":\"https:\/\/www.nettali.com\/2022\/05\/18\/conseil-des-ministres-les-nominations-5\/#primaryimage\"},\"datePublished\":\"2022-05-18T21:21:06+00:00\",\"dateModified\":\"2022-05-18T22:18:05+00:00\",\"author\":{\"@id\":\"https:\/\/www.nettali.com\/#\/schema\/person\/8a06c6bd7b19304cf4bf985862900b5b\"},\"breadcrumb\":{\"@id\":\"https:\/\/www.nettali.com\/2022\/05\/18\/conseil-des-ministres-les-nominations-5\/#breadcrumb\"},\"inLanguage\":\"fr-FR\",\"potentialAction\":[{\"@type\":\"ReadAction\",\"target\":[\"https:\/\/www.nettali.com\/2022\/05\/18\/conseil-des-ministres-les-nominations-5\/\"]}]},{\"@type\":\"BreadcrumbList\",\"@id\":\"https:\/\/www.nettali.com\/2022\/05\/18\/conseil-des-ministres-les-nominations-5\/#breadcrumb\",\"itemListElement\":[{\"@type\":\"ListItem\",\"position\":1,\"name\":\"Accueil\",\"item\":\"https:\/\/www.nettali.com\/\"},{\"@type\":\"ListItem\",\"position\":2,\"name\":\"CONSEIL DES MINISTRES - Les nominations\"}]},{\"@type\":\"Person\",\"@id\":\"https:\/\/www.nettali.com\/#\/schema\/person\/8a06c6bd7b19304cf4bf985862900b5b\",\"name\":\"Thierno Diop\",\"image\":{\"@type\":\"ImageObject\",\"@id\":\"https:\/\/www.nettali.com\/#personlogo\",\"inLanguage\":\"fr-FR\",\"url\":\"https:\/\/secure.gravatar.com\/avatar\/c8ca58550c94fd2ac856d27391a6c866?s=96&d=mm&r=g\",\"contentUrl\":\"https:\/\/secure.gravatar.com\/avatar\/c8ca58550c94fd2ac856d27391a6c866?s=96&d=mm&r=g\",\"caption\":\"Thierno Diop\"},\"sameAs\":[\"https:\/\/nettali.com\"]}]}<\/script>\n<!-- \/ Yoast SEO Premium plugin. -->","yoast_head_json":{"title":"CONSEIL DES MINISTRES - Les nominations | Nettali.com","robots":{"index":"index","follow":"follow","max-snippet":"max-snippet:-1","max-image-preview":"max-image-preview:large","max-video-preview":"max-video-preview:-1"},"canonical":"https:\/\/www.nettali.com\/2022\/05\/18\/conseil-des-ministres-les-nominations-5\/","og_locale":"fr_FR","og_type":"article","og_title":"CONSEIL DES MINISTRES - Les nominations","og_description":"NETTALI.COM - En conseil des ministres, mercredi 18 mai, le pr\u00e9sident de la R\u00e9publique, au titre des mesures individuelles, a pris les d\u00e9cisions suivantes : Maodo Malick NDAO, Juriste financier, est nomm\u00e9 Secr\u00e9taire g\u00e9n\u00e9ral de l\u2019Agence s\u00e9n\u00e9galaise de la Reforestation et de la Grande Muraille verte au Minist\u00e8re de l\u2019Environnement et du D\u00e9veloppement durable en [&hellip;]","og_url":"https:\/\/www.nettali.com\/2022\/05\/18\/conseil-des-ministres-les-nominations-5\/","og_site_name":"Nettali.com","article_publisher":"https:\/\/www.facebook.com\/nettalicom","article_published_time":"2022-05-18T21:21:06+00:00","article_modified_time":"2022-05-18T22:18:05+00:00","og_image":[{"width":696,"height":363,"url":"https:\/\/www.nettali.com\/wp-content\/uploads\/2020\/06\/conseil-ministrezs-696x363-1.jpg","type":"image\/jpeg"}],"twitter_card":"summary_large_image","twitter_misc":{"\u00c9crit par":"Thierno Diop","Dur\u00e9e de lecture estim\u00e9e":"1 minute"},"schema":{"@context":"https:\/\/schema.org","@graph":[{"@type":"WebSite","@id":"https:\/\/www.nettali.com\/#website","url":"https:\/\/www.nettali.com\/","name":"Nettali.com","description":"Le rendez-vous critique du Net","potentialAction":[{"@type":"SearchAction","target":{"@type":"EntryPoint","urlTemplate":"https:\/\/www.nettali.com\/?s={search_term_string}"},"query-input":"required name=search_term_string"}],"inLanguage":"fr-FR"},{"@type":"ImageObject","@id":"https:\/\/www.nettali.com\/2022\/05\/18\/conseil-des-ministres-les-nominations-5\/#primaryimage","inLanguage":"fr-FR","url":"https:\/\/www.nettali.com\/wp-content\/uploads\/2020\/06\/conseil-ministrezs-696x363-1.jpg","contentUrl":"https:\/\/www.nettali.com\/wp-content\/uploads\/2020\/06\/conseil-ministrezs-696x363-1.jpg","width":696,"height":363},{"@type":"WebPage","@id":"https:\/\/www.nettali.com\/2022\/05\/18\/conseil-des-ministres-les-nominations-5\/#webpage","url":"https:\/\/www.nettali.com\/2022\/05\/18\/conseil-des-ministres-les-nominations-5\/","name":"CONSEIL DES MINISTRES - Les nominations | Nettali.com","isPartOf":{"@id":"https:\/\/www.nettali.com\/#website"},"primaryImageOfPage":{"@id":"https:\/\/www.nettali.com\/2022\/05\/18\/conseil-des-ministres-les-nominations-5\/#primaryimage"},"datePublished":"2022-05-18T21:21:06+00:00","dateModified":"2022-05-18T22:18:05+00:00","author":{"@id":"https:\/\/www.nettali.com\/#\/schema\/person\/8a06c6bd7b19304cf4bf985862900b5b"},"breadcrumb":{"@id":"https:\/\/www.nettali.com\/2022\/05\/18\/conseil-des-ministres-les-nominations-5\/#breadcrumb"},"inLanguage":"fr-FR","potentialAction":[{"@type":"ReadAction","target":["https:\/\/www.nettali.com\/2022\/05\/18\/conseil-des-ministres-les-nominations-5\/"]}]},{"@type":"BreadcrumbList","@id":"https:\/\/www.nettali.com\/2022\/05\/18\/conseil-des-ministres-les-nominations-5\/#breadcrumb","itemListElement":[{"@type":"ListItem","position":1,"name":"Accueil","item":"https:\/\/www.nettali.com\/"},{"@type":"ListItem","position":2,"name":"CONSEIL DES MINISTRES - Les nominations"}]},{"@type":"Person","@id":"https:\/\/www.nettali.com\/#\/schema\/person\/8a06c6bd7b19304cf4bf985862900b5b","name":"Thierno Diop","image":{"@type":"ImageObject","@id":"https:\/\/www.nettali.com\/#personlogo","inLanguage":"fr-FR","url":"https:\/\/secure.gravatar.com\/avatar\/c8ca58550c94fd2ac856d27391a6c866?s=96&d=mm&r=g","contentUrl":"https:\/\/secure.gravatar.com\/avatar\/c8ca58550c94fd2ac856d27391a6c866?s=96&d=mm&r=g","caption":"Thierno Diop"},"sameAs":["https:\/\/nettali.com"]}]}},"_links":{"self":[{"href":"https:\/\/www.nettali.com\/rest\/wp\/v2\/posts\/86544"}],"collection":[{"href":"https:\/\/www.nettali.com\/rest\/wp\/v2\/posts"}],"about":[{"href":"https:\/\/www.nettali.com\/rest\/wp\/v2\/types\/post"}],"author":[{"embeddable":true,"href":"https:\/\/www.nettali.com\/rest\/wp\/v2\/users\/11"}],"replies":[{"embeddable":true,"href":"https:\/\/www.nettali.com\/rest\/wp\/v2\/comments?post=86544"}],"version-history":[{"count":2,"href":"https:\/\/www.nettali.com\/rest\/wp\/v2\/posts\/86544\/revisions"}],"predecessor-version":[{"id":86547,"href":"https:\/\/www.nettali.com\/rest\/wp\/v2\/posts\/86544\/revisions\/86547"}],"wp:featuredmedia":[{"embeddable":true,"href":"https:\/\/www.nettali.com\/rest\/wp\/v2\/media\/39330"}],"wp:attachment":[{"href":"https:\/\/www.nettali.com\/rest\/wp\/v2\/media?parent=86544"}],"wp:term":[{"taxonomy":"category","embeddable":true,"href":"https:\/\/www.nettali.com\/rest\/wp\/v2\/categories?post=86544"},{"taxonomy":"post_tag","embeddable":true,"href":"https:\/\/www.nettali.com\/rest\/wp\/v2\/tags?post=86544"}],"curies":[{"name":"wp","href":"https:\/\/api.w.org\/{rel}","templated":true}]}}