{"id":86538,"date":"2022-05-18T16:43:36","date_gmt":"2022-05-18T16:43:36","guid":{"rendered":"https:\/\/www.nettali.com\/?p=86538"},"modified":"2022-05-18T16:43:36","modified_gmt":"2022-05-18T16:43:36","slug":"pour-le-president-du-niger-le-g5-sahel-est-mort-apres-le-retrait-du-mali","status":"publish","type":"post","link":"https:\/\/www.nettali.com\/2022\/05\/18\/pour-le-president-du-niger-le-g5-sahel-est-mort-apres-le-retrait-du-mali\/","title":{"rendered":"Pour le pr\u00e9sident du Niger, le G5 Sahel est mort apr\u00e8s le retrait du Mali"},"content":{"rendered":"<p>NETTALI.COM - Le pr\u00e9sident nig\u00e9rien, Mohamed Bazoum, a d\u00e9clar\u00e9 dans une interview publi\u00e9e mercredi que le G5 Sahel, qui combat les groupes arm\u00e9s islamistes en Afrique de l'Ouest, \u00e9tait \"d\u00e9c\u00e9d\u00e9\" apr\u00e8s l'annonce par la junte malienne du retrait de l'alliance militaire de son pays.<\/p>\n<p>Cette formation, qui comprend des troupes du Niger, du Tchad, du Burkina Faso et de la Mauritanie, a \u00e9t\u00e9 cr\u00e9\u00e9e en 2017 pour lutter contre les groupes djihadistes au Sahel, qui m\u00e8nent depuis plusieurs ann\u00e9es des attaques meurtri\u00e8res dans la r\u00e9gion.<\/p>\n<p>L'arm\u00e9e malienne a annonc\u00e9 dimanche le retrait du pays du G5 Sahel en mettant en avant le peu de progr\u00e8s r\u00e9alis\u00e9s face aux insurg\u00e9s et l'\u00e9chec dans l'organisation r\u00e9cente de sommets au Mali, une d\u00e9cision qui isole davantage le pays de ses voisins.<\/p>\n<p>\"Le G5 Sahel est d\u00e9c\u00e9d\u00e9 (...) Bamako est dans une fuite en avant qui l\u2019isole en Afrique et nous prive d\u2019une strat\u00e9gie concert\u00e9e et coordonn\u00e9e pour lutter contre le terrorisme (...) L\u2019isolement du Mali en Afrique de l\u2019Ouest est une mauvaise chose pour la sous-r\u00e9gion\", a d\u00e9clar\u00e9 Mohamed Bazoum dans une interview accord\u00e9e \u00e0 La Croix et \u00e0 l'Obs.<\/p>\n<div class=\"BeOpVSlot\">Un porte-parole de la pr\u00e9sidence a confirm\u00e9 ses propos, en d\u00e9clarant \u00e0 Reuters que la position de Mohamed Bazoum \"sur le G5 Sahel [\u00e9tait] claire\".<\/div>\n<p>Quelque 2.400 soldats fran\u00e7ais de l'op\u00e9ration Barkhane et 900 forces sp\u00e9ciales europ\u00e9ennes de la force Takuba doivent quitter le Mali dans les prochains mois et le Niger a accept\u00e9 d'accueillir une partie d'entre eux, ce qui lui donne un r\u00f4le majeur pour continuer la lutte contre les groupes djihadistes dans la r\u00e9gion.<\/p>\n<p id=\"mt_multitag_85_1157_2\">La zone frontali\u00e8re du Niger, Mali et Burkina Faso a \u00e9t\u00e9 l'\u00e9picentre de l'insurrection des groupes li\u00e9s \u00e0 Al Qa\u00efda et \u00e0 l'Etat islamique, partie du Mali il y a dix ans avant de se propager dans toute la r\u00e9gion.<\/p>\n<p>Auteur : Reuters<\/p>\n<div class='share-to-whatsapp-wrapper'><div class='share-on-whsp'>PARTAGER SUR : <\/div><a data-text='Pour le pr\u00e9sident du Niger, le G5 Sahel est mort apr\u00e8s le retrait du Mali' data-link='https:\/\/www.nettali.com\/2022\/05\/18\/pour-le-president-du-niger-le-g5-sahel-est-mort-apres-le-retrait-du-mali\/' class='whatsapp-button whatsapp-share'>WhatsApp<\/a><div class='clear '><\/div><\/div>","protected":false},"excerpt":{"rendered":"<p>NETTALI.COM - Le pr\u00e9sident nig\u00e9rien, Mohamed Bazoum, a d\u00e9clar\u00e9 dans une interview publi\u00e9e mercredi que le G5 Sahel, qui combat les groupes arm\u00e9s islamistes en Afrique de l'Ouest, \u00e9tait \"d\u00e9c\u00e9d\u00e9\" apr\u00e8s l'annonce par la junte malienne du retrait de l'alliance militaire de son pays. Cette formation, qui comprend des troupes du Niger, du Tchad, du [&hellip;]<\/p>\n","protected":false},"author":11,"featured_media":86539,"comment_status":"open","ping_status":"open","sticky":false,"template":"","format":"standard","meta":{"_et_pb_use_builder":"","_et_pb_old_content":""},"categories":[8],"tags":[],"yoast_head":"<!-- This site is optimized with the Yoast SEO Premium plugin v17.8 (Yoast SEO v17.8) - https:\/\/yoast.com\/wordpress\/plugins\/seo\/ -->\n<title>Pour le pr\u00e9sident du Niger, le G5 Sahel est mort apr\u00e8s le retrait du Mali | Nettali.com<\/title>\n<meta name=\"robots\" content=\"index, follow, max-snippet:-1, max-image-preview:large, max-video-preview:-1\" \/>\n<link rel=\"canonical\" href=\"https:\/\/www.nettali.com\/2022\/05\/18\/pour-le-president-du-niger-le-g5-sahel-est-mort-apres-le-retrait-du-mali\/\" \/>\n<meta property=\"og:locale\" content=\"fr_FR\" \/>\n<meta property=\"og:type\" content=\"article\" \/>\n<meta property=\"og:title\" content=\"Pour le pr\u00e9sident du Niger, le G5 Sahel est mort apr\u00e8s le retrait du Mali\" \/>\n<meta property=\"og:description\" content=\"NETTALI.COM - Le pr\u00e9sident nig\u00e9rien, Mohamed Bazoum, a d\u00e9clar\u00e9 dans une interview publi\u00e9e mercredi que le G5 Sahel, qui combat les groupes arm\u00e9s islamistes en Afrique de l&#039;Ouest, \u00e9tait &quot;d\u00e9c\u00e9d\u00e9&quot; apr\u00e8s l&#039;annonce par la junte malienne du retrait de l&#039;alliance militaire de son pays. Cette formation, qui comprend des troupes du Niger, du Tchad, du [&hellip;]\" \/>\n<meta property=\"og:url\" content=\"https:\/\/www.nettali.com\/2022\/05\/18\/pour-le-president-du-niger-le-g5-sahel-est-mort-apres-le-retrait-du-mali\/\" \/>\n<meta property=\"og:site_name\" content=\"Nettali.com\" \/>\n<meta property=\"article:publisher\" content=\"https:\/\/www.facebook.com\/nettalicom\" \/>\n<meta property=\"article:published_time\" content=\"2022-05-18T16:43:36+00:00\" \/>\n<meta property=\"og:image\" content=\"https:\/\/www.nettali.com\/wp-content\/uploads\/2022\/05\/bazoum.jpg\" \/>\n\t<meta property=\"og:image:width\" content=\"1000\" \/>\n\t<meta property=\"og:image:height\" content=\"750\" \/>\n<meta name=\"twitter:card\" content=\"summary_large_image\" \/>\n<meta name=\"twitter:label1\" content=\"\u00c9crit par\" \/>\n\t<meta name=\"twitter:data1\" content=\"Thierno Diop\" \/>\n\t<meta name=\"twitter:label2\" content=\"Dur\u00e9e de lecture estim\u00e9e\" \/>\n\t<meta name=\"twitter:data2\" content=\"2 minutes\" \/>\n<script type=\"application\/ld+json\" class=\"yoast-schema-graph\">{\"@context\":\"https:\/\/schema.org\",\"@graph\":[{\"@type\":\"WebSite\",\"@id\":\"https:\/\/www.nettali.com\/#website\",\"url\":\"https:\/\/www.nettali.com\/\",\"name\":\"Nettali.com\",\"description\":\"Le rendez-vous critique du Net\",\"potentialAction\":[{\"@type\":\"SearchAction\",\"target\":{\"@type\":\"EntryPoint\",\"urlTemplate\":\"https:\/\/www.nettali.com\/?s={search_term_string}\"},\"query-input\":\"required name=search_term_string\"}],\"inLanguage\":\"fr-FR\"},{\"@type\":\"ImageObject\",\"@id\":\"https:\/\/www.nettali.com\/2022\/05\/18\/pour-le-president-du-niger-le-g5-sahel-est-mort-apres-le-retrait-du-mali\/#primaryimage\",\"inLanguage\":\"fr-FR\",\"url\":\"https:\/\/www.nettali.com\/wp-content\/uploads\/2022\/05\/bazoum.jpg\",\"contentUrl\":\"https:\/\/www.nettali.com\/wp-content\/uploads\/2022\/05\/bazoum.jpg\",\"width\":1000,\"height\":750},{\"@type\":\"WebPage\",\"@id\":\"https:\/\/www.nettali.com\/2022\/05\/18\/pour-le-president-du-niger-le-g5-sahel-est-mort-apres-le-retrait-du-mali\/#webpage\",\"url\":\"https:\/\/www.nettali.com\/2022\/05\/18\/pour-le-president-du-niger-le-g5-sahel-est-mort-apres-le-retrait-du-mali\/\",\"name\":\"Pour le pr\\u00e9sident du Niger, le G5 Sahel est mort apr\\u00e8s le retrait du Mali | Nettali.com\",\"isPartOf\":{\"@id\":\"https:\/\/www.nettali.com\/#website\"},\"primaryImageOfPage\":{\"@id\":\"https:\/\/www.nettali.com\/2022\/05\/18\/pour-le-president-du-niger-le-g5-sahel-est-mort-apres-le-retrait-du-mali\/#primaryimage\"},\"datePublished\":\"2022-05-18T16:43:36+00:00\",\"dateModified\":\"2022-05-18T16:43:36+00:00\",\"author\":{\"@id\":\"https:\/\/www.nettali.com\/#\/schema\/person\/8a06c6bd7b19304cf4bf985862900b5b\"},\"breadcrumb\":{\"@id\":\"https:\/\/www.nettali.com\/2022\/05\/18\/pour-le-president-du-niger-le-g5-sahel-est-mort-apres-le-retrait-du-mali\/#breadcrumb\"},\"inLanguage\":\"fr-FR\",\"potentialAction\":[{\"@type\":\"ReadAction\",\"target\":[\"https:\/\/www.nettali.com\/2022\/05\/18\/pour-le-president-du-niger-le-g5-sahel-est-mort-apres-le-retrait-du-mali\/\"]}]},{\"@type\":\"BreadcrumbList\",\"@id\":\"https:\/\/www.nettali.com\/2022\/05\/18\/pour-le-president-du-niger-le-g5-sahel-est-mort-apres-le-retrait-du-mali\/#breadcrumb\",\"itemListElement\":[{\"@type\":\"ListItem\",\"position\":1,\"name\":\"Accueil\",\"item\":\"https:\/\/www.nettali.com\/\"},{\"@type\":\"ListItem\",\"position\":2,\"name\":\"Pour le pr\\u00e9sident du Niger, le G5 Sahel est mort apr\\u00e8s le retrait du Mali\"}]},{\"@type\":\"Person\",\"@id\":\"https:\/\/www.nettali.com\/#\/schema\/person\/8a06c6bd7b19304cf4bf985862900b5b\",\"name\":\"Thierno Diop\",\"image\":{\"@type\":\"ImageObject\",\"@id\":\"https:\/\/www.nettali.com\/#personlogo\",\"inLanguage\":\"fr-FR\",\"url\":\"https:\/\/secure.gravatar.com\/avatar\/c8ca58550c94fd2ac856d27391a6c866?s=96&d=mm&r=g\",\"contentUrl\":\"https:\/\/secure.gravatar.com\/avatar\/c8ca58550c94fd2ac856d27391a6c866?s=96&d=mm&r=g\",\"caption\":\"Thierno Diop\"},\"sameAs\":[\"https:\/\/nettali.com\"]}]}<\/script>\n<!-- \/ Yoast SEO Premium plugin. -->","yoast_head_json":{"title":"Pour le pr\u00e9sident du Niger, le G5 Sahel est mort apr\u00e8s le retrait du Mali | Nettali.com","robots":{"index":"index","follow":"follow","max-snippet":"max-snippet:-1","max-image-preview":"max-image-preview:large","max-video-preview":"max-video-preview:-1"},"canonical":"https:\/\/www.nettali.com\/2022\/05\/18\/pour-le-president-du-niger-le-g5-sahel-est-mort-apres-le-retrait-du-mali\/","og_locale":"fr_FR","og_type":"article","og_title":"Pour le pr\u00e9sident du Niger, le G5 Sahel est mort apr\u00e8s le retrait du Mali","og_description":"NETTALI.COM - Le pr\u00e9sident nig\u00e9rien, Mohamed Bazoum, a d\u00e9clar\u00e9 dans une interview publi\u00e9e mercredi que le G5 Sahel, qui combat les groupes arm\u00e9s islamistes en Afrique de l'Ouest, \u00e9tait \"d\u00e9c\u00e9d\u00e9\" apr\u00e8s l'annonce par la junte malienne du retrait de l'alliance militaire de son pays. Cette formation, qui comprend des troupes du Niger, du Tchad, du [&hellip;]","og_url":"https:\/\/www.nettali.com\/2022\/05\/18\/pour-le-president-du-niger-le-g5-sahel-est-mort-apres-le-retrait-du-mali\/","og_site_name":"Nettali.com","article_publisher":"https:\/\/www.facebook.com\/nettalicom","article_published_time":"2022-05-18T16:43:36+00:00","og_image":[{"width":1000,"height":750,"url":"https:\/\/www.nettali.com\/wp-content\/uploads\/2022\/05\/bazoum.jpg","type":"image\/jpeg"}],"twitter_card":"summary_large_image","twitter_misc":{"\u00c9crit par":"Thierno Diop","Dur\u00e9e de lecture estim\u00e9e":"2 minutes"},"schema":{"@context":"https:\/\/schema.org","@graph":[{"@type":"WebSite","@id":"https:\/\/www.nettali.com\/#website","url":"https:\/\/www.nettali.com\/","name":"Nettali.com","description":"Le rendez-vous critique du Net","potentialAction":[{"@type":"SearchAction","target":{"@type":"EntryPoint","urlTemplate":"https:\/\/www.nettali.com\/?s={search_term_string}"},"query-input":"required name=search_term_string"}],"inLanguage":"fr-FR"},{"@type":"ImageObject","@id":"https:\/\/www.nettali.com\/2022\/05\/18\/pour-le-president-du-niger-le-g5-sahel-est-mort-apres-le-retrait-du-mali\/#primaryimage","inLanguage":"fr-FR","url":"https:\/\/www.nettali.com\/wp-content\/uploads\/2022\/05\/bazoum.jpg","contentUrl":"https:\/\/www.nettali.com\/wp-content\/uploads\/2022\/05\/bazoum.jpg","width":1000,"height":750},{"@type":"WebPage","@id":"https:\/\/www.nettali.com\/2022\/05\/18\/pour-le-president-du-niger-le-g5-sahel-est-mort-apres-le-retrait-du-mali\/#webpage","url":"https:\/\/www.nettali.com\/2022\/05\/18\/pour-le-president-du-niger-le-g5-sahel-est-mort-apres-le-retrait-du-mali\/","name":"Pour le pr\u00e9sident du Niger, le G5 Sahel est mort apr\u00e8s le retrait du Mali | Nettali.com","isPartOf":{"@id":"https:\/\/www.nettali.com\/#website"},"primaryImageOfPage":{"@id":"https:\/\/www.nettali.com\/2022\/05\/18\/pour-le-president-du-niger-le-g5-sahel-est-mort-apres-le-retrait-du-mali\/#primaryimage"},"datePublished":"2022-05-18T16:43:36+00:00","dateModified":"2022-05-18T16:43:36+00:00","author":{"@id":"https:\/\/www.nettali.com\/#\/schema\/person\/8a06c6bd7b19304cf4bf985862900b5b"},"breadcrumb":{"@id":"https:\/\/www.nettali.com\/2022\/05\/18\/pour-le-president-du-niger-le-g5-sahel-est-mort-apres-le-retrait-du-mali\/#breadcrumb"},"inLanguage":"fr-FR","potentialAction":[{"@type":"ReadAction","target":["https:\/\/www.nettali.com\/2022\/05\/18\/pour-le-president-du-niger-le-g5-sahel-est-mort-apres-le-retrait-du-mali\/"]}]},{"@type":"BreadcrumbList","@id":"https:\/\/www.nettali.com\/2022\/05\/18\/pour-le-president-du-niger-le-g5-sahel-est-mort-apres-le-retrait-du-mali\/#breadcrumb","itemListElement":[{"@type":"ListItem","position":1,"name":"Accueil","item":"https:\/\/www.nettali.com\/"},{"@type":"ListItem","position":2,"name":"Pour le pr\u00e9sident du Niger, le G5 Sahel est mort apr\u00e8s le retrait du Mali"}]},{"@type":"Person","@id":"https:\/\/www.nettali.com\/#\/schema\/person\/8a06c6bd7b19304cf4bf985862900b5b","name":"Thierno Diop","image":{"@type":"ImageObject","@id":"https:\/\/www.nettali.com\/#personlogo","inLanguage":"fr-FR","url":"https:\/\/secure.gravatar.com\/avatar\/c8ca58550c94fd2ac856d27391a6c866?s=96&d=mm&r=g","contentUrl":"https:\/\/secure.gravatar.com\/avatar\/c8ca58550c94fd2ac856d27391a6c866?s=96&d=mm&r=g","caption":"Thierno Diop"},"sameAs":["https:\/\/nettali.com"]}]}},"_links":{"self":[{"href":"https:\/\/www.nettali.com\/rest\/wp\/v2\/posts\/86538"}],"collection":[{"href":"https:\/\/www.nettali.com\/rest\/wp\/v2\/posts"}],"about":[{"href":"https:\/\/www.nettali.com\/rest\/wp\/v2\/types\/post"}],"author":[{"embeddable":true,"href":"https:\/\/www.nettali.com\/rest\/wp\/v2\/users\/11"}],"replies":[{"embeddable":true,"href":"https:\/\/www.nettali.com\/rest\/wp\/v2\/comments?post=86538"}],"version-history":[{"count":1,"href":"https:\/\/www.nettali.com\/rest\/wp\/v2\/posts\/86538\/revisions"}],"predecessor-version":[{"id":86540,"href":"https:\/\/www.nettali.com\/rest\/wp\/v2\/posts\/86538\/revisions\/86540"}],"wp:featuredmedia":[{"embeddable":true,"href":"https:\/\/www.nettali.com\/rest\/wp\/v2\/media\/86539"}],"wp:attachment":[{"href":"https:\/\/www.nettali.com\/rest\/wp\/v2\/media?parent=86538"}],"wp:term":[{"taxonomy":"category","embeddable":true,"href":"https:\/\/www.nettali.com\/rest\/wp\/v2\/categories?post=86538"},{"taxonomy":"post_tag","embeddable":true,"href":"https:\/\/www.nettali.com\/rest\/wp\/v2\/tags?post=86538"}],"curies":[{"name":"wp","href":"https:\/\/api.w.org\/{rel}","templated":true}]}}