{"id":86512,"date":"2022-05-18T11:43:25","date_gmt":"2022-05-18T11:43:25","guid":{"rendered":"https:\/\/www.nettali.com\/?p=86512"},"modified":"2022-05-18T13:45:07","modified_gmt":"2022-05-18T13:45:07","slug":"prorogation-du-delibere-de-laffaire-ndiaga-diouf-cela-va-apaiser-la-situation-selon-me-ousseynou-fall","status":"publish","type":"post","link":"https:\/\/www.nettali.com\/2022\/05\/18\/prorogation-du-delibere-de-laffaire-ndiaga-diouf-cela-va-apaiser-la-situation-selon-me-ousseynou-fall\/","title":{"rendered":"PROROGATION DU DELIBERE DE L\u2019AFFAIRE NDIAGA DIOUF - \"Cela va apaiser la situation\", selon Me Ousseynou Fall"},"content":{"rendered":"<div dir=\"auto\"><strong>NETTALI.COM - Me Ousseynou Fall est satisfait de la prorogation du d\u00e9lib\u00e9r\u00e9 dans l\u2019affaire Ndiaga Diouf. Selon lui, cette d\u00e9cision du juge va apaiser la situation qui est tendue pr\u00e9sentement.\u00a0<\/strong><\/div>\n<div dir=\"auto\"><\/div>\n<div dir=\"auto\">Membre du pool des avocats de Barth\u00e9l\u00e9my Dias, Me Ousseynou est satisfait de la d\u00e9cision prise par le juge du tribunal correctionnel de Dakar relative \u00e0 la prorogation du d\u00e9lib\u00e9r\u00e9 dans l\u2019affaire Ndiaga Diouf. \u00ab<em> Nous prions Dieu de ne nous pr\u00eater une longue vie pour que ce jour-l\u00e0 que nous puissions enfin assister \u00e0 une d\u00e9cision qui fasse honneur \u00e0 la justice s\u00e9n\u00e9galaise et qui blanchisse enfin le maire de Dakar Barth\u00e9l\u00e9my Dias<\/em> \u00bb, a d\u2019embl\u00e9e soutenu la robe noire.<\/div>\n<div dir=\"auto\">D\u2019apr\u00e8s lui, les conseils de l\u2019\u00e9dile de la capitale du S\u00e9n\u00e9gal sont confiants et ils font confiance en cette justice. Pour eux, les magistrats en charge de vider cette affaire diront le droit et, ce sera en faveur de leur client. \u00ab<em> Nous pensons que justice sera rendue \u00e0 Barth\u00e9l\u00e9my Dias afin que le maire de Dakar puisse travailler utilement pour le bien et pour le bonheur des Dakarois qui l\u2019ont investi<\/em> \u00bb, souhaite-t-il encore.<\/div>\n<div dir=\"auto\">Pour lui, c\u2019est une bonne chose que le juge ait pris la d\u00e9cision de proroger le d\u00e9lib\u00e9r\u00e9. Car, argumente-t-il, dans le contexte actuel, cela va permettre d\u2019apaiser la situation. \u00ab <em>Je pense que nous vivons une p\u00e9riode tr\u00e8s trouble avec les \u00e9lections l\u00e9gislatives qui se profilent. Compte tenu des contentieux \u00e0 n\u2019en plus finir qui sont soulev\u00e9s au niveau de l\u2019instance \u00e9lectorale et dans tous les autres secteurs de l\u2019administration, nous pensons que ce renvoi est une excellente chose<\/em> \u00bb, d\u00e9clare l\u2019avocat.<\/div>\n<div class='share-to-whatsapp-wrapper'><div class='share-on-whsp'>PARTAGER SUR : <\/div><a data-text='PROROGATION DU DELIBERE DE L\u2019AFFAIRE NDIAGA DIOUF - \"Cela va apaiser la situation\", selon Me Ousseynou Fall' data-link='https:\/\/www.nettali.com\/2022\/05\/18\/prorogation-du-delibere-de-laffaire-ndiaga-diouf-cela-va-apaiser-la-situation-selon-me-ousseynou-fall\/' class='whatsapp-button whatsapp-share'>WhatsApp<\/a><div class='clear '><\/div><\/div>","protected":false},"excerpt":{"rendered":"<p>NETTALI.COM - Me Ousseynou Fall est satisfait de la prorogation du d\u00e9lib\u00e9r\u00e9 dans l\u2019affaire Ndiaga Diouf. Selon lui, cette d\u00e9cision du juge va apaiser la situation qui est tendue pr\u00e9sentement.\u00a0 Membre du pool des avocats de Barth\u00e9l\u00e9my Dias, Me Ousseynou est satisfait de la d\u00e9cision prise par le juge du tribunal correctionnel de Dakar relative [&hellip;]<\/p>\n","protected":false},"author":11,"featured_media":86513,"comment_status":"open","ping_status":"open","sticky":false,"template":"","format":"standard","meta":{"_et_pb_use_builder":"","_et_pb_old_content":""},"categories":[2],"tags":[],"yoast_head":"<!-- This site is optimized with the Yoast SEO Premium plugin v17.8 (Yoast SEO v17.8) - https:\/\/yoast.com\/wordpress\/plugins\/seo\/ -->\n<title>PROROGATION DU DELIBERE DE L\u2019AFFAIRE NDIAGA DIOUF - &quot;Cela va apaiser la situation&quot;, selon Me Ousseynou Fall | Nettali.com<\/title>\n<meta name=\"robots\" content=\"index, follow, max-snippet:-1, max-image-preview:large, max-video-preview:-1\" \/>\n<link rel=\"canonical\" href=\"https:\/\/www.nettali.com\/2022\/05\/18\/prorogation-du-delibere-de-laffaire-ndiaga-diouf-cela-va-apaiser-la-situation-selon-me-ousseynou-fall\/\" \/>\n<meta property=\"og:locale\" content=\"fr_FR\" \/>\n<meta property=\"og:type\" content=\"article\" \/>\n<meta property=\"og:title\" content=\"PROROGATION DU DELIBERE DE L\u2019AFFAIRE NDIAGA DIOUF - &quot;Cela va apaiser la situation&quot;, selon Me Ousseynou Fall\" \/>\n<meta property=\"og:description\" content=\"NETTALI.COM - Me Ousseynou Fall est satisfait de la prorogation du d\u00e9lib\u00e9r\u00e9 dans l\u2019affaire Ndiaga Diouf. Selon lui, cette d\u00e9cision du juge va apaiser la situation qui est tendue pr\u00e9sentement.\u00a0 Membre du pool des avocats de Barth\u00e9l\u00e9my Dias, Me Ousseynou est satisfait de la d\u00e9cision prise par le juge du tribunal correctionnel de Dakar relative [&hellip;]\" \/>\n<meta property=\"og:url\" content=\"https:\/\/www.nettali.com\/2022\/05\/18\/prorogation-du-delibere-de-laffaire-ndiaga-diouf-cela-va-apaiser-la-situation-selon-me-ousseynou-fall\/\" \/>\n<meta property=\"og:site_name\" content=\"Nettali.com\" \/>\n<meta property=\"article:publisher\" content=\"https:\/\/www.facebook.com\/nettalicom\" \/>\n<meta property=\"article:published_time\" content=\"2022-05-18T11:43:25+00:00\" \/>\n<meta property=\"article:modified_time\" content=\"2022-05-18T13:45:07+00:00\" \/>\n<meta property=\"og:image\" content=\"https:\/\/www.nettali.com\/wp-content\/uploads\/2022\/05\/Ousseynou-Fall.jpg\" \/>\n\t<meta property=\"og:image:width\" content=\"900\" \/>\n\t<meta property=\"og:image:height\" content=\"506\" \/>\n<meta name=\"twitter:card\" content=\"summary_large_image\" \/>\n<meta name=\"twitter:label1\" content=\"\u00c9crit par\" \/>\n\t<meta name=\"twitter:data1\" content=\"Thierno Diop\" \/>\n\t<meta name=\"twitter:label2\" content=\"Dur\u00e9e de lecture estim\u00e9e\" \/>\n\t<meta name=\"twitter:data2\" content=\"2 minutes\" \/>\n<script type=\"application\/ld+json\" class=\"yoast-schema-graph\">{\"@context\":\"https:\/\/schema.org\",\"@graph\":[{\"@type\":\"WebSite\",\"@id\":\"https:\/\/www.nettali.com\/#website\",\"url\":\"https:\/\/www.nettali.com\/\",\"name\":\"Nettali.com\",\"description\":\"Le rendez-vous critique du Net\",\"potentialAction\":[{\"@type\":\"SearchAction\",\"target\":{\"@type\":\"EntryPoint\",\"urlTemplate\":\"https:\/\/www.nettali.com\/?s={search_term_string}\"},\"query-input\":\"required name=search_term_string\"}],\"inLanguage\":\"fr-FR\"},{\"@type\":\"ImageObject\",\"@id\":\"https:\/\/www.nettali.com\/2022\/05\/18\/prorogation-du-delibere-de-laffaire-ndiaga-diouf-cela-va-apaiser-la-situation-selon-me-ousseynou-fall\/#primaryimage\",\"inLanguage\":\"fr-FR\",\"url\":\"https:\/\/www.nettali.com\/wp-content\/uploads\/2022\/05\/Ousseynou-Fall.jpg\",\"contentUrl\":\"https:\/\/www.nettali.com\/wp-content\/uploads\/2022\/05\/Ousseynou-Fall.jpg\",\"width\":900,\"height\":506},{\"@type\":\"WebPage\",\"@id\":\"https:\/\/www.nettali.com\/2022\/05\/18\/prorogation-du-delibere-de-laffaire-ndiaga-diouf-cela-va-apaiser-la-situation-selon-me-ousseynou-fall\/#webpage\",\"url\":\"https:\/\/www.nettali.com\/2022\/05\/18\/prorogation-du-delibere-de-laffaire-ndiaga-diouf-cela-va-apaiser-la-situation-selon-me-ousseynou-fall\/\",\"name\":\"PROROGATION DU DELIBERE DE L\\u2019AFFAIRE NDIAGA DIOUF - \\\"Cela va apaiser la situation\\\", selon Me Ousseynou Fall | Nettali.com\",\"isPartOf\":{\"@id\":\"https:\/\/www.nettali.com\/#website\"},\"primaryImageOfPage\":{\"@id\":\"https:\/\/www.nettali.com\/2022\/05\/18\/prorogation-du-delibere-de-laffaire-ndiaga-diouf-cela-va-apaiser-la-situation-selon-me-ousseynou-fall\/#primaryimage\"},\"datePublished\":\"2022-05-18T11:43:25+00:00\",\"dateModified\":\"2022-05-18T13:45:07+00:00\",\"author\":{\"@id\":\"https:\/\/www.nettali.com\/#\/schema\/person\/8a06c6bd7b19304cf4bf985862900b5b\"},\"breadcrumb\":{\"@id\":\"https:\/\/www.nettali.com\/2022\/05\/18\/prorogation-du-delibere-de-laffaire-ndiaga-diouf-cela-va-apaiser-la-situation-selon-me-ousseynou-fall\/#breadcrumb\"},\"inLanguage\":\"fr-FR\",\"potentialAction\":[{\"@type\":\"ReadAction\",\"target\":[\"https:\/\/www.nettali.com\/2022\/05\/18\/prorogation-du-delibere-de-laffaire-ndiaga-diouf-cela-va-apaiser-la-situation-selon-me-ousseynou-fall\/\"]}]},{\"@type\":\"BreadcrumbList\",\"@id\":\"https:\/\/www.nettali.com\/2022\/05\/18\/prorogation-du-delibere-de-laffaire-ndiaga-diouf-cela-va-apaiser-la-situation-selon-me-ousseynou-fall\/#breadcrumb\",\"itemListElement\":[{\"@type\":\"ListItem\",\"position\":1,\"name\":\"Accueil\",\"item\":\"https:\/\/www.nettali.com\/\"},{\"@type\":\"ListItem\",\"position\":2,\"name\":\"PROROGATION DU DELIBERE DE L\\u2019AFFAIRE NDIAGA DIOUF - \\\"Cela va apaiser la situation\\\", selon Me Ousseynou Fall\"}]},{\"@type\":\"Person\",\"@id\":\"https:\/\/www.nettali.com\/#\/schema\/person\/8a06c6bd7b19304cf4bf985862900b5b\",\"name\":\"Thierno Diop\",\"image\":{\"@type\":\"ImageObject\",\"@id\":\"https:\/\/www.nettali.com\/#personlogo\",\"inLanguage\":\"fr-FR\",\"url\":\"https:\/\/secure.gravatar.com\/avatar\/c8ca58550c94fd2ac856d27391a6c866?s=96&d=mm&r=g\",\"contentUrl\":\"https:\/\/secure.gravatar.com\/avatar\/c8ca58550c94fd2ac856d27391a6c866?s=96&d=mm&r=g\",\"caption\":\"Thierno Diop\"},\"sameAs\":[\"https:\/\/nettali.com\"]}]}<\/script>\n<!-- \/ Yoast SEO Premium plugin. -->","yoast_head_json":{"title":"PROROGATION DU DELIBERE DE L\u2019AFFAIRE NDIAGA DIOUF - \"Cela va apaiser la situation\", selon Me Ousseynou Fall | Nettali.com","robots":{"index":"index","follow":"follow","max-snippet":"max-snippet:-1","max-image-preview":"max-image-preview:large","max-video-preview":"max-video-preview:-1"},"canonical":"https:\/\/www.nettali.com\/2022\/05\/18\/prorogation-du-delibere-de-laffaire-ndiaga-diouf-cela-va-apaiser-la-situation-selon-me-ousseynou-fall\/","og_locale":"fr_FR","og_type":"article","og_title":"PROROGATION DU DELIBERE DE L\u2019AFFAIRE NDIAGA DIOUF - \"Cela va apaiser la situation\", selon Me Ousseynou Fall","og_description":"NETTALI.COM - Me Ousseynou Fall est satisfait de la prorogation du d\u00e9lib\u00e9r\u00e9 dans l\u2019affaire Ndiaga Diouf. Selon lui, cette d\u00e9cision du juge va apaiser la situation qui est tendue pr\u00e9sentement.\u00a0 Membre du pool des avocats de Barth\u00e9l\u00e9my Dias, Me Ousseynou est satisfait de la d\u00e9cision prise par le juge du tribunal correctionnel de Dakar relative [&hellip;]","og_url":"https:\/\/www.nettali.com\/2022\/05\/18\/prorogation-du-delibere-de-laffaire-ndiaga-diouf-cela-va-apaiser-la-situation-selon-me-ousseynou-fall\/","og_site_name":"Nettali.com","article_publisher":"https:\/\/www.facebook.com\/nettalicom","article_published_time":"2022-05-18T11:43:25+00:00","article_modified_time":"2022-05-18T13:45:07+00:00","og_image":[{"width":900,"height":506,"url":"https:\/\/www.nettali.com\/wp-content\/uploads\/2022\/05\/Ousseynou-Fall.jpg","type":"image\/jpeg"}],"twitter_card":"summary_large_image","twitter_misc":{"\u00c9crit par":"Thierno Diop","Dur\u00e9e de lecture estim\u00e9e":"2 minutes"},"schema":{"@context":"https:\/\/schema.org","@graph":[{"@type":"WebSite","@id":"https:\/\/www.nettali.com\/#website","url":"https:\/\/www.nettali.com\/","name":"Nettali.com","description":"Le rendez-vous critique du Net","potentialAction":[{"@type":"SearchAction","target":{"@type":"EntryPoint","urlTemplate":"https:\/\/www.nettali.com\/?s={search_term_string}"},"query-input":"required name=search_term_string"}],"inLanguage":"fr-FR"},{"@type":"ImageObject","@id":"https:\/\/www.nettali.com\/2022\/05\/18\/prorogation-du-delibere-de-laffaire-ndiaga-diouf-cela-va-apaiser-la-situation-selon-me-ousseynou-fall\/#primaryimage","inLanguage":"fr-FR","url":"https:\/\/www.nettali.com\/wp-content\/uploads\/2022\/05\/Ousseynou-Fall.jpg","contentUrl":"https:\/\/www.nettali.com\/wp-content\/uploads\/2022\/05\/Ousseynou-Fall.jpg","width":900,"height":506},{"@type":"WebPage","@id":"https:\/\/www.nettali.com\/2022\/05\/18\/prorogation-du-delibere-de-laffaire-ndiaga-diouf-cela-va-apaiser-la-situation-selon-me-ousseynou-fall\/#webpage","url":"https:\/\/www.nettali.com\/2022\/05\/18\/prorogation-du-delibere-de-laffaire-ndiaga-diouf-cela-va-apaiser-la-situation-selon-me-ousseynou-fall\/","name":"PROROGATION DU DELIBERE DE L\u2019AFFAIRE NDIAGA DIOUF - \"Cela va apaiser la situation\", selon Me Ousseynou Fall | Nettali.com","isPartOf":{"@id":"https:\/\/www.nettali.com\/#website"},"primaryImageOfPage":{"@id":"https:\/\/www.nettali.com\/2022\/05\/18\/prorogation-du-delibere-de-laffaire-ndiaga-diouf-cela-va-apaiser-la-situation-selon-me-ousseynou-fall\/#primaryimage"},"datePublished":"2022-05-18T11:43:25+00:00","dateModified":"2022-05-18T13:45:07+00:00","author":{"@id":"https:\/\/www.nettali.com\/#\/schema\/person\/8a06c6bd7b19304cf4bf985862900b5b"},"breadcrumb":{"@id":"https:\/\/www.nettali.com\/2022\/05\/18\/prorogation-du-delibere-de-laffaire-ndiaga-diouf-cela-va-apaiser-la-situation-selon-me-ousseynou-fall\/#breadcrumb"},"inLanguage":"fr-FR","potentialAction":[{"@type":"ReadAction","target":["https:\/\/www.nettali.com\/2022\/05\/18\/prorogation-du-delibere-de-laffaire-ndiaga-diouf-cela-va-apaiser-la-situation-selon-me-ousseynou-fall\/"]}]},{"@type":"BreadcrumbList","@id":"https:\/\/www.nettali.com\/2022\/05\/18\/prorogation-du-delibere-de-laffaire-ndiaga-diouf-cela-va-apaiser-la-situation-selon-me-ousseynou-fall\/#breadcrumb","itemListElement":[{"@type":"ListItem","position":1,"name":"Accueil","item":"https:\/\/www.nettali.com\/"},{"@type":"ListItem","position":2,"name":"PROROGATION DU DELIBERE DE L\u2019AFFAIRE NDIAGA DIOUF - \"Cela va apaiser la situation\", selon Me Ousseynou Fall"}]},{"@type":"Person","@id":"https:\/\/www.nettali.com\/#\/schema\/person\/8a06c6bd7b19304cf4bf985862900b5b","name":"Thierno Diop","image":{"@type":"ImageObject","@id":"https:\/\/www.nettali.com\/#personlogo","inLanguage":"fr-FR","url":"https:\/\/secure.gravatar.com\/avatar\/c8ca58550c94fd2ac856d27391a6c866?s=96&d=mm&r=g","contentUrl":"https:\/\/secure.gravatar.com\/avatar\/c8ca58550c94fd2ac856d27391a6c866?s=96&d=mm&r=g","caption":"Thierno Diop"},"sameAs":["https:\/\/nettali.com"]}]}},"_links":{"self":[{"href":"https:\/\/www.nettali.com\/rest\/wp\/v2\/posts\/86512"}],"collection":[{"href":"https:\/\/www.nettali.com\/rest\/wp\/v2\/posts"}],"about":[{"href":"https:\/\/www.nettali.com\/rest\/wp\/v2\/types\/post"}],"author":[{"embeddable":true,"href":"https:\/\/www.nettali.com\/rest\/wp\/v2\/users\/11"}],"replies":[{"embeddable":true,"href":"https:\/\/www.nettali.com\/rest\/wp\/v2\/comments?post=86512"}],"version-history":[{"count":2,"href":"https:\/\/www.nettali.com\/rest\/wp\/v2\/posts\/86512\/revisions"}],"predecessor-version":[{"id":86529,"href":"https:\/\/www.nettali.com\/rest\/wp\/v2\/posts\/86512\/revisions\/86529"}],"wp:featuredmedia":[{"embeddable":true,"href":"https:\/\/www.nettali.com\/rest\/wp\/v2\/media\/86513"}],"wp:attachment":[{"href":"https:\/\/www.nettali.com\/rest\/wp\/v2\/media?parent=86512"}],"wp:term":[{"taxonomy":"category","embeddable":true,"href":"https:\/\/www.nettali.com\/rest\/wp\/v2\/categories?post=86512"},{"taxonomy":"post_tag","embeddable":true,"href":"https:\/\/www.nettali.com\/rest\/wp\/v2\/tags?post=86512"}],"curies":[{"name":"wp","href":"https:\/\/api.w.org\/{rel}","templated":true}]}}