{"id":86491,"date":"2022-05-18T10:39:33","date_gmt":"2022-05-18T10:39:33","guid":{"rendered":"https:\/\/www.nettali.com\/?p=86491"},"modified":"2022-05-18T11:04:26","modified_gmt":"2022-05-18T11:04:26","slug":"affaire-barthelemy-dias-la-3eme-chambre-correctionnelle-proroge-son-delibere-au-21-septembre","status":"publish","type":"post","link":"https:\/\/www.nettali.com\/2022\/05\/18\/affaire-barthelemy-dias-la-3eme-chambre-correctionnelle-proroge-son-delibere-au-21-septembre\/","title":{"rendered":"AFFAIRE BARTHELEMY DIAS - D\u00e9lib\u00e9r\u00e9 prorog\u00e9 au 21 septembre"},"content":{"rendered":"<p><strong>NETTALI.COM - La 3<sup>e<\/sup> chambre correctionnelle de Dakar n\u2019a pas rendu son d\u00e9lib\u00e9r\u00e9 ce mercredi. Elle a finalement d\u00e9cid\u00e9 de proroger son d\u00e9lib\u00e9r\u00e9 au 21 septembre prochain. Entre temps, Barth\u00e9l\u00e9my Dias, le principal accus\u00e9, en aura fini avec les \u00e9lection l\u00e9gislatives pr\u00e9vues le 31 juillet prochain.<\/strong><\/p>\n<p>L\u2019actuel maire de Dakar, Barth\u00e9l\u00e9my Toye Dias, devra encore prendre son mal en patience avant de connaitre le sort que lui r\u00e9serve le juge d\u2019appel dans le cadre de l\u2019affaire Ndiaga Diouf, du nom du nervi tu\u00e9 en d\u00e9cembre 2011 lors de l\u2019attaque de sa mairie de Mermoz-Sacr\u00e9 C\u0153ur. Cette affaire avait valu \u00e0 l\u2019ancien maire de la commune Mermoz-Sacr\u00e9 C\u0153ur une condamnation \u00e0 deux (2) ans de prison dont six (6) mois ferme et \u00e0 25 millions de F CFA de dommages et int\u00e9r\u00eats \u00e0 la famille de feu Ndiaga Diouf.<\/p>\n<p>Le juge a d\u00e9cid\u00e9 de proroger le d\u00e9lib\u00e9r\u00e9 au \u00a021 septembre prochain, apr\u00e8s les \u00e9lections locales pr\u00e9vues le 31 juillet prochain.<\/p>\n<p>Si le juge de la Chambre correctionnelle suit \u00e0 la lettre le r\u00e9quisitoire du Procureur g\u00e9n\u00e9ral, le nouveau maire de Dakar, Barth\u00e9l\u00e9my Toye Dias risque de retourner en prison. En effet, dans son r\u00e9quisitoire lors de cette audience qui s\u2019est tenue en pr\u00e9sence de l\u2019ancien maire de Dakar, Khalifa Ababacar Sall, et de plusieurs nouveaux \u00e9lus de la coalition Yewwi Askan Wi dans la capitale, le Procureur g\u00e9n\u00e9ral a demand\u00e9\u00a0l\u2019infirmation de la peine de 2 ans dont 6 mois ferme inflig\u00e9e \u00e0 Barth en premi\u00e8re instance et sa condamnation \u00e0 5 ans d\u2019emprisonnement ferme. Le parquet g\u00e9n\u00e9ral avait \u00e9galement requis de la Chambre correctionnelle de la Cour d\u2019appel de Dakar 2 ans d\u2019emprisonnement ferme pour Habib Faye et Baboucar Faye. De son c\u00f4t\u00e9, la famille de Ndiaga Diouf a r\u00e9clam\u00e9 150 millions en guise de d\u00e9dommagement et int\u00e9r\u00eats, soit 6 fois les 25 millions de F CFA qu\u2019elle avait obtenus du juge de la premi\u00e8re instance.<\/p>\n<div class='share-to-whatsapp-wrapper'><div class='share-on-whsp'>PARTAGER SUR : <\/div><a data-text='AFFAIRE BARTHELEMY DIAS - D\u00e9lib\u00e9r\u00e9 prorog\u00e9 au 21 septembre' data-link='https:\/\/www.nettali.com\/2022\/05\/18\/affaire-barthelemy-dias-la-3eme-chambre-correctionnelle-proroge-son-delibere-au-21-septembre\/' class='whatsapp-button whatsapp-share'>WhatsApp<\/a><div class='clear '><\/div><\/div>","protected":false},"excerpt":{"rendered":"<p>NETTALI.COM - La 3e chambre correctionnelle de Dakar n\u2019a pas rendu son d\u00e9lib\u00e9r\u00e9 ce mercredi. Elle a finalement d\u00e9cid\u00e9 de proroger son d\u00e9lib\u00e9r\u00e9 au 21 septembre prochain. Entre temps, Barth\u00e9l\u00e9my Dias, le principal accus\u00e9, en aura fini avec les \u00e9lection l\u00e9gislatives pr\u00e9vues le 31 juillet prochain. L\u2019actuel maire de Dakar, Barth\u00e9l\u00e9my Toye Dias, devra encore [&hellip;]<\/p>\n","protected":false},"author":4,"featured_media":58884,"comment_status":"open","ping_status":"open","sticky":false,"template":"","format":"standard","meta":{"_et_pb_use_builder":"","_et_pb_old_content":""},"categories":[3],"tags":[],"yoast_head":"<!-- This site is optimized with the Yoast SEO Premium plugin v17.8 (Yoast SEO v17.8) - https:\/\/yoast.com\/wordpress\/plugins\/seo\/ -->\n<title>AFFAIRE BARTHELEMY DIAS - D\u00e9lib\u00e9r\u00e9 prorog\u00e9 au 21 septembre | Nettali.com<\/title>\n<meta name=\"robots\" content=\"index, follow, max-snippet:-1, max-image-preview:large, max-video-preview:-1\" \/>\n<link rel=\"canonical\" href=\"https:\/\/www.nettali.com\/2022\/05\/18\/affaire-barthelemy-dias-la-3eme-chambre-correctionnelle-proroge-son-delibere-au-21-septembre\/\" \/>\n<meta property=\"og:locale\" content=\"fr_FR\" \/>\n<meta property=\"og:type\" content=\"article\" \/>\n<meta property=\"og:title\" content=\"AFFAIRE BARTHELEMY DIAS - D\u00e9lib\u00e9r\u00e9 prorog\u00e9 au 21 septembre\" \/>\n<meta property=\"og:description\" content=\"NETTALI.COM - La 3e chambre correctionnelle de Dakar n\u2019a pas rendu son d\u00e9lib\u00e9r\u00e9 ce mercredi. Elle a finalement d\u00e9cid\u00e9 de proroger son d\u00e9lib\u00e9r\u00e9 au 21 septembre prochain. Entre temps, Barth\u00e9l\u00e9my Dias, le principal accus\u00e9, en aura fini avec les \u00e9lection l\u00e9gislatives pr\u00e9vues le 31 juillet prochain. L\u2019actuel maire de Dakar, Barth\u00e9l\u00e9my Toye Dias, devra encore [&hellip;]\" \/>\n<meta property=\"og:url\" content=\"https:\/\/www.nettali.com\/2022\/05\/18\/affaire-barthelemy-dias-la-3eme-chambre-correctionnelle-proroge-son-delibere-au-21-septembre\/\" \/>\n<meta property=\"og:site_name\" content=\"Nettali.com\" \/>\n<meta property=\"article:publisher\" content=\"https:\/\/www.facebook.com\/nettalicom\" \/>\n<meta property=\"article:published_time\" content=\"2022-05-18T10:39:33+00:00\" \/>\n<meta property=\"article:modified_time\" content=\"2022-05-18T11:04:26+00:00\" \/>\n<meta property=\"og:image\" content=\"https:\/\/www.nettali.com\/wp-content\/uploads\/2021\/03\/barthelemy-dias_3_0.jpg\" \/>\n\t<meta property=\"og:image:width\" content=\"650\" \/>\n\t<meta property=\"og:image:height\" content=\"446\" \/>\n<meta name=\"twitter:card\" content=\"summary_large_image\" \/>\n<meta name=\"twitter:label1\" content=\"\u00c9crit par\" \/>\n\t<meta name=\"twitter:data1\" content=\"Daouda\" \/>\n\t<meta name=\"twitter:label2\" content=\"Dur\u00e9e de lecture estim\u00e9e\" \/>\n\t<meta name=\"twitter:data2\" content=\"2 minutes\" \/>\n<script type=\"application\/ld+json\" class=\"yoast-schema-graph\">{\"@context\":\"https:\/\/schema.org\",\"@graph\":[{\"@type\":\"WebSite\",\"@id\":\"https:\/\/www.nettali.com\/#website\",\"url\":\"https:\/\/www.nettali.com\/\",\"name\":\"Nettali.com\",\"description\":\"Le rendez-vous critique du Net\",\"potentialAction\":[{\"@type\":\"SearchAction\",\"target\":{\"@type\":\"EntryPoint\",\"urlTemplate\":\"https:\/\/www.nettali.com\/?s={search_term_string}\"},\"query-input\":\"required name=search_term_string\"}],\"inLanguage\":\"fr-FR\"},{\"@type\":\"ImageObject\",\"@id\":\"https:\/\/www.nettali.com\/2022\/05\/18\/affaire-barthelemy-dias-la-3eme-chambre-correctionnelle-proroge-son-delibere-au-21-septembre\/#primaryimage\",\"inLanguage\":\"fr-FR\",\"url\":\"https:\/\/www.nettali.com\/wp-content\/uploads\/2021\/03\/barthelemy-dias_3_0.jpg\",\"contentUrl\":\"https:\/\/www.nettali.com\/wp-content\/uploads\/2021\/03\/barthelemy-dias_3_0.jpg\",\"width\":650,\"height\":446},{\"@type\":\"WebPage\",\"@id\":\"https:\/\/www.nettali.com\/2022\/05\/18\/affaire-barthelemy-dias-la-3eme-chambre-correctionnelle-proroge-son-delibere-au-21-septembre\/#webpage\",\"url\":\"https:\/\/www.nettali.com\/2022\/05\/18\/affaire-barthelemy-dias-la-3eme-chambre-correctionnelle-proroge-son-delibere-au-21-septembre\/\",\"name\":\"AFFAIRE BARTHELEMY DIAS - D\\u00e9lib\\u00e9r\\u00e9 prorog\\u00e9 au 21 septembre | Nettali.com\",\"isPartOf\":{\"@id\":\"https:\/\/www.nettali.com\/#website\"},\"primaryImageOfPage\":{\"@id\":\"https:\/\/www.nettali.com\/2022\/05\/18\/affaire-barthelemy-dias-la-3eme-chambre-correctionnelle-proroge-son-delibere-au-21-septembre\/#primaryimage\"},\"datePublished\":\"2022-05-18T10:39:33+00:00\",\"dateModified\":\"2022-05-18T11:04:26+00:00\",\"author\":{\"@id\":\"https:\/\/www.nettali.com\/#\/schema\/person\/3317e0bb3aa1da309fbf7b2780901bf4\"},\"breadcrumb\":{\"@id\":\"https:\/\/www.nettali.com\/2022\/05\/18\/affaire-barthelemy-dias-la-3eme-chambre-correctionnelle-proroge-son-delibere-au-21-septembre\/#breadcrumb\"},\"inLanguage\":\"fr-FR\",\"potentialAction\":[{\"@type\":\"ReadAction\",\"target\":[\"https:\/\/www.nettali.com\/2022\/05\/18\/affaire-barthelemy-dias-la-3eme-chambre-correctionnelle-proroge-son-delibere-au-21-septembre\/\"]}]},{\"@type\":\"BreadcrumbList\",\"@id\":\"https:\/\/www.nettali.com\/2022\/05\/18\/affaire-barthelemy-dias-la-3eme-chambre-correctionnelle-proroge-son-delibere-au-21-septembre\/#breadcrumb\",\"itemListElement\":[{\"@type\":\"ListItem\",\"position\":1,\"name\":\"Accueil\",\"item\":\"https:\/\/www.nettali.com\/\"},{\"@type\":\"ListItem\",\"position\":2,\"name\":\"AFFAIRE BARTHELEMY DIAS - D\\u00e9lib\\u00e9r\\u00e9 prorog\\u00e9 au 21 septembre\"}]},{\"@type\":\"Person\",\"@id\":\"https:\/\/www.nettali.com\/#\/schema\/person\/3317e0bb3aa1da309fbf7b2780901bf4\",\"name\":\"Daouda\",\"image\":{\"@type\":\"ImageObject\",\"@id\":\"https:\/\/www.nettali.com\/#personlogo\",\"inLanguage\":\"fr-FR\",\"url\":\"https:\/\/secure.gravatar.com\/avatar\/8d143b5a49345098ddcfee1c49c2f47c?s=96&d=mm&r=g\",\"contentUrl\":\"https:\/\/secure.gravatar.com\/avatar\/8d143b5a49345098ddcfee1c49c2f47c?s=96&d=mm&r=g\",\"caption\":\"Daouda\"},\"sameAs\":[\"https:\/\/www.nettali.com\"]}]}<\/script>\n<!-- \/ Yoast SEO Premium plugin. -->","yoast_head_json":{"title":"AFFAIRE BARTHELEMY DIAS - D\u00e9lib\u00e9r\u00e9 prorog\u00e9 au 21 septembre | Nettali.com","robots":{"index":"index","follow":"follow","max-snippet":"max-snippet:-1","max-image-preview":"max-image-preview:large","max-video-preview":"max-video-preview:-1"},"canonical":"https:\/\/www.nettali.com\/2022\/05\/18\/affaire-barthelemy-dias-la-3eme-chambre-correctionnelle-proroge-son-delibere-au-21-septembre\/","og_locale":"fr_FR","og_type":"article","og_title":"AFFAIRE BARTHELEMY DIAS - D\u00e9lib\u00e9r\u00e9 prorog\u00e9 au 21 septembre","og_description":"NETTALI.COM - La 3e chambre correctionnelle de Dakar n\u2019a pas rendu son d\u00e9lib\u00e9r\u00e9 ce mercredi. Elle a finalement d\u00e9cid\u00e9 de proroger son d\u00e9lib\u00e9r\u00e9 au 21 septembre prochain. Entre temps, Barth\u00e9l\u00e9my Dias, le principal accus\u00e9, en aura fini avec les \u00e9lection l\u00e9gislatives pr\u00e9vues le 31 juillet prochain. L\u2019actuel maire de Dakar, Barth\u00e9l\u00e9my Toye Dias, devra encore [&hellip;]","og_url":"https:\/\/www.nettali.com\/2022\/05\/18\/affaire-barthelemy-dias-la-3eme-chambre-correctionnelle-proroge-son-delibere-au-21-septembre\/","og_site_name":"Nettali.com","article_publisher":"https:\/\/www.facebook.com\/nettalicom","article_published_time":"2022-05-18T10:39:33+00:00","article_modified_time":"2022-05-18T11:04:26+00:00","og_image":[{"width":650,"height":446,"url":"https:\/\/www.nettali.com\/wp-content\/uploads\/2021\/03\/barthelemy-dias_3_0.jpg","type":"image\/jpeg"}],"twitter_card":"summary_large_image","twitter_misc":{"\u00c9crit par":"Daouda","Dur\u00e9e de lecture estim\u00e9e":"2 minutes"},"schema":{"@context":"https:\/\/schema.org","@graph":[{"@type":"WebSite","@id":"https:\/\/www.nettali.com\/#website","url":"https:\/\/www.nettali.com\/","name":"Nettali.com","description":"Le rendez-vous critique du Net","potentialAction":[{"@type":"SearchAction","target":{"@type":"EntryPoint","urlTemplate":"https:\/\/www.nettali.com\/?s={search_term_string}"},"query-input":"required name=search_term_string"}],"inLanguage":"fr-FR"},{"@type":"ImageObject","@id":"https:\/\/www.nettali.com\/2022\/05\/18\/affaire-barthelemy-dias-la-3eme-chambre-correctionnelle-proroge-son-delibere-au-21-septembre\/#primaryimage","inLanguage":"fr-FR","url":"https:\/\/www.nettali.com\/wp-content\/uploads\/2021\/03\/barthelemy-dias_3_0.jpg","contentUrl":"https:\/\/www.nettali.com\/wp-content\/uploads\/2021\/03\/barthelemy-dias_3_0.jpg","width":650,"height":446},{"@type":"WebPage","@id":"https:\/\/www.nettali.com\/2022\/05\/18\/affaire-barthelemy-dias-la-3eme-chambre-correctionnelle-proroge-son-delibere-au-21-septembre\/#webpage","url":"https:\/\/www.nettali.com\/2022\/05\/18\/affaire-barthelemy-dias-la-3eme-chambre-correctionnelle-proroge-son-delibere-au-21-septembre\/","name":"AFFAIRE BARTHELEMY DIAS - D\u00e9lib\u00e9r\u00e9 prorog\u00e9 au 21 septembre | Nettali.com","isPartOf":{"@id":"https:\/\/www.nettali.com\/#website"},"primaryImageOfPage":{"@id":"https:\/\/www.nettali.com\/2022\/05\/18\/affaire-barthelemy-dias-la-3eme-chambre-correctionnelle-proroge-son-delibere-au-21-septembre\/#primaryimage"},"datePublished":"2022-05-18T10:39:33+00:00","dateModified":"2022-05-18T11:04:26+00:00","author":{"@id":"https:\/\/www.nettali.com\/#\/schema\/person\/3317e0bb3aa1da309fbf7b2780901bf4"},"breadcrumb":{"@id":"https:\/\/www.nettali.com\/2022\/05\/18\/affaire-barthelemy-dias-la-3eme-chambre-correctionnelle-proroge-son-delibere-au-21-septembre\/#breadcrumb"},"inLanguage":"fr-FR","potentialAction":[{"@type":"ReadAction","target":["https:\/\/www.nettali.com\/2022\/05\/18\/affaire-barthelemy-dias-la-3eme-chambre-correctionnelle-proroge-son-delibere-au-21-septembre\/"]}]},{"@type":"BreadcrumbList","@id":"https:\/\/www.nettali.com\/2022\/05\/18\/affaire-barthelemy-dias-la-3eme-chambre-correctionnelle-proroge-son-delibere-au-21-septembre\/#breadcrumb","itemListElement":[{"@type":"ListItem","position":1,"name":"Accueil","item":"https:\/\/www.nettali.com\/"},{"@type":"ListItem","position":2,"name":"AFFAIRE BARTHELEMY DIAS - D\u00e9lib\u00e9r\u00e9 prorog\u00e9 au 21 septembre"}]},{"@type":"Person","@id":"https:\/\/www.nettali.com\/#\/schema\/person\/3317e0bb3aa1da309fbf7b2780901bf4","name":"Daouda","image":{"@type":"ImageObject","@id":"https:\/\/www.nettali.com\/#personlogo","inLanguage":"fr-FR","url":"https:\/\/secure.gravatar.com\/avatar\/8d143b5a49345098ddcfee1c49c2f47c?s=96&d=mm&r=g","contentUrl":"https:\/\/secure.gravatar.com\/avatar\/8d143b5a49345098ddcfee1c49c2f47c?s=96&d=mm&r=g","caption":"Daouda"},"sameAs":["https:\/\/www.nettali.com"]}]}},"_links":{"self":[{"href":"https:\/\/www.nettali.com\/rest\/wp\/v2\/posts\/86491"}],"collection":[{"href":"https:\/\/www.nettali.com\/rest\/wp\/v2\/posts"}],"about":[{"href":"https:\/\/www.nettali.com\/rest\/wp\/v2\/types\/post"}],"author":[{"embeddable":true,"href":"https:\/\/www.nettali.com\/rest\/wp\/v2\/users\/4"}],"replies":[{"embeddable":true,"href":"https:\/\/www.nettali.com\/rest\/wp\/v2\/comments?post=86491"}],"version-history":[{"count":3,"href":"https:\/\/www.nettali.com\/rest\/wp\/v2\/posts\/86491\/revisions"}],"predecessor-version":[{"id":86503,"href":"https:\/\/www.nettali.com\/rest\/wp\/v2\/posts\/86491\/revisions\/86503"}],"wp:featuredmedia":[{"embeddable":true,"href":"https:\/\/www.nettali.com\/rest\/wp\/v2\/media\/58884"}],"wp:attachment":[{"href":"https:\/\/www.nettali.com\/rest\/wp\/v2\/media?parent=86491"}],"wp:term":[{"taxonomy":"category","embeddable":true,"href":"https:\/\/www.nettali.com\/rest\/wp\/v2\/categories?post=86491"},{"taxonomy":"post_tag","embeddable":true,"href":"https:\/\/www.nettali.com\/rest\/wp\/v2\/tags?post=86491"}],"curies":[{"name":"wp","href":"https:\/\/api.w.org\/{rel}","templated":true}]}}