{"id":86386,"date":"2022-05-16T13:52:27","date_gmt":"2022-05-16T13:52:27","guid":{"rendered":"https:\/\/www.nettali.com\/?p=86386"},"modified":"2022-05-16T13:52:27","modified_gmt":"2022-05-16T13:52:27","slug":"revalorisation-salariale-bonne-nouvelle-pour-les-enseignants","status":"publish","type":"post","link":"https:\/\/www.nettali.com\/2022\/05\/16\/revalorisation-salariale-bonne-nouvelle-pour-les-enseignants\/","title":{"rendered":"REVALORISATION SALARIALE \u2013 Bonne nouvelle pour les enseignants !"},"content":{"rendered":"<p><strong>NETTALI.COM - Le gouvernement a d\u00e9cid\u00e9 de tenir les engagements qu\u2019il a pris envers les enseignants en proc\u00e9dant \u00e0 une revalorisation salariale. \u00a0Une mesure qui sera effective d\u00e8s la fin de ce mois de mai.<\/strong><\/p>\n<p><em>\u00abLes dispositions ont \u00e9t\u00e9 prises pour, qu\u2019\u00e0 compter du 1er mai 2022, le rel\u00e8vement de la r\u00e9mun\u00e9ration des personnels de l\u2019\u00c9ducation et de la Formation et la revalorisation du r\u00e9gime indemnitaire des fonctions dirigeantes et administratives, soient effectifs\u00bb<\/em>, lit-on dans un communiqu\u00e9 de presse du Minist\u00e8re du Budget.<\/p>\n<p><img loading=\"lazy\" class=\"alignnone size-full wp-image-86387\" src=\"https:\/\/www.nettali.com\/wp-content\/uploads\/2022\/05\/WhatsApp-Image-2022-05-15-at-21.42.22.jpeg\" alt=\"\" width=\"720\" height=\"1016\" srcset=\"https:\/\/www.nettali.com\/wp-content\/uploads\/2022\/05\/WhatsApp-Image-2022-05-15-at-21.42.22.jpeg 720w, https:\/\/www.nettali.com\/wp-content\/uploads\/2022\/05\/WhatsApp-Image-2022-05-15-at-21.42.22-213x300.jpeg 213w\" sizes=\"(max-width: 720px) 100vw, 720px\" \/><\/p>\n<p>Le minist\u00e8re du Budget informe que ces engagements financiers conclus avec les syndicats d\u2019enseignants le 26 f\u00e9vrier 2022 sont pr\u00e9vus dans le projet de loi de finances rectificative pour l\u2019ann\u00e9e 2022 adopt\u00e9 le mercredi 11 mai dernier et soumis \u00e0 l\u2019approbation de l\u2019Assembl\u00e9e Nationale.<\/p>\n<p>Il note, toutefois, que toutes les revalorisations d\u2019indemnit\u00e9s sont fiscalis\u00e9es, except\u00e9e l\u2019indemnit\u00e9 repr\u00e9sentative de logement.<\/p>\n<p>&nbsp;<\/p>\n<div class='share-to-whatsapp-wrapper'><div class='share-on-whsp'>PARTAGER SUR : <\/div><a data-text='REVALORISATION SALARIALE \u2013 Bonne nouvelle pour les enseignants !' data-link='https:\/\/www.nettali.com\/2022\/05\/16\/revalorisation-salariale-bonne-nouvelle-pour-les-enseignants\/' class='whatsapp-button whatsapp-share'>WhatsApp<\/a><div class='clear '><\/div><\/div>","protected":false},"excerpt":{"rendered":"<p>NETTALI.COM - Le gouvernement a d\u00e9cid\u00e9 de tenir les engagements qu\u2019il a pris envers les enseignants en proc\u00e9dant \u00e0 une revalorisation salariale. \u00a0Une mesure qui sera effective d\u00e8s la fin de ce mois de mai. \u00abLes dispositions ont \u00e9t\u00e9 prises pour, qu\u2019\u00e0 compter du 1er mai 2022, le rel\u00e8vement de la r\u00e9mun\u00e9ration des personnels de [&hellip;]<\/p>\n","protected":false},"author":4,"featured_media":65776,"comment_status":"open","ping_status":"open","sticky":false,"template":"","format":"standard","meta":{"_et_pb_use_builder":"","_et_pb_old_content":""},"categories":[3],"tags":[],"yoast_head":"<!-- This site is optimized with the Yoast SEO Premium plugin v17.8 (Yoast SEO v17.8) - https:\/\/yoast.com\/wordpress\/plugins\/seo\/ -->\n<title>REVALORISATION SALARIALE \u2013 Bonne nouvelle pour les enseignants ! | Nettali.com<\/title>\n<meta name=\"robots\" content=\"index, follow, max-snippet:-1, max-image-preview:large, max-video-preview:-1\" \/>\n<link rel=\"canonical\" href=\"https:\/\/www.nettali.com\/2022\/05\/16\/revalorisation-salariale-bonne-nouvelle-pour-les-enseignants\/\" \/>\n<meta property=\"og:locale\" content=\"fr_FR\" \/>\n<meta property=\"og:type\" content=\"article\" \/>\n<meta property=\"og:title\" content=\"REVALORISATION SALARIALE \u2013 Bonne nouvelle pour les enseignants !\" \/>\n<meta property=\"og:description\" content=\"NETTALI.COM - Le gouvernement a d\u00e9cid\u00e9 de tenir les engagements qu\u2019il a pris envers les enseignants en proc\u00e9dant \u00e0 une revalorisation salariale. \u00a0Une mesure qui sera effective d\u00e8s la fin de ce mois de mai. \u00abLes dispositions ont \u00e9t\u00e9 prises pour, qu\u2019\u00e0 compter du 1er mai 2022, le rel\u00e8vement de la r\u00e9mun\u00e9ration des personnels de [&hellip;]\" \/>\n<meta property=\"og:url\" content=\"https:\/\/www.nettali.com\/2022\/05\/16\/revalorisation-salariale-bonne-nouvelle-pour-les-enseignants\/\" \/>\n<meta property=\"og:site_name\" content=\"Nettali.com\" \/>\n<meta property=\"article:publisher\" content=\"https:\/\/www.facebook.com\/nettalicom\" \/>\n<meta property=\"article:published_time\" content=\"2022-05-16T13:52:27+00:00\" \/>\n<meta property=\"og:image\" content=\"https:\/\/www.nettali.com\/wp-content\/uploads\/2021\/06\/Macky-Abdoulaye-Daouda-Diallo.jpeg\" \/>\n\t<meta property=\"og:image:width\" content=\"640\" \/>\n\t<meta property=\"og:image:height\" content=\"360\" \/>\n<meta name=\"twitter:card\" content=\"summary_large_image\" \/>\n<meta name=\"twitter:label1\" content=\"\u00c9crit par\" \/>\n\t<meta name=\"twitter:data1\" content=\"Daouda\" \/>\n\t<meta name=\"twitter:label2\" content=\"Dur\u00e9e de lecture estim\u00e9e\" \/>\n\t<meta name=\"twitter:data2\" content=\"1 minute\" \/>\n<script type=\"application\/ld+json\" class=\"yoast-schema-graph\">{\"@context\":\"https:\/\/schema.org\",\"@graph\":[{\"@type\":\"WebSite\",\"@id\":\"https:\/\/www.nettali.com\/#website\",\"url\":\"https:\/\/www.nettali.com\/\",\"name\":\"Nettali.com\",\"description\":\"Le rendez-vous critique du Net\",\"potentialAction\":[{\"@type\":\"SearchAction\",\"target\":{\"@type\":\"EntryPoint\",\"urlTemplate\":\"https:\/\/www.nettali.com\/?s={search_term_string}\"},\"query-input\":\"required name=search_term_string\"}],\"inLanguage\":\"fr-FR\"},{\"@type\":\"ImageObject\",\"@id\":\"https:\/\/www.nettali.com\/2022\/05\/16\/revalorisation-salariale-bonne-nouvelle-pour-les-enseignants\/#primaryimage\",\"inLanguage\":\"fr-FR\",\"url\":\"https:\/\/www.nettali.com\/wp-content\/uploads\/2021\/06\/Macky-Abdoulaye-Daouda-Diallo.jpeg\",\"contentUrl\":\"https:\/\/www.nettali.com\/wp-content\/uploads\/2021\/06\/Macky-Abdoulaye-Daouda-Diallo.jpeg\",\"width\":640,\"height\":360},{\"@type\":\"WebPage\",\"@id\":\"https:\/\/www.nettali.com\/2022\/05\/16\/revalorisation-salariale-bonne-nouvelle-pour-les-enseignants\/#webpage\",\"url\":\"https:\/\/www.nettali.com\/2022\/05\/16\/revalorisation-salariale-bonne-nouvelle-pour-les-enseignants\/\",\"name\":\"REVALORISATION SALARIALE \\u2013 Bonne nouvelle pour les enseignants ! | Nettali.com\",\"isPartOf\":{\"@id\":\"https:\/\/www.nettali.com\/#website\"},\"primaryImageOfPage\":{\"@id\":\"https:\/\/www.nettali.com\/2022\/05\/16\/revalorisation-salariale-bonne-nouvelle-pour-les-enseignants\/#primaryimage\"},\"datePublished\":\"2022-05-16T13:52:27+00:00\",\"dateModified\":\"2022-05-16T13:52:27+00:00\",\"author\":{\"@id\":\"https:\/\/www.nettali.com\/#\/schema\/person\/3317e0bb3aa1da309fbf7b2780901bf4\"},\"breadcrumb\":{\"@id\":\"https:\/\/www.nettali.com\/2022\/05\/16\/revalorisation-salariale-bonne-nouvelle-pour-les-enseignants\/#breadcrumb\"},\"inLanguage\":\"fr-FR\",\"potentialAction\":[{\"@type\":\"ReadAction\",\"target\":[\"https:\/\/www.nettali.com\/2022\/05\/16\/revalorisation-salariale-bonne-nouvelle-pour-les-enseignants\/\"]}]},{\"@type\":\"BreadcrumbList\",\"@id\":\"https:\/\/www.nettali.com\/2022\/05\/16\/revalorisation-salariale-bonne-nouvelle-pour-les-enseignants\/#breadcrumb\",\"itemListElement\":[{\"@type\":\"ListItem\",\"position\":1,\"name\":\"Accueil\",\"item\":\"https:\/\/www.nettali.com\/\"},{\"@type\":\"ListItem\",\"position\":2,\"name\":\"REVALORISATION SALARIALE \\u2013 Bonne nouvelle pour les enseignants !\"}]},{\"@type\":\"Person\",\"@id\":\"https:\/\/www.nettali.com\/#\/schema\/person\/3317e0bb3aa1da309fbf7b2780901bf4\",\"name\":\"Daouda\",\"image\":{\"@type\":\"ImageObject\",\"@id\":\"https:\/\/www.nettali.com\/#personlogo\",\"inLanguage\":\"fr-FR\",\"url\":\"https:\/\/secure.gravatar.com\/avatar\/8d143b5a49345098ddcfee1c49c2f47c?s=96&d=mm&r=g\",\"contentUrl\":\"https:\/\/secure.gravatar.com\/avatar\/8d143b5a49345098ddcfee1c49c2f47c?s=96&d=mm&r=g\",\"caption\":\"Daouda\"},\"sameAs\":[\"https:\/\/www.nettali.com\"]}]}<\/script>\n<!-- \/ Yoast SEO Premium plugin. -->","yoast_head_json":{"title":"REVALORISATION SALARIALE \u2013 Bonne nouvelle pour les enseignants ! | Nettali.com","robots":{"index":"index","follow":"follow","max-snippet":"max-snippet:-1","max-image-preview":"max-image-preview:large","max-video-preview":"max-video-preview:-1"},"canonical":"https:\/\/www.nettali.com\/2022\/05\/16\/revalorisation-salariale-bonne-nouvelle-pour-les-enseignants\/","og_locale":"fr_FR","og_type":"article","og_title":"REVALORISATION SALARIALE \u2013 Bonne nouvelle pour les enseignants !","og_description":"NETTALI.COM - Le gouvernement a d\u00e9cid\u00e9 de tenir les engagements qu\u2019il a pris envers les enseignants en proc\u00e9dant \u00e0 une revalorisation salariale. \u00a0Une mesure qui sera effective d\u00e8s la fin de ce mois de mai. \u00abLes dispositions ont \u00e9t\u00e9 prises pour, qu\u2019\u00e0 compter du 1er mai 2022, le rel\u00e8vement de la r\u00e9mun\u00e9ration des personnels de [&hellip;]","og_url":"https:\/\/www.nettali.com\/2022\/05\/16\/revalorisation-salariale-bonne-nouvelle-pour-les-enseignants\/","og_site_name":"Nettali.com","article_publisher":"https:\/\/www.facebook.com\/nettalicom","article_published_time":"2022-05-16T13:52:27+00:00","og_image":[{"width":640,"height":360,"url":"https:\/\/www.nettali.com\/wp-content\/uploads\/2021\/06\/Macky-Abdoulaye-Daouda-Diallo.jpeg","type":"image\/jpeg"}],"twitter_card":"summary_large_image","twitter_misc":{"\u00c9crit par":"Daouda","Dur\u00e9e de lecture estim\u00e9e":"1 minute"},"schema":{"@context":"https:\/\/schema.org","@graph":[{"@type":"WebSite","@id":"https:\/\/www.nettali.com\/#website","url":"https:\/\/www.nettali.com\/","name":"Nettali.com","description":"Le rendez-vous critique du Net","potentialAction":[{"@type":"SearchAction","target":{"@type":"EntryPoint","urlTemplate":"https:\/\/www.nettali.com\/?s={search_term_string}"},"query-input":"required name=search_term_string"}],"inLanguage":"fr-FR"},{"@type":"ImageObject","@id":"https:\/\/www.nettali.com\/2022\/05\/16\/revalorisation-salariale-bonne-nouvelle-pour-les-enseignants\/#primaryimage","inLanguage":"fr-FR","url":"https:\/\/www.nettali.com\/wp-content\/uploads\/2021\/06\/Macky-Abdoulaye-Daouda-Diallo.jpeg","contentUrl":"https:\/\/www.nettali.com\/wp-content\/uploads\/2021\/06\/Macky-Abdoulaye-Daouda-Diallo.jpeg","width":640,"height":360},{"@type":"WebPage","@id":"https:\/\/www.nettali.com\/2022\/05\/16\/revalorisation-salariale-bonne-nouvelle-pour-les-enseignants\/#webpage","url":"https:\/\/www.nettali.com\/2022\/05\/16\/revalorisation-salariale-bonne-nouvelle-pour-les-enseignants\/","name":"REVALORISATION SALARIALE \u2013 Bonne nouvelle pour les enseignants ! | Nettali.com","isPartOf":{"@id":"https:\/\/www.nettali.com\/#website"},"primaryImageOfPage":{"@id":"https:\/\/www.nettali.com\/2022\/05\/16\/revalorisation-salariale-bonne-nouvelle-pour-les-enseignants\/#primaryimage"},"datePublished":"2022-05-16T13:52:27+00:00","dateModified":"2022-05-16T13:52:27+00:00","author":{"@id":"https:\/\/www.nettali.com\/#\/schema\/person\/3317e0bb3aa1da309fbf7b2780901bf4"},"breadcrumb":{"@id":"https:\/\/www.nettali.com\/2022\/05\/16\/revalorisation-salariale-bonne-nouvelle-pour-les-enseignants\/#breadcrumb"},"inLanguage":"fr-FR","potentialAction":[{"@type":"ReadAction","target":["https:\/\/www.nettali.com\/2022\/05\/16\/revalorisation-salariale-bonne-nouvelle-pour-les-enseignants\/"]}]},{"@type":"BreadcrumbList","@id":"https:\/\/www.nettali.com\/2022\/05\/16\/revalorisation-salariale-bonne-nouvelle-pour-les-enseignants\/#breadcrumb","itemListElement":[{"@type":"ListItem","position":1,"name":"Accueil","item":"https:\/\/www.nettali.com\/"},{"@type":"ListItem","position":2,"name":"REVALORISATION SALARIALE \u2013 Bonne nouvelle pour les enseignants !"}]},{"@type":"Person","@id":"https:\/\/www.nettali.com\/#\/schema\/person\/3317e0bb3aa1da309fbf7b2780901bf4","name":"Daouda","image":{"@type":"ImageObject","@id":"https:\/\/www.nettali.com\/#personlogo","inLanguage":"fr-FR","url":"https:\/\/secure.gravatar.com\/avatar\/8d143b5a49345098ddcfee1c49c2f47c?s=96&d=mm&r=g","contentUrl":"https:\/\/secure.gravatar.com\/avatar\/8d143b5a49345098ddcfee1c49c2f47c?s=96&d=mm&r=g","caption":"Daouda"},"sameAs":["https:\/\/www.nettali.com"]}]}},"_links":{"self":[{"href":"https:\/\/www.nettali.com\/rest\/wp\/v2\/posts\/86386"}],"collection":[{"href":"https:\/\/www.nettali.com\/rest\/wp\/v2\/posts"}],"about":[{"href":"https:\/\/www.nettali.com\/rest\/wp\/v2\/types\/post"}],"author":[{"embeddable":true,"href":"https:\/\/www.nettali.com\/rest\/wp\/v2\/users\/4"}],"replies":[{"embeddable":true,"href":"https:\/\/www.nettali.com\/rest\/wp\/v2\/comments?post=86386"}],"version-history":[{"count":1,"href":"https:\/\/www.nettali.com\/rest\/wp\/v2\/posts\/86386\/revisions"}],"predecessor-version":[{"id":86388,"href":"https:\/\/www.nettali.com\/rest\/wp\/v2\/posts\/86386\/revisions\/86388"}],"wp:featuredmedia":[{"embeddable":true,"href":"https:\/\/www.nettali.com\/rest\/wp\/v2\/media\/65776"}],"wp:attachment":[{"href":"https:\/\/www.nettali.com\/rest\/wp\/v2\/media?parent=86386"}],"wp:term":[{"taxonomy":"category","embeddable":true,"href":"https:\/\/www.nettali.com\/rest\/wp\/v2\/categories?post=86386"},{"taxonomy":"post_tag","embeddable":true,"href":"https:\/\/www.nettali.com\/rest\/wp\/v2\/tags?post=86386"}],"curies":[{"name":"wp","href":"https:\/\/api.w.org\/{rel}","templated":true}]}}