{"id":86231,"date":"2022-05-13T15:45:35","date_gmt":"2022-05-13T15:45:35","guid":{"rendered":"https:\/\/www.nettali.com\/?p=86231"},"modified":"2022-05-13T15:45:35","modified_gmt":"2022-05-13T15:45:35","slug":"plus-beau-de-lannee-en-france-bamba-dieng-parmi-les-finalistes","status":"publish","type":"post","link":"https:\/\/www.nettali.com\/2022\/05\/13\/plus-beau-de-lannee-en-france-bamba-dieng-parmi-les-finalistes\/","title":{"rendered":"PLUS BEAU DE L'ANNEE EN FRANCE - Bamba Dieng parmi les finalistes"},"content":{"rendered":"<p><strong>NETTALI.COM\u00a0 - En France, l\u2019Union nationale des footballeurs professionnels a d\u00e9voil\u00e9, ce vendredi, sa s\u00e9lection des cinq plus beaux buts de l\u2019ann\u00e9e en Ligue 1. Parmi les nomm\u00e9s, un certain Bamba Dieng.\u00a0<\/strong><\/p>\n<p>Retourn\u00e9 acrobatique, frappe de plus de 50 m\u00e8tres, reprise de vol\u00e9e, action collective, coup franc : les cinq finalistes pour le plus beau but de l\u2019ann\u00e9e aux Troph\u00e9es UNFP ont \u00e9t\u00e9 d\u00e9voil\u00e9s ce vendredi sur Twitter, et il y en a pour tous les go\u00fbts ! C\u2019est d\u00e9sormais au public de voter pour son favori sur le site de l\u2019Union nationale des footballeurs professionnels (Unfp), avant la r\u00e9v\u00e9lation du grand vainqueur ce dimanche.<\/p>\n<p>\u00c9videmment, tous les buts valent le d\u00e9tour et le choix s\u2019annonce corn\u00e9lien. Entre le retourn\u00e9 de Bamba Dieng (OM) contre Strasbourg (18e journ\u00e9e), la reprise de vol\u00e9e d\u2019une trentaine de m\u00e8tres de Franck Honorat (Brest) contre Reims (10e journ\u00e9e), le lob depuis sa moiti\u00e9 de terrain de Wahbi Khazri (Saint-\u00c9tienne) \u00e0 Metz (12e journ\u00e9e), le triple une-deux de Lucas Paqueta (OL) contre Clermont (3e journ\u00e9e) et enfin le coup franc venu d\u2019ailleurs de T\u00e9ji Savanier \u00e0 Metz (16e journ\u00e9e), la cuv\u00e9e 2021-2022 est particuli\u00e8rement bonne.<\/p>\n<p style=\"text-align: right;\"><strong>(Source : Rmcsport)<\/strong><\/p>\n<div class='share-to-whatsapp-wrapper'><div class='share-on-whsp'>PARTAGER SUR : <\/div><a data-text='PLUS BEAU DE L'ANNEE EN FRANCE - Bamba Dieng parmi les finalistes' data-link='https:\/\/www.nettali.com\/2022\/05\/13\/plus-beau-de-lannee-en-france-bamba-dieng-parmi-les-finalistes\/' class='whatsapp-button whatsapp-share'>WhatsApp<\/a><div class='clear '><\/div><\/div>","protected":false},"excerpt":{"rendered":"<p>NETTALI.COM\u00a0 - En France, l\u2019Union nationale des footballeurs professionnels a d\u00e9voil\u00e9, ce vendredi, sa s\u00e9lection des cinq plus beaux buts de l\u2019ann\u00e9e en Ligue 1. Parmi les nomm\u00e9s, un certain Bamba Dieng.\u00a0 Retourn\u00e9 acrobatique, frappe de plus de 50 m\u00e8tres, reprise de vol\u00e9e, action collective, coup franc : les cinq finalistes pour le plus beau [&hellip;]<\/p>\n","protected":false},"author":3,"featured_media":86236,"comment_status":"open","ping_status":"open","sticky":false,"template":"","format":"standard","meta":{"_et_pb_use_builder":"","_et_pb_old_content":""},"categories":[6],"tags":[],"yoast_head":"<!-- This site is optimized with the Yoast SEO Premium plugin v17.8 (Yoast SEO v17.8) - https:\/\/yoast.com\/wordpress\/plugins\/seo\/ -->\n<title>PLUS BEAU DE L&#039;ANNEE EN FRANCE - Bamba Dieng parmi les finalistes | Nettali.com<\/title>\n<meta name=\"robots\" content=\"index, follow, max-snippet:-1, max-image-preview:large, max-video-preview:-1\" \/>\n<link rel=\"canonical\" href=\"https:\/\/www.nettali.com\/2022\/05\/13\/plus-beau-de-lannee-en-france-bamba-dieng-parmi-les-finalistes\/\" \/>\n<meta property=\"og:locale\" content=\"fr_FR\" \/>\n<meta property=\"og:type\" content=\"article\" \/>\n<meta property=\"og:title\" content=\"PLUS BEAU DE L&#039;ANNEE EN FRANCE - Bamba Dieng parmi les finalistes\" \/>\n<meta property=\"og:description\" content=\"NETTALI.COM\u00a0 - En France, l\u2019Union nationale des footballeurs professionnels a d\u00e9voil\u00e9, ce vendredi, sa s\u00e9lection des cinq plus beaux buts de l\u2019ann\u00e9e en Ligue 1. Parmi les nomm\u00e9s, un certain Bamba Dieng.\u00a0 Retourn\u00e9 acrobatique, frappe de plus de 50 m\u00e8tres, reprise de vol\u00e9e, action collective, coup franc : les cinq finalistes pour le plus beau [&hellip;]\" \/>\n<meta property=\"og:url\" content=\"https:\/\/www.nettali.com\/2022\/05\/13\/plus-beau-de-lannee-en-france-bamba-dieng-parmi-les-finalistes\/\" \/>\n<meta property=\"og:site_name\" content=\"Nettali.com\" \/>\n<meta property=\"article:publisher\" content=\"https:\/\/www.facebook.com\/nettalicom\" \/>\n<meta property=\"article:published_time\" content=\"2022-05-13T15:45:35+00:00\" \/>\n<meta property=\"og:image\" content=\"https:\/\/www.nettali.com\/wp-content\/uploads\/2022\/05\/Desktop_2122_UK_L1_Marseille_Strasbourg_Dieng_acrobatic.jpg\" \/>\n\t<meta property=\"og:image:width\" content=\"2016\" \/>\n\t<meta property=\"og:image:height\" content=\"1043\" \/>\n<meta name=\"twitter:card\" content=\"summary_large_image\" \/>\n<meta name=\"twitter:label1\" content=\"\u00c9crit par\" \/>\n\t<meta name=\"twitter:data1\" content=\"Moustapha\" \/>\n\t<meta name=\"twitter:label2\" content=\"Dur\u00e9e de lecture estim\u00e9e\" \/>\n\t<meta name=\"twitter:data2\" content=\"1 minute\" \/>\n<script type=\"application\/ld+json\" class=\"yoast-schema-graph\">{\"@context\":\"https:\/\/schema.org\",\"@graph\":[{\"@type\":\"WebSite\",\"@id\":\"https:\/\/www.nettali.com\/#website\",\"url\":\"https:\/\/www.nettali.com\/\",\"name\":\"Nettali.com\",\"description\":\"Le rendez-vous critique du Net\",\"potentialAction\":[{\"@type\":\"SearchAction\",\"target\":{\"@type\":\"EntryPoint\",\"urlTemplate\":\"https:\/\/www.nettali.com\/?s={search_term_string}\"},\"query-input\":\"required name=search_term_string\"}],\"inLanguage\":\"fr-FR\"},{\"@type\":\"ImageObject\",\"@id\":\"https:\/\/www.nettali.com\/2022\/05\/13\/plus-beau-de-lannee-en-france-bamba-dieng-parmi-les-finalistes\/#primaryimage\",\"inLanguage\":\"fr-FR\",\"url\":\"https:\/\/www.nettali.com\/wp-content\/uploads\/2022\/05\/Desktop_2122_UK_L1_Marseille_Strasbourg_Dieng_acrobatic.jpg\",\"contentUrl\":\"https:\/\/www.nettali.com\/wp-content\/uploads\/2022\/05\/Desktop_2122_UK_L1_Marseille_Strasbourg_Dieng_acrobatic.jpg\",\"width\":2016,\"height\":1043},{\"@type\":\"WebPage\",\"@id\":\"https:\/\/www.nettali.com\/2022\/05\/13\/plus-beau-de-lannee-en-france-bamba-dieng-parmi-les-finalistes\/#webpage\",\"url\":\"https:\/\/www.nettali.com\/2022\/05\/13\/plus-beau-de-lannee-en-france-bamba-dieng-parmi-les-finalistes\/\",\"name\":\"PLUS BEAU DE L'ANNEE EN FRANCE - Bamba Dieng parmi les finalistes | Nettali.com\",\"isPartOf\":{\"@id\":\"https:\/\/www.nettali.com\/#website\"},\"primaryImageOfPage\":{\"@id\":\"https:\/\/www.nettali.com\/2022\/05\/13\/plus-beau-de-lannee-en-france-bamba-dieng-parmi-les-finalistes\/#primaryimage\"},\"datePublished\":\"2022-05-13T15:45:35+00:00\",\"dateModified\":\"2022-05-13T15:45:35+00:00\",\"author\":{\"@id\":\"https:\/\/www.nettali.com\/#\/schema\/person\/7962a12a6e0267f88f0ffa544c36469a\"},\"breadcrumb\":{\"@id\":\"https:\/\/www.nettali.com\/2022\/05\/13\/plus-beau-de-lannee-en-france-bamba-dieng-parmi-les-finalistes\/#breadcrumb\"},\"inLanguage\":\"fr-FR\",\"potentialAction\":[{\"@type\":\"ReadAction\",\"target\":[\"https:\/\/www.nettali.com\/2022\/05\/13\/plus-beau-de-lannee-en-france-bamba-dieng-parmi-les-finalistes\/\"]}]},{\"@type\":\"BreadcrumbList\",\"@id\":\"https:\/\/www.nettali.com\/2022\/05\/13\/plus-beau-de-lannee-en-france-bamba-dieng-parmi-les-finalistes\/#breadcrumb\",\"itemListElement\":[{\"@type\":\"ListItem\",\"position\":1,\"name\":\"Accueil\",\"item\":\"https:\/\/www.nettali.com\/\"},{\"@type\":\"ListItem\",\"position\":2,\"name\":\"PLUS BEAU DE L'ANNEE EN FRANCE - Bamba Dieng parmi les finalistes\"}]},{\"@type\":\"Person\",\"@id\":\"https:\/\/www.nettali.com\/#\/schema\/person\/7962a12a6e0267f88f0ffa544c36469a\",\"name\":\"Moustapha\",\"image\":{\"@type\":\"ImageObject\",\"@id\":\"https:\/\/www.nettali.com\/#personlogo\",\"inLanguage\":\"fr-FR\",\"url\":\"https:\/\/secure.gravatar.com\/avatar\/10fdf6a071cccdcf374e3dbe45159590?s=96&d=mm&r=g\",\"contentUrl\":\"https:\/\/secure.gravatar.com\/avatar\/10fdf6a071cccdcf374e3dbe45159590?s=96&d=mm&r=g\",\"caption\":\"Moustapha\"},\"sameAs\":[\"https:\/\/www.nettali.com\"]}]}<\/script>\n<!-- \/ Yoast SEO Premium plugin. -->","yoast_head_json":{"title":"PLUS BEAU DE L'ANNEE EN FRANCE - Bamba Dieng parmi les finalistes | Nettali.com","robots":{"index":"index","follow":"follow","max-snippet":"max-snippet:-1","max-image-preview":"max-image-preview:large","max-video-preview":"max-video-preview:-1"},"canonical":"https:\/\/www.nettali.com\/2022\/05\/13\/plus-beau-de-lannee-en-france-bamba-dieng-parmi-les-finalistes\/","og_locale":"fr_FR","og_type":"article","og_title":"PLUS BEAU DE L'ANNEE EN FRANCE - Bamba Dieng parmi les finalistes","og_description":"NETTALI.COM\u00a0 - En France, l\u2019Union nationale des footballeurs professionnels a d\u00e9voil\u00e9, ce vendredi, sa s\u00e9lection des cinq plus beaux buts de l\u2019ann\u00e9e en Ligue 1. Parmi les nomm\u00e9s, un certain Bamba Dieng.\u00a0 Retourn\u00e9 acrobatique, frappe de plus de 50 m\u00e8tres, reprise de vol\u00e9e, action collective, coup franc : les cinq finalistes pour le plus beau [&hellip;]","og_url":"https:\/\/www.nettali.com\/2022\/05\/13\/plus-beau-de-lannee-en-france-bamba-dieng-parmi-les-finalistes\/","og_site_name":"Nettali.com","article_publisher":"https:\/\/www.facebook.com\/nettalicom","article_published_time":"2022-05-13T15:45:35+00:00","og_image":[{"width":2016,"height":1043,"url":"https:\/\/www.nettali.com\/wp-content\/uploads\/2022\/05\/Desktop_2122_UK_L1_Marseille_Strasbourg_Dieng_acrobatic.jpg","type":"image\/jpeg"}],"twitter_card":"summary_large_image","twitter_misc":{"\u00c9crit par":"Moustapha","Dur\u00e9e de lecture estim\u00e9e":"1 minute"},"schema":{"@context":"https:\/\/schema.org","@graph":[{"@type":"WebSite","@id":"https:\/\/www.nettali.com\/#website","url":"https:\/\/www.nettali.com\/","name":"Nettali.com","description":"Le rendez-vous critique du Net","potentialAction":[{"@type":"SearchAction","target":{"@type":"EntryPoint","urlTemplate":"https:\/\/www.nettali.com\/?s={search_term_string}"},"query-input":"required name=search_term_string"}],"inLanguage":"fr-FR"},{"@type":"ImageObject","@id":"https:\/\/www.nettali.com\/2022\/05\/13\/plus-beau-de-lannee-en-france-bamba-dieng-parmi-les-finalistes\/#primaryimage","inLanguage":"fr-FR","url":"https:\/\/www.nettali.com\/wp-content\/uploads\/2022\/05\/Desktop_2122_UK_L1_Marseille_Strasbourg_Dieng_acrobatic.jpg","contentUrl":"https:\/\/www.nettali.com\/wp-content\/uploads\/2022\/05\/Desktop_2122_UK_L1_Marseille_Strasbourg_Dieng_acrobatic.jpg","width":2016,"height":1043},{"@type":"WebPage","@id":"https:\/\/www.nettali.com\/2022\/05\/13\/plus-beau-de-lannee-en-france-bamba-dieng-parmi-les-finalistes\/#webpage","url":"https:\/\/www.nettali.com\/2022\/05\/13\/plus-beau-de-lannee-en-france-bamba-dieng-parmi-les-finalistes\/","name":"PLUS BEAU DE L'ANNEE EN FRANCE - Bamba Dieng parmi les finalistes | Nettali.com","isPartOf":{"@id":"https:\/\/www.nettali.com\/#website"},"primaryImageOfPage":{"@id":"https:\/\/www.nettali.com\/2022\/05\/13\/plus-beau-de-lannee-en-france-bamba-dieng-parmi-les-finalistes\/#primaryimage"},"datePublished":"2022-05-13T15:45:35+00:00","dateModified":"2022-05-13T15:45:35+00:00","author":{"@id":"https:\/\/www.nettali.com\/#\/schema\/person\/7962a12a6e0267f88f0ffa544c36469a"},"breadcrumb":{"@id":"https:\/\/www.nettali.com\/2022\/05\/13\/plus-beau-de-lannee-en-france-bamba-dieng-parmi-les-finalistes\/#breadcrumb"},"inLanguage":"fr-FR","potentialAction":[{"@type":"ReadAction","target":["https:\/\/www.nettali.com\/2022\/05\/13\/plus-beau-de-lannee-en-france-bamba-dieng-parmi-les-finalistes\/"]}]},{"@type":"BreadcrumbList","@id":"https:\/\/www.nettali.com\/2022\/05\/13\/plus-beau-de-lannee-en-france-bamba-dieng-parmi-les-finalistes\/#breadcrumb","itemListElement":[{"@type":"ListItem","position":1,"name":"Accueil","item":"https:\/\/www.nettali.com\/"},{"@type":"ListItem","position":2,"name":"PLUS BEAU DE L'ANNEE EN FRANCE - Bamba Dieng parmi les finalistes"}]},{"@type":"Person","@id":"https:\/\/www.nettali.com\/#\/schema\/person\/7962a12a6e0267f88f0ffa544c36469a","name":"Moustapha","image":{"@type":"ImageObject","@id":"https:\/\/www.nettali.com\/#personlogo","inLanguage":"fr-FR","url":"https:\/\/secure.gravatar.com\/avatar\/10fdf6a071cccdcf374e3dbe45159590?s=96&d=mm&r=g","contentUrl":"https:\/\/secure.gravatar.com\/avatar\/10fdf6a071cccdcf374e3dbe45159590?s=96&d=mm&r=g","caption":"Moustapha"},"sameAs":["https:\/\/www.nettali.com"]}]}},"_links":{"self":[{"href":"https:\/\/www.nettali.com\/rest\/wp\/v2\/posts\/86231"}],"collection":[{"href":"https:\/\/www.nettali.com\/rest\/wp\/v2\/posts"}],"about":[{"href":"https:\/\/www.nettali.com\/rest\/wp\/v2\/types\/post"}],"author":[{"embeddable":true,"href":"https:\/\/www.nettali.com\/rest\/wp\/v2\/users\/3"}],"replies":[{"embeddable":true,"href":"https:\/\/www.nettali.com\/rest\/wp\/v2\/comments?post=86231"}],"version-history":[{"count":1,"href":"https:\/\/www.nettali.com\/rest\/wp\/v2\/posts\/86231\/revisions"}],"predecessor-version":[{"id":86237,"href":"https:\/\/www.nettali.com\/rest\/wp\/v2\/posts\/86231\/revisions\/86237"}],"wp:featuredmedia":[{"embeddable":true,"href":"https:\/\/www.nettali.com\/rest\/wp\/v2\/media\/86236"}],"wp:attachment":[{"href":"https:\/\/www.nettali.com\/rest\/wp\/v2\/media?parent=86231"}],"wp:term":[{"taxonomy":"category","embeddable":true,"href":"https:\/\/www.nettali.com\/rest\/wp\/v2\/categories?post=86231"},{"taxonomy":"post_tag","embeddable":true,"href":"https:\/\/www.nettali.com\/rest\/wp\/v2\/tags?post=86231"}],"curies":[{"name":"wp","href":"https:\/\/api.w.org\/{rel}","templated":true}]}}