{"id":86223,"date":"2022-05-13T14:55:28","date_gmt":"2022-05-13T14:55:28","guid":{"rendered":"https:\/\/www.nettali.com\/?p=86223"},"modified":"2022-05-13T15:00:05","modified_gmt":"2022-05-13T15:00:05","slug":"polemique-nee-de-la-publication-de-yewwi-askan-la-cena-appelle-les-acteurs-a-la-serenite-et-au-sens-des-responsabilites-des-acteurs-politiques","status":"publish","type":"post","link":"https:\/\/www.nettali.com\/2022\/05\/13\/polemique-nee-de-la-publication-de-yewwi-askan-la-cena-appelle-les-acteurs-a-la-serenite-et-au-sens-des-responsabilites-des-acteurs-politiques\/","title":{"rendered":"POLEMIQUE NEE DE LA PUBLICATION DE YEWWI ASKAN - La CENA appelle les acteurs \u00e0 la s\u00e9r\u00e9nit\u00e9 et au sens des responsabilit\u00e9s"},"content":{"rendered":"<div dir=\"auto\"><strong>NETTALI.COM - La commission \u00e9lectorale nationale autonome (Cena) se prononce sur la pol\u00e9mique n\u00e9e de la publication de la liste de la Coalition Yewwi Askan Wi \u00e0 Dakar qui pourrait \u00eatre d\u00e9clar\u00e9e invalide pour non-respect de la loi sur la parit\u00e9 par la Direction g\u00e9n\u00e9rale des \u00e9lections.\u00a0<\/strong><\/div>\n<div dir=\"auto\"><\/div>\n<div dir=\"auto\">A travers un communiqu\u00e9, la Cena dit condamner fermement les d\u00e9clarations et les violences inacceptables que cette affaire a engendr\u00e9. Ainsi, elle en appelle \u00e0 la s\u00e9r\u00e9nit\u00e9 et au sens des responsabilit\u00e9s des acteurs politiques sur leur obligation d'entretenir, dans les joutes politiques, un climat de paix sans lequel la vie d\u00e9mocratique ne saurait se d\u00e9rouler dans une saine ambiance.<\/div>\n<div dir=\"auto\"><\/div>\n<div dir=\"auto\">Auparavant, la Cena a fait savoir que le d\u00e9p\u00f4ts d\u00e9p\u00f4t des listes de candidatures des partis, coalitions de partis et entit\u00e9s regroupant des personnes ind\u00e9pendantes, a d\u00e9marr\u00e9 depuis le 6 mai dernier et qu\u2019elle supervise. L'organisation souligne que le contr\u00f4le se poursuit dans d\u2019excellentes conditions. \u00ab La CENA, qui a eu \u00e0 proposer un tirage au sort pour le d\u00e9p\u00f4t des dossiers, a vu le minist\u00e8re en charge des \u00e9lections adh\u00e9rer \u00e0 cette formule. Le proc\u00e9d\u00e9 a \u00e9t\u00e9 soumis aux mandataires qui ont aussi, sans exception, accept\u00e9 que le tirage au sort d\u00e9termine l\u2019ordre de passage devant la commission pour la v\u00e9rification des parrainages, le d\u00e9p\u00f4t du compl\u00e9ment des dossiers de candidatures et, enfin, l\u2019ordre de pr\u00e9sentation des bulletins dans le bureau de vote. C\u2019est le lieu de se f\u00e9liciter de ce consensus \u00bb, mentionne le document de presse.<\/div>\n<div dir=\"auto\"><\/div>\n<div dir=\"auto\">Cependant, la Cena regrette que \u00ab malgr\u00e9 cette belle unanimit\u00e9, la date limite de d\u00e9p\u00f4t n\u2019a \u00e9t\u00e9 formellement respect\u00e9e par aucun des mandataires \u00bb. D\u2019apr\u00e8s la structure, beaucoup de listes de parrainages et de dossiers de candidatures n\u2019ont \u00e9t\u00e9 soumis \u00e0 la commission de r\u00e9ception que bien apr\u00e8s les dates et heures fix\u00e9es. \u00ab La CENA regrette ce comportement des partis qui fausse, de mani\u00e8re d\u00e9lib\u00e9r\u00e9e, la bonne organisation de la r\u00e9ception par la commission des dossiers de candidatures que l\u2019on esp\u00e9rait beaucoup plus sereine cette ann\u00e9e \u00bb, indique le communiqu\u00e9.<\/div>\n<div class='share-to-whatsapp-wrapper'><div class='share-on-whsp'>PARTAGER SUR : <\/div><a data-text='POLEMIQUE NEE DE LA PUBLICATION DE YEWWI ASKAN - La CENA appelle les acteurs \u00e0 la s\u00e9r\u00e9nit\u00e9 et au sens des responsabilit\u00e9s' data-link='https:\/\/www.nettali.com\/2022\/05\/13\/polemique-nee-de-la-publication-de-yewwi-askan-la-cena-appelle-les-acteurs-a-la-serenite-et-au-sens-des-responsabilites-des-acteurs-politiques\/' class='whatsapp-button whatsapp-share'>WhatsApp<\/a><div class='clear '><\/div><\/div>","protected":false},"excerpt":{"rendered":"<p>NETTALI.COM - La commission \u00e9lectorale nationale autonome (Cena) se prononce sur la pol\u00e9mique n\u00e9e de la publication de la liste de la Coalition Yewwi Askan Wi \u00e0 Dakar qui pourrait \u00eatre d\u00e9clar\u00e9e invalide pour non-respect de la loi sur la parit\u00e9 par la Direction g\u00e9n\u00e9rale des \u00e9lections.\u00a0 A travers un communiqu\u00e9, la Cena dit condamner [&hellip;]<\/p>\n","protected":false},"author":11,"featured_media":70990,"comment_status":"open","ping_status":"open","sticky":false,"template":"","format":"standard","meta":{"_et_pb_use_builder":"","_et_pb_old_content":""},"categories":[2],"tags":[],"yoast_head":"<!-- This site is optimized with the Yoast SEO Premium plugin v17.8 (Yoast SEO v17.8) - https:\/\/yoast.com\/wordpress\/plugins\/seo\/ -->\n<title>POLEMIQUE NEE DE LA PUBLICATION DE YEWWI ASKAN - La CENA appelle les acteurs \u00e0 la s\u00e9r\u00e9nit\u00e9 et au sens des responsabilit\u00e9s | Nettali.com<\/title>\n<meta name=\"robots\" content=\"index, follow, max-snippet:-1, max-image-preview:large, max-video-preview:-1\" \/>\n<link rel=\"canonical\" href=\"https:\/\/www.nettali.com\/2022\/05\/13\/polemique-nee-de-la-publication-de-yewwi-askan-la-cena-appelle-les-acteurs-a-la-serenite-et-au-sens-des-responsabilites-des-acteurs-politiques\/\" \/>\n<meta property=\"og:locale\" content=\"fr_FR\" \/>\n<meta property=\"og:type\" content=\"article\" \/>\n<meta property=\"og:title\" content=\"POLEMIQUE NEE DE LA PUBLICATION DE YEWWI ASKAN - La CENA appelle les acteurs \u00e0 la s\u00e9r\u00e9nit\u00e9 et au sens des responsabilit\u00e9s\" \/>\n<meta property=\"og:description\" content=\"NETTALI.COM - La commission \u00e9lectorale nationale autonome (Cena) se prononce sur la pol\u00e9mique n\u00e9e de la publication de la liste de la Coalition Yewwi Askan Wi \u00e0 Dakar qui pourrait \u00eatre d\u00e9clar\u00e9e invalide pour non-respect de la loi sur la parit\u00e9 par la Direction g\u00e9n\u00e9rale des \u00e9lections.\u00a0 A travers un communiqu\u00e9, la Cena dit condamner [&hellip;]\" \/>\n<meta property=\"og:url\" content=\"https:\/\/www.nettali.com\/2022\/05\/13\/polemique-nee-de-la-publication-de-yewwi-askan-la-cena-appelle-les-acteurs-a-la-serenite-et-au-sens-des-responsabilites-des-acteurs-politiques\/\" \/>\n<meta property=\"og:site_name\" content=\"Nettali.com\" \/>\n<meta property=\"article:publisher\" content=\"https:\/\/www.facebook.com\/nettalicom\" \/>\n<meta property=\"article:published_time\" content=\"2022-05-13T14:55:28+00:00\" \/>\n<meta property=\"article:modified_time\" content=\"2022-05-13T15:00:05+00:00\" \/>\n<meta property=\"og:image\" content=\"https:\/\/www.nettali.com\/wp-content\/uploads\/2021\/09\/La-CENA-au-Senegal-laviesenegalaise.jpg\" \/>\n\t<meta property=\"og:image:width\" content=\"1200\" \/>\n\t<meta property=\"og:image:height\" content=\"700\" \/>\n<meta name=\"twitter:card\" content=\"summary_large_image\" \/>\n<meta name=\"twitter:label1\" content=\"\u00c9crit par\" \/>\n\t<meta name=\"twitter:data1\" content=\"Thierno Diop\" \/>\n\t<meta name=\"twitter:label2\" content=\"Dur\u00e9e de lecture estim\u00e9e\" \/>\n\t<meta name=\"twitter:data2\" content=\"2 minutes\" \/>\n<script type=\"application\/ld+json\" class=\"yoast-schema-graph\">{\"@context\":\"https:\/\/schema.org\",\"@graph\":[{\"@type\":\"WebSite\",\"@id\":\"https:\/\/www.nettali.com\/#website\",\"url\":\"https:\/\/www.nettali.com\/\",\"name\":\"Nettali.com\",\"description\":\"Le rendez-vous critique du Net\",\"potentialAction\":[{\"@type\":\"SearchAction\",\"target\":{\"@type\":\"EntryPoint\",\"urlTemplate\":\"https:\/\/www.nettali.com\/?s={search_term_string}\"},\"query-input\":\"required name=search_term_string\"}],\"inLanguage\":\"fr-FR\"},{\"@type\":\"ImageObject\",\"@id\":\"https:\/\/www.nettali.com\/2022\/05\/13\/polemique-nee-de-la-publication-de-yewwi-askan-la-cena-appelle-les-acteurs-a-la-serenite-et-au-sens-des-responsabilites-des-acteurs-politiques\/#primaryimage\",\"inLanguage\":\"fr-FR\",\"url\":\"https:\/\/www.nettali.com\/wp-content\/uploads\/2021\/09\/La-CENA-au-Senegal-laviesenegalaise.jpg\",\"contentUrl\":\"https:\/\/www.nettali.com\/wp-content\/uploads\/2021\/09\/La-CENA-au-Senegal-laviesenegalaise.jpg\",\"width\":1200,\"height\":700},{\"@type\":\"WebPage\",\"@id\":\"https:\/\/www.nettali.com\/2022\/05\/13\/polemique-nee-de-la-publication-de-yewwi-askan-la-cena-appelle-les-acteurs-a-la-serenite-et-au-sens-des-responsabilites-des-acteurs-politiques\/#webpage\",\"url\":\"https:\/\/www.nettali.com\/2022\/05\/13\/polemique-nee-de-la-publication-de-yewwi-askan-la-cena-appelle-les-acteurs-a-la-serenite-et-au-sens-des-responsabilites-des-acteurs-politiques\/\",\"name\":\"POLEMIQUE NEE DE LA PUBLICATION DE YEWWI ASKAN - La CENA appelle les acteurs \\u00e0 la s\\u00e9r\\u00e9nit\\u00e9 et au sens des responsabilit\\u00e9s | Nettali.com\",\"isPartOf\":{\"@id\":\"https:\/\/www.nettali.com\/#website\"},\"primaryImageOfPage\":{\"@id\":\"https:\/\/www.nettali.com\/2022\/05\/13\/polemique-nee-de-la-publication-de-yewwi-askan-la-cena-appelle-les-acteurs-a-la-serenite-et-au-sens-des-responsabilites-des-acteurs-politiques\/#primaryimage\"},\"datePublished\":\"2022-05-13T14:55:28+00:00\",\"dateModified\":\"2022-05-13T15:00:05+00:00\",\"author\":{\"@id\":\"https:\/\/www.nettali.com\/#\/schema\/person\/8a06c6bd7b19304cf4bf985862900b5b\"},\"breadcrumb\":{\"@id\":\"https:\/\/www.nettali.com\/2022\/05\/13\/polemique-nee-de-la-publication-de-yewwi-askan-la-cena-appelle-les-acteurs-a-la-serenite-et-au-sens-des-responsabilites-des-acteurs-politiques\/#breadcrumb\"},\"inLanguage\":\"fr-FR\",\"potentialAction\":[{\"@type\":\"ReadAction\",\"target\":[\"https:\/\/www.nettali.com\/2022\/05\/13\/polemique-nee-de-la-publication-de-yewwi-askan-la-cena-appelle-les-acteurs-a-la-serenite-et-au-sens-des-responsabilites-des-acteurs-politiques\/\"]}]},{\"@type\":\"BreadcrumbList\",\"@id\":\"https:\/\/www.nettali.com\/2022\/05\/13\/polemique-nee-de-la-publication-de-yewwi-askan-la-cena-appelle-les-acteurs-a-la-serenite-et-au-sens-des-responsabilites-des-acteurs-politiques\/#breadcrumb\",\"itemListElement\":[{\"@type\":\"ListItem\",\"position\":1,\"name\":\"Accueil\",\"item\":\"https:\/\/www.nettali.com\/\"},{\"@type\":\"ListItem\",\"position\":2,\"name\":\"POLEMIQUE NEE DE LA PUBLICATION DE YEWWI ASKAN - La CENA appelle les acteurs \\u00e0 la s\\u00e9r\\u00e9nit\\u00e9 et au sens des responsabilit\\u00e9s\"}]},{\"@type\":\"Person\",\"@id\":\"https:\/\/www.nettali.com\/#\/schema\/person\/8a06c6bd7b19304cf4bf985862900b5b\",\"name\":\"Thierno Diop\",\"image\":{\"@type\":\"ImageObject\",\"@id\":\"https:\/\/www.nettali.com\/#personlogo\",\"inLanguage\":\"fr-FR\",\"url\":\"https:\/\/secure.gravatar.com\/avatar\/c8ca58550c94fd2ac856d27391a6c866?s=96&d=mm&r=g\",\"contentUrl\":\"https:\/\/secure.gravatar.com\/avatar\/c8ca58550c94fd2ac856d27391a6c866?s=96&d=mm&r=g\",\"caption\":\"Thierno Diop\"},\"sameAs\":[\"https:\/\/nettali.com\"]}]}<\/script>\n<!-- \/ Yoast SEO Premium plugin. -->","yoast_head_json":{"title":"POLEMIQUE NEE DE LA PUBLICATION DE YEWWI ASKAN - La CENA appelle les acteurs \u00e0 la s\u00e9r\u00e9nit\u00e9 et au sens des responsabilit\u00e9s | Nettali.com","robots":{"index":"index","follow":"follow","max-snippet":"max-snippet:-1","max-image-preview":"max-image-preview:large","max-video-preview":"max-video-preview:-1"},"canonical":"https:\/\/www.nettali.com\/2022\/05\/13\/polemique-nee-de-la-publication-de-yewwi-askan-la-cena-appelle-les-acteurs-a-la-serenite-et-au-sens-des-responsabilites-des-acteurs-politiques\/","og_locale":"fr_FR","og_type":"article","og_title":"POLEMIQUE NEE DE LA PUBLICATION DE YEWWI ASKAN - La CENA appelle les acteurs \u00e0 la s\u00e9r\u00e9nit\u00e9 et au sens des responsabilit\u00e9s","og_description":"NETTALI.COM - La commission \u00e9lectorale nationale autonome (Cena) se prononce sur la pol\u00e9mique n\u00e9e de la publication de la liste de la Coalition Yewwi Askan Wi \u00e0 Dakar qui pourrait \u00eatre d\u00e9clar\u00e9e invalide pour non-respect de la loi sur la parit\u00e9 par la Direction g\u00e9n\u00e9rale des \u00e9lections.\u00a0 A travers un communiqu\u00e9, la Cena dit condamner [&hellip;]","og_url":"https:\/\/www.nettali.com\/2022\/05\/13\/polemique-nee-de-la-publication-de-yewwi-askan-la-cena-appelle-les-acteurs-a-la-serenite-et-au-sens-des-responsabilites-des-acteurs-politiques\/","og_site_name":"Nettali.com","article_publisher":"https:\/\/www.facebook.com\/nettalicom","article_published_time":"2022-05-13T14:55:28+00:00","article_modified_time":"2022-05-13T15:00:05+00:00","og_image":[{"width":1200,"height":700,"url":"https:\/\/www.nettali.com\/wp-content\/uploads\/2021\/09\/La-CENA-au-Senegal-laviesenegalaise.jpg","type":"image\/jpeg"}],"twitter_card":"summary_large_image","twitter_misc":{"\u00c9crit par":"Thierno Diop","Dur\u00e9e de lecture estim\u00e9e":"2 minutes"},"schema":{"@context":"https:\/\/schema.org","@graph":[{"@type":"WebSite","@id":"https:\/\/www.nettali.com\/#website","url":"https:\/\/www.nettali.com\/","name":"Nettali.com","description":"Le rendez-vous critique du Net","potentialAction":[{"@type":"SearchAction","target":{"@type":"EntryPoint","urlTemplate":"https:\/\/www.nettali.com\/?s={search_term_string}"},"query-input":"required name=search_term_string"}],"inLanguage":"fr-FR"},{"@type":"ImageObject","@id":"https:\/\/www.nettali.com\/2022\/05\/13\/polemique-nee-de-la-publication-de-yewwi-askan-la-cena-appelle-les-acteurs-a-la-serenite-et-au-sens-des-responsabilites-des-acteurs-politiques\/#primaryimage","inLanguage":"fr-FR","url":"https:\/\/www.nettali.com\/wp-content\/uploads\/2021\/09\/La-CENA-au-Senegal-laviesenegalaise.jpg","contentUrl":"https:\/\/www.nettali.com\/wp-content\/uploads\/2021\/09\/La-CENA-au-Senegal-laviesenegalaise.jpg","width":1200,"height":700},{"@type":"WebPage","@id":"https:\/\/www.nettali.com\/2022\/05\/13\/polemique-nee-de-la-publication-de-yewwi-askan-la-cena-appelle-les-acteurs-a-la-serenite-et-au-sens-des-responsabilites-des-acteurs-politiques\/#webpage","url":"https:\/\/www.nettali.com\/2022\/05\/13\/polemique-nee-de-la-publication-de-yewwi-askan-la-cena-appelle-les-acteurs-a-la-serenite-et-au-sens-des-responsabilites-des-acteurs-politiques\/","name":"POLEMIQUE NEE DE LA PUBLICATION DE YEWWI ASKAN - La CENA appelle les acteurs \u00e0 la s\u00e9r\u00e9nit\u00e9 et au sens des responsabilit\u00e9s | Nettali.com","isPartOf":{"@id":"https:\/\/www.nettali.com\/#website"},"primaryImageOfPage":{"@id":"https:\/\/www.nettali.com\/2022\/05\/13\/polemique-nee-de-la-publication-de-yewwi-askan-la-cena-appelle-les-acteurs-a-la-serenite-et-au-sens-des-responsabilites-des-acteurs-politiques\/#primaryimage"},"datePublished":"2022-05-13T14:55:28+00:00","dateModified":"2022-05-13T15:00:05+00:00","author":{"@id":"https:\/\/www.nettali.com\/#\/schema\/person\/8a06c6bd7b19304cf4bf985862900b5b"},"breadcrumb":{"@id":"https:\/\/www.nettali.com\/2022\/05\/13\/polemique-nee-de-la-publication-de-yewwi-askan-la-cena-appelle-les-acteurs-a-la-serenite-et-au-sens-des-responsabilites-des-acteurs-politiques\/#breadcrumb"},"inLanguage":"fr-FR","potentialAction":[{"@type":"ReadAction","target":["https:\/\/www.nettali.com\/2022\/05\/13\/polemique-nee-de-la-publication-de-yewwi-askan-la-cena-appelle-les-acteurs-a-la-serenite-et-au-sens-des-responsabilites-des-acteurs-politiques\/"]}]},{"@type":"BreadcrumbList","@id":"https:\/\/www.nettali.com\/2022\/05\/13\/polemique-nee-de-la-publication-de-yewwi-askan-la-cena-appelle-les-acteurs-a-la-serenite-et-au-sens-des-responsabilites-des-acteurs-politiques\/#breadcrumb","itemListElement":[{"@type":"ListItem","position":1,"name":"Accueil","item":"https:\/\/www.nettali.com\/"},{"@type":"ListItem","position":2,"name":"POLEMIQUE NEE DE LA PUBLICATION DE YEWWI ASKAN - La CENA appelle les acteurs \u00e0 la s\u00e9r\u00e9nit\u00e9 et au sens des responsabilit\u00e9s"}]},{"@type":"Person","@id":"https:\/\/www.nettali.com\/#\/schema\/person\/8a06c6bd7b19304cf4bf985862900b5b","name":"Thierno Diop","image":{"@type":"ImageObject","@id":"https:\/\/www.nettali.com\/#personlogo","inLanguage":"fr-FR","url":"https:\/\/secure.gravatar.com\/avatar\/c8ca58550c94fd2ac856d27391a6c866?s=96&d=mm&r=g","contentUrl":"https:\/\/secure.gravatar.com\/avatar\/c8ca58550c94fd2ac856d27391a6c866?s=96&d=mm&r=g","caption":"Thierno Diop"},"sameAs":["https:\/\/nettali.com"]}]}},"_links":{"self":[{"href":"https:\/\/www.nettali.com\/rest\/wp\/v2\/posts\/86223"}],"collection":[{"href":"https:\/\/www.nettali.com\/rest\/wp\/v2\/posts"}],"about":[{"href":"https:\/\/www.nettali.com\/rest\/wp\/v2\/types\/post"}],"author":[{"embeddable":true,"href":"https:\/\/www.nettali.com\/rest\/wp\/v2\/users\/11"}],"replies":[{"embeddable":true,"href":"https:\/\/www.nettali.com\/rest\/wp\/v2\/comments?post=86223"}],"version-history":[{"count":2,"href":"https:\/\/www.nettali.com\/rest\/wp\/v2\/posts\/86223\/revisions"}],"predecessor-version":[{"id":86225,"href":"https:\/\/www.nettali.com\/rest\/wp\/v2\/posts\/86223\/revisions\/86225"}],"wp:featuredmedia":[{"embeddable":true,"href":"https:\/\/www.nettali.com\/rest\/wp\/v2\/media\/70990"}],"wp:attachment":[{"href":"https:\/\/www.nettali.com\/rest\/wp\/v2\/media?parent=86223"}],"wp:term":[{"taxonomy":"category","embeddable":true,"href":"https:\/\/www.nettali.com\/rest\/wp\/v2\/categories?post=86223"},{"taxonomy":"post_tag","embeddable":true,"href":"https:\/\/www.nettali.com\/rest\/wp\/v2\/tags?post=86223"}],"curies":[{"name":"wp","href":"https:\/\/api.w.org\/{rel}","templated":true}]}}