{"id":85966,"date":"2022-05-09T13:04:38","date_gmt":"2022-05-09T13:04:38","guid":{"rendered":"https:\/\/www.nettali.com\/?p=85966"},"modified":"2022-05-10T09:23:09","modified_gmt":"2022-05-10T09:23:09","slug":"recrutement-de-guy-marius-sagna-et-capitaine-toure-oumar-gueye-met-les-points-sur-les-i-2","status":"publish","type":"post","link":"https:\/\/www.nettali.com\/2022\/05\/09\/recrutement-de-guy-marius-sagna-et-capitaine-toure-oumar-gueye-met-les-points-sur-les-i-2\/","title":{"rendered":"RECRUTEMENT DE GUY MARIUS SAGNA ET CAPITAINE TOURE - Oumar Gueye met les points sur les \u00ab I \u00bb"},"content":{"rendered":"<div dir=\"auto\"><strong>NETTALI.COM - Le maire de la ville de Dakar a enfreint la loi en recrutant Guy Marius Sagna et le Capitaine Tour\u00e9. C\u2019est ce que semble dire le ministre des Collectivit\u00e9s territoriales Oumar Gueye qui, rappelle que les collectivit\u00e9s territoriales ne peuvent pas recruter des personnes en dehors de l\u2019organigramme type.\u00a0<\/strong><\/div>\n<div dir=\"auto\"><\/div>\n<div dir=\"auto\">Les collectivit\u00e9s territoriales ne peuvent pas recruter des personnes en dehors de l\u2019organigramme type. C\u2019est l\u2019avis du ministre des Collectivit\u00e9s territoriales et porte-parole du Gouvernement Oumar Gueye qui s\u2019exprimait, ce lundi, au cours de la rencontre sur la revue des collectivit\u00e9s territoriales. \u00ab M\u00eame un maire qui voudrait le faire ne peut pas le faire parce que s\u2019il fait un contrat qui n\u2019est pas conforme aux organigrammes, ce contrat ne sera jamais vis\u00e9 par l\u2019inspection g\u00e9n\u00e9rale du travail. Aucun bulletin de salaire ne pourra \u00eatre pay\u00e9 \u00bb, a-t-il expliqu\u00e9.<\/div>\n<div dir=\"auto\"><\/div>\n<div dir=\"auto\">Maintenant, poursuit-il : \u00ab si un maire dit \"je vais vous prendre et \u00e0 la fin du mois, je prends mon argent et je vous donne\", cela n\u2019est pas un recrutement. Mais actuellement, il n\u2019y a aucun recrutement, de par la loi, qui s\u2019est op\u00e9r\u00e9 dans une collectivit\u00e9 territoriale. Demandez qu\u2019on vous montre le contrat, demandez qu\u2019on vous montre un bulletin de salaire, vous ne les verrez pas. C\u2019est impossible \u00bb.<\/div>\n<div dir=\"auto\"><\/div>\n<div dir=\"auto\">D\u2019apr\u00e8s Oumar Gueye, c\u2019est le percepteur municipal qui paie \u00e0 base d\u2019un bulletin conforme \u00e0 la loi. Et, mart\u00e8le-t-il : \u00ab si le bulletin n\u2019est pas conforme \u00e0 la loi, aucun paiement ne pourra se faire. Il n\u2019est pas dit que quand on renouvelle des collectivit\u00e9s territoriales, toutes les personnes qu\u2019on a trouv\u00e9es, on les enl\u00e8ve et on am\u00e8ne d\u2019autres personnes. Et cela est r\u00e9gl\u00e9 par la fonction publique locale. Il n\u2019y a pas lieu de le faire en dehors des lois et r\u00e8glements \u00bb. Selon le ministre, le principe de la libre administration des collectivit\u00e9s territoriales est encadr\u00e9<\/div>\n<div class='share-to-whatsapp-wrapper'><div class='share-on-whsp'>PARTAGER SUR : <\/div><a data-text='RECRUTEMENT DE GUY MARIUS SAGNA ET CAPITAINE TOURE - Oumar Gueye met les points sur les \u00ab I \u00bb' data-link='https:\/\/www.nettali.com\/2022\/05\/09\/recrutement-de-guy-marius-sagna-et-capitaine-toure-oumar-gueye-met-les-points-sur-les-i-2\/' class='whatsapp-button whatsapp-share'>WhatsApp<\/a><div class='clear '><\/div><\/div>","protected":false},"excerpt":{"rendered":"<p>NETTALI.COM - Le maire de la ville de Dakar a enfreint la loi en recrutant Guy Marius Sagna et le Capitaine Tour\u00e9. C\u2019est ce que semble dire le ministre des Collectivit\u00e9s territoriales Oumar Gueye qui, rappelle que les collectivit\u00e9s territoriales ne peuvent pas recruter des personnes en dehors de l\u2019organigramme type.\u00a0 Les collectivit\u00e9s territoriales ne [&hellip;]<\/p>\n","protected":false},"author":11,"featured_media":60355,"comment_status":"open","ping_status":"open","sticky":false,"template":"","format":"standard","meta":{"_et_pb_use_builder":"","_et_pb_old_content":""},"categories":[2],"tags":[],"yoast_head":"<!-- This site is optimized with the Yoast SEO Premium plugin v17.8 (Yoast SEO v17.8) - https:\/\/yoast.com\/wordpress\/plugins\/seo\/ -->\n<title>RECRUTEMENT DE GUY MARIUS SAGNA ET CAPITAINE TOURE - Oumar Gueye met les points sur les \u00ab I \u00bb | Nettali.com<\/title>\n<meta name=\"robots\" content=\"index, follow, max-snippet:-1, max-image-preview:large, max-video-preview:-1\" \/>\n<link rel=\"canonical\" href=\"https:\/\/www.nettali.com\/2022\/05\/09\/recrutement-de-guy-marius-sagna-et-capitaine-toure-oumar-gueye-met-les-points-sur-les-i-2\/\" \/>\n<meta property=\"og:locale\" content=\"fr_FR\" \/>\n<meta property=\"og:type\" content=\"article\" \/>\n<meta property=\"og:title\" content=\"RECRUTEMENT DE GUY MARIUS SAGNA ET CAPITAINE TOURE - Oumar Gueye met les points sur les \u00ab I \u00bb\" \/>\n<meta property=\"og:description\" content=\"NETTALI.COM - Le maire de la ville de Dakar a enfreint la loi en recrutant Guy Marius Sagna et le Capitaine Tour\u00e9. C\u2019est ce que semble dire le ministre des Collectivit\u00e9s territoriales Oumar Gueye qui, rappelle que les collectivit\u00e9s territoriales ne peuvent pas recruter des personnes en dehors de l\u2019organigramme type.\u00a0 Les collectivit\u00e9s territoriales ne [&hellip;]\" \/>\n<meta property=\"og:url\" content=\"https:\/\/www.nettali.com\/2022\/05\/09\/recrutement-de-guy-marius-sagna-et-capitaine-toure-oumar-gueye-met-les-points-sur-les-i-2\/\" \/>\n<meta property=\"og:site_name\" content=\"Nettali.com\" \/>\n<meta property=\"article:publisher\" content=\"https:\/\/www.facebook.com\/nettalicom\" \/>\n<meta property=\"article:published_time\" content=\"2022-05-09T13:04:38+00:00\" \/>\n<meta property=\"article:modified_time\" content=\"2022-05-10T09:23:09+00:00\" \/>\n<meta property=\"og:image\" content=\"https:\/\/www.nettali.com\/wp-content\/uploads\/2021\/03\/oumargueye_1.jpg\" \/>\n\t<meta property=\"og:image:width\" content=\"736\" \/>\n\t<meta property=\"og:image:height\" content=\"553\" \/>\n<meta name=\"twitter:card\" content=\"summary_large_image\" \/>\n<meta name=\"twitter:label1\" content=\"\u00c9crit par\" \/>\n\t<meta name=\"twitter:data1\" content=\"Thierno Diop\" \/>\n\t<meta name=\"twitter:label2\" content=\"Dur\u00e9e de lecture estim\u00e9e\" \/>\n\t<meta name=\"twitter:data2\" content=\"2 minutes\" \/>\n<script type=\"application\/ld+json\" class=\"yoast-schema-graph\">{\"@context\":\"https:\/\/schema.org\",\"@graph\":[{\"@type\":\"WebSite\",\"@id\":\"https:\/\/www.nettali.com\/#website\",\"url\":\"https:\/\/www.nettali.com\/\",\"name\":\"Nettali.com\",\"description\":\"Le rendez-vous critique du Net\",\"potentialAction\":[{\"@type\":\"SearchAction\",\"target\":{\"@type\":\"EntryPoint\",\"urlTemplate\":\"https:\/\/www.nettali.com\/?s={search_term_string}\"},\"query-input\":\"required name=search_term_string\"}],\"inLanguage\":\"fr-FR\"},{\"@type\":\"ImageObject\",\"@id\":\"https:\/\/www.nettali.com\/2022\/05\/09\/recrutement-de-guy-marius-sagna-et-capitaine-toure-oumar-gueye-met-les-points-sur-les-i-2\/#primaryimage\",\"inLanguage\":\"fr-FR\",\"url\":\"https:\/\/www.nettali.com\/wp-content\/uploads\/2021\/03\/oumargueye_1.jpg\",\"contentUrl\":\"https:\/\/www.nettali.com\/wp-content\/uploads\/2021\/03\/oumargueye_1.jpg\",\"width\":736,\"height\":553},{\"@type\":\"WebPage\",\"@id\":\"https:\/\/www.nettali.com\/2022\/05\/09\/recrutement-de-guy-marius-sagna-et-capitaine-toure-oumar-gueye-met-les-points-sur-les-i-2\/#webpage\",\"url\":\"https:\/\/www.nettali.com\/2022\/05\/09\/recrutement-de-guy-marius-sagna-et-capitaine-toure-oumar-gueye-met-les-points-sur-les-i-2\/\",\"name\":\"RECRUTEMENT DE GUY MARIUS SAGNA ET CAPITAINE TOURE - Oumar Gueye met les points sur les \\u00ab I \\u00bb | Nettali.com\",\"isPartOf\":{\"@id\":\"https:\/\/www.nettali.com\/#website\"},\"primaryImageOfPage\":{\"@id\":\"https:\/\/www.nettali.com\/2022\/05\/09\/recrutement-de-guy-marius-sagna-et-capitaine-toure-oumar-gueye-met-les-points-sur-les-i-2\/#primaryimage\"},\"datePublished\":\"2022-05-09T13:04:38+00:00\",\"dateModified\":\"2022-05-10T09:23:09+00:00\",\"author\":{\"@id\":\"https:\/\/www.nettali.com\/#\/schema\/person\/8a06c6bd7b19304cf4bf985862900b5b\"},\"breadcrumb\":{\"@id\":\"https:\/\/www.nettali.com\/2022\/05\/09\/recrutement-de-guy-marius-sagna-et-capitaine-toure-oumar-gueye-met-les-points-sur-les-i-2\/#breadcrumb\"},\"inLanguage\":\"fr-FR\",\"potentialAction\":[{\"@type\":\"ReadAction\",\"target\":[\"https:\/\/www.nettali.com\/2022\/05\/09\/recrutement-de-guy-marius-sagna-et-capitaine-toure-oumar-gueye-met-les-points-sur-les-i-2\/\"]}]},{\"@type\":\"BreadcrumbList\",\"@id\":\"https:\/\/www.nettali.com\/2022\/05\/09\/recrutement-de-guy-marius-sagna-et-capitaine-toure-oumar-gueye-met-les-points-sur-les-i-2\/#breadcrumb\",\"itemListElement\":[{\"@type\":\"ListItem\",\"position\":1,\"name\":\"Accueil\",\"item\":\"https:\/\/www.nettali.com\/\"},{\"@type\":\"ListItem\",\"position\":2,\"name\":\"RECRUTEMENT DE GUY MARIUS SAGNA ET CAPITAINE TOURE - Oumar Gueye met les points sur les \\u00ab I \\u00bb\"}]},{\"@type\":\"Person\",\"@id\":\"https:\/\/www.nettali.com\/#\/schema\/person\/8a06c6bd7b19304cf4bf985862900b5b\",\"name\":\"Thierno Diop\",\"image\":{\"@type\":\"ImageObject\",\"@id\":\"https:\/\/www.nettali.com\/#personlogo\",\"inLanguage\":\"fr-FR\",\"url\":\"https:\/\/secure.gravatar.com\/avatar\/c8ca58550c94fd2ac856d27391a6c866?s=96&d=mm&r=g\",\"contentUrl\":\"https:\/\/secure.gravatar.com\/avatar\/c8ca58550c94fd2ac856d27391a6c866?s=96&d=mm&r=g\",\"caption\":\"Thierno Diop\"},\"sameAs\":[\"https:\/\/nettali.com\"]}]}<\/script>\n<!-- \/ Yoast SEO Premium plugin. -->","yoast_head_json":{"title":"RECRUTEMENT DE GUY MARIUS SAGNA ET CAPITAINE TOURE - Oumar Gueye met les points sur les \u00ab I \u00bb | Nettali.com","robots":{"index":"index","follow":"follow","max-snippet":"max-snippet:-1","max-image-preview":"max-image-preview:large","max-video-preview":"max-video-preview:-1"},"canonical":"https:\/\/www.nettali.com\/2022\/05\/09\/recrutement-de-guy-marius-sagna-et-capitaine-toure-oumar-gueye-met-les-points-sur-les-i-2\/","og_locale":"fr_FR","og_type":"article","og_title":"RECRUTEMENT DE GUY MARIUS SAGNA ET CAPITAINE TOURE - Oumar Gueye met les points sur les \u00ab I \u00bb","og_description":"NETTALI.COM - Le maire de la ville de Dakar a enfreint la loi en recrutant Guy Marius Sagna et le Capitaine Tour\u00e9. C\u2019est ce que semble dire le ministre des Collectivit\u00e9s territoriales Oumar Gueye qui, rappelle que les collectivit\u00e9s territoriales ne peuvent pas recruter des personnes en dehors de l\u2019organigramme type.\u00a0 Les collectivit\u00e9s territoriales ne [&hellip;]","og_url":"https:\/\/www.nettali.com\/2022\/05\/09\/recrutement-de-guy-marius-sagna-et-capitaine-toure-oumar-gueye-met-les-points-sur-les-i-2\/","og_site_name":"Nettali.com","article_publisher":"https:\/\/www.facebook.com\/nettalicom","article_published_time":"2022-05-09T13:04:38+00:00","article_modified_time":"2022-05-10T09:23:09+00:00","og_image":[{"width":736,"height":553,"url":"https:\/\/www.nettali.com\/wp-content\/uploads\/2021\/03\/oumargueye_1.jpg","type":"image\/jpeg"}],"twitter_card":"summary_large_image","twitter_misc":{"\u00c9crit par":"Thierno Diop","Dur\u00e9e de lecture estim\u00e9e":"2 minutes"},"schema":{"@context":"https:\/\/schema.org","@graph":[{"@type":"WebSite","@id":"https:\/\/www.nettali.com\/#website","url":"https:\/\/www.nettali.com\/","name":"Nettali.com","description":"Le rendez-vous critique du Net","potentialAction":[{"@type":"SearchAction","target":{"@type":"EntryPoint","urlTemplate":"https:\/\/www.nettali.com\/?s={search_term_string}"},"query-input":"required name=search_term_string"}],"inLanguage":"fr-FR"},{"@type":"ImageObject","@id":"https:\/\/www.nettali.com\/2022\/05\/09\/recrutement-de-guy-marius-sagna-et-capitaine-toure-oumar-gueye-met-les-points-sur-les-i-2\/#primaryimage","inLanguage":"fr-FR","url":"https:\/\/www.nettali.com\/wp-content\/uploads\/2021\/03\/oumargueye_1.jpg","contentUrl":"https:\/\/www.nettali.com\/wp-content\/uploads\/2021\/03\/oumargueye_1.jpg","width":736,"height":553},{"@type":"WebPage","@id":"https:\/\/www.nettali.com\/2022\/05\/09\/recrutement-de-guy-marius-sagna-et-capitaine-toure-oumar-gueye-met-les-points-sur-les-i-2\/#webpage","url":"https:\/\/www.nettali.com\/2022\/05\/09\/recrutement-de-guy-marius-sagna-et-capitaine-toure-oumar-gueye-met-les-points-sur-les-i-2\/","name":"RECRUTEMENT DE GUY MARIUS SAGNA ET CAPITAINE TOURE - Oumar Gueye met les points sur les \u00ab I \u00bb | Nettali.com","isPartOf":{"@id":"https:\/\/www.nettali.com\/#website"},"primaryImageOfPage":{"@id":"https:\/\/www.nettali.com\/2022\/05\/09\/recrutement-de-guy-marius-sagna-et-capitaine-toure-oumar-gueye-met-les-points-sur-les-i-2\/#primaryimage"},"datePublished":"2022-05-09T13:04:38+00:00","dateModified":"2022-05-10T09:23:09+00:00","author":{"@id":"https:\/\/www.nettali.com\/#\/schema\/person\/8a06c6bd7b19304cf4bf985862900b5b"},"breadcrumb":{"@id":"https:\/\/www.nettali.com\/2022\/05\/09\/recrutement-de-guy-marius-sagna-et-capitaine-toure-oumar-gueye-met-les-points-sur-les-i-2\/#breadcrumb"},"inLanguage":"fr-FR","potentialAction":[{"@type":"ReadAction","target":["https:\/\/www.nettali.com\/2022\/05\/09\/recrutement-de-guy-marius-sagna-et-capitaine-toure-oumar-gueye-met-les-points-sur-les-i-2\/"]}]},{"@type":"BreadcrumbList","@id":"https:\/\/www.nettali.com\/2022\/05\/09\/recrutement-de-guy-marius-sagna-et-capitaine-toure-oumar-gueye-met-les-points-sur-les-i-2\/#breadcrumb","itemListElement":[{"@type":"ListItem","position":1,"name":"Accueil","item":"https:\/\/www.nettali.com\/"},{"@type":"ListItem","position":2,"name":"RECRUTEMENT DE GUY MARIUS SAGNA ET CAPITAINE TOURE - Oumar Gueye met les points sur les \u00ab I \u00bb"}]},{"@type":"Person","@id":"https:\/\/www.nettali.com\/#\/schema\/person\/8a06c6bd7b19304cf4bf985862900b5b","name":"Thierno Diop","image":{"@type":"ImageObject","@id":"https:\/\/www.nettali.com\/#personlogo","inLanguage":"fr-FR","url":"https:\/\/secure.gravatar.com\/avatar\/c8ca58550c94fd2ac856d27391a6c866?s=96&d=mm&r=g","contentUrl":"https:\/\/secure.gravatar.com\/avatar\/c8ca58550c94fd2ac856d27391a6c866?s=96&d=mm&r=g","caption":"Thierno Diop"},"sameAs":["https:\/\/nettali.com"]}]}},"_links":{"self":[{"href":"https:\/\/www.nettali.com\/rest\/wp\/v2\/posts\/85966"}],"collection":[{"href":"https:\/\/www.nettali.com\/rest\/wp\/v2\/posts"}],"about":[{"href":"https:\/\/www.nettali.com\/rest\/wp\/v2\/types\/post"}],"author":[{"embeddable":true,"href":"https:\/\/www.nettali.com\/rest\/wp\/v2\/users\/11"}],"replies":[{"embeddable":true,"href":"https:\/\/www.nettali.com\/rest\/wp\/v2\/comments?post=85966"}],"version-history":[{"count":3,"href":"https:\/\/www.nettali.com\/rest\/wp\/v2\/posts\/85966\/revisions"}],"predecessor-version":[{"id":85972,"href":"https:\/\/www.nettali.com\/rest\/wp\/v2\/posts\/85966\/revisions\/85972"}],"wp:featuredmedia":[{"embeddable":true,"href":"https:\/\/www.nettali.com\/rest\/wp\/v2\/media\/60355"}],"wp:attachment":[{"href":"https:\/\/www.nettali.com\/rest\/wp\/v2\/media?parent=85966"}],"wp:term":[{"taxonomy":"category","embeddable":true,"href":"https:\/\/www.nettali.com\/rest\/wp\/v2\/categories?post=85966"},{"taxonomy":"post_tag","embeddable":true,"href":"https:\/\/www.nettali.com\/rest\/wp\/v2\/tags?post=85966"}],"curies":[{"name":"wp","href":"https:\/\/api.w.org\/{rel}","templated":true}]}}