{"id":85742,"date":"2022-05-04T20:17:23","date_gmt":"2022-05-04T20:17:23","guid":{"rendered":"https:\/\/www.nettali.com\/?p=85742"},"modified":"2022-05-04T20:17:23","modified_gmt":"2022-05-04T20:17:23","slug":"par-moussa-diaw-lopposition-senegalaise-est-elle-strategique","status":"publish","type":"post","link":"https:\/\/www.nettali.com\/2022\/05\/04\/par-moussa-diaw-lopposition-senegalaise-est-elle-strategique\/","title":{"rendered":"PAR MOUSSA DIAW - L\u2019opposition s\u00e9n\u00e9galaise est-elle strat\u00e9gique ?"},"content":{"rendered":"<div align=\"justify\"><span style=\"font-size: 16px;\">CONTRIBUTION - La finalit\u00e9 d\u2019une formation politique est la conqu\u00eate, l\u2019exercice et la conservation du pouvoir, conform\u00e9ment aux r\u00e8gles et principes d\u00e9mocratiques. Mais au S\u00e9n\u00e9gal depuis l\u2019instauration du multipartisme int\u00e9gral en 1981, on assiste \u00e0 une prolif\u00e9ration\u00a0 de partis politiques qui, pour beaucoup, ont un faible ancrage \u00e9lectoral\u00a0 dans les pores de la soci\u00e9t\u00e9 politique, ou seulement une visibilit\u00e9 m\u00e9diatique autour d\u2019un leader souvent solitaire. L\u2019obtention d\u2019un r\u00e9c\u00e9piss\u00e9 est un gage ou un fonds de commerce pour int\u00e9grer ou n\u00e9gocier des positions de pouvoir au sein d\u2019une coalition en cas de victoire. La politique est priv\u00e9e de son sens dans l\u2019esprit et la pratique d\u2019autant que la perte de cr\u00e9dibilit\u00e9 de la parole politique est une r\u00e9alit\u00e9 et ne semble pas g\u00eaner ceux qui pensent que l\u2019action politique se r\u00e9duit \u00e0 un marchandage p\u00e9cuniaire faisant fi des engagements et convictions.\u00a0 C\u2019est dans ce contexte que la d\u00e9mocratie s\u00e9n\u00e9galaise s\u2019\u00e9vanouit dans les m\u00e9andres des calculs d\u2019int\u00e9r\u00eat et d\u2019ambition personnels ou de clans affect\u00e9s par la hantise d\u2019un pouvoir qui risque de leur \u00e9chapper. Alors, tous les moyens sont mobilis\u00e9s pour le pr\u00e9server allant m\u00eame jusqu\u2019\u00e0 sacrifier son \u00e2me, en termes de principes, de valeurs et d\u2019\u00e9thique.\u00a0 Toutefois, la question reste de savoir comment une opposition responsable, devrait se comporter dans une perspective d\u2019alternance politique.<\/span><\/div>\n<div align=\"justify\"><span style=\"font-size: 16px;\">\u00a0<\/span><\/div>\n<div align=\"justify\"><span style=\"font-size: 16px;\">Face \u00e0 cette \u00e9ch\u00e9ance importante des \u00e9lections l\u00e9gislatives du 31 juillet 2022, sauf cas de force majeure pour son report (la p\u00e9riode de l\u2019hivernage n\u2019est pas l\u2019id\u00e9al),\u00a0 l\u2019opposition se distingue encore par des rivalit\u00e9s de groupes ou de coalitions pour cette bataille \u00e9lectorale d\u00e9terminante afin de baliser le chemin devant mener vers le sommet de l\u2019Etat. Elle se pr\u00e9sente de mani\u00e8re dispers\u00e9e par des coalitions antagonistes, parfois de faible intensit\u00e9 pour ne pas dire \u00e9paisseur \u00e9lectorale, facilitant non seulement des infiltrations, mais une d\u00e9faite programm\u00e9e, malgr\u00e9 l\u2019euphorie des r\u00e9sultats des locales dans les grandes villes \u00e0 forte concentration \u00e9lectorale.\u00a0 Pourtant, elle ne perd pas de vue que le mode de scrutin majoritaire dans les d\u00e9partements ne conforte pas sa position, eu \u00e9gard au monopole des zones rurales par la majorit\u00e9 et l\u2019activation du principe \u00ab raw gaddu \u00bb en wolof (on rafle tout, m\u00eame quand l\u2019\u00e9cart est d\u2019une seule voix), et il lui sera difficile de renverser cette tendance en misant sur l\u2019\u00e9tat de l\u2019opinion qui lui semble \u00eatre acquis, notamment aupr\u00e8s des jeunes. Nul doute que\u00a0 cela explique l\u2019engouement et les strat\u00e9gies de communication pour ravir cette cat\u00e9gorie de la population, tr\u00e8s attach\u00e9e aux discours annonciateurs de changements de fond dans les pratiques politiques. Le d\u00e9fi est consid\u00e9rable pour susciter une dynamique collective occultant les ambitions individuelles et opportunistes aux fins de ne pas d\u00e9cevoir\u00a0 les aspirations d\u2019une grande partie des citoyens confront\u00e9s aux rudes r\u00e9alit\u00e9s de la vie. Cette opposition est-elle consciente de sa responsabilit\u00e9 de \u00ab changer la vie \u00bb en se mettant ensemble, d\u00e9passant les contradictions internes ? C\u2019est possible, elle est \u00e9minemment dou\u00e9e de savoirs et d\u2019exp\u00e9riences, tout d\u00e9pend des motivations politiques des uns et des autres. Il est vrai que les choses sont plus complexes dans les grandes d\u00e9mocraties comme la France o\u00f9 les clivages id\u00e9ologiques constituent des obstacles majeurs pour faire bloc et s\u2019entendre sur l\u2019essentiel, cela exige d\u2019\u00e2pres\u00a0 et intenses n\u00e9gociations entre les diff\u00e9rents acteurs. Au S\u00e9n\u00e9gal comme ailleurs en Afrique, la \u00ab politique du portefeuille \u00bb ou de promesses de postes (ministre-conseiller, DG, PCA, etc.) l\u2019emporte sur des consid\u00e9rations id\u00e9ologiques, volontaristes. Il s\u2019ensuit un paysage politique \u00e9clat\u00e9 qui fait le jeu de la majorit\u00e9 qui d\u00e9tient des ressources lui permettant d\u2019amadouer ais\u00e9ment des leaders en situation de \u00ab vuln\u00e9rabilit\u00e9 \u00bb dans leurs convictions politiques.<\/span><\/div>\n<div align=\"justify\"><span style=\"font-size: 16px;\">\u00a0<\/span><\/div>\n<div align=\"justify\"><span style=\"font-size: 16px;\">Cela \u00e9tant, l\u2019opposition doit faire son introspection mais surtout \u00e9viter l\u2019\u00e9clatement qui risque de compromettre ses chances d\u2019imposer une nouvelle vision de la politique loin des pratiques obsol\u00e8tes qui plombent, \u00e0 tous les \u00e9gards, la fonctionnalit\u00e9 de la d\u00e9mocratie. Reste \u00e0 privil\u00e9gier l\u2019intelligence, l\u2019imagination politique, la lucidit\u00e9 et le courage pour se mettre ensemble, sans \u00e9tat d\u2019\u00e2me, au service des citoyens.<\/span><\/div>\n<div align=\"justify\"><span style=\"font-size: 16px;\">\u00a0<\/span><\/div>\n<div align=\"justify\"><span style=\"font-size: 16px;\"><b>Moussa Diaw, enseignant-chercheur en science politique, UGB, Saint-Louis.<\/b><\/span><\/div>\n<div class='share-to-whatsapp-wrapper'><div class='share-on-whsp'>PARTAGER SUR : <\/div><a data-text='PAR MOUSSA DIAW - L\u2019opposition s\u00e9n\u00e9galaise est-elle strat\u00e9gique ?' data-link='https:\/\/www.nettali.com\/2022\/05\/04\/par-moussa-diaw-lopposition-senegalaise-est-elle-strategique\/' class='whatsapp-button whatsapp-share'>WhatsApp<\/a><div class='clear '><\/div><\/div>","protected":false},"excerpt":{"rendered":"<p>CONTRIBUTION - La finalit\u00e9 d\u2019une formation politique est la conqu\u00eate, l\u2019exercice et la conservation du pouvoir, conform\u00e9ment aux r\u00e8gles et principes d\u00e9mocratiques. Mais au S\u00e9n\u00e9gal depuis l\u2019instauration du multipartisme int\u00e9gral en 1981, on assiste \u00e0 une prolif\u00e9ration\u00a0 de partis politiques qui, pour beaucoup, ont un faible ancrage \u00e9lectoral\u00a0 dans les pores de la soci\u00e9t\u00e9 politique, [&hellip;]<\/p>\n","protected":false},"author":11,"featured_media":11317,"comment_status":"open","ping_status":"open","sticky":false,"template":"","format":"standard","meta":{"_et_pb_use_builder":"","_et_pb_old_content":""},"categories":[23,34933],"tags":[],"yoast_head":"<!-- This site is optimized with the Yoast SEO Premium plugin v17.8 (Yoast SEO v17.8) - https:\/\/yoast.com\/wordpress\/plugins\/seo\/ -->\n<title>PAR MOUSSA DIAW - L\u2019opposition s\u00e9n\u00e9galaise est-elle strat\u00e9gique ? | Nettali.com<\/title>\n<meta name=\"robots\" content=\"index, follow, max-snippet:-1, max-image-preview:large, max-video-preview:-1\" \/>\n<link rel=\"canonical\" href=\"https:\/\/www.nettali.com\/2022\/05\/04\/par-moussa-diaw-lopposition-senegalaise-est-elle-strategique\/\" \/>\n<meta property=\"og:locale\" content=\"fr_FR\" \/>\n<meta property=\"og:type\" content=\"article\" \/>\n<meta property=\"og:title\" content=\"PAR MOUSSA DIAW - L\u2019opposition s\u00e9n\u00e9galaise est-elle strat\u00e9gique ?\" \/>\n<meta property=\"og:description\" content=\"CONTRIBUTION - La finalit\u00e9 d\u2019une formation politique est la conqu\u00eate, l\u2019exercice et la conservation du pouvoir, conform\u00e9ment aux r\u00e8gles et principes d\u00e9mocratiques. Mais au S\u00e9n\u00e9gal depuis l\u2019instauration du multipartisme int\u00e9gral en 1981, on assiste \u00e0 une prolif\u00e9ration\u00a0 de partis politiques qui, pour beaucoup, ont un faible ancrage \u00e9lectoral\u00a0 dans les pores de la soci\u00e9t\u00e9 politique, [&hellip;]\" \/>\n<meta property=\"og:url\" content=\"https:\/\/www.nettali.com\/2022\/05\/04\/par-moussa-diaw-lopposition-senegalaise-est-elle-strategique\/\" \/>\n<meta property=\"og:site_name\" content=\"Nettali.com\" \/>\n<meta property=\"article:publisher\" content=\"https:\/\/www.facebook.com\/nettalicom\" \/>\n<meta property=\"article:published_time\" content=\"2022-05-04T20:17:23+00:00\" \/>\n<meta property=\"og:image\" content=\"https:\/\/www.nettali.com\/wp-content\/uploads\/2019\/06\/moussa-Diaw-1-822x658.jpg\" \/>\n\t<meta property=\"og:image:width\" content=\"822\" \/>\n\t<meta property=\"og:image:height\" content=\"658\" \/>\n<meta name=\"twitter:card\" content=\"summary_large_image\" \/>\n<meta name=\"twitter:label1\" content=\"\u00c9crit par\" \/>\n\t<meta name=\"twitter:data1\" content=\"Thierno Diop\" \/>\n\t<meta name=\"twitter:label2\" content=\"Dur\u00e9e de lecture estim\u00e9e\" \/>\n\t<meta name=\"twitter:data2\" content=\"4 minutes\" \/>\n<script type=\"application\/ld+json\" class=\"yoast-schema-graph\">{\"@context\":\"https:\/\/schema.org\",\"@graph\":[{\"@type\":\"WebSite\",\"@id\":\"https:\/\/www.nettali.com\/#website\",\"url\":\"https:\/\/www.nettali.com\/\",\"name\":\"Nettali.com\",\"description\":\"Le rendez-vous critique du Net\",\"potentialAction\":[{\"@type\":\"SearchAction\",\"target\":{\"@type\":\"EntryPoint\",\"urlTemplate\":\"https:\/\/www.nettali.com\/?s={search_term_string}\"},\"query-input\":\"required name=search_term_string\"}],\"inLanguage\":\"fr-FR\"},{\"@type\":\"ImageObject\",\"@id\":\"https:\/\/www.nettali.com\/2022\/05\/04\/par-moussa-diaw-lopposition-senegalaise-est-elle-strategique\/#primaryimage\",\"inLanguage\":\"fr-FR\",\"url\":\"https:\/\/www.nettali.com\/wp-content\/uploads\/2019\/06\/moussa-Diaw-1-822x658.jpg\",\"contentUrl\":\"https:\/\/www.nettali.com\/wp-content\/uploads\/2019\/06\/moussa-Diaw-1-822x658.jpg\",\"width\":822,\"height\":658},{\"@type\":\"WebPage\",\"@id\":\"https:\/\/www.nettali.com\/2022\/05\/04\/par-moussa-diaw-lopposition-senegalaise-est-elle-strategique\/#webpage\",\"url\":\"https:\/\/www.nettali.com\/2022\/05\/04\/par-moussa-diaw-lopposition-senegalaise-est-elle-strategique\/\",\"name\":\"PAR MOUSSA DIAW - L\\u2019opposition s\\u00e9n\\u00e9galaise est-elle strat\\u00e9gique ? | Nettali.com\",\"isPartOf\":{\"@id\":\"https:\/\/www.nettali.com\/#website\"},\"primaryImageOfPage\":{\"@id\":\"https:\/\/www.nettali.com\/2022\/05\/04\/par-moussa-diaw-lopposition-senegalaise-est-elle-strategique\/#primaryimage\"},\"datePublished\":\"2022-05-04T20:17:23+00:00\",\"dateModified\":\"2022-05-04T20:17:23+00:00\",\"author\":{\"@id\":\"https:\/\/www.nettali.com\/#\/schema\/person\/8a06c6bd7b19304cf4bf985862900b5b\"},\"breadcrumb\":{\"@id\":\"https:\/\/www.nettali.com\/2022\/05\/04\/par-moussa-diaw-lopposition-senegalaise-est-elle-strategique\/#breadcrumb\"},\"inLanguage\":\"fr-FR\",\"potentialAction\":[{\"@type\":\"ReadAction\",\"target\":[\"https:\/\/www.nettali.com\/2022\/05\/04\/par-moussa-diaw-lopposition-senegalaise-est-elle-strategique\/\"]}]},{\"@type\":\"BreadcrumbList\",\"@id\":\"https:\/\/www.nettali.com\/2022\/05\/04\/par-moussa-diaw-lopposition-senegalaise-est-elle-strategique\/#breadcrumb\",\"itemListElement\":[{\"@type\":\"ListItem\",\"position\":1,\"name\":\"Accueil\",\"item\":\"https:\/\/www.nettali.com\/\"},{\"@type\":\"ListItem\",\"position\":2,\"name\":\"PAR MOUSSA DIAW - L\\u2019opposition s\\u00e9n\\u00e9galaise est-elle strat\\u00e9gique ?\"}]},{\"@type\":\"Person\",\"@id\":\"https:\/\/www.nettali.com\/#\/schema\/person\/8a06c6bd7b19304cf4bf985862900b5b\",\"name\":\"Thierno Diop\",\"image\":{\"@type\":\"ImageObject\",\"@id\":\"https:\/\/www.nettali.com\/#personlogo\",\"inLanguage\":\"fr-FR\",\"url\":\"https:\/\/secure.gravatar.com\/avatar\/c8ca58550c94fd2ac856d27391a6c866?s=96&d=mm&r=g\",\"contentUrl\":\"https:\/\/secure.gravatar.com\/avatar\/c8ca58550c94fd2ac856d27391a6c866?s=96&d=mm&r=g\",\"caption\":\"Thierno Diop\"},\"sameAs\":[\"https:\/\/nettali.com\"]}]}<\/script>\n<!-- \/ Yoast SEO Premium plugin. -->","yoast_head_json":{"title":"PAR MOUSSA DIAW - L\u2019opposition s\u00e9n\u00e9galaise est-elle strat\u00e9gique ? | Nettali.com","robots":{"index":"index","follow":"follow","max-snippet":"max-snippet:-1","max-image-preview":"max-image-preview:large","max-video-preview":"max-video-preview:-1"},"canonical":"https:\/\/www.nettali.com\/2022\/05\/04\/par-moussa-diaw-lopposition-senegalaise-est-elle-strategique\/","og_locale":"fr_FR","og_type":"article","og_title":"PAR MOUSSA DIAW - L\u2019opposition s\u00e9n\u00e9galaise est-elle strat\u00e9gique ?","og_description":"CONTRIBUTION - La finalit\u00e9 d\u2019une formation politique est la conqu\u00eate, l\u2019exercice et la conservation du pouvoir, conform\u00e9ment aux r\u00e8gles et principes d\u00e9mocratiques. Mais au S\u00e9n\u00e9gal depuis l\u2019instauration du multipartisme int\u00e9gral en 1981, on assiste \u00e0 une prolif\u00e9ration\u00a0 de partis politiques qui, pour beaucoup, ont un faible ancrage \u00e9lectoral\u00a0 dans les pores de la soci\u00e9t\u00e9 politique, [&hellip;]","og_url":"https:\/\/www.nettali.com\/2022\/05\/04\/par-moussa-diaw-lopposition-senegalaise-est-elle-strategique\/","og_site_name":"Nettali.com","article_publisher":"https:\/\/www.facebook.com\/nettalicom","article_published_time":"2022-05-04T20:17:23+00:00","og_image":[{"width":822,"height":658,"url":"https:\/\/www.nettali.com\/wp-content\/uploads\/2019\/06\/moussa-Diaw-1-822x658.jpg","type":"image\/jpeg"}],"twitter_card":"summary_large_image","twitter_misc":{"\u00c9crit par":"Thierno Diop","Dur\u00e9e de lecture estim\u00e9e":"4 minutes"},"schema":{"@context":"https:\/\/schema.org","@graph":[{"@type":"WebSite","@id":"https:\/\/www.nettali.com\/#website","url":"https:\/\/www.nettali.com\/","name":"Nettali.com","description":"Le rendez-vous critique du Net","potentialAction":[{"@type":"SearchAction","target":{"@type":"EntryPoint","urlTemplate":"https:\/\/www.nettali.com\/?s={search_term_string}"},"query-input":"required name=search_term_string"}],"inLanguage":"fr-FR"},{"@type":"ImageObject","@id":"https:\/\/www.nettali.com\/2022\/05\/04\/par-moussa-diaw-lopposition-senegalaise-est-elle-strategique\/#primaryimage","inLanguage":"fr-FR","url":"https:\/\/www.nettali.com\/wp-content\/uploads\/2019\/06\/moussa-Diaw-1-822x658.jpg","contentUrl":"https:\/\/www.nettali.com\/wp-content\/uploads\/2019\/06\/moussa-Diaw-1-822x658.jpg","width":822,"height":658},{"@type":"WebPage","@id":"https:\/\/www.nettali.com\/2022\/05\/04\/par-moussa-diaw-lopposition-senegalaise-est-elle-strategique\/#webpage","url":"https:\/\/www.nettali.com\/2022\/05\/04\/par-moussa-diaw-lopposition-senegalaise-est-elle-strategique\/","name":"PAR MOUSSA DIAW - L\u2019opposition s\u00e9n\u00e9galaise est-elle strat\u00e9gique ? | Nettali.com","isPartOf":{"@id":"https:\/\/www.nettali.com\/#website"},"primaryImageOfPage":{"@id":"https:\/\/www.nettali.com\/2022\/05\/04\/par-moussa-diaw-lopposition-senegalaise-est-elle-strategique\/#primaryimage"},"datePublished":"2022-05-04T20:17:23+00:00","dateModified":"2022-05-04T20:17:23+00:00","author":{"@id":"https:\/\/www.nettali.com\/#\/schema\/person\/8a06c6bd7b19304cf4bf985862900b5b"},"breadcrumb":{"@id":"https:\/\/www.nettali.com\/2022\/05\/04\/par-moussa-diaw-lopposition-senegalaise-est-elle-strategique\/#breadcrumb"},"inLanguage":"fr-FR","potentialAction":[{"@type":"ReadAction","target":["https:\/\/www.nettali.com\/2022\/05\/04\/par-moussa-diaw-lopposition-senegalaise-est-elle-strategique\/"]}]},{"@type":"BreadcrumbList","@id":"https:\/\/www.nettali.com\/2022\/05\/04\/par-moussa-diaw-lopposition-senegalaise-est-elle-strategique\/#breadcrumb","itemListElement":[{"@type":"ListItem","position":1,"name":"Accueil","item":"https:\/\/www.nettali.com\/"},{"@type":"ListItem","position":2,"name":"PAR MOUSSA DIAW - L\u2019opposition s\u00e9n\u00e9galaise est-elle strat\u00e9gique ?"}]},{"@type":"Person","@id":"https:\/\/www.nettali.com\/#\/schema\/person\/8a06c6bd7b19304cf4bf985862900b5b","name":"Thierno Diop","image":{"@type":"ImageObject","@id":"https:\/\/www.nettali.com\/#personlogo","inLanguage":"fr-FR","url":"https:\/\/secure.gravatar.com\/avatar\/c8ca58550c94fd2ac856d27391a6c866?s=96&d=mm&r=g","contentUrl":"https:\/\/secure.gravatar.com\/avatar\/c8ca58550c94fd2ac856d27391a6c866?s=96&d=mm&r=g","caption":"Thierno Diop"},"sameAs":["https:\/\/nettali.com"]}]}},"_links":{"self":[{"href":"https:\/\/www.nettali.com\/rest\/wp\/v2\/posts\/85742"}],"collection":[{"href":"https:\/\/www.nettali.com\/rest\/wp\/v2\/posts"}],"about":[{"href":"https:\/\/www.nettali.com\/rest\/wp\/v2\/types\/post"}],"author":[{"embeddable":true,"href":"https:\/\/www.nettali.com\/rest\/wp\/v2\/users\/11"}],"replies":[{"embeddable":true,"href":"https:\/\/www.nettali.com\/rest\/wp\/v2\/comments?post=85742"}],"version-history":[{"count":1,"href":"https:\/\/www.nettali.com\/rest\/wp\/v2\/posts\/85742\/revisions"}],"predecessor-version":[{"id":85743,"href":"https:\/\/www.nettali.com\/rest\/wp\/v2\/posts\/85742\/revisions\/85743"}],"wp:featuredmedia":[{"embeddable":true,"href":"https:\/\/www.nettali.com\/rest\/wp\/v2\/media\/11317"}],"wp:attachment":[{"href":"https:\/\/www.nettali.com\/rest\/wp\/v2\/media?parent=85742"}],"wp:term":[{"taxonomy":"category","embeddable":true,"href":"https:\/\/www.nettali.com\/rest\/wp\/v2\/categories?post=85742"},{"taxonomy":"post_tag","embeddable":true,"href":"https:\/\/www.nettali.com\/rest\/wp\/v2\/tags?post=85742"}],"curies":[{"name":"wp","href":"https:\/\/api.w.org\/{rel}","templated":true}]}}