{"id":85570,"date":"2022-04-29T19:57:28","date_gmt":"2022-04-29T19:57:28","guid":{"rendered":"https:\/\/www.nettali.com\/?p=85570"},"modified":"2022-04-29T19:59:49","modified_gmt":"2022-04-29T19:59:49","slug":"journee-internationale-de-la-sage-femme-aucune-activite-nest-prevue-au-senegal","status":"publish","type":"post","link":"https:\/\/www.nettali.com\/2022\/04\/29\/journee-internationale-de-la-sage-femme-aucune-activite-nest-prevue-au-senegal\/","title":{"rendered":"JOURNEE INTERNATIONALE DE LA SAGE-FEMME - Aucune activit\u00e9 n\u2019est pr\u00e9vue au S\u00e9n\u00e9gal"},"content":{"rendered":"<p>NETTALI.COM -\u00a0 Contrairement aux ann\u00e9es pr\u00e9c\u00e9dentes, cette ann\u00e9e, il n\u2019y aura aucune activit\u00e9 pour la journ\u00e9e internationale de la sage-femme, pr\u00e9vue le 5 mai. Pour cause, cette date co\u00efncide avec le proc\u00e8s des sages-femmes inculp\u00e9es et plac\u00e9es sous mandat de d\u00e9p\u00f4t dans l\u2019affaire Astou Sokhna.<\/p>\n<p>Les sages-femmes du S\u00e9n\u00e9gal c\u00e9l\u00e9braient, chaque ann\u00e9e la journ\u00e9e internationale de la sage-femme qui se d\u00e9roule\u00a0 le 5 mai. Mais, cette ann\u00e9e, elles ne comptent pas organiser une activit\u00e9.<\/p>\n<p>Une d\u00e9cision prise pour soutenir leurs coll\u00e8gues de l\u2019h\u00f4pital r\u00e9gional de Louga, en d\u00e9tention pr\u00e9ventive \u00e0 la prison de la ville \u00e9ponyme suite au d\u00e9c\u00e8s en couche de la dame Astou Sokhna.<\/p>\n<p>Ces professionnelles de la sant\u00e9 vont, le jour m\u00eame, soutenir leurs camarades qui seront devant le pr\u00e9toire. \u00ab Cette ann\u00e9e le S\u00e9n\u00e9gal ne pourra pas f\u00eater cette journ\u00e9e car, nous avons nos membres incarc\u00e9r\u00e9s en prison et ce sera leur proc\u00e8s. Donc nous irons leur t\u00e9moigner notre soutien et c\u00e9l\u00e9brer la journ\u00e9e avec elles. Aucune activit\u00e9 n\u2019est pr\u00e9vue. Malheureusement, nous n\u2019avons pas le c\u0153ur \u00e0 la f\u00eate. Au niveau de chaque r\u00e9gion, il y aura des d\u00e9l\u00e9gations qui seront \u00e0 Louga pour t\u00e9moigner leur soutien \u00e0 nos camarades \u00bb, a inform\u00e9 Bigu\u00e9 Ba Mbodji, la pr\u00e9sidente de l\u2019Association des sages-femmes.<\/p>\n<p>A rappeler que les 6 sages-femmes incrimin\u00e9es sont poursuivies pour non-assistance \u00e0 personne en danger. Lors de la premi\u00e8re audience, le tribunal avait rejet\u00e9 la demande de mise en libert\u00e9 provisoire formul\u00e9e par les conseils des pr\u00e9venues avant de renvoyer l\u2019affaire au 5 mai prochain<\/p>\n<div class='share-to-whatsapp-wrapper'><div class='share-on-whsp'>PARTAGER SUR : <\/div><a data-text='JOURNEE INTERNATIONALE DE LA SAGE-FEMME - Aucune activit\u00e9 n\u2019est pr\u00e9vue au S\u00e9n\u00e9gal' data-link='https:\/\/www.nettali.com\/2022\/04\/29\/journee-internationale-de-la-sage-femme-aucune-activite-nest-prevue-au-senegal\/' class='whatsapp-button whatsapp-share'>WhatsApp<\/a><div class='clear '><\/div><\/div>","protected":false},"excerpt":{"rendered":"<p>NETTALI.COM -\u00a0 Contrairement aux ann\u00e9es pr\u00e9c\u00e9dentes, cette ann\u00e9e, il n\u2019y aura aucune activit\u00e9 pour la journ\u00e9e internationale de la sage-femme, pr\u00e9vue le 5 mai. Pour cause, cette date co\u00efncide avec le proc\u00e8s des sages-femmes inculp\u00e9es et plac\u00e9es sous mandat de d\u00e9p\u00f4t dans l\u2019affaire Astou Sokhna. Les sages-femmes du S\u00e9n\u00e9gal c\u00e9l\u00e9braient, chaque ann\u00e9e la journ\u00e9e internationale [&hellip;]<\/p>\n","protected":false},"author":11,"featured_media":82105,"comment_status":"open","ping_status":"open","sticky":false,"template":"","format":"standard","meta":{"_et_pb_use_builder":"","_et_pb_old_content":""},"categories":[3],"tags":[],"yoast_head":"<!-- This site is optimized with the Yoast SEO Premium plugin v17.8 (Yoast SEO v17.8) - https:\/\/yoast.com\/wordpress\/plugins\/seo\/ -->\n<title>JOURNEE INTERNATIONALE DE LA SAGE-FEMME - Aucune activit\u00e9 n\u2019est pr\u00e9vue au S\u00e9n\u00e9gal | Nettali.com<\/title>\n<meta name=\"robots\" content=\"index, follow, max-snippet:-1, max-image-preview:large, max-video-preview:-1\" \/>\n<link rel=\"canonical\" href=\"https:\/\/www.nettali.com\/2022\/04\/29\/journee-internationale-de-la-sage-femme-aucune-activite-nest-prevue-au-senegal\/\" \/>\n<meta property=\"og:locale\" content=\"fr_FR\" \/>\n<meta property=\"og:type\" content=\"article\" \/>\n<meta property=\"og:title\" content=\"JOURNEE INTERNATIONALE DE LA SAGE-FEMME - Aucune activit\u00e9 n\u2019est pr\u00e9vue au S\u00e9n\u00e9gal\" \/>\n<meta property=\"og:description\" content=\"NETTALI.COM -\u00a0 Contrairement aux ann\u00e9es pr\u00e9c\u00e9dentes, cette ann\u00e9e, il n\u2019y aura aucune activit\u00e9 pour la journ\u00e9e internationale de la sage-femme, pr\u00e9vue le 5 mai. Pour cause, cette date co\u00efncide avec le proc\u00e8s des sages-femmes inculp\u00e9es et plac\u00e9es sous mandat de d\u00e9p\u00f4t dans l\u2019affaire Astou Sokhna. Les sages-femmes du S\u00e9n\u00e9gal c\u00e9l\u00e9braient, chaque ann\u00e9e la journ\u00e9e internationale [&hellip;]\" \/>\n<meta property=\"og:url\" content=\"https:\/\/www.nettali.com\/2022\/04\/29\/journee-internationale-de-la-sage-femme-aucune-activite-nest-prevue-au-senegal\/\" \/>\n<meta property=\"og:site_name\" content=\"Nettali.com\" \/>\n<meta property=\"article:publisher\" content=\"https:\/\/www.facebook.com\/nettalicom\" \/>\n<meta property=\"article:published_time\" content=\"2022-04-29T19:57:28+00:00\" \/>\n<meta property=\"article:modified_time\" content=\"2022-04-29T19:59:49+00:00\" \/>\n<meta property=\"og:image\" content=\"https:\/\/www.nettali.com\/wp-content\/uploads\/2022\/02\/1427047-illustration-d-une-sage-femme-et-d-une-femme-enceinte-au-senegal-en-2014.jpg\" \/>\n\t<meta property=\"og:image:width\" content=\"770\" \/>\n\t<meta property=\"og:image:height\" content=\"513\" \/>\n<meta name=\"twitter:card\" content=\"summary_large_image\" \/>\n<meta name=\"twitter:label1\" content=\"\u00c9crit par\" \/>\n\t<meta name=\"twitter:data1\" content=\"Thierno Diop\" \/>\n\t<meta name=\"twitter:label2\" content=\"Dur\u00e9e de lecture estim\u00e9e\" \/>\n\t<meta name=\"twitter:data2\" content=\"2 minutes\" \/>\n<script type=\"application\/ld+json\" class=\"yoast-schema-graph\">{\"@context\":\"https:\/\/schema.org\",\"@graph\":[{\"@type\":\"WebSite\",\"@id\":\"https:\/\/www.nettali.com\/#website\",\"url\":\"https:\/\/www.nettali.com\/\",\"name\":\"Nettali.com\",\"description\":\"Le rendez-vous critique du Net\",\"potentialAction\":[{\"@type\":\"SearchAction\",\"target\":{\"@type\":\"EntryPoint\",\"urlTemplate\":\"https:\/\/www.nettali.com\/?s={search_term_string}\"},\"query-input\":\"required name=search_term_string\"}],\"inLanguage\":\"fr-FR\"},{\"@type\":\"ImageObject\",\"@id\":\"https:\/\/www.nettali.com\/2022\/04\/29\/journee-internationale-de-la-sage-femme-aucune-activite-nest-prevue-au-senegal\/#primaryimage\",\"inLanguage\":\"fr-FR\",\"url\":\"https:\/\/www.nettali.com\/wp-content\/uploads\/2022\/02\/1427047-illustration-d-une-sage-femme-et-d-une-femme-enceinte-au-senegal-en-2014.jpg\",\"contentUrl\":\"https:\/\/www.nettali.com\/wp-content\/uploads\/2022\/02\/1427047-illustration-d-une-sage-femme-et-d-une-femme-enceinte-au-senegal-en-2014.jpg\",\"width\":770,\"height\":513},{\"@type\":\"WebPage\",\"@id\":\"https:\/\/www.nettali.com\/2022\/04\/29\/journee-internationale-de-la-sage-femme-aucune-activite-nest-prevue-au-senegal\/#webpage\",\"url\":\"https:\/\/www.nettali.com\/2022\/04\/29\/journee-internationale-de-la-sage-femme-aucune-activite-nest-prevue-au-senegal\/\",\"name\":\"JOURNEE INTERNATIONALE DE LA SAGE-FEMME - Aucune activit\\u00e9 n\\u2019est pr\\u00e9vue au S\\u00e9n\\u00e9gal | Nettali.com\",\"isPartOf\":{\"@id\":\"https:\/\/www.nettali.com\/#website\"},\"primaryImageOfPage\":{\"@id\":\"https:\/\/www.nettali.com\/2022\/04\/29\/journee-internationale-de-la-sage-femme-aucune-activite-nest-prevue-au-senegal\/#primaryimage\"},\"datePublished\":\"2022-04-29T19:57:28+00:00\",\"dateModified\":\"2022-04-29T19:59:49+00:00\",\"author\":{\"@id\":\"https:\/\/www.nettali.com\/#\/schema\/person\/8a06c6bd7b19304cf4bf985862900b5b\"},\"breadcrumb\":{\"@id\":\"https:\/\/www.nettali.com\/2022\/04\/29\/journee-internationale-de-la-sage-femme-aucune-activite-nest-prevue-au-senegal\/#breadcrumb\"},\"inLanguage\":\"fr-FR\",\"potentialAction\":[{\"@type\":\"ReadAction\",\"target\":[\"https:\/\/www.nettali.com\/2022\/04\/29\/journee-internationale-de-la-sage-femme-aucune-activite-nest-prevue-au-senegal\/\"]}]},{\"@type\":\"BreadcrumbList\",\"@id\":\"https:\/\/www.nettali.com\/2022\/04\/29\/journee-internationale-de-la-sage-femme-aucune-activite-nest-prevue-au-senegal\/#breadcrumb\",\"itemListElement\":[{\"@type\":\"ListItem\",\"position\":1,\"name\":\"Accueil\",\"item\":\"https:\/\/www.nettali.com\/\"},{\"@type\":\"ListItem\",\"position\":2,\"name\":\"JOURNEE INTERNATIONALE DE LA SAGE-FEMME - Aucune activit\\u00e9 n\\u2019est pr\\u00e9vue au S\\u00e9n\\u00e9gal\"}]},{\"@type\":\"Person\",\"@id\":\"https:\/\/www.nettali.com\/#\/schema\/person\/8a06c6bd7b19304cf4bf985862900b5b\",\"name\":\"Thierno Diop\",\"image\":{\"@type\":\"ImageObject\",\"@id\":\"https:\/\/www.nettali.com\/#personlogo\",\"inLanguage\":\"fr-FR\",\"url\":\"https:\/\/secure.gravatar.com\/avatar\/c8ca58550c94fd2ac856d27391a6c866?s=96&d=mm&r=g\",\"contentUrl\":\"https:\/\/secure.gravatar.com\/avatar\/c8ca58550c94fd2ac856d27391a6c866?s=96&d=mm&r=g\",\"caption\":\"Thierno Diop\"},\"sameAs\":[\"https:\/\/nettali.com\"]}]}<\/script>\n<!-- \/ Yoast SEO Premium plugin. -->","yoast_head_json":{"title":"JOURNEE INTERNATIONALE DE LA SAGE-FEMME - Aucune activit\u00e9 n\u2019est pr\u00e9vue au S\u00e9n\u00e9gal | Nettali.com","robots":{"index":"index","follow":"follow","max-snippet":"max-snippet:-1","max-image-preview":"max-image-preview:large","max-video-preview":"max-video-preview:-1"},"canonical":"https:\/\/www.nettali.com\/2022\/04\/29\/journee-internationale-de-la-sage-femme-aucune-activite-nest-prevue-au-senegal\/","og_locale":"fr_FR","og_type":"article","og_title":"JOURNEE INTERNATIONALE DE LA SAGE-FEMME - Aucune activit\u00e9 n\u2019est pr\u00e9vue au S\u00e9n\u00e9gal","og_description":"NETTALI.COM -\u00a0 Contrairement aux ann\u00e9es pr\u00e9c\u00e9dentes, cette ann\u00e9e, il n\u2019y aura aucune activit\u00e9 pour la journ\u00e9e internationale de la sage-femme, pr\u00e9vue le 5 mai. Pour cause, cette date co\u00efncide avec le proc\u00e8s des sages-femmes inculp\u00e9es et plac\u00e9es sous mandat de d\u00e9p\u00f4t dans l\u2019affaire Astou Sokhna. Les sages-femmes du S\u00e9n\u00e9gal c\u00e9l\u00e9braient, chaque ann\u00e9e la journ\u00e9e internationale [&hellip;]","og_url":"https:\/\/www.nettali.com\/2022\/04\/29\/journee-internationale-de-la-sage-femme-aucune-activite-nest-prevue-au-senegal\/","og_site_name":"Nettali.com","article_publisher":"https:\/\/www.facebook.com\/nettalicom","article_published_time":"2022-04-29T19:57:28+00:00","article_modified_time":"2022-04-29T19:59:49+00:00","og_image":[{"width":770,"height":513,"url":"https:\/\/www.nettali.com\/wp-content\/uploads\/2022\/02\/1427047-illustration-d-une-sage-femme-et-d-une-femme-enceinte-au-senegal-en-2014.jpg","type":"image\/jpeg"}],"twitter_card":"summary_large_image","twitter_misc":{"\u00c9crit par":"Thierno Diop","Dur\u00e9e de lecture estim\u00e9e":"2 minutes"},"schema":{"@context":"https:\/\/schema.org","@graph":[{"@type":"WebSite","@id":"https:\/\/www.nettali.com\/#website","url":"https:\/\/www.nettali.com\/","name":"Nettali.com","description":"Le rendez-vous critique du Net","potentialAction":[{"@type":"SearchAction","target":{"@type":"EntryPoint","urlTemplate":"https:\/\/www.nettali.com\/?s={search_term_string}"},"query-input":"required name=search_term_string"}],"inLanguage":"fr-FR"},{"@type":"ImageObject","@id":"https:\/\/www.nettali.com\/2022\/04\/29\/journee-internationale-de-la-sage-femme-aucune-activite-nest-prevue-au-senegal\/#primaryimage","inLanguage":"fr-FR","url":"https:\/\/www.nettali.com\/wp-content\/uploads\/2022\/02\/1427047-illustration-d-une-sage-femme-et-d-une-femme-enceinte-au-senegal-en-2014.jpg","contentUrl":"https:\/\/www.nettali.com\/wp-content\/uploads\/2022\/02\/1427047-illustration-d-une-sage-femme-et-d-une-femme-enceinte-au-senegal-en-2014.jpg","width":770,"height":513},{"@type":"WebPage","@id":"https:\/\/www.nettali.com\/2022\/04\/29\/journee-internationale-de-la-sage-femme-aucune-activite-nest-prevue-au-senegal\/#webpage","url":"https:\/\/www.nettali.com\/2022\/04\/29\/journee-internationale-de-la-sage-femme-aucune-activite-nest-prevue-au-senegal\/","name":"JOURNEE INTERNATIONALE DE LA SAGE-FEMME - Aucune activit\u00e9 n\u2019est pr\u00e9vue au S\u00e9n\u00e9gal | Nettali.com","isPartOf":{"@id":"https:\/\/www.nettali.com\/#website"},"primaryImageOfPage":{"@id":"https:\/\/www.nettali.com\/2022\/04\/29\/journee-internationale-de-la-sage-femme-aucune-activite-nest-prevue-au-senegal\/#primaryimage"},"datePublished":"2022-04-29T19:57:28+00:00","dateModified":"2022-04-29T19:59:49+00:00","author":{"@id":"https:\/\/www.nettali.com\/#\/schema\/person\/8a06c6bd7b19304cf4bf985862900b5b"},"breadcrumb":{"@id":"https:\/\/www.nettali.com\/2022\/04\/29\/journee-internationale-de-la-sage-femme-aucune-activite-nest-prevue-au-senegal\/#breadcrumb"},"inLanguage":"fr-FR","potentialAction":[{"@type":"ReadAction","target":["https:\/\/www.nettali.com\/2022\/04\/29\/journee-internationale-de-la-sage-femme-aucune-activite-nest-prevue-au-senegal\/"]}]},{"@type":"BreadcrumbList","@id":"https:\/\/www.nettali.com\/2022\/04\/29\/journee-internationale-de-la-sage-femme-aucune-activite-nest-prevue-au-senegal\/#breadcrumb","itemListElement":[{"@type":"ListItem","position":1,"name":"Accueil","item":"https:\/\/www.nettali.com\/"},{"@type":"ListItem","position":2,"name":"JOURNEE INTERNATIONALE DE LA SAGE-FEMME - Aucune activit\u00e9 n\u2019est pr\u00e9vue au S\u00e9n\u00e9gal"}]},{"@type":"Person","@id":"https:\/\/www.nettali.com\/#\/schema\/person\/8a06c6bd7b19304cf4bf985862900b5b","name":"Thierno Diop","image":{"@type":"ImageObject","@id":"https:\/\/www.nettali.com\/#personlogo","inLanguage":"fr-FR","url":"https:\/\/secure.gravatar.com\/avatar\/c8ca58550c94fd2ac856d27391a6c866?s=96&d=mm&r=g","contentUrl":"https:\/\/secure.gravatar.com\/avatar\/c8ca58550c94fd2ac856d27391a6c866?s=96&d=mm&r=g","caption":"Thierno Diop"},"sameAs":["https:\/\/nettali.com"]}]}},"_links":{"self":[{"href":"https:\/\/www.nettali.com\/rest\/wp\/v2\/posts\/85570"}],"collection":[{"href":"https:\/\/www.nettali.com\/rest\/wp\/v2\/posts"}],"about":[{"href":"https:\/\/www.nettali.com\/rest\/wp\/v2\/types\/post"}],"author":[{"embeddable":true,"href":"https:\/\/www.nettali.com\/rest\/wp\/v2\/users\/11"}],"replies":[{"embeddable":true,"href":"https:\/\/www.nettali.com\/rest\/wp\/v2\/comments?post=85570"}],"version-history":[{"count":1,"href":"https:\/\/www.nettali.com\/rest\/wp\/v2\/posts\/85570\/revisions"}],"predecessor-version":[{"id":85571,"href":"https:\/\/www.nettali.com\/rest\/wp\/v2\/posts\/85570\/revisions\/85571"}],"wp:featuredmedia":[{"embeddable":true,"href":"https:\/\/www.nettali.com\/rest\/wp\/v2\/media\/82105"}],"wp:attachment":[{"href":"https:\/\/www.nettali.com\/rest\/wp\/v2\/media?parent=85570"}],"wp:term":[{"taxonomy":"category","embeddable":true,"href":"https:\/\/www.nettali.com\/rest\/wp\/v2\/categories?post=85570"},{"taxonomy":"post_tag","embeddable":true,"href":"https:\/\/www.nettali.com\/rest\/wp\/v2\/tags?post=85570"}],"curies":[{"name":"wp","href":"https:\/\/api.w.org\/{rel}","templated":true}]}}