{"id":85507,"date":"2022-04-28T16:35:12","date_gmt":"2022-04-28T16:35:12","guid":{"rendered":"https:\/\/www.nettali.com\/?p=85507"},"modified":"2022-04-28T16:35:12","modified_gmt":"2022-04-28T16:35:12","slug":"annonce-mort-mino-raiola-dement","status":"publish","type":"post","link":"https:\/\/www.nettali.com\/2022\/04\/28\/annonce-mort-mino-raiola-dement\/","title":{"rendered":"ANNONC\u00c9 MORT - Mino Raiola d\u00e9ment"},"content":{"rendered":"<p><strong>NETTALI.COM - Alors que le d\u00e9c\u00e8s de Mino Raiola avait \u00e9t\u00e9 annonc\u00e9 ce matin par la presse italienne, les proches du c\u00e9l\u00e8bre agent de joueurs n'ont pas perdu de temps pour faire un d\u00e9menti. Raiola est toujours en vie.<\/strong><\/p>\n<p>Dans la foul\u00e9e de cette annonce, l\u2019agent de Mino Raiola et son bras droit ont pris la parole pour d\u00e9noncer les rumeurs sur le d\u00e9c\u00e8s de Mino Raiola. Hospitalis\u00e9 pour un probl\u00e8me pulmonaire, l\u2019agent de joueurs a \u00e9t\u00e9 annonc\u00e9 mort par plusieurs grands m\u00e9dias italiens, des chaines de t\u00e9l\u00e9vision \u00e0 la Gazzetta dello Sport. N\u00e9anmoins, son bras Jos\u00e9 Fortes Rodriguez s\u2019est exprim\u00e9 sur le m\u00e9dia n\u00e9erlandais NOS ce jeudi.<\/p>\n<p>\"<em>Il est mal, mais il n\u2019est pas mort<\/em>\". De son c\u00f4t\u00e9, son agence a fait savoir que les bruits sur son d\u00e9c\u00e8s \u00e9tait des fake news, et que Mino Raiola n\u2019\u00e9tait pas d\u00e9c\u00e9d\u00e9 \u00e0 l\u2019heure actuelle.<br \/>\nDes informations contradictoires qui avaient d\u00e9j\u00e0 eu lieu \u00e0 son sujet en janvier dernier, quand Mino Raiola avait \u00e9t\u00e9 annonc\u00e9 op\u00e9r\u00e9 d'urgence, avant que ce soit d\u00e9menti quelques heures plus tard.<\/p>\n<p><strong>Son m\u00e9decin prend la parole<\/strong><\/p>\n<p>De son c\u00f4t\u00e9, le docteur Alberto Zangrillo de l\u2019h\u00f4pital San Rafaelle de Milan, qui suit Mino Raiola, a pr\u00e9f\u00e9r\u00e9 mettre les choses au clair au sujet de la situation de l\u2019agent de joueurs, \u00e0 l\u2019agence de presse ANSA.<br \/>\n\"<em>Je suis scandalis\u00e9 par les appels t\u00e9l\u00e9phoniques de pseudo-journalistes sp\u00e9culant sur la vie d'un homme qui se bat pour survivre<\/em>\", a fait savoir le m\u00e9decin, qui confirme ainsi que Mino Raiola n\u2019est pas d\u00e9c\u00e9d\u00e9, alors que le monde du football est en train de rendre hommage \u00e0 Mino Raiola. Le Real Madrid a m\u00eame publi\u00e9 un communiqu\u00e9 de presse officiel, avant de le supprimer quelques minutes plus tard.<\/p>\n<p>Apr\u00e8s son m\u00e9decin, c'est Mino Raiola qui a d\u00e9cid\u00e9 de s'exprimer sur les r\u00e9seaux sociaux pour mettre les choses au clair. \"<em>Mon \u00e9tat de sant\u00e9 actuel pour ceux qui se demandent : je suis \u00e9nerv\u00e9 une deuxi\u00e8me fois en quatre mois. Ils me tuent. Mais ils sont \u00e9galement capables de me ressusciter<\/em>\", a livr\u00e9 avec malice et forc\u00e9ment beaucoup d'\u00e9nervement l'agent de joueurs, dont la n\u00e9crologie est toujours en ligne sur les m\u00e9dias italiens malgr\u00e9 les d\u00e9mentis.<\/p>\n<div class='share-to-whatsapp-wrapper'><div class='share-on-whsp'>PARTAGER SUR : <\/div><a data-text='ANNONC\u00c9 MORT - Mino Raiola d\u00e9ment' data-link='https:\/\/www.nettali.com\/2022\/04\/28\/annonce-mort-mino-raiola-dement\/' class='whatsapp-button whatsapp-share'>WhatsApp<\/a><div class='clear '><\/div><\/div>","protected":false},"excerpt":{"rendered":"<p>NETTALI.COM - Alors que le d\u00e9c\u00e8s de Mino Raiola avait \u00e9t\u00e9 annonc\u00e9 ce matin par la presse italienne, les proches du c\u00e9l\u00e8bre agent de joueurs n'ont pas perdu de temps pour faire un d\u00e9menti. Raiola est toujours en vie. Dans la foul\u00e9e de cette annonce, l\u2019agent de Mino Raiola et son bras droit ont pris [&hellip;]<\/p>\n","protected":false},"author":5,"featured_media":85508,"comment_status":"open","ping_status":"open","sticky":false,"template":"","format":"standard","meta":{"_et_pb_use_builder":"","_et_pb_old_content":""},"categories":[6],"tags":[],"yoast_head":"<!-- This site is optimized with the Yoast SEO Premium plugin v17.8 (Yoast SEO v17.8) - https:\/\/yoast.com\/wordpress\/plugins\/seo\/ -->\n<title>ANNONC\u00c9 MORT - Mino Raiola d\u00e9ment | Nettali.com<\/title>\n<meta name=\"robots\" content=\"index, follow, max-snippet:-1, max-image-preview:large, max-video-preview:-1\" \/>\n<link rel=\"canonical\" href=\"https:\/\/www.nettali.com\/2022\/04\/28\/annonce-mort-mino-raiola-dement\/\" \/>\n<meta property=\"og:locale\" content=\"fr_FR\" \/>\n<meta property=\"og:type\" content=\"article\" \/>\n<meta property=\"og:title\" content=\"ANNONC\u00c9 MORT - Mino Raiola d\u00e9ment\" \/>\n<meta property=\"og:description\" content=\"NETTALI.COM - Alors que le d\u00e9c\u00e8s de Mino Raiola avait \u00e9t\u00e9 annonc\u00e9 ce matin par la presse italienne, les proches du c\u00e9l\u00e8bre agent de joueurs n&#039;ont pas perdu de temps pour faire un d\u00e9menti. Raiola est toujours en vie. Dans la foul\u00e9e de cette annonce, l\u2019agent de Mino Raiola et son bras droit ont pris [&hellip;]\" \/>\n<meta property=\"og:url\" content=\"https:\/\/www.nettali.com\/2022\/04\/28\/annonce-mort-mino-raiola-dement\/\" \/>\n<meta property=\"og:site_name\" content=\"Nettali.com\" \/>\n<meta property=\"article:publisher\" content=\"https:\/\/www.facebook.com\/nettalicom\" \/>\n<meta property=\"article:published_time\" content=\"2022-04-28T16:35:12+00:00\" \/>\n<meta property=\"og:image\" content=\"https:\/\/www.nettali.com\/wp-content\/uploads\/2022\/04\/Mino-Raiola-22Vill-ta-en-storspelare-till-Real-Madrid-i-sommar22.jpg\" \/>\n\t<meta property=\"og:image:width\" content=\"980\" \/>\n\t<meta property=\"og:image:height\" content=\"652\" \/>\n<meta name=\"twitter:card\" content=\"summary_large_image\" \/>\n<meta name=\"twitter:label1\" content=\"\u00c9crit par\" \/>\n\t<meta name=\"twitter:data1\" content=\"Ibrahima\" \/>\n\t<meta name=\"twitter:label2\" content=\"Dur\u00e9e de lecture estim\u00e9e\" \/>\n\t<meta name=\"twitter:data2\" content=\"2 minutes\" \/>\n<script type=\"application\/ld+json\" class=\"yoast-schema-graph\">{\"@context\":\"https:\/\/schema.org\",\"@graph\":[{\"@type\":\"WebSite\",\"@id\":\"https:\/\/www.nettali.com\/#website\",\"url\":\"https:\/\/www.nettali.com\/\",\"name\":\"Nettali.com\",\"description\":\"Le rendez-vous critique du Net\",\"potentialAction\":[{\"@type\":\"SearchAction\",\"target\":{\"@type\":\"EntryPoint\",\"urlTemplate\":\"https:\/\/www.nettali.com\/?s={search_term_string}\"},\"query-input\":\"required name=search_term_string\"}],\"inLanguage\":\"fr-FR\"},{\"@type\":\"ImageObject\",\"@id\":\"https:\/\/www.nettali.com\/2022\/04\/28\/annonce-mort-mino-raiola-dement\/#primaryimage\",\"inLanguage\":\"fr-FR\",\"url\":\"https:\/\/www.nettali.com\/wp-content\/uploads\/2022\/04\/Mino-Raiola-22Vill-ta-en-storspelare-till-Real-Madrid-i-sommar22.jpg\",\"contentUrl\":\"https:\/\/www.nettali.com\/wp-content\/uploads\/2022\/04\/Mino-Raiola-22Vill-ta-en-storspelare-till-Real-Madrid-i-sommar22.jpg\",\"width\":980,\"height\":652},{\"@type\":\"WebPage\",\"@id\":\"https:\/\/www.nettali.com\/2022\/04\/28\/annonce-mort-mino-raiola-dement\/#webpage\",\"url\":\"https:\/\/www.nettali.com\/2022\/04\/28\/annonce-mort-mino-raiola-dement\/\",\"name\":\"ANNONC\\u00c9 MORT - Mino Raiola d\\u00e9ment | Nettali.com\",\"isPartOf\":{\"@id\":\"https:\/\/www.nettali.com\/#website\"},\"primaryImageOfPage\":{\"@id\":\"https:\/\/www.nettali.com\/2022\/04\/28\/annonce-mort-mino-raiola-dement\/#primaryimage\"},\"datePublished\":\"2022-04-28T16:35:12+00:00\",\"dateModified\":\"2022-04-28T16:35:12+00:00\",\"author\":{\"@id\":\"https:\/\/www.nettali.com\/#\/schema\/person\/bb147657c2986240405a608162b9bb23\"},\"breadcrumb\":{\"@id\":\"https:\/\/www.nettali.com\/2022\/04\/28\/annonce-mort-mino-raiola-dement\/#breadcrumb\"},\"inLanguage\":\"fr-FR\",\"potentialAction\":[{\"@type\":\"ReadAction\",\"target\":[\"https:\/\/www.nettali.com\/2022\/04\/28\/annonce-mort-mino-raiola-dement\/\"]}]},{\"@type\":\"BreadcrumbList\",\"@id\":\"https:\/\/www.nettali.com\/2022\/04\/28\/annonce-mort-mino-raiola-dement\/#breadcrumb\",\"itemListElement\":[{\"@type\":\"ListItem\",\"position\":1,\"name\":\"Accueil\",\"item\":\"https:\/\/www.nettali.com\/\"},{\"@type\":\"ListItem\",\"position\":2,\"name\":\"ANNONC\\u00c9 MORT - Mino Raiola d\\u00e9ment\"}]},{\"@type\":\"Person\",\"@id\":\"https:\/\/www.nettali.com\/#\/schema\/person\/bb147657c2986240405a608162b9bb23\",\"name\":\"Ibrahima\",\"image\":{\"@type\":\"ImageObject\",\"@id\":\"https:\/\/www.nettali.com\/#personlogo\",\"inLanguage\":\"fr-FR\",\"url\":\"https:\/\/secure.gravatar.com\/avatar\/26a8a81f09f0dd7624c9d5c36c9ba3a2?s=96&d=mm&r=g\",\"contentUrl\":\"https:\/\/secure.gravatar.com\/avatar\/26a8a81f09f0dd7624c9d5c36c9ba3a2?s=96&d=mm&r=g\",\"caption\":\"Ibrahima\"},\"sameAs\":[\"https:\/\/www.nettali.com\"]}]}<\/script>\n<!-- \/ Yoast SEO Premium plugin. -->","yoast_head_json":{"title":"ANNONC\u00c9 MORT - Mino Raiola d\u00e9ment | Nettali.com","robots":{"index":"index","follow":"follow","max-snippet":"max-snippet:-1","max-image-preview":"max-image-preview:large","max-video-preview":"max-video-preview:-1"},"canonical":"https:\/\/www.nettali.com\/2022\/04\/28\/annonce-mort-mino-raiola-dement\/","og_locale":"fr_FR","og_type":"article","og_title":"ANNONC\u00c9 MORT - Mino Raiola d\u00e9ment","og_description":"NETTALI.COM - Alors que le d\u00e9c\u00e8s de Mino Raiola avait \u00e9t\u00e9 annonc\u00e9 ce matin par la presse italienne, les proches du c\u00e9l\u00e8bre agent de joueurs n'ont pas perdu de temps pour faire un d\u00e9menti. Raiola est toujours en vie. Dans la foul\u00e9e de cette annonce, l\u2019agent de Mino Raiola et son bras droit ont pris [&hellip;]","og_url":"https:\/\/www.nettali.com\/2022\/04\/28\/annonce-mort-mino-raiola-dement\/","og_site_name":"Nettali.com","article_publisher":"https:\/\/www.facebook.com\/nettalicom","article_published_time":"2022-04-28T16:35:12+00:00","og_image":[{"width":980,"height":652,"url":"https:\/\/www.nettali.com\/wp-content\/uploads\/2022\/04\/Mino-Raiola-22Vill-ta-en-storspelare-till-Real-Madrid-i-sommar22.jpg","type":"image\/jpeg"}],"twitter_card":"summary_large_image","twitter_misc":{"\u00c9crit par":"Ibrahima","Dur\u00e9e de lecture estim\u00e9e":"2 minutes"},"schema":{"@context":"https:\/\/schema.org","@graph":[{"@type":"WebSite","@id":"https:\/\/www.nettali.com\/#website","url":"https:\/\/www.nettali.com\/","name":"Nettali.com","description":"Le rendez-vous critique du Net","potentialAction":[{"@type":"SearchAction","target":{"@type":"EntryPoint","urlTemplate":"https:\/\/www.nettali.com\/?s={search_term_string}"},"query-input":"required name=search_term_string"}],"inLanguage":"fr-FR"},{"@type":"ImageObject","@id":"https:\/\/www.nettali.com\/2022\/04\/28\/annonce-mort-mino-raiola-dement\/#primaryimage","inLanguage":"fr-FR","url":"https:\/\/www.nettali.com\/wp-content\/uploads\/2022\/04\/Mino-Raiola-22Vill-ta-en-storspelare-till-Real-Madrid-i-sommar22.jpg","contentUrl":"https:\/\/www.nettali.com\/wp-content\/uploads\/2022\/04\/Mino-Raiola-22Vill-ta-en-storspelare-till-Real-Madrid-i-sommar22.jpg","width":980,"height":652},{"@type":"WebPage","@id":"https:\/\/www.nettali.com\/2022\/04\/28\/annonce-mort-mino-raiola-dement\/#webpage","url":"https:\/\/www.nettali.com\/2022\/04\/28\/annonce-mort-mino-raiola-dement\/","name":"ANNONC\u00c9 MORT - Mino Raiola d\u00e9ment | Nettali.com","isPartOf":{"@id":"https:\/\/www.nettali.com\/#website"},"primaryImageOfPage":{"@id":"https:\/\/www.nettali.com\/2022\/04\/28\/annonce-mort-mino-raiola-dement\/#primaryimage"},"datePublished":"2022-04-28T16:35:12+00:00","dateModified":"2022-04-28T16:35:12+00:00","author":{"@id":"https:\/\/www.nettali.com\/#\/schema\/person\/bb147657c2986240405a608162b9bb23"},"breadcrumb":{"@id":"https:\/\/www.nettali.com\/2022\/04\/28\/annonce-mort-mino-raiola-dement\/#breadcrumb"},"inLanguage":"fr-FR","potentialAction":[{"@type":"ReadAction","target":["https:\/\/www.nettali.com\/2022\/04\/28\/annonce-mort-mino-raiola-dement\/"]}]},{"@type":"BreadcrumbList","@id":"https:\/\/www.nettali.com\/2022\/04\/28\/annonce-mort-mino-raiola-dement\/#breadcrumb","itemListElement":[{"@type":"ListItem","position":1,"name":"Accueil","item":"https:\/\/www.nettali.com\/"},{"@type":"ListItem","position":2,"name":"ANNONC\u00c9 MORT - Mino Raiola d\u00e9ment"}]},{"@type":"Person","@id":"https:\/\/www.nettali.com\/#\/schema\/person\/bb147657c2986240405a608162b9bb23","name":"Ibrahima","image":{"@type":"ImageObject","@id":"https:\/\/www.nettali.com\/#personlogo","inLanguage":"fr-FR","url":"https:\/\/secure.gravatar.com\/avatar\/26a8a81f09f0dd7624c9d5c36c9ba3a2?s=96&d=mm&r=g","contentUrl":"https:\/\/secure.gravatar.com\/avatar\/26a8a81f09f0dd7624c9d5c36c9ba3a2?s=96&d=mm&r=g","caption":"Ibrahima"},"sameAs":["https:\/\/www.nettali.com"]}]}},"_links":{"self":[{"href":"https:\/\/www.nettali.com\/rest\/wp\/v2\/posts\/85507"}],"collection":[{"href":"https:\/\/www.nettali.com\/rest\/wp\/v2\/posts"}],"about":[{"href":"https:\/\/www.nettali.com\/rest\/wp\/v2\/types\/post"}],"author":[{"embeddable":true,"href":"https:\/\/www.nettali.com\/rest\/wp\/v2\/users\/5"}],"replies":[{"embeddable":true,"href":"https:\/\/www.nettali.com\/rest\/wp\/v2\/comments?post=85507"}],"version-history":[{"count":1,"href":"https:\/\/www.nettali.com\/rest\/wp\/v2\/posts\/85507\/revisions"}],"predecessor-version":[{"id":85509,"href":"https:\/\/www.nettali.com\/rest\/wp\/v2\/posts\/85507\/revisions\/85509"}],"wp:featuredmedia":[{"embeddable":true,"href":"https:\/\/www.nettali.com\/rest\/wp\/v2\/media\/85508"}],"wp:attachment":[{"href":"https:\/\/www.nettali.com\/rest\/wp\/v2\/media?parent=85507"}],"wp:term":[{"taxonomy":"category","embeddable":true,"href":"https:\/\/www.nettali.com\/rest\/wp\/v2\/categories?post=85507"},{"taxonomy":"post_tag","embeddable":true,"href":"https:\/\/www.nettali.com\/rest\/wp\/v2\/tags?post=85507"}],"curies":[{"name":"wp","href":"https:\/\/api.w.org\/{rel}","templated":true}]}}