{"id":85483,"date":"2022-04-28T07:25:58","date_gmt":"2022-04-28T07:25:58","guid":{"rendered":"https:\/\/www.nettali.com\/?p=85483"},"modified":"2022-04-28T07:25:58","modified_gmt":"2022-04-28T07:25:58","slug":"attentat-a-la-pudeur-et-detournement-dune-mineure-de-moins-de-12-ans-fady-mballo-68-ans-ecope-de-2-ans-de-prison","status":"publish","type":"post","link":"https:\/\/www.nettali.com\/2022\/04\/28\/attentat-a-la-pudeur-et-detournement-dune-mineure-de-moins-de-12-ans-fady-mballo-68-ans-ecope-de-2-ans-de-prison\/","title":{"rendered":"ATTENTAT \u00c0 LA PUDEUR ET D\u00c9TOURNEMENT D\u2019UNE MINEURE DE MOINS DE 12 ANS - Fady Mballo, 68 ans, \u00e9cope de 2 ans de prison"},"content":{"rendered":"<p><strong>NETTALI.COM - Le tribunal de grande instance de Kolda a contraint Fady Mballo, gardien du lyc\u00e9e Ch\u00e9rif Samsidine Aidara de V\u00e9lingara, \u00e0 passer les deux prochaines ann\u00e9es \u00e0 la maison d\u2019arr\u00eat et de correction. Ila \u00e9t\u00e9 jug\u00e9 ce mercredi 27 avril.<\/strong><\/p>\n<p>Selon la publication de ce jeudi 28 avril de Enqu\u00eate, les faits se sont d\u00e9roul\u00e9s le 24 mars dernier. Ce jour-l\u00e0, la fillette A. D. a quitt\u00e9 le domicile de ses parents, dans le quartier Sinthiang Afia de V\u00e9lingara, pour se rendre chez ses camarades. Arriv\u00e9e \u00e0 hauteur du lyc\u00e9e, elle a \u00e9t\u00e9 intercept\u00e9e par Fady Mballo. Ce dernier l\u2019a pi\u00e9g\u00e9e en lui demandant d\u2019aller lui acheter de la cigarette. Lorsque la mineure est revenue, Fady Mballo lui a pris la main et l\u2019a fait entrer dans sa chambre\u2026<\/p>\n<p>Interrog\u00e9 devant la barre, Fady Mballo a formellement contest\u00e9 les faits pour lesquels il est poursuivi. Il a soutenu qu\u2019il n\u2019a rien fait \u00e0 la petite, avant de marteler que cette affaire a \u00e9t\u00e9 fabriqu\u00e9e de toutes pi\u00e8ces dans le seul but de ternir son image. Mais il a \u00e9t\u00e9 d\u00e9menti par la fillette et un t\u00e9moin oculaire.<\/p>\n<p>La petite A. D. raconte : \u201cFady Mballo m\u2019a d\u00e9shabill\u00e9e et a pris son p\u00e9nis pour le frotter sur mon sexe. De plus, il m\u2019a demand\u00e9 de jouer avec son sexe, en me mena\u00e7ant de mort au cas o\u00f9 je refuserais. Ce que j\u2019ai fait.\u2019\u2019 Des d\u00e9clarations corrobor\u00e9es par le ma\u00e7on Ibrahima Sy : \u201cJe l\u2019ai surpris dans sa chambre o\u00f9 j\u2019ai l\u2019habitude de charger mon t\u00e9l\u00e9phone portable. Je l\u2019ai trouv\u00e9 avec la fillette qui \u00e9tait assise sur ses cuisses en train de jouer avec son p\u00e9nis. Et lui Fady Mballo avait le dos au mur. D\u00e9pass\u00e9 par la tournure de l\u2019\u00e9v\u00e9nement, imm\u00e9diatement, je suis sorti et j\u2019ai inform\u00e9 les parents de la victime. Ce qui a valu son arrestation.<\/p>\n<p>Devant ces t\u00e9moignages accablants, le juge s\u2019est \u00e0 nouveau adress\u00e9 au pr\u00e9venu et lui a demand\u00e9 si c\u2019\u00e9tait vrai. Le pr\u00e9dateur sexuel et c\u00e9libataire endurci a marqu\u00e9 une minute de silence avant de confesser : \u201cSinc\u00e8rement, j\u2019ai pris la main de la petite et je l\u2019ai entrain\u00e9e dans la chambre. Une fois \u00e0 l\u2019int\u00e9rieur, je lui ai caress\u00e9 la poitrine et le dos, avant de toucher son sexe.\u2019\u2019<\/p>\n<p>Suffisant pour que le procureur requi\u00e8re deux ans de prison ferme contre lui. Pour le minist\u00e8re public, Fady Mballo est un vieux nuisible \u00e0 la soci\u00e9t\u00e9, qui ne m\u00e9rite pas sa place en son sein. Car, dit-il, les faits pour lesquels il est poursuivi ne souffrent d\u2019aucun doute.<\/p>\n<p>Le procureur a \u00e9t\u00e9 suivi par le tribunal de grande instance de Kolda qui a condamn\u00e9 le vigile du lyc\u00e9e Ch\u00e9rif Samsidine Aidara de V\u00e9lingara \u00e0 passer deux bonnes ann\u00e9es \u00e0 la citadelle du silence. Il a \u00e9t\u00e9 reconnu coupable des d\u00e9lits de d\u00e9tournement de mineure et d\u2019attentat \u00e0 la pudeur sur une fillette de moins de 12 ans et de surcroit \u00e9l\u00e8ve en classe de CE2.<\/p>\n<div class='share-to-whatsapp-wrapper'><div class='share-on-whsp'>PARTAGER SUR : <\/div><a data-text='ATTENTAT \u00c0 LA PUDEUR ET D\u00c9TOURNEMENT D\u2019UNE MINEURE DE MOINS DE 12 ANS - Fady Mballo, 68 ans, \u00e9cope de 2 ans de prison' data-link='https:\/\/www.nettali.com\/2022\/04\/28\/attentat-a-la-pudeur-et-detournement-dune-mineure-de-moins-de-12-ans-fady-mballo-68-ans-ecope-de-2-ans-de-prison\/' class='whatsapp-button whatsapp-share'>WhatsApp<\/a><div class='clear '><\/div><\/div>","protected":false},"excerpt":{"rendered":"<p>NETTALI.COM - Le tribunal de grande instance de Kolda a contraint Fady Mballo, gardien du lyc\u00e9e Ch\u00e9rif Samsidine Aidara de V\u00e9lingara, \u00e0 passer les deux prochaines ann\u00e9es \u00e0 la maison d\u2019arr\u00eat et de correction. Ila \u00e9t\u00e9 jug\u00e9 ce mercredi 27 avril. Selon la publication de ce jeudi 28 avril de Enqu\u00eate, les faits se sont [&hellip;]<\/p>\n","protected":false},"author":11,"featured_media":7676,"comment_status":"open","ping_status":"open","sticky":false,"template":"","format":"standard","meta":{"_et_pb_use_builder":"","_et_pb_old_content":""},"categories":[3],"tags":[],"yoast_head":"<!-- This site is optimized with the Yoast SEO Premium plugin v17.8 (Yoast SEO v17.8) - https:\/\/yoast.com\/wordpress\/plugins\/seo\/ -->\n<title>ATTENTAT \u00c0 LA PUDEUR ET D\u00c9TOURNEMENT D\u2019UNE MINEURE DE MOINS DE 12 ANS - Fady Mballo, 68 ans, \u00e9cope de 2 ans de prison | Nettali.com<\/title>\n<meta name=\"robots\" content=\"index, follow, max-snippet:-1, max-image-preview:large, max-video-preview:-1\" \/>\n<link rel=\"canonical\" href=\"https:\/\/www.nettali.com\/2022\/04\/28\/attentat-a-la-pudeur-et-detournement-dune-mineure-de-moins-de-12-ans-fady-mballo-68-ans-ecope-de-2-ans-de-prison\/\" \/>\n<meta property=\"og:locale\" content=\"fr_FR\" \/>\n<meta property=\"og:type\" content=\"article\" \/>\n<meta property=\"og:title\" content=\"ATTENTAT \u00c0 LA PUDEUR ET D\u00c9TOURNEMENT D\u2019UNE MINEURE DE MOINS DE 12 ANS - Fady Mballo, 68 ans, \u00e9cope de 2 ans de prison\" \/>\n<meta property=\"og:description\" content=\"NETTALI.COM - Le tribunal de grande instance de Kolda a contraint Fady Mballo, gardien du lyc\u00e9e Ch\u00e9rif Samsidine Aidara de V\u00e9lingara, \u00e0 passer les deux prochaines ann\u00e9es \u00e0 la maison d\u2019arr\u00eat et de correction. Ila \u00e9t\u00e9 jug\u00e9 ce mercredi 27 avril. Selon la publication de ce jeudi 28 avril de Enqu\u00eate, les faits se sont [&hellip;]\" \/>\n<meta property=\"og:url\" content=\"https:\/\/www.nettali.com\/2022\/04\/28\/attentat-a-la-pudeur-et-detournement-dune-mineure-de-moins-de-12-ans-fady-mballo-68-ans-ecope-de-2-ans-de-prison\/\" \/>\n<meta property=\"og:site_name\" content=\"Nettali.com\" \/>\n<meta property=\"article:publisher\" content=\"https:\/\/www.facebook.com\/nettalicom\" \/>\n<meta property=\"article:published_time\" content=\"2022-04-28T07:25:58+00:00\" \/>\n<meta property=\"og:image\" content=\"https:\/\/www.nettali.com\/wp-content\/uploads\/2019\/04\/arrestation.jpg\" \/>\n\t<meta property=\"og:image:width\" content=\"779\" \/>\n\t<meta property=\"og:image:height\" content=\"517\" \/>\n<meta name=\"twitter:card\" content=\"summary_large_image\" \/>\n<meta name=\"twitter:label1\" content=\"\u00c9crit par\" \/>\n\t<meta name=\"twitter:data1\" content=\"Thierno Diop\" \/>\n\t<meta name=\"twitter:label2\" content=\"Dur\u00e9e de lecture estim\u00e9e\" \/>\n\t<meta name=\"twitter:data2\" content=\"3 minutes\" \/>\n<script type=\"application\/ld+json\" class=\"yoast-schema-graph\">{\"@context\":\"https:\/\/schema.org\",\"@graph\":[{\"@type\":\"WebSite\",\"@id\":\"https:\/\/www.nettali.com\/#website\",\"url\":\"https:\/\/www.nettali.com\/\",\"name\":\"Nettali.com\",\"description\":\"Le rendez-vous critique du Net\",\"potentialAction\":[{\"@type\":\"SearchAction\",\"target\":{\"@type\":\"EntryPoint\",\"urlTemplate\":\"https:\/\/www.nettali.com\/?s={search_term_string}\"},\"query-input\":\"required name=search_term_string\"}],\"inLanguage\":\"fr-FR\"},{\"@type\":\"ImageObject\",\"@id\":\"https:\/\/www.nettali.com\/2022\/04\/28\/attentat-a-la-pudeur-et-detournement-dune-mineure-de-moins-de-12-ans-fady-mballo-68-ans-ecope-de-2-ans-de-prison\/#primaryimage\",\"inLanguage\":\"fr-FR\",\"url\":\"https:\/\/www.nettali.com\/wp-content\/uploads\/2019\/04\/arrestation.jpg\",\"contentUrl\":\"https:\/\/www.nettali.com\/wp-content\/uploads\/2019\/04\/arrestation.jpg\",\"width\":779,\"height\":517},{\"@type\":\"WebPage\",\"@id\":\"https:\/\/www.nettali.com\/2022\/04\/28\/attentat-a-la-pudeur-et-detournement-dune-mineure-de-moins-de-12-ans-fady-mballo-68-ans-ecope-de-2-ans-de-prison\/#webpage\",\"url\":\"https:\/\/www.nettali.com\/2022\/04\/28\/attentat-a-la-pudeur-et-detournement-dune-mineure-de-moins-de-12-ans-fady-mballo-68-ans-ecope-de-2-ans-de-prison\/\",\"name\":\"ATTENTAT \\u00c0 LA PUDEUR ET D\\u00c9TOURNEMENT D\\u2019UNE MINEURE DE MOINS DE 12 ANS - Fady Mballo, 68 ans, \\u00e9cope de 2 ans de prison | Nettali.com\",\"isPartOf\":{\"@id\":\"https:\/\/www.nettali.com\/#website\"},\"primaryImageOfPage\":{\"@id\":\"https:\/\/www.nettali.com\/2022\/04\/28\/attentat-a-la-pudeur-et-detournement-dune-mineure-de-moins-de-12-ans-fady-mballo-68-ans-ecope-de-2-ans-de-prison\/#primaryimage\"},\"datePublished\":\"2022-04-28T07:25:58+00:00\",\"dateModified\":\"2022-04-28T07:25:58+00:00\",\"author\":{\"@id\":\"https:\/\/www.nettali.com\/#\/schema\/person\/8a06c6bd7b19304cf4bf985862900b5b\"},\"breadcrumb\":{\"@id\":\"https:\/\/www.nettali.com\/2022\/04\/28\/attentat-a-la-pudeur-et-detournement-dune-mineure-de-moins-de-12-ans-fady-mballo-68-ans-ecope-de-2-ans-de-prison\/#breadcrumb\"},\"inLanguage\":\"fr-FR\",\"potentialAction\":[{\"@type\":\"ReadAction\",\"target\":[\"https:\/\/www.nettali.com\/2022\/04\/28\/attentat-a-la-pudeur-et-detournement-dune-mineure-de-moins-de-12-ans-fady-mballo-68-ans-ecope-de-2-ans-de-prison\/\"]}]},{\"@type\":\"BreadcrumbList\",\"@id\":\"https:\/\/www.nettali.com\/2022\/04\/28\/attentat-a-la-pudeur-et-detournement-dune-mineure-de-moins-de-12-ans-fady-mballo-68-ans-ecope-de-2-ans-de-prison\/#breadcrumb\",\"itemListElement\":[{\"@type\":\"ListItem\",\"position\":1,\"name\":\"Accueil\",\"item\":\"https:\/\/www.nettali.com\/\"},{\"@type\":\"ListItem\",\"position\":2,\"name\":\"ATTENTAT \\u00c0 LA PUDEUR ET D\\u00c9TOURNEMENT D\\u2019UNE MINEURE DE MOINS DE 12 ANS - Fady Mballo, 68 ans, \\u00e9cope de 2 ans de prison\"}]},{\"@type\":\"Person\",\"@id\":\"https:\/\/www.nettali.com\/#\/schema\/person\/8a06c6bd7b19304cf4bf985862900b5b\",\"name\":\"Thierno Diop\",\"image\":{\"@type\":\"ImageObject\",\"@id\":\"https:\/\/www.nettali.com\/#personlogo\",\"inLanguage\":\"fr-FR\",\"url\":\"https:\/\/secure.gravatar.com\/avatar\/c8ca58550c94fd2ac856d27391a6c866?s=96&d=mm&r=g\",\"contentUrl\":\"https:\/\/secure.gravatar.com\/avatar\/c8ca58550c94fd2ac856d27391a6c866?s=96&d=mm&r=g\",\"caption\":\"Thierno Diop\"},\"sameAs\":[\"https:\/\/nettali.com\"]}]}<\/script>\n<!-- \/ Yoast SEO Premium plugin. -->","yoast_head_json":{"title":"ATTENTAT \u00c0 LA PUDEUR ET D\u00c9TOURNEMENT D\u2019UNE MINEURE DE MOINS DE 12 ANS - Fady Mballo, 68 ans, \u00e9cope de 2 ans de prison | Nettali.com","robots":{"index":"index","follow":"follow","max-snippet":"max-snippet:-1","max-image-preview":"max-image-preview:large","max-video-preview":"max-video-preview:-1"},"canonical":"https:\/\/www.nettali.com\/2022\/04\/28\/attentat-a-la-pudeur-et-detournement-dune-mineure-de-moins-de-12-ans-fady-mballo-68-ans-ecope-de-2-ans-de-prison\/","og_locale":"fr_FR","og_type":"article","og_title":"ATTENTAT \u00c0 LA PUDEUR ET D\u00c9TOURNEMENT D\u2019UNE MINEURE DE MOINS DE 12 ANS - Fady Mballo, 68 ans, \u00e9cope de 2 ans de prison","og_description":"NETTALI.COM - Le tribunal de grande instance de Kolda a contraint Fady Mballo, gardien du lyc\u00e9e Ch\u00e9rif Samsidine Aidara de V\u00e9lingara, \u00e0 passer les deux prochaines ann\u00e9es \u00e0 la maison d\u2019arr\u00eat et de correction. Ila \u00e9t\u00e9 jug\u00e9 ce mercredi 27 avril. Selon la publication de ce jeudi 28 avril de Enqu\u00eate, les faits se sont [&hellip;]","og_url":"https:\/\/www.nettali.com\/2022\/04\/28\/attentat-a-la-pudeur-et-detournement-dune-mineure-de-moins-de-12-ans-fady-mballo-68-ans-ecope-de-2-ans-de-prison\/","og_site_name":"Nettali.com","article_publisher":"https:\/\/www.facebook.com\/nettalicom","article_published_time":"2022-04-28T07:25:58+00:00","og_image":[{"width":779,"height":517,"url":"https:\/\/www.nettali.com\/wp-content\/uploads\/2019\/04\/arrestation.jpg","type":"image\/jpeg"}],"twitter_card":"summary_large_image","twitter_misc":{"\u00c9crit par":"Thierno Diop","Dur\u00e9e de lecture estim\u00e9e":"3 minutes"},"schema":{"@context":"https:\/\/schema.org","@graph":[{"@type":"WebSite","@id":"https:\/\/www.nettali.com\/#website","url":"https:\/\/www.nettali.com\/","name":"Nettali.com","description":"Le rendez-vous critique du Net","potentialAction":[{"@type":"SearchAction","target":{"@type":"EntryPoint","urlTemplate":"https:\/\/www.nettali.com\/?s={search_term_string}"},"query-input":"required name=search_term_string"}],"inLanguage":"fr-FR"},{"@type":"ImageObject","@id":"https:\/\/www.nettali.com\/2022\/04\/28\/attentat-a-la-pudeur-et-detournement-dune-mineure-de-moins-de-12-ans-fady-mballo-68-ans-ecope-de-2-ans-de-prison\/#primaryimage","inLanguage":"fr-FR","url":"https:\/\/www.nettali.com\/wp-content\/uploads\/2019\/04\/arrestation.jpg","contentUrl":"https:\/\/www.nettali.com\/wp-content\/uploads\/2019\/04\/arrestation.jpg","width":779,"height":517},{"@type":"WebPage","@id":"https:\/\/www.nettali.com\/2022\/04\/28\/attentat-a-la-pudeur-et-detournement-dune-mineure-de-moins-de-12-ans-fady-mballo-68-ans-ecope-de-2-ans-de-prison\/#webpage","url":"https:\/\/www.nettali.com\/2022\/04\/28\/attentat-a-la-pudeur-et-detournement-dune-mineure-de-moins-de-12-ans-fady-mballo-68-ans-ecope-de-2-ans-de-prison\/","name":"ATTENTAT \u00c0 LA PUDEUR ET D\u00c9TOURNEMENT D\u2019UNE MINEURE DE MOINS DE 12 ANS - Fady Mballo, 68 ans, \u00e9cope de 2 ans de prison | Nettali.com","isPartOf":{"@id":"https:\/\/www.nettali.com\/#website"},"primaryImageOfPage":{"@id":"https:\/\/www.nettali.com\/2022\/04\/28\/attentat-a-la-pudeur-et-detournement-dune-mineure-de-moins-de-12-ans-fady-mballo-68-ans-ecope-de-2-ans-de-prison\/#primaryimage"},"datePublished":"2022-04-28T07:25:58+00:00","dateModified":"2022-04-28T07:25:58+00:00","author":{"@id":"https:\/\/www.nettali.com\/#\/schema\/person\/8a06c6bd7b19304cf4bf985862900b5b"},"breadcrumb":{"@id":"https:\/\/www.nettali.com\/2022\/04\/28\/attentat-a-la-pudeur-et-detournement-dune-mineure-de-moins-de-12-ans-fady-mballo-68-ans-ecope-de-2-ans-de-prison\/#breadcrumb"},"inLanguage":"fr-FR","potentialAction":[{"@type":"ReadAction","target":["https:\/\/www.nettali.com\/2022\/04\/28\/attentat-a-la-pudeur-et-detournement-dune-mineure-de-moins-de-12-ans-fady-mballo-68-ans-ecope-de-2-ans-de-prison\/"]}]},{"@type":"BreadcrumbList","@id":"https:\/\/www.nettali.com\/2022\/04\/28\/attentat-a-la-pudeur-et-detournement-dune-mineure-de-moins-de-12-ans-fady-mballo-68-ans-ecope-de-2-ans-de-prison\/#breadcrumb","itemListElement":[{"@type":"ListItem","position":1,"name":"Accueil","item":"https:\/\/www.nettali.com\/"},{"@type":"ListItem","position":2,"name":"ATTENTAT \u00c0 LA PUDEUR ET D\u00c9TOURNEMENT D\u2019UNE MINEURE DE MOINS DE 12 ANS - Fady Mballo, 68 ans, \u00e9cope de 2 ans de prison"}]},{"@type":"Person","@id":"https:\/\/www.nettali.com\/#\/schema\/person\/8a06c6bd7b19304cf4bf985862900b5b","name":"Thierno Diop","image":{"@type":"ImageObject","@id":"https:\/\/www.nettali.com\/#personlogo","inLanguage":"fr-FR","url":"https:\/\/secure.gravatar.com\/avatar\/c8ca58550c94fd2ac856d27391a6c866?s=96&d=mm&r=g","contentUrl":"https:\/\/secure.gravatar.com\/avatar\/c8ca58550c94fd2ac856d27391a6c866?s=96&d=mm&r=g","caption":"Thierno Diop"},"sameAs":["https:\/\/nettali.com"]}]}},"_links":{"self":[{"href":"https:\/\/www.nettali.com\/rest\/wp\/v2\/posts\/85483"}],"collection":[{"href":"https:\/\/www.nettali.com\/rest\/wp\/v2\/posts"}],"about":[{"href":"https:\/\/www.nettali.com\/rest\/wp\/v2\/types\/post"}],"author":[{"embeddable":true,"href":"https:\/\/www.nettali.com\/rest\/wp\/v2\/users\/11"}],"replies":[{"embeddable":true,"href":"https:\/\/www.nettali.com\/rest\/wp\/v2\/comments?post=85483"}],"version-history":[{"count":1,"href":"https:\/\/www.nettali.com\/rest\/wp\/v2\/posts\/85483\/revisions"}],"predecessor-version":[{"id":85484,"href":"https:\/\/www.nettali.com\/rest\/wp\/v2\/posts\/85483\/revisions\/85484"}],"wp:featuredmedia":[{"embeddable":true,"href":"https:\/\/www.nettali.com\/rest\/wp\/v2\/media\/7676"}],"wp:attachment":[{"href":"https:\/\/www.nettali.com\/rest\/wp\/v2\/media?parent=85483"}],"wp:term":[{"taxonomy":"category","embeddable":true,"href":"https:\/\/www.nettali.com\/rest\/wp\/v2\/categories?post=85483"},{"taxonomy":"post_tag","embeddable":true,"href":"https:\/\/www.nettali.com\/rest\/wp\/v2\/tags?post=85483"}],"curies":[{"name":"wp","href":"https:\/\/api.w.org\/{rel}","templated":true}]}}