{"id":85250,"date":"2022-04-24T13:28:49","date_gmt":"2022-04-24T13:28:49","guid":{"rendered":"https:\/\/www.nettali.com\/?p=85250"},"modified":"2022-04-24T13:28:49","modified_gmt":"2022-04-24T13:28:49","slug":"cote-divoire-idriss-diallo-nouveau-president-de-la-fif","status":"publish","type":"post","link":"https:\/\/www.nettali.com\/2022\/04\/24\/cote-divoire-idriss-diallo-nouveau-president-de-la-fif\/","title":{"rendered":"C\u00d4TE D'IVOIRE - Idriss Diallo, nouveau pr\u00e9sident de la FIF"},"content":{"rendered":"<p><strong>NETTALI.COM - Avec 63 voix obtenus au second tour, l\u2019homme d\u2019affaires Idriss Diallo a \u00e9t\u00e9 \u00e9lu samedi 23 avril \u00e0 la t\u00eate de la F\u00e9d\u00e9ration ivoirienne de football, lors d\u2019une assembl\u00e9e g\u00e9n\u00e9rale \u00e9lective dans la capitale Yamoussoukro. Parmi les trois candidats, l'ancien attaquant des \u00c9l\u00e9phants, Didier Drogba a \u00e9t\u00e9 \u00e9limin\u00e9 d\u00e8s le premier tour.<\/strong><\/p>\n<p>L\u2019\u00e9lection du pr\u00e9sident de la F\u00e9d\u00e9ration ivoirienne de football s\u2019est tenue, ce samedi 23 avril 2022 \u00e0 Yamoussoukro en C\u00f4te d\u2019Ivoire.<\/p>\n<p>Les r\u00e9sultats du premier tour se pr\u00e9sentent comme suit\u00a0: 59 voix soit 46,46% \u00e0 Idriss Diallo et 50 voix soit 39,37% \u00e0 Sory Diabat\u00e9 et 21 voix soit 16, 59% \u00e0 Didier Drogba.<\/p>\n<p>A l\u2019 issue du premier tour, l\u2019ancien buteur de Chelsea a \u00e9t\u00e9 \u00e9ject\u00e9 de la course d\u00e8s le premier acte. \u00c2g\u00e9 de 44 ans, DD n'a r\u00e9colt\u00e9 que 21 votes. Trop peu pour continuer l'aventure.<\/p>\n<p>Le second tour qui a oppos\u00e9 Sory Diabat\u00e9 \u00e0 Idriss Yacine Diallo s\u2019est sold\u00e9 par le sacre du dernier nomm\u00e9. Il devient alors le pr\u00e9sident de la F\u00e9d\u00e9ration ivoirienne de football avec 63 voix contre 61 pour son challenger.<\/p>\n<p>Il faut rappeler que le nouveau pr\u00e9sident aura d\u00e9j\u00e0 un rendez-vous majeur \u00e0 son agenda. Dans moins d\u2019une ann\u00e9e, il accueillera la Coupe d\u2019Afrique des nations qui d\u00e9butera le 23 juin 2023.<\/p>\n<div class='share-to-whatsapp-wrapper'><div class='share-on-whsp'>PARTAGER SUR : <\/div><a data-text='C\u00d4TE D'IVOIRE - Idriss Diallo, nouveau pr\u00e9sident de la FIF' data-link='https:\/\/www.nettali.com\/2022\/04\/24\/cote-divoire-idriss-diallo-nouveau-president-de-la-fif\/' class='whatsapp-button whatsapp-share'>WhatsApp<\/a><div class='clear '><\/div><\/div>","protected":false},"excerpt":{"rendered":"<p>NETTALI.COM - Avec 63 voix obtenus au second tour, l\u2019homme d\u2019affaires Idriss Diallo a \u00e9t\u00e9 \u00e9lu samedi 23 avril \u00e0 la t\u00eate de la F\u00e9d\u00e9ration ivoirienne de football, lors d\u2019une assembl\u00e9e g\u00e9n\u00e9rale \u00e9lective dans la capitale Yamoussoukro. Parmi les trois candidats, l'ancien attaquant des \u00c9l\u00e9phants, Didier Drogba a \u00e9t\u00e9 \u00e9limin\u00e9 d\u00e8s le premier tour. L\u2019\u00e9lection [&hellip;]<\/p>\n","protected":false},"author":5,"featured_media":85251,"comment_status":"open","ping_status":"open","sticky":false,"template":"","format":"standard","meta":{"_et_pb_use_builder":"","_et_pb_old_content":""},"categories":[6],"tags":[],"yoast_head":"<!-- This site is optimized with the Yoast SEO Premium plugin v17.8 (Yoast SEO v17.8) - https:\/\/yoast.com\/wordpress\/plugins\/seo\/ -->\n<title>C\u00d4TE D&#039;IVOIRE - Idriss Diallo, nouveau pr\u00e9sident de la FIF | Nettali.com<\/title>\n<meta name=\"robots\" content=\"index, follow, max-snippet:-1, max-image-preview:large, max-video-preview:-1\" \/>\n<link rel=\"canonical\" href=\"https:\/\/www.nettali.com\/2022\/04\/24\/cote-divoire-idriss-diallo-nouveau-president-de-la-fif\/\" \/>\n<meta property=\"og:locale\" content=\"fr_FR\" \/>\n<meta property=\"og:type\" content=\"article\" \/>\n<meta property=\"og:title\" content=\"C\u00d4TE D&#039;IVOIRE - Idriss Diallo, nouveau pr\u00e9sident de la FIF\" \/>\n<meta property=\"og:description\" content=\"NETTALI.COM - Avec 63 voix obtenus au second tour, l\u2019homme d\u2019affaires Idriss Diallo a \u00e9t\u00e9 \u00e9lu samedi 23 avril \u00e0 la t\u00eate de la F\u00e9d\u00e9ration ivoirienne de football, lors d\u2019une assembl\u00e9e g\u00e9n\u00e9rale \u00e9lective dans la capitale Yamoussoukro. Parmi les trois candidats, l&#039;ancien attaquant des \u00c9l\u00e9phants, Didier Drogba a \u00e9t\u00e9 \u00e9limin\u00e9 d\u00e8s le premier tour. L\u2019\u00e9lection [&hellip;]\" \/>\n<meta property=\"og:url\" content=\"https:\/\/www.nettali.com\/2022\/04\/24\/cote-divoire-idriss-diallo-nouveau-president-de-la-fif\/\" \/>\n<meta property=\"og:site_name\" content=\"Nettali.com\" \/>\n<meta property=\"article:publisher\" content=\"https:\/\/www.facebook.com\/nettalicom\" \/>\n<meta property=\"article:published_time\" content=\"2022-04-24T13:28:49+00:00\" \/>\n<meta property=\"og:image\" content=\"https:\/\/www.nettali.com\/wp-content\/uploads\/2022\/04\/Yacine-Idriss-Diallo-810x580-1.jpg\" \/>\n\t<meta property=\"og:image:width\" content=\"810\" \/>\n\t<meta property=\"og:image:height\" content=\"580\" \/>\n<meta name=\"twitter:card\" content=\"summary_large_image\" \/>\n<meta name=\"twitter:label1\" content=\"\u00c9crit par\" \/>\n\t<meta name=\"twitter:data1\" content=\"Ibrahima\" \/>\n\t<meta name=\"twitter:label2\" content=\"Dur\u00e9e de lecture estim\u00e9e\" \/>\n\t<meta name=\"twitter:data2\" content=\"2 minutes\" \/>\n<script type=\"application\/ld+json\" class=\"yoast-schema-graph\">{\"@context\":\"https:\/\/schema.org\",\"@graph\":[{\"@type\":\"WebSite\",\"@id\":\"https:\/\/www.nettali.com\/#website\",\"url\":\"https:\/\/www.nettali.com\/\",\"name\":\"Nettali.com\",\"description\":\"Le rendez-vous critique du Net\",\"potentialAction\":[{\"@type\":\"SearchAction\",\"target\":{\"@type\":\"EntryPoint\",\"urlTemplate\":\"https:\/\/www.nettali.com\/?s={search_term_string}\"},\"query-input\":\"required name=search_term_string\"}],\"inLanguage\":\"fr-FR\"},{\"@type\":\"ImageObject\",\"@id\":\"https:\/\/www.nettali.com\/2022\/04\/24\/cote-divoire-idriss-diallo-nouveau-president-de-la-fif\/#primaryimage\",\"inLanguage\":\"fr-FR\",\"url\":\"https:\/\/www.nettali.com\/wp-content\/uploads\/2022\/04\/Yacine-Idriss-Diallo-810x580-1.jpg\",\"contentUrl\":\"https:\/\/www.nettali.com\/wp-content\/uploads\/2022\/04\/Yacine-Idriss-Diallo-810x580-1.jpg\",\"width\":810,\"height\":580},{\"@type\":\"WebPage\",\"@id\":\"https:\/\/www.nettali.com\/2022\/04\/24\/cote-divoire-idriss-diallo-nouveau-president-de-la-fif\/#webpage\",\"url\":\"https:\/\/www.nettali.com\/2022\/04\/24\/cote-divoire-idriss-diallo-nouveau-president-de-la-fif\/\",\"name\":\"C\\u00d4TE D'IVOIRE - Idriss Diallo, nouveau pr\\u00e9sident de la FIF | Nettali.com\",\"isPartOf\":{\"@id\":\"https:\/\/www.nettali.com\/#website\"},\"primaryImageOfPage\":{\"@id\":\"https:\/\/www.nettali.com\/2022\/04\/24\/cote-divoire-idriss-diallo-nouveau-president-de-la-fif\/#primaryimage\"},\"datePublished\":\"2022-04-24T13:28:49+00:00\",\"dateModified\":\"2022-04-24T13:28:49+00:00\",\"author\":{\"@id\":\"https:\/\/www.nettali.com\/#\/schema\/person\/bb147657c2986240405a608162b9bb23\"},\"breadcrumb\":{\"@id\":\"https:\/\/www.nettali.com\/2022\/04\/24\/cote-divoire-idriss-diallo-nouveau-president-de-la-fif\/#breadcrumb\"},\"inLanguage\":\"fr-FR\",\"potentialAction\":[{\"@type\":\"ReadAction\",\"target\":[\"https:\/\/www.nettali.com\/2022\/04\/24\/cote-divoire-idriss-diallo-nouveau-president-de-la-fif\/\"]}]},{\"@type\":\"BreadcrumbList\",\"@id\":\"https:\/\/www.nettali.com\/2022\/04\/24\/cote-divoire-idriss-diallo-nouveau-president-de-la-fif\/#breadcrumb\",\"itemListElement\":[{\"@type\":\"ListItem\",\"position\":1,\"name\":\"Accueil\",\"item\":\"https:\/\/www.nettali.com\/\"},{\"@type\":\"ListItem\",\"position\":2,\"name\":\"C\\u00d4TE D'IVOIRE - Idriss Diallo, nouveau pr\\u00e9sident de la FIF\"}]},{\"@type\":\"Person\",\"@id\":\"https:\/\/www.nettali.com\/#\/schema\/person\/bb147657c2986240405a608162b9bb23\",\"name\":\"Ibrahima\",\"image\":{\"@type\":\"ImageObject\",\"@id\":\"https:\/\/www.nettali.com\/#personlogo\",\"inLanguage\":\"fr-FR\",\"url\":\"https:\/\/secure.gravatar.com\/avatar\/26a8a81f09f0dd7624c9d5c36c9ba3a2?s=96&d=mm&r=g\",\"contentUrl\":\"https:\/\/secure.gravatar.com\/avatar\/26a8a81f09f0dd7624c9d5c36c9ba3a2?s=96&d=mm&r=g\",\"caption\":\"Ibrahima\"},\"sameAs\":[\"https:\/\/www.nettali.com\"]}]}<\/script>\n<!-- \/ Yoast SEO Premium plugin. -->","yoast_head_json":{"title":"C\u00d4TE D'IVOIRE - Idriss Diallo, nouveau pr\u00e9sident de la FIF | Nettali.com","robots":{"index":"index","follow":"follow","max-snippet":"max-snippet:-1","max-image-preview":"max-image-preview:large","max-video-preview":"max-video-preview:-1"},"canonical":"https:\/\/www.nettali.com\/2022\/04\/24\/cote-divoire-idriss-diallo-nouveau-president-de-la-fif\/","og_locale":"fr_FR","og_type":"article","og_title":"C\u00d4TE D'IVOIRE - Idriss Diallo, nouveau pr\u00e9sident de la FIF","og_description":"NETTALI.COM - Avec 63 voix obtenus au second tour, l\u2019homme d\u2019affaires Idriss Diallo a \u00e9t\u00e9 \u00e9lu samedi 23 avril \u00e0 la t\u00eate de la F\u00e9d\u00e9ration ivoirienne de football, lors d\u2019une assembl\u00e9e g\u00e9n\u00e9rale \u00e9lective dans la capitale Yamoussoukro. Parmi les trois candidats, l'ancien attaquant des \u00c9l\u00e9phants, Didier Drogba a \u00e9t\u00e9 \u00e9limin\u00e9 d\u00e8s le premier tour. L\u2019\u00e9lection [&hellip;]","og_url":"https:\/\/www.nettali.com\/2022\/04\/24\/cote-divoire-idriss-diallo-nouveau-president-de-la-fif\/","og_site_name":"Nettali.com","article_publisher":"https:\/\/www.facebook.com\/nettalicom","article_published_time":"2022-04-24T13:28:49+00:00","og_image":[{"width":810,"height":580,"url":"https:\/\/www.nettali.com\/wp-content\/uploads\/2022\/04\/Yacine-Idriss-Diallo-810x580-1.jpg","type":"image\/jpeg"}],"twitter_card":"summary_large_image","twitter_misc":{"\u00c9crit par":"Ibrahima","Dur\u00e9e de lecture estim\u00e9e":"2 minutes"},"schema":{"@context":"https:\/\/schema.org","@graph":[{"@type":"WebSite","@id":"https:\/\/www.nettali.com\/#website","url":"https:\/\/www.nettali.com\/","name":"Nettali.com","description":"Le rendez-vous critique du Net","potentialAction":[{"@type":"SearchAction","target":{"@type":"EntryPoint","urlTemplate":"https:\/\/www.nettali.com\/?s={search_term_string}"},"query-input":"required name=search_term_string"}],"inLanguage":"fr-FR"},{"@type":"ImageObject","@id":"https:\/\/www.nettali.com\/2022\/04\/24\/cote-divoire-idriss-diallo-nouveau-president-de-la-fif\/#primaryimage","inLanguage":"fr-FR","url":"https:\/\/www.nettali.com\/wp-content\/uploads\/2022\/04\/Yacine-Idriss-Diallo-810x580-1.jpg","contentUrl":"https:\/\/www.nettali.com\/wp-content\/uploads\/2022\/04\/Yacine-Idriss-Diallo-810x580-1.jpg","width":810,"height":580},{"@type":"WebPage","@id":"https:\/\/www.nettali.com\/2022\/04\/24\/cote-divoire-idriss-diallo-nouveau-president-de-la-fif\/#webpage","url":"https:\/\/www.nettali.com\/2022\/04\/24\/cote-divoire-idriss-diallo-nouveau-president-de-la-fif\/","name":"C\u00d4TE D'IVOIRE - Idriss Diallo, nouveau pr\u00e9sident de la FIF | Nettali.com","isPartOf":{"@id":"https:\/\/www.nettali.com\/#website"},"primaryImageOfPage":{"@id":"https:\/\/www.nettali.com\/2022\/04\/24\/cote-divoire-idriss-diallo-nouveau-president-de-la-fif\/#primaryimage"},"datePublished":"2022-04-24T13:28:49+00:00","dateModified":"2022-04-24T13:28:49+00:00","author":{"@id":"https:\/\/www.nettali.com\/#\/schema\/person\/bb147657c2986240405a608162b9bb23"},"breadcrumb":{"@id":"https:\/\/www.nettali.com\/2022\/04\/24\/cote-divoire-idriss-diallo-nouveau-president-de-la-fif\/#breadcrumb"},"inLanguage":"fr-FR","potentialAction":[{"@type":"ReadAction","target":["https:\/\/www.nettali.com\/2022\/04\/24\/cote-divoire-idriss-diallo-nouveau-president-de-la-fif\/"]}]},{"@type":"BreadcrumbList","@id":"https:\/\/www.nettali.com\/2022\/04\/24\/cote-divoire-idriss-diallo-nouveau-president-de-la-fif\/#breadcrumb","itemListElement":[{"@type":"ListItem","position":1,"name":"Accueil","item":"https:\/\/www.nettali.com\/"},{"@type":"ListItem","position":2,"name":"C\u00d4TE D'IVOIRE - Idriss Diallo, nouveau pr\u00e9sident de la FIF"}]},{"@type":"Person","@id":"https:\/\/www.nettali.com\/#\/schema\/person\/bb147657c2986240405a608162b9bb23","name":"Ibrahima","image":{"@type":"ImageObject","@id":"https:\/\/www.nettali.com\/#personlogo","inLanguage":"fr-FR","url":"https:\/\/secure.gravatar.com\/avatar\/26a8a81f09f0dd7624c9d5c36c9ba3a2?s=96&d=mm&r=g","contentUrl":"https:\/\/secure.gravatar.com\/avatar\/26a8a81f09f0dd7624c9d5c36c9ba3a2?s=96&d=mm&r=g","caption":"Ibrahima"},"sameAs":["https:\/\/www.nettali.com"]}]}},"_links":{"self":[{"href":"https:\/\/www.nettali.com\/rest\/wp\/v2\/posts\/85250"}],"collection":[{"href":"https:\/\/www.nettali.com\/rest\/wp\/v2\/posts"}],"about":[{"href":"https:\/\/www.nettali.com\/rest\/wp\/v2\/types\/post"}],"author":[{"embeddable":true,"href":"https:\/\/www.nettali.com\/rest\/wp\/v2\/users\/5"}],"replies":[{"embeddable":true,"href":"https:\/\/www.nettali.com\/rest\/wp\/v2\/comments?post=85250"}],"version-history":[{"count":3,"href":"https:\/\/www.nettali.com\/rest\/wp\/v2\/posts\/85250\/revisions"}],"predecessor-version":[{"id":85267,"href":"https:\/\/www.nettali.com\/rest\/wp\/v2\/posts\/85250\/revisions\/85267"}],"wp:featuredmedia":[{"embeddable":true,"href":"https:\/\/www.nettali.com\/rest\/wp\/v2\/media\/85251"}],"wp:attachment":[{"href":"https:\/\/www.nettali.com\/rest\/wp\/v2\/media?parent=85250"}],"wp:term":[{"taxonomy":"category","embeddable":true,"href":"https:\/\/www.nettali.com\/rest\/wp\/v2\/categories?post=85250"},{"taxonomy":"post_tag","embeddable":true,"href":"https:\/\/www.nettali.com\/rest\/wp\/v2\/tags?post=85250"}],"curies":[{"name":"wp","href":"https:\/\/api.w.org\/{rel}","templated":true}]}}