{"id":84762,"date":"2022-04-14T13:59:56","date_gmt":"2022-04-14T13:59:56","guid":{"rendered":"https:\/\/www.nettali.com\/?p=84762"},"modified":"2022-04-14T13:59:56","modified_gmt":"2022-04-14T13:59:56","slug":"iam-fin-de-collaboration-pour-capitaine-toure","status":"publish","type":"post","link":"https:\/\/www.nettali.com\/2022\/04\/14\/iam-fin-de-collaboration-pour-capitaine-toure\/","title":{"rendered":"IAM - Fin de collaboration pour Capitaine Tour\u00e9"},"content":{"rendered":"<p><strong>NETTALI.COM\u00a0 - Recrut\u00e9 \u00e0 l'IAM pour dispenser des cours de droit, l'ex-capitaine de gendarmerie Tour\u00e9 a vite d\u00e9chant\u00e9. La direction de l'\u00e9cole a d\u00e9cid\u00e9 de mettre \u00e0 la collaboration qui n'aura dur\u00e9 que quelques petits jours.\u00a0<\/strong><\/p>\n<p>Seydina Oumar Tour\u00e9 plus connu sous le nom de capitaine Tour\u00e9 n'est plus enseignant \u00e0 l'institut africain de management (Iam). Malgr\u00e9 son enthousiasme affich\u00e9 sur les r\u00e9seaux sociaux, il n'aura fait que quelques jours de cours dans cette \u00e9cole.<\/p>\n<p>\"<em>J\u2019ai \u00e9t\u00e9 contact\u00e9 ce matin par la Direction de l\u2019IAM qui a souhait\u00e9 mettre un terme \u00e0 notre collaboration pour des raisons que je pr\u00e9f\u00e8re garder par respect pour cette grande \u00e9cole<\/em>\", a inform\u00e9 Seydina Oumar Tour\u00e9 dans un poste sur Facebook. L'ex-capitaine de gendarmerie dit renouveler ses remerciements au Professeur Moustapha Mamba Guirassi et au groupe IAM pour la confiance. \"<em>Il faut reconna\u00eetre qu\u2019ils ont au moins essay\u00e9<\/em>\", \u00e9crit-il. Mais Tour\u00e9 ne se fait pas d'illusions. Selon lui, la Direction de l'IAM a c\u00e9d\u00e9 \u00e0 la pression. <em>\"Cette pression<\/em> <em>sur l\u2019IAM montre la vraie nature de l\u2019homme politique africain qui combat ses propres citoyens<\/em>\", d\u00e9nonce-t-il. Avant de s'interroger : \"<em>O\u00f9 est la d\u00e9mocratie, o\u00f9 la libert\u00e9 dans tout \u00e7a?<\/em>\" \"<em>Il est temps de grandir, il n\u2019y a plus de colonisation, nous sommes entre compatriotes et ce pays nous appartient \u00e0 nous tous. Quand on gouverne un pays libre, on ne combat pas ses citoyens, il faut les assister et les prot\u00e9ger quelles que soient leurs appartenances politiques et religieuses<\/em>\", poursuit celui qui a men\u00e9 les premi\u00e8res enqu\u00eates sur l'affaire Ousmane Sonko-Adji Sarr.<\/p>\n<p>Avec ironie, il conclut\u00a0 : \"<em>Je pense que je vais repartir chez moi \u00e0 Kolda, acheter mes b\u0153ufs et cultiver. L\u00e0 aussi, je me demande s\u2019ils ne viendront pas confisquer les terres et les animaux, ou m\u00eame emp\u00eacher le ciel de pleuvoir. Dieu est tr\u00e8s grand.<\/em>\"<\/p>\n<p>Le recrutement de Seydina Oumar Tour\u00e9 par l'IAM avait suscit\u00e9 un d\u00e9but de pol\u00e9mique. Des voix comme celle de l'ancien d\u00e9put\u00e9 Moustapha Diakhat\u00e9 s'\u00e9taient \u00e9lev\u00e9es pour d\u00e9noncer \"<em>un outrage \u00e0 la R\u00e9publique et \u00e0 la gendarmerie nationale<\/em>\".<\/p>\n<div class='share-to-whatsapp-wrapper'><div class='share-on-whsp'>PARTAGER SUR : <\/div><a data-text='IAM - Fin de collaboration pour Capitaine Tour\u00e9' data-link='https:\/\/www.nettali.com\/2022\/04\/14\/iam-fin-de-collaboration-pour-capitaine-toure\/' class='whatsapp-button whatsapp-share'>WhatsApp<\/a><div class='clear '><\/div><\/div>","protected":false},"excerpt":{"rendered":"<p>NETTALI.COM\u00a0 - Recrut\u00e9 \u00e0 l'IAM pour dispenser des cours de droit, l'ex-capitaine de gendarmerie Tour\u00e9 a vite d\u00e9chant\u00e9. La direction de l'\u00e9cole a d\u00e9cid\u00e9 de mettre \u00e0 la collaboration qui n'aura dur\u00e9 que quelques petits jours.\u00a0 Seydina Oumar Tour\u00e9 plus connu sous le nom de capitaine Tour\u00e9 n'est plus enseignant \u00e0 l'institut africain de management [&hellip;]<\/p>\n","protected":false},"author":3,"featured_media":84763,"comment_status":"open","ping_status":"open","sticky":false,"template":"","format":"standard","meta":{"_et_pb_use_builder":"","_et_pb_old_content":""},"categories":[3],"tags":[],"yoast_head":"<!-- This site is optimized with the Yoast SEO Premium plugin v17.8 (Yoast SEO v17.8) - https:\/\/yoast.com\/wordpress\/plugins\/seo\/ -->\n<title>IAM - Fin de collaboration pour Capitaine Tour\u00e9 | Nettali.com<\/title>\n<meta name=\"robots\" content=\"index, follow, max-snippet:-1, max-image-preview:large, max-video-preview:-1\" \/>\n<link rel=\"canonical\" href=\"https:\/\/www.nettali.com\/2022\/04\/14\/iam-fin-de-collaboration-pour-capitaine-toure\/\" \/>\n<meta property=\"og:locale\" content=\"fr_FR\" \/>\n<meta property=\"og:type\" content=\"article\" \/>\n<meta property=\"og:title\" content=\"IAM - Fin de collaboration pour Capitaine Tour\u00e9\" \/>\n<meta property=\"og:description\" content=\"NETTALI.COM\u00a0 - Recrut\u00e9 \u00e0 l&#039;IAM pour dispenser des cours de droit, l&#039;ex-capitaine de gendarmerie Tour\u00e9 a vite d\u00e9chant\u00e9. La direction de l&#039;\u00e9cole a d\u00e9cid\u00e9 de mettre \u00e0 la collaboration qui n&#039;aura dur\u00e9 que quelques petits jours.\u00a0 Seydina Oumar Tour\u00e9 plus connu sous le nom de capitaine Tour\u00e9 n&#039;est plus enseignant \u00e0 l&#039;institut africain de management [&hellip;]\" \/>\n<meta property=\"og:url\" content=\"https:\/\/www.nettali.com\/2022\/04\/14\/iam-fin-de-collaboration-pour-capitaine-toure\/\" \/>\n<meta property=\"og:site_name\" content=\"Nettali.com\" \/>\n<meta property=\"article:publisher\" content=\"https:\/\/www.facebook.com\/nettalicom\" \/>\n<meta property=\"article:published_time\" content=\"2022-04-14T13:59:56+00:00\" \/>\n<meta property=\"og:image\" content=\"https:\/\/www.nettali.com\/wp-content\/uploads\/2022\/04\/FB_IMG_1649944758282.jpg\" \/>\n\t<meta property=\"og:image:width\" content=\"580\" \/>\n\t<meta property=\"og:image:height\" content=\"826\" \/>\n<meta name=\"twitter:card\" content=\"summary_large_image\" \/>\n<meta name=\"twitter:label1\" content=\"\u00c9crit par\" \/>\n\t<meta name=\"twitter:data1\" content=\"Moustapha\" \/>\n\t<meta name=\"twitter:label2\" content=\"Dur\u00e9e de lecture estim\u00e9e\" \/>\n\t<meta name=\"twitter:data2\" content=\"2 minutes\" \/>\n<script type=\"application\/ld+json\" class=\"yoast-schema-graph\">{\"@context\":\"https:\/\/schema.org\",\"@graph\":[{\"@type\":\"WebSite\",\"@id\":\"https:\/\/www.nettali.com\/#website\",\"url\":\"https:\/\/www.nettali.com\/\",\"name\":\"Nettali.com\",\"description\":\"Le rendez-vous critique du Net\",\"potentialAction\":[{\"@type\":\"SearchAction\",\"target\":{\"@type\":\"EntryPoint\",\"urlTemplate\":\"https:\/\/www.nettali.com\/?s={search_term_string}\"},\"query-input\":\"required name=search_term_string\"}],\"inLanguage\":\"fr-FR\"},{\"@type\":\"ImageObject\",\"@id\":\"https:\/\/www.nettali.com\/2022\/04\/14\/iam-fin-de-collaboration-pour-capitaine-toure\/#primaryimage\",\"inLanguage\":\"fr-FR\",\"url\":\"https:\/\/www.nettali.com\/wp-content\/uploads\/2022\/04\/FB_IMG_1649944758282.jpg\",\"contentUrl\":\"https:\/\/www.nettali.com\/wp-content\/uploads\/2022\/04\/FB_IMG_1649944758282.jpg\",\"width\":580,\"height\":826},{\"@type\":\"WebPage\",\"@id\":\"https:\/\/www.nettali.com\/2022\/04\/14\/iam-fin-de-collaboration-pour-capitaine-toure\/#webpage\",\"url\":\"https:\/\/www.nettali.com\/2022\/04\/14\/iam-fin-de-collaboration-pour-capitaine-toure\/\",\"name\":\"IAM - Fin de collaboration pour Capitaine Tour\\u00e9 | Nettali.com\",\"isPartOf\":{\"@id\":\"https:\/\/www.nettali.com\/#website\"},\"primaryImageOfPage\":{\"@id\":\"https:\/\/www.nettali.com\/2022\/04\/14\/iam-fin-de-collaboration-pour-capitaine-toure\/#primaryimage\"},\"datePublished\":\"2022-04-14T13:59:56+00:00\",\"dateModified\":\"2022-04-14T13:59:56+00:00\",\"author\":{\"@id\":\"https:\/\/www.nettali.com\/#\/schema\/person\/7962a12a6e0267f88f0ffa544c36469a\"},\"breadcrumb\":{\"@id\":\"https:\/\/www.nettali.com\/2022\/04\/14\/iam-fin-de-collaboration-pour-capitaine-toure\/#breadcrumb\"},\"inLanguage\":\"fr-FR\",\"potentialAction\":[{\"@type\":\"ReadAction\",\"target\":[\"https:\/\/www.nettali.com\/2022\/04\/14\/iam-fin-de-collaboration-pour-capitaine-toure\/\"]}]},{\"@type\":\"BreadcrumbList\",\"@id\":\"https:\/\/www.nettali.com\/2022\/04\/14\/iam-fin-de-collaboration-pour-capitaine-toure\/#breadcrumb\",\"itemListElement\":[{\"@type\":\"ListItem\",\"position\":1,\"name\":\"Accueil\",\"item\":\"https:\/\/www.nettali.com\/\"},{\"@type\":\"ListItem\",\"position\":2,\"name\":\"IAM - Fin de collaboration pour Capitaine Tour\\u00e9\"}]},{\"@type\":\"Person\",\"@id\":\"https:\/\/www.nettali.com\/#\/schema\/person\/7962a12a6e0267f88f0ffa544c36469a\",\"name\":\"Moustapha\",\"image\":{\"@type\":\"ImageObject\",\"@id\":\"https:\/\/www.nettali.com\/#personlogo\",\"inLanguage\":\"fr-FR\",\"url\":\"https:\/\/secure.gravatar.com\/avatar\/10fdf6a071cccdcf374e3dbe45159590?s=96&d=mm&r=g\",\"contentUrl\":\"https:\/\/secure.gravatar.com\/avatar\/10fdf6a071cccdcf374e3dbe45159590?s=96&d=mm&r=g\",\"caption\":\"Moustapha\"},\"sameAs\":[\"https:\/\/www.nettali.com\"]}]}<\/script>\n<!-- \/ Yoast SEO Premium plugin. -->","yoast_head_json":{"title":"IAM - Fin de collaboration pour Capitaine Tour\u00e9 | Nettali.com","robots":{"index":"index","follow":"follow","max-snippet":"max-snippet:-1","max-image-preview":"max-image-preview:large","max-video-preview":"max-video-preview:-1"},"canonical":"https:\/\/www.nettali.com\/2022\/04\/14\/iam-fin-de-collaboration-pour-capitaine-toure\/","og_locale":"fr_FR","og_type":"article","og_title":"IAM - Fin de collaboration pour Capitaine Tour\u00e9","og_description":"NETTALI.COM\u00a0 - Recrut\u00e9 \u00e0 l'IAM pour dispenser des cours de droit, l'ex-capitaine de gendarmerie Tour\u00e9 a vite d\u00e9chant\u00e9. La direction de l'\u00e9cole a d\u00e9cid\u00e9 de mettre \u00e0 la collaboration qui n'aura dur\u00e9 que quelques petits jours.\u00a0 Seydina Oumar Tour\u00e9 plus connu sous le nom de capitaine Tour\u00e9 n'est plus enseignant \u00e0 l'institut africain de management [&hellip;]","og_url":"https:\/\/www.nettali.com\/2022\/04\/14\/iam-fin-de-collaboration-pour-capitaine-toure\/","og_site_name":"Nettali.com","article_publisher":"https:\/\/www.facebook.com\/nettalicom","article_published_time":"2022-04-14T13:59:56+00:00","og_image":[{"width":580,"height":826,"url":"https:\/\/www.nettali.com\/wp-content\/uploads\/2022\/04\/FB_IMG_1649944758282.jpg","type":"image\/jpeg"}],"twitter_card":"summary_large_image","twitter_misc":{"\u00c9crit par":"Moustapha","Dur\u00e9e de lecture estim\u00e9e":"2 minutes"},"schema":{"@context":"https:\/\/schema.org","@graph":[{"@type":"WebSite","@id":"https:\/\/www.nettali.com\/#website","url":"https:\/\/www.nettali.com\/","name":"Nettali.com","description":"Le rendez-vous critique du Net","potentialAction":[{"@type":"SearchAction","target":{"@type":"EntryPoint","urlTemplate":"https:\/\/www.nettali.com\/?s={search_term_string}"},"query-input":"required name=search_term_string"}],"inLanguage":"fr-FR"},{"@type":"ImageObject","@id":"https:\/\/www.nettali.com\/2022\/04\/14\/iam-fin-de-collaboration-pour-capitaine-toure\/#primaryimage","inLanguage":"fr-FR","url":"https:\/\/www.nettali.com\/wp-content\/uploads\/2022\/04\/FB_IMG_1649944758282.jpg","contentUrl":"https:\/\/www.nettali.com\/wp-content\/uploads\/2022\/04\/FB_IMG_1649944758282.jpg","width":580,"height":826},{"@type":"WebPage","@id":"https:\/\/www.nettali.com\/2022\/04\/14\/iam-fin-de-collaboration-pour-capitaine-toure\/#webpage","url":"https:\/\/www.nettali.com\/2022\/04\/14\/iam-fin-de-collaboration-pour-capitaine-toure\/","name":"IAM - Fin de collaboration pour Capitaine Tour\u00e9 | Nettali.com","isPartOf":{"@id":"https:\/\/www.nettali.com\/#website"},"primaryImageOfPage":{"@id":"https:\/\/www.nettali.com\/2022\/04\/14\/iam-fin-de-collaboration-pour-capitaine-toure\/#primaryimage"},"datePublished":"2022-04-14T13:59:56+00:00","dateModified":"2022-04-14T13:59:56+00:00","author":{"@id":"https:\/\/www.nettali.com\/#\/schema\/person\/7962a12a6e0267f88f0ffa544c36469a"},"breadcrumb":{"@id":"https:\/\/www.nettali.com\/2022\/04\/14\/iam-fin-de-collaboration-pour-capitaine-toure\/#breadcrumb"},"inLanguage":"fr-FR","potentialAction":[{"@type":"ReadAction","target":["https:\/\/www.nettali.com\/2022\/04\/14\/iam-fin-de-collaboration-pour-capitaine-toure\/"]}]},{"@type":"BreadcrumbList","@id":"https:\/\/www.nettali.com\/2022\/04\/14\/iam-fin-de-collaboration-pour-capitaine-toure\/#breadcrumb","itemListElement":[{"@type":"ListItem","position":1,"name":"Accueil","item":"https:\/\/www.nettali.com\/"},{"@type":"ListItem","position":2,"name":"IAM - Fin de collaboration pour Capitaine Tour\u00e9"}]},{"@type":"Person","@id":"https:\/\/www.nettali.com\/#\/schema\/person\/7962a12a6e0267f88f0ffa544c36469a","name":"Moustapha","image":{"@type":"ImageObject","@id":"https:\/\/www.nettali.com\/#personlogo","inLanguage":"fr-FR","url":"https:\/\/secure.gravatar.com\/avatar\/10fdf6a071cccdcf374e3dbe45159590?s=96&d=mm&r=g","contentUrl":"https:\/\/secure.gravatar.com\/avatar\/10fdf6a071cccdcf374e3dbe45159590?s=96&d=mm&r=g","caption":"Moustapha"},"sameAs":["https:\/\/www.nettali.com"]}]}},"_links":{"self":[{"href":"https:\/\/www.nettali.com\/rest\/wp\/v2\/posts\/84762"}],"collection":[{"href":"https:\/\/www.nettali.com\/rest\/wp\/v2\/posts"}],"about":[{"href":"https:\/\/www.nettali.com\/rest\/wp\/v2\/types\/post"}],"author":[{"embeddable":true,"href":"https:\/\/www.nettali.com\/rest\/wp\/v2\/users\/3"}],"replies":[{"embeddable":true,"href":"https:\/\/www.nettali.com\/rest\/wp\/v2\/comments?post=84762"}],"version-history":[{"count":1,"href":"https:\/\/www.nettali.com\/rest\/wp\/v2\/posts\/84762\/revisions"}],"predecessor-version":[{"id":84764,"href":"https:\/\/www.nettali.com\/rest\/wp\/v2\/posts\/84762\/revisions\/84764"}],"wp:featuredmedia":[{"embeddable":true,"href":"https:\/\/www.nettali.com\/rest\/wp\/v2\/media\/84763"}],"wp:attachment":[{"href":"https:\/\/www.nettali.com\/rest\/wp\/v2\/media?parent=84762"}],"wp:term":[{"taxonomy":"category","embeddable":true,"href":"https:\/\/www.nettali.com\/rest\/wp\/v2\/categories?post=84762"},{"taxonomy":"post_tag","embeddable":true,"href":"https:\/\/www.nettali.com\/rest\/wp\/v2\/tags?post=84762"}],"curies":[{"name":"wp","href":"https:\/\/api.w.org\/{rel}","templated":true}]}}