{"id":84713,"date":"2022-04-13T17:24:07","date_gmt":"2022-04-13T17:24:07","guid":{"rendered":"https:\/\/www.nettali.com\/?p=84713"},"modified":"2022-04-13T17:24:07","modified_gmt":"2022-04-13T17:24:07","slug":"un-senegalais-ecroue-pour-terrorisme-au-benin-le-cri-de-detresse-de-son-pere","status":"publish","type":"post","link":"https:\/\/www.nettali.com\/2022\/04\/13\/un-senegalais-ecroue-pour-terrorisme-au-benin-le-cri-de-detresse-de-son-pere\/","title":{"rendered":"UN S\u00c9N\u00c9GALAIS \u00c9CROU\u00c9 POUR \u00abTERRORISME\u00a0\u00bb AU B\u00c9NIN\u00a0: Le cri de d\u00e9tresse de son p\u00e8re !"},"content":{"rendered":"<p><strong>NETTALI.COM - Jacques Narcisse Cod\u00e9 Thiaw, un S\u00e9n\u00e9galais \u00e9migr\u00e9 au B\u00e9nin, a \u00e9t\u00e9 arr\u00eat\u00e9, inculp\u00e9 pour terrorisme et incarc\u00e9r\u00e9 \u00e0 la prison de Cotonou. Son p\u00e8re remue ciel et terre pour que les autorit\u00e9s S\u00e9n\u00e9galaise s\u2019activent pour obtenir son extradition au S\u00e9n\u00e9gal. <\/strong><\/p>\n<p>Parti en \u00e9migration au B\u00e9nin, le jeune s\u00e9n\u00e9galais de 33 ans, Jacques Narcisse Cod\u00e9 Thiaw, est pass\u00e9 par la Libye avant d'atterrir au B\u00e9nin, pr\u00e9cis\u00e9ment dans la ville de Cotonou en ao\u00fbt 2020. A la recherche d\u2019une vie meilleure, le jeune originaire de Thi\u00e8s n\u2019a pas eu la chance de faire fortune. Il a m\u00eame \u00e9t\u00e9 mis en prison pour une sombre histoire de terrorisme. Arr\u00eat\u00e9 avec plusieurs autres personnes, il est a \u00e9t\u00e9 plac\u00e9 en d\u00e9tention dans une prison de la capitale b\u00e9ninoise.<\/p>\n<p>A trois jours de la Tabaski de cette ann\u00e9e-l\u00e0, les parents de Jacques seront inform\u00e9s de sa situation. Inquiets, ils ont depuis lors entam\u00e9 des d\u00e9marches aupr\u00e8s des autorit\u00e9s \u00e9tatiques du S\u00e9n\u00e9gal pour que la s\u00e9curit\u00e9 de leur fils soit assur\u00e9e. Ce n\u2019est pas le cas, parce qu\u2019apr\u00e8s quelques temps, les membres de la famille du jeune s\u00e9n\u00e9galais sont ensuite inform\u00e9s qu\u2019une violente bagarre \u00e0 ladite prison a caus\u00e9 de graves blessures \u00e0 leur fils. Depuis ce jour-l\u00e0, la famille Thiaw court derri\u00e8re l'\u00c9tat afin que Jacques puisse \u00eatre rapatri\u00e9 vivant au pays. Une chose qui tarde \u00e0 se r\u00e9aliser.<\/p>\n<p>Face \u00e0 cette situation, le p\u00e8re de l'\u00e9migr\u00e9, Mathieu Thiaw, sollicite encore l'aide du gouvernement pour sortir son fils de cet enfer b\u00e9ninois. <em>\u00abDepuis deux ans, mon fils est en prison au B\u00e9nin. Sa vie est en danger\u00bb,<\/em> alerte son p\u00e8re. Depuis qu'on lui a annonc\u00e9 la d\u00e9tention de son fils, Mathieu Thiaw fait tout pour le faire revenir au pays. Il dit avoir rencontr\u00e9 toutes les autorit\u00e9s comp\u00e9tentes pour leur demander de l'aide.<\/p>\n<p><em>\u00abJe me suis rendu au minist\u00e8re des Affaires \u00e9trang\u00e8res o\u00f9 j'ai rencontr\u00e9 le conseiller technique du Secr\u00e9taire d'\u00c9tat des S\u00e9n\u00e9galais de l'ext\u00e9rieur. Celui-ci m'avait orient\u00e9 vers d'autres autorit\u00e9s, mais sans succ\u00e8s. J'ai aussi \u00e9crit au Pr\u00e9sident Macky Sall et \u00e0 la Premi\u00e8re dame Mari\u00e8me Faye Sall, mais je n\u2019ai toujours pas de r\u00e9ponses. Ils n\u2019ont toujours pas r\u00e9agi alors que tout ce que je veux, c'est de savoir r\u00e9ellement les raisons pour lesquelles mon fils est d\u00e9tenu \u00e0 Cotonou et demander son rapatriement, parce qu'il n'est pas en s\u00e9curit\u00e9 l\u00e0-bas. Un fils du pays est en train de souffrir au B\u00e9nin. Depuis trois jours, j\u2019essaie de le joindre, mais j\u2019y n\u2019arrive plus. Je ne sais pas s\u2019il est mort ou pas parce qu\u2019il est actuellement \u00e0 l\u2019h\u00f4pital\u00bb<\/em>, soutient Mathieu Thiaw.<\/p>\n<p>&nbsp;<\/p>\n<p>Poursuivant, ce p\u00e8re d\u00e9sesp\u00e9r\u00e9 signale que son fils l\u2019a r\u00e9cemment appel\u00e9 pour lui dire qu'il est gravement bless\u00e9 suite \u00e0 une bagarre qui s'est produite dans la prison. \u00abMon fils est gravement bless\u00e9. Au cours d\u2019une bagarre, on lui a ass\u00e9n\u00e9 des coups de b\u00e2ton \u00e0 la t\u00eate. Il s'\u00e9tait \u00e9vanoui et, \u00e0 son r\u00e9veil, on a constat\u00e9 que du sang coulait de ses yeux. C\u2019est une garde p\u00e9nitentiaire qui m\u2019a dit qu\u2019il n'arrive m\u00eame plus \u00e0 voir. Il est en train de souffrir \u00e0 l'ext\u00e9rieur du pays\u00bb, pleure M. Thiaw.<\/p>\n<p>&nbsp;<\/p>\n<p>\u00abQu'il soit coupable ou non, je pense que ce n'est pas important. Ce qui importe, c\u2019est de comprendre qu\u2019il est un S\u00e9n\u00e9galais en danger qui a besoin d\u2019\u00eatre tir\u00e9 d\u2019affaire. Mon fils n'est pas un terroriste. C\u2019est quelqu\u2019un que j\u2019ai \u00e9duqu\u00e9 dans la foi chr\u00e9tienne. Il \u00e9tait parti \u00e0 la qu\u00eate d'une vie meilleure, car il n\u2019a pas trouv\u00e9 un emploi au S\u00e9n\u00e9gal. Je n\u2019\u00e9tais pas au courant de ce voyage. C'est un jeune qui a voulu r\u00e9ussir. J\u2019ai mal quand je pense qu'il souffre dans un autre pays de la sous-r\u00e9gion. Aidez-moi \u00e0 r\u00e9cup\u00e9rer mon fils. N'attendez pas qu'il meurt l\u00e0-bas pour aller le rapatrier. Je veux le voir vivant\u00bb, implore son p\u00e8re Mathieu Thiaw.<\/p>\n<p>&nbsp;<\/p>\n<div class='share-to-whatsapp-wrapper'><div class='share-on-whsp'>PARTAGER SUR : <\/div><a data-text='UN S\u00c9N\u00c9GALAIS \u00c9CROU\u00c9 POUR \u00abTERRORISME\u00a0\u00bb AU B\u00c9NIN\u00a0: Le cri de d\u00e9tresse de son p\u00e8re !' data-link='https:\/\/www.nettali.com\/2022\/04\/13\/un-senegalais-ecroue-pour-terrorisme-au-benin-le-cri-de-detresse-de-son-pere\/' class='whatsapp-button whatsapp-share'>WhatsApp<\/a><div class='clear '><\/div><\/div>","protected":false},"excerpt":{"rendered":"<p>NETTALI.COM - Jacques Narcisse Cod\u00e9 Thiaw, un S\u00e9n\u00e9galais \u00e9migr\u00e9 au B\u00e9nin, a \u00e9t\u00e9 arr\u00eat\u00e9, inculp\u00e9 pour terrorisme et incarc\u00e9r\u00e9 \u00e0 la prison de Cotonou. Son p\u00e8re remue ciel et terre pour que les autorit\u00e9s S\u00e9n\u00e9galaise s\u2019activent pour obtenir son extradition au S\u00e9n\u00e9gal. Parti en \u00e9migration au B\u00e9nin, le jeune s\u00e9n\u00e9galais de 33 ans, Jacques Narcisse [&hellip;]<\/p>\n","protected":false},"author":4,"featured_media":84714,"comment_status":"open","ping_status":"open","sticky":false,"template":"","format":"standard","meta":{"_et_pb_use_builder":"","_et_pb_old_content":""},"categories":[3],"tags":[],"yoast_head":"<!-- This site is optimized with the Yoast SEO Premium plugin v17.8 (Yoast SEO v17.8) - https:\/\/yoast.com\/wordpress\/plugins\/seo\/ -->\n<title>UN S\u00c9N\u00c9GALAIS \u00c9CROU\u00c9 POUR \u00abTERRORISME\u00a0\u00bb AU B\u00c9NIN\u00a0: Le cri de d\u00e9tresse de son p\u00e8re ! | Nettali.com<\/title>\n<meta name=\"robots\" content=\"index, follow, max-snippet:-1, max-image-preview:large, max-video-preview:-1\" \/>\n<link rel=\"canonical\" href=\"https:\/\/www.nettali.com\/2022\/04\/13\/un-senegalais-ecroue-pour-terrorisme-au-benin-le-cri-de-detresse-de-son-pere\/\" \/>\n<meta property=\"og:locale\" content=\"fr_FR\" \/>\n<meta property=\"og:type\" content=\"article\" \/>\n<meta property=\"og:title\" content=\"UN S\u00c9N\u00c9GALAIS \u00c9CROU\u00c9 POUR \u00abTERRORISME\u00a0\u00bb AU B\u00c9NIN\u00a0: Le cri de d\u00e9tresse de son p\u00e8re !\" \/>\n<meta property=\"og:description\" content=\"NETTALI.COM - Jacques Narcisse Cod\u00e9 Thiaw, un S\u00e9n\u00e9galais \u00e9migr\u00e9 au B\u00e9nin, a \u00e9t\u00e9 arr\u00eat\u00e9, inculp\u00e9 pour terrorisme et incarc\u00e9r\u00e9 \u00e0 la prison de Cotonou. Son p\u00e8re remue ciel et terre pour que les autorit\u00e9s S\u00e9n\u00e9galaise s\u2019activent pour obtenir son extradition au S\u00e9n\u00e9gal. Parti en \u00e9migration au B\u00e9nin, le jeune s\u00e9n\u00e9galais de 33 ans, Jacques Narcisse [&hellip;]\" \/>\n<meta property=\"og:url\" content=\"https:\/\/www.nettali.com\/2022\/04\/13\/un-senegalais-ecroue-pour-terrorisme-au-benin-le-cri-de-detresse-de-son-pere\/\" \/>\n<meta property=\"og:site_name\" content=\"Nettali.com\" \/>\n<meta property=\"article:publisher\" content=\"https:\/\/www.facebook.com\/nettalicom\" \/>\n<meta property=\"article:published_time\" content=\"2022-04-13T17:24:07+00:00\" \/>\n<meta property=\"og:image\" content=\"https:\/\/www.nettali.com\/wp-content\/uploads\/2022\/04\/prison-civile-cotonou.jpeg\" \/>\n\t<meta property=\"og:image:width\" content=\"1200\" \/>\n\t<meta property=\"og:image:height\" content=\"675\" \/>\n<meta name=\"twitter:card\" content=\"summary_large_image\" \/>\n<meta name=\"twitter:label1\" content=\"\u00c9crit par\" \/>\n\t<meta name=\"twitter:data1\" content=\"Daouda\" \/>\n\t<meta name=\"twitter:label2\" content=\"Dur\u00e9e de lecture estim\u00e9e\" \/>\n\t<meta name=\"twitter:data2\" content=\"4 minutes\" \/>\n<script type=\"application\/ld+json\" class=\"yoast-schema-graph\">{\"@context\":\"https:\/\/schema.org\",\"@graph\":[{\"@type\":\"WebSite\",\"@id\":\"https:\/\/www.nettali.com\/#website\",\"url\":\"https:\/\/www.nettali.com\/\",\"name\":\"Nettali.com\",\"description\":\"Le rendez-vous critique du Net\",\"potentialAction\":[{\"@type\":\"SearchAction\",\"target\":{\"@type\":\"EntryPoint\",\"urlTemplate\":\"https:\/\/www.nettali.com\/?s={search_term_string}\"},\"query-input\":\"required name=search_term_string\"}],\"inLanguage\":\"fr-FR\"},{\"@type\":\"ImageObject\",\"@id\":\"https:\/\/www.nettali.com\/2022\/04\/13\/un-senegalais-ecroue-pour-terrorisme-au-benin-le-cri-de-detresse-de-son-pere\/#primaryimage\",\"inLanguage\":\"fr-FR\",\"url\":\"https:\/\/www.nettali.com\/wp-content\/uploads\/2022\/04\/prison-civile-cotonou.jpeg\",\"contentUrl\":\"https:\/\/www.nettali.com\/wp-content\/uploads\/2022\/04\/prison-civile-cotonou.jpeg\",\"width\":1200,\"height\":675},{\"@type\":\"WebPage\",\"@id\":\"https:\/\/www.nettali.com\/2022\/04\/13\/un-senegalais-ecroue-pour-terrorisme-au-benin-le-cri-de-detresse-de-son-pere\/#webpage\",\"url\":\"https:\/\/www.nettali.com\/2022\/04\/13\/un-senegalais-ecroue-pour-terrorisme-au-benin-le-cri-de-detresse-de-son-pere\/\",\"name\":\"UN S\\u00c9N\\u00c9GALAIS \\u00c9CROU\\u00c9 POUR \\u00abTERRORISME\\u00a0\\u00bb AU B\\u00c9NIN\\u00a0: Le cri de d\\u00e9tresse de son p\\u00e8re ! | Nettali.com\",\"isPartOf\":{\"@id\":\"https:\/\/www.nettali.com\/#website\"},\"primaryImageOfPage\":{\"@id\":\"https:\/\/www.nettali.com\/2022\/04\/13\/un-senegalais-ecroue-pour-terrorisme-au-benin-le-cri-de-detresse-de-son-pere\/#primaryimage\"},\"datePublished\":\"2022-04-13T17:24:07+00:00\",\"dateModified\":\"2022-04-13T17:24:07+00:00\",\"author\":{\"@id\":\"https:\/\/www.nettali.com\/#\/schema\/person\/3317e0bb3aa1da309fbf7b2780901bf4\"},\"breadcrumb\":{\"@id\":\"https:\/\/www.nettali.com\/2022\/04\/13\/un-senegalais-ecroue-pour-terrorisme-au-benin-le-cri-de-detresse-de-son-pere\/#breadcrumb\"},\"inLanguage\":\"fr-FR\",\"potentialAction\":[{\"@type\":\"ReadAction\",\"target\":[\"https:\/\/www.nettali.com\/2022\/04\/13\/un-senegalais-ecroue-pour-terrorisme-au-benin-le-cri-de-detresse-de-son-pere\/\"]}]},{\"@type\":\"BreadcrumbList\",\"@id\":\"https:\/\/www.nettali.com\/2022\/04\/13\/un-senegalais-ecroue-pour-terrorisme-au-benin-le-cri-de-detresse-de-son-pere\/#breadcrumb\",\"itemListElement\":[{\"@type\":\"ListItem\",\"position\":1,\"name\":\"Accueil\",\"item\":\"https:\/\/www.nettali.com\/\"},{\"@type\":\"ListItem\",\"position\":2,\"name\":\"UN S\\u00c9N\\u00c9GALAIS \\u00c9CROU\\u00c9 POUR \\u00abTERRORISME\\u00a0\\u00bb AU B\\u00c9NIN\\u00a0: Le cri de d\\u00e9tresse de son p\\u00e8re !\"}]},{\"@type\":\"Person\",\"@id\":\"https:\/\/www.nettali.com\/#\/schema\/person\/3317e0bb3aa1da309fbf7b2780901bf4\",\"name\":\"Daouda\",\"image\":{\"@type\":\"ImageObject\",\"@id\":\"https:\/\/www.nettali.com\/#personlogo\",\"inLanguage\":\"fr-FR\",\"url\":\"https:\/\/secure.gravatar.com\/avatar\/8d143b5a49345098ddcfee1c49c2f47c?s=96&d=mm&r=g\",\"contentUrl\":\"https:\/\/secure.gravatar.com\/avatar\/8d143b5a49345098ddcfee1c49c2f47c?s=96&d=mm&r=g\",\"caption\":\"Daouda\"},\"sameAs\":[\"https:\/\/www.nettali.com\"]}]}<\/script>\n<!-- \/ Yoast SEO Premium plugin. -->","yoast_head_json":{"title":"UN S\u00c9N\u00c9GALAIS \u00c9CROU\u00c9 POUR \u00abTERRORISME\u00a0\u00bb AU B\u00c9NIN\u00a0: Le cri de d\u00e9tresse de son p\u00e8re ! | Nettali.com","robots":{"index":"index","follow":"follow","max-snippet":"max-snippet:-1","max-image-preview":"max-image-preview:large","max-video-preview":"max-video-preview:-1"},"canonical":"https:\/\/www.nettali.com\/2022\/04\/13\/un-senegalais-ecroue-pour-terrorisme-au-benin-le-cri-de-detresse-de-son-pere\/","og_locale":"fr_FR","og_type":"article","og_title":"UN S\u00c9N\u00c9GALAIS \u00c9CROU\u00c9 POUR \u00abTERRORISME\u00a0\u00bb AU B\u00c9NIN\u00a0: Le cri de d\u00e9tresse de son p\u00e8re !","og_description":"NETTALI.COM - Jacques Narcisse Cod\u00e9 Thiaw, un S\u00e9n\u00e9galais \u00e9migr\u00e9 au B\u00e9nin, a \u00e9t\u00e9 arr\u00eat\u00e9, inculp\u00e9 pour terrorisme et incarc\u00e9r\u00e9 \u00e0 la prison de Cotonou. Son p\u00e8re remue ciel et terre pour que les autorit\u00e9s S\u00e9n\u00e9galaise s\u2019activent pour obtenir son extradition au S\u00e9n\u00e9gal. Parti en \u00e9migration au B\u00e9nin, le jeune s\u00e9n\u00e9galais de 33 ans, Jacques Narcisse [&hellip;]","og_url":"https:\/\/www.nettali.com\/2022\/04\/13\/un-senegalais-ecroue-pour-terrorisme-au-benin-le-cri-de-detresse-de-son-pere\/","og_site_name":"Nettali.com","article_publisher":"https:\/\/www.facebook.com\/nettalicom","article_published_time":"2022-04-13T17:24:07+00:00","og_image":[{"width":1200,"height":675,"url":"https:\/\/www.nettali.com\/wp-content\/uploads\/2022\/04\/prison-civile-cotonou.jpeg","type":"image\/jpeg"}],"twitter_card":"summary_large_image","twitter_misc":{"\u00c9crit par":"Daouda","Dur\u00e9e de lecture estim\u00e9e":"4 minutes"},"schema":{"@context":"https:\/\/schema.org","@graph":[{"@type":"WebSite","@id":"https:\/\/www.nettali.com\/#website","url":"https:\/\/www.nettali.com\/","name":"Nettali.com","description":"Le rendez-vous critique du Net","potentialAction":[{"@type":"SearchAction","target":{"@type":"EntryPoint","urlTemplate":"https:\/\/www.nettali.com\/?s={search_term_string}"},"query-input":"required name=search_term_string"}],"inLanguage":"fr-FR"},{"@type":"ImageObject","@id":"https:\/\/www.nettali.com\/2022\/04\/13\/un-senegalais-ecroue-pour-terrorisme-au-benin-le-cri-de-detresse-de-son-pere\/#primaryimage","inLanguage":"fr-FR","url":"https:\/\/www.nettali.com\/wp-content\/uploads\/2022\/04\/prison-civile-cotonou.jpeg","contentUrl":"https:\/\/www.nettali.com\/wp-content\/uploads\/2022\/04\/prison-civile-cotonou.jpeg","width":1200,"height":675},{"@type":"WebPage","@id":"https:\/\/www.nettali.com\/2022\/04\/13\/un-senegalais-ecroue-pour-terrorisme-au-benin-le-cri-de-detresse-de-son-pere\/#webpage","url":"https:\/\/www.nettali.com\/2022\/04\/13\/un-senegalais-ecroue-pour-terrorisme-au-benin-le-cri-de-detresse-de-son-pere\/","name":"UN S\u00c9N\u00c9GALAIS \u00c9CROU\u00c9 POUR \u00abTERRORISME\u00a0\u00bb AU B\u00c9NIN\u00a0: Le cri de d\u00e9tresse de son p\u00e8re ! | Nettali.com","isPartOf":{"@id":"https:\/\/www.nettali.com\/#website"},"primaryImageOfPage":{"@id":"https:\/\/www.nettali.com\/2022\/04\/13\/un-senegalais-ecroue-pour-terrorisme-au-benin-le-cri-de-detresse-de-son-pere\/#primaryimage"},"datePublished":"2022-04-13T17:24:07+00:00","dateModified":"2022-04-13T17:24:07+00:00","author":{"@id":"https:\/\/www.nettali.com\/#\/schema\/person\/3317e0bb3aa1da309fbf7b2780901bf4"},"breadcrumb":{"@id":"https:\/\/www.nettali.com\/2022\/04\/13\/un-senegalais-ecroue-pour-terrorisme-au-benin-le-cri-de-detresse-de-son-pere\/#breadcrumb"},"inLanguage":"fr-FR","potentialAction":[{"@type":"ReadAction","target":["https:\/\/www.nettali.com\/2022\/04\/13\/un-senegalais-ecroue-pour-terrorisme-au-benin-le-cri-de-detresse-de-son-pere\/"]}]},{"@type":"BreadcrumbList","@id":"https:\/\/www.nettali.com\/2022\/04\/13\/un-senegalais-ecroue-pour-terrorisme-au-benin-le-cri-de-detresse-de-son-pere\/#breadcrumb","itemListElement":[{"@type":"ListItem","position":1,"name":"Accueil","item":"https:\/\/www.nettali.com\/"},{"@type":"ListItem","position":2,"name":"UN S\u00c9N\u00c9GALAIS \u00c9CROU\u00c9 POUR \u00abTERRORISME\u00a0\u00bb AU B\u00c9NIN\u00a0: Le cri de d\u00e9tresse de son p\u00e8re !"}]},{"@type":"Person","@id":"https:\/\/www.nettali.com\/#\/schema\/person\/3317e0bb3aa1da309fbf7b2780901bf4","name":"Daouda","image":{"@type":"ImageObject","@id":"https:\/\/www.nettali.com\/#personlogo","inLanguage":"fr-FR","url":"https:\/\/secure.gravatar.com\/avatar\/8d143b5a49345098ddcfee1c49c2f47c?s=96&d=mm&r=g","contentUrl":"https:\/\/secure.gravatar.com\/avatar\/8d143b5a49345098ddcfee1c49c2f47c?s=96&d=mm&r=g","caption":"Daouda"},"sameAs":["https:\/\/www.nettali.com"]}]}},"_links":{"self":[{"href":"https:\/\/www.nettali.com\/rest\/wp\/v2\/posts\/84713"}],"collection":[{"href":"https:\/\/www.nettali.com\/rest\/wp\/v2\/posts"}],"about":[{"href":"https:\/\/www.nettali.com\/rest\/wp\/v2\/types\/post"}],"author":[{"embeddable":true,"href":"https:\/\/www.nettali.com\/rest\/wp\/v2\/users\/4"}],"replies":[{"embeddable":true,"href":"https:\/\/www.nettali.com\/rest\/wp\/v2\/comments?post=84713"}],"version-history":[{"count":1,"href":"https:\/\/www.nettali.com\/rest\/wp\/v2\/posts\/84713\/revisions"}],"predecessor-version":[{"id":84715,"href":"https:\/\/www.nettali.com\/rest\/wp\/v2\/posts\/84713\/revisions\/84715"}],"wp:featuredmedia":[{"embeddable":true,"href":"https:\/\/www.nettali.com\/rest\/wp\/v2\/media\/84714"}],"wp:attachment":[{"href":"https:\/\/www.nettali.com\/rest\/wp\/v2\/media?parent=84713"}],"wp:term":[{"taxonomy":"category","embeddable":true,"href":"https:\/\/www.nettali.com\/rest\/wp\/v2\/categories?post=84713"},{"taxonomy":"post_tag","embeddable":true,"href":"https:\/\/www.nettali.com\/rest\/wp\/v2\/tags?post=84713"}],"curies":[{"name":"wp","href":"https:\/\/api.w.org\/{rel}","templated":true}]}}