{"id":84483,"date":"2022-04-09T19:19:42","date_gmt":"2022-04-09T19:19:42","guid":{"rendered":"https:\/\/www.nettali.com\/?p=84483"},"modified":"2022-04-09T19:19:42","modified_gmt":"2022-04-09T19:19:42","slug":"velingara-deux-morts-dans-un-accident-de-la-route","status":"publish","type":"post","link":"https:\/\/www.nettali.com\/2022\/04\/09\/velingara-deux-morts-dans-un-accident-de-la-route\/","title":{"rendered":"V\u00c9LINGARA - Deux morts dans un accident de la route"},"content":{"rendered":"<p><strong>NETTALI.COM - Un accident de la circulation a fait deux morts sur le coup sur la RN6 dans la nuit du jeudi 7 au vendredi 8 avril 2022. Il s'agit de deux jeunes originaires des villages de Thiewel Bessel et Sinthiang Yero de la commune de Sinthiang Coundara.<\/strong><\/p>\n<p>Ces derniers qui roulaient \u00e0 bord d'une moto (grosse cylindr\u00e9e) ont \u00e9t\u00e9 retrouv\u00e9s sans vie sous un pont par un p\u00eacheur. Ils ont \u00e9t\u00e9 retrouv\u00e9s avec des blessures sur le corps.<\/p>\n<p>L'une des victimes est le petit-fils du maire de la commune de Sinthiang Coundara Gall\u00e9 Barry.<\/p>\n<div class='share-to-whatsapp-wrapper'><div class='share-on-whsp'>PARTAGER SUR : <\/div><a data-text='V\u00c9LINGARA - Deux morts dans un accident de la route' data-link='https:\/\/www.nettali.com\/2022\/04\/09\/velingara-deux-morts-dans-un-accident-de-la-route\/' class='whatsapp-button whatsapp-share'>WhatsApp<\/a><div class='clear '><\/div><\/div>","protected":false},"excerpt":{"rendered":"<p>NETTALI.COM - Un accident de la circulation a fait deux morts sur le coup sur la RN6 dans la nuit du jeudi 7 au vendredi 8 avril 2022. Il s'agit de deux jeunes originaires des villages de Thiewel Bessel et Sinthiang Yero de la commune de Sinthiang Coundara. Ces derniers qui roulaient \u00e0 bord d'une [&hellip;]<\/p>\n","protected":false},"author":5,"featured_media":65276,"comment_status":"open","ping_status":"open","sticky":false,"template":"","format":"standard","meta":{"_et_pb_use_builder":"","_et_pb_old_content":""},"categories":[3],"tags":[],"yoast_head":"<!-- This site is optimized with the Yoast SEO Premium plugin v17.8 (Yoast SEO v17.8) - https:\/\/yoast.com\/wordpress\/plugins\/seo\/ -->\n<title>V\u00c9LINGARA - Deux morts dans un accident de la route | Nettali.com<\/title>\n<meta name=\"robots\" content=\"index, follow, max-snippet:-1, max-image-preview:large, max-video-preview:-1\" \/>\n<link rel=\"canonical\" href=\"https:\/\/www.nettali.com\/2022\/04\/09\/velingara-deux-morts-dans-un-accident-de-la-route\/\" \/>\n<meta property=\"og:locale\" content=\"fr_FR\" \/>\n<meta property=\"og:type\" content=\"article\" \/>\n<meta property=\"og:title\" content=\"V\u00c9LINGARA - Deux morts dans un accident de la route\" \/>\n<meta property=\"og:description\" content=\"NETTALI.COM - Un accident de la circulation a fait deux morts sur le coup sur la RN6 dans la nuit du jeudi 7 au vendredi 8 avril 2022. Il s&#039;agit de deux jeunes originaires des villages de Thiewel Bessel et Sinthiang Yero de la commune de Sinthiang Coundara. Ces derniers qui roulaient \u00e0 bord d&#039;une [&hellip;]\" \/>\n<meta property=\"og:url\" content=\"https:\/\/www.nettali.com\/2022\/04\/09\/velingara-deux-morts-dans-un-accident-de-la-route\/\" \/>\n<meta property=\"og:site_name\" content=\"Nettali.com\" \/>\n<meta property=\"article:publisher\" content=\"https:\/\/www.facebook.com\/nettalicom\" \/>\n<meta property=\"article:published_time\" content=\"2022-04-09T19:19:42+00:00\" \/>\n<meta property=\"og:image\" content=\"https:\/\/www.nettali.com\/wp-content\/uploads\/2021\/06\/ambulance-sapeurs-pompiers-mort-accident.jpg\" \/>\n\t<meta property=\"og:image:width\" content=\"1200\" \/>\n\t<meta property=\"og:image:height\" content=\"718\" \/>\n<meta name=\"twitter:card\" content=\"summary_large_image\" \/>\n<meta name=\"twitter:label1\" content=\"\u00c9crit par\" \/>\n\t<meta name=\"twitter:data1\" content=\"Ibrahima\" \/>\n\t<meta name=\"twitter:label2\" content=\"Dur\u00e9e de lecture estim\u00e9e\" \/>\n\t<meta name=\"twitter:data2\" content=\"1 minute\" \/>\n<script type=\"application\/ld+json\" class=\"yoast-schema-graph\">{\"@context\":\"https:\/\/schema.org\",\"@graph\":[{\"@type\":\"WebSite\",\"@id\":\"https:\/\/www.nettali.com\/#website\",\"url\":\"https:\/\/www.nettali.com\/\",\"name\":\"Nettali.com\",\"description\":\"Le rendez-vous critique du Net\",\"potentialAction\":[{\"@type\":\"SearchAction\",\"target\":{\"@type\":\"EntryPoint\",\"urlTemplate\":\"https:\/\/www.nettali.com\/?s={search_term_string}\"},\"query-input\":\"required name=search_term_string\"}],\"inLanguage\":\"fr-FR\"},{\"@type\":\"ImageObject\",\"@id\":\"https:\/\/www.nettali.com\/2022\/04\/09\/velingara-deux-morts-dans-un-accident-de-la-route\/#primaryimage\",\"inLanguage\":\"fr-FR\",\"url\":\"https:\/\/www.nettali.com\/wp-content\/uploads\/2021\/06\/ambulance-sapeurs-pompiers-mort-accident.jpg\",\"contentUrl\":\"https:\/\/www.nettali.com\/wp-content\/uploads\/2021\/06\/ambulance-sapeurs-pompiers-mort-accident.jpg\",\"width\":1200,\"height\":718},{\"@type\":\"WebPage\",\"@id\":\"https:\/\/www.nettali.com\/2022\/04\/09\/velingara-deux-morts-dans-un-accident-de-la-route\/#webpage\",\"url\":\"https:\/\/www.nettali.com\/2022\/04\/09\/velingara-deux-morts-dans-un-accident-de-la-route\/\",\"name\":\"V\\u00c9LINGARA - Deux morts dans un accident de la route | Nettali.com\",\"isPartOf\":{\"@id\":\"https:\/\/www.nettali.com\/#website\"},\"primaryImageOfPage\":{\"@id\":\"https:\/\/www.nettali.com\/2022\/04\/09\/velingara-deux-morts-dans-un-accident-de-la-route\/#primaryimage\"},\"datePublished\":\"2022-04-09T19:19:42+00:00\",\"dateModified\":\"2022-04-09T19:19:42+00:00\",\"author\":{\"@id\":\"https:\/\/www.nettali.com\/#\/schema\/person\/bb147657c2986240405a608162b9bb23\"},\"breadcrumb\":{\"@id\":\"https:\/\/www.nettali.com\/2022\/04\/09\/velingara-deux-morts-dans-un-accident-de-la-route\/#breadcrumb\"},\"inLanguage\":\"fr-FR\",\"potentialAction\":[{\"@type\":\"ReadAction\",\"target\":[\"https:\/\/www.nettali.com\/2022\/04\/09\/velingara-deux-morts-dans-un-accident-de-la-route\/\"]}]},{\"@type\":\"BreadcrumbList\",\"@id\":\"https:\/\/www.nettali.com\/2022\/04\/09\/velingara-deux-morts-dans-un-accident-de-la-route\/#breadcrumb\",\"itemListElement\":[{\"@type\":\"ListItem\",\"position\":1,\"name\":\"Accueil\",\"item\":\"https:\/\/www.nettali.com\/\"},{\"@type\":\"ListItem\",\"position\":2,\"name\":\"V\\u00c9LINGARA - Deux morts dans un accident de la route\"}]},{\"@type\":\"Person\",\"@id\":\"https:\/\/www.nettali.com\/#\/schema\/person\/bb147657c2986240405a608162b9bb23\",\"name\":\"Ibrahima\",\"image\":{\"@type\":\"ImageObject\",\"@id\":\"https:\/\/www.nettali.com\/#personlogo\",\"inLanguage\":\"fr-FR\",\"url\":\"https:\/\/secure.gravatar.com\/avatar\/26a8a81f09f0dd7624c9d5c36c9ba3a2?s=96&d=mm&r=g\",\"contentUrl\":\"https:\/\/secure.gravatar.com\/avatar\/26a8a81f09f0dd7624c9d5c36c9ba3a2?s=96&d=mm&r=g\",\"caption\":\"Ibrahima\"},\"sameAs\":[\"https:\/\/www.nettali.com\"]}]}<\/script>\n<!-- \/ Yoast SEO Premium plugin. -->","yoast_head_json":{"title":"V\u00c9LINGARA - Deux morts dans un accident de la route | Nettali.com","robots":{"index":"index","follow":"follow","max-snippet":"max-snippet:-1","max-image-preview":"max-image-preview:large","max-video-preview":"max-video-preview:-1"},"canonical":"https:\/\/www.nettali.com\/2022\/04\/09\/velingara-deux-morts-dans-un-accident-de-la-route\/","og_locale":"fr_FR","og_type":"article","og_title":"V\u00c9LINGARA - Deux morts dans un accident de la route","og_description":"NETTALI.COM - Un accident de la circulation a fait deux morts sur le coup sur la RN6 dans la nuit du jeudi 7 au vendredi 8 avril 2022. Il s'agit de deux jeunes originaires des villages de Thiewel Bessel et Sinthiang Yero de la commune de Sinthiang Coundara. Ces derniers qui roulaient \u00e0 bord d'une [&hellip;]","og_url":"https:\/\/www.nettali.com\/2022\/04\/09\/velingara-deux-morts-dans-un-accident-de-la-route\/","og_site_name":"Nettali.com","article_publisher":"https:\/\/www.facebook.com\/nettalicom","article_published_time":"2022-04-09T19:19:42+00:00","og_image":[{"width":1200,"height":718,"url":"https:\/\/www.nettali.com\/wp-content\/uploads\/2021\/06\/ambulance-sapeurs-pompiers-mort-accident.jpg","type":"image\/jpeg"}],"twitter_card":"summary_large_image","twitter_misc":{"\u00c9crit par":"Ibrahima","Dur\u00e9e de lecture estim\u00e9e":"1 minute"},"schema":{"@context":"https:\/\/schema.org","@graph":[{"@type":"WebSite","@id":"https:\/\/www.nettali.com\/#website","url":"https:\/\/www.nettali.com\/","name":"Nettali.com","description":"Le rendez-vous critique du Net","potentialAction":[{"@type":"SearchAction","target":{"@type":"EntryPoint","urlTemplate":"https:\/\/www.nettali.com\/?s={search_term_string}"},"query-input":"required name=search_term_string"}],"inLanguage":"fr-FR"},{"@type":"ImageObject","@id":"https:\/\/www.nettali.com\/2022\/04\/09\/velingara-deux-morts-dans-un-accident-de-la-route\/#primaryimage","inLanguage":"fr-FR","url":"https:\/\/www.nettali.com\/wp-content\/uploads\/2021\/06\/ambulance-sapeurs-pompiers-mort-accident.jpg","contentUrl":"https:\/\/www.nettali.com\/wp-content\/uploads\/2021\/06\/ambulance-sapeurs-pompiers-mort-accident.jpg","width":1200,"height":718},{"@type":"WebPage","@id":"https:\/\/www.nettali.com\/2022\/04\/09\/velingara-deux-morts-dans-un-accident-de-la-route\/#webpage","url":"https:\/\/www.nettali.com\/2022\/04\/09\/velingara-deux-morts-dans-un-accident-de-la-route\/","name":"V\u00c9LINGARA - Deux morts dans un accident de la route | Nettali.com","isPartOf":{"@id":"https:\/\/www.nettali.com\/#website"},"primaryImageOfPage":{"@id":"https:\/\/www.nettali.com\/2022\/04\/09\/velingara-deux-morts-dans-un-accident-de-la-route\/#primaryimage"},"datePublished":"2022-04-09T19:19:42+00:00","dateModified":"2022-04-09T19:19:42+00:00","author":{"@id":"https:\/\/www.nettali.com\/#\/schema\/person\/bb147657c2986240405a608162b9bb23"},"breadcrumb":{"@id":"https:\/\/www.nettali.com\/2022\/04\/09\/velingara-deux-morts-dans-un-accident-de-la-route\/#breadcrumb"},"inLanguage":"fr-FR","potentialAction":[{"@type":"ReadAction","target":["https:\/\/www.nettali.com\/2022\/04\/09\/velingara-deux-morts-dans-un-accident-de-la-route\/"]}]},{"@type":"BreadcrumbList","@id":"https:\/\/www.nettali.com\/2022\/04\/09\/velingara-deux-morts-dans-un-accident-de-la-route\/#breadcrumb","itemListElement":[{"@type":"ListItem","position":1,"name":"Accueil","item":"https:\/\/www.nettali.com\/"},{"@type":"ListItem","position":2,"name":"V\u00c9LINGARA - Deux morts dans un accident de la route"}]},{"@type":"Person","@id":"https:\/\/www.nettali.com\/#\/schema\/person\/bb147657c2986240405a608162b9bb23","name":"Ibrahima","image":{"@type":"ImageObject","@id":"https:\/\/www.nettali.com\/#personlogo","inLanguage":"fr-FR","url":"https:\/\/secure.gravatar.com\/avatar\/26a8a81f09f0dd7624c9d5c36c9ba3a2?s=96&d=mm&r=g","contentUrl":"https:\/\/secure.gravatar.com\/avatar\/26a8a81f09f0dd7624c9d5c36c9ba3a2?s=96&d=mm&r=g","caption":"Ibrahima"},"sameAs":["https:\/\/www.nettali.com"]}]}},"_links":{"self":[{"href":"https:\/\/www.nettali.com\/rest\/wp\/v2\/posts\/84483"}],"collection":[{"href":"https:\/\/www.nettali.com\/rest\/wp\/v2\/posts"}],"about":[{"href":"https:\/\/www.nettali.com\/rest\/wp\/v2\/types\/post"}],"author":[{"embeddable":true,"href":"https:\/\/www.nettali.com\/rest\/wp\/v2\/users\/5"}],"replies":[{"embeddable":true,"href":"https:\/\/www.nettali.com\/rest\/wp\/v2\/comments?post=84483"}],"version-history":[{"count":1,"href":"https:\/\/www.nettali.com\/rest\/wp\/v2\/posts\/84483\/revisions"}],"predecessor-version":[{"id":84484,"href":"https:\/\/www.nettali.com\/rest\/wp\/v2\/posts\/84483\/revisions\/84484"}],"wp:featuredmedia":[{"embeddable":true,"href":"https:\/\/www.nettali.com\/rest\/wp\/v2\/media\/65276"}],"wp:attachment":[{"href":"https:\/\/www.nettali.com\/rest\/wp\/v2\/media?parent=84483"}],"wp:term":[{"taxonomy":"category","embeddable":true,"href":"https:\/\/www.nettali.com\/rest\/wp\/v2\/categories?post=84483"},{"taxonomy":"post_tag","embeddable":true,"href":"https:\/\/www.nettali.com\/rest\/wp\/v2\/tags?post=84483"}],"curies":[{"name":"wp","href":"https:\/\/api.w.org\/{rel}","templated":true}]}}