{"id":84469,"date":"2022-04-09T12:08:12","date_gmt":"2022-04-09T12:08:12","guid":{"rendered":"https:\/\/www.nettali.com\/?p=84469"},"modified":"2022-04-10T13:06:59","modified_gmt":"2022-04-10T13:06:59","slug":"controle-judiciaire-dans-laffaire-sweet-beaute-ousmane-sonko-a-signe-hier","status":"publish","type":"post","link":"https:\/\/www.nettali.com\/2022\/04\/09\/controle-judiciaire-dans-laffaire-sweet-beaute-ousmane-sonko-a-signe-hier\/","title":{"rendered":"CONTR\u00d4LE JUDICIAIRE DANS L\u2019AFFAIRE SWEET BEAUT\u00c9 - Ousmane Sonko a sign\u00e9, hier"},"content":{"rendered":"<p><strong>NETTALI.COM -Selon les informations de Enqu\u00eate, le leader de Pastef s\u2019est ravis\u00e9 et est all\u00e9 sign\u00e9, hier, devant le juge d\u2019instruction comme le stipule les termes de son contr\u00f4le judiciaire. <\/strong><\/p>\n<p>Tout porte \u00e0 croire qu\u2019Ousmane Sonko s\u2019est finalement rendu \u00e0 l\u2019avis de ses avocats qui lui ont toujours conseill\u00e9 de ne pas se mettre en porte-\u00e0-faux avec la loi, dans cette proc\u00e9dure judiciaire. En effet, il y a quelques semaines, il avait accord\u00e9 une interview \u00e0 la presse s\u00e9n\u00e9galaise, pour d\u00e9noncer le traitement dont il se dit victime dans cette affaire. Il disait : \u201cJ\u2019ai cess\u00e9 d\u2019aller signer depuis 2 mois. Je ne vais plus le faire. Je l\u2019ai d\u00e9j\u00e0 fait depuis 10 mois, mais je ne peux pas respecter une institution qui ne me respecte pas. C\u2019est un dossier qui ne m\u00e9rite qu\u2019un non-lieu ou classement sans suite\u2019\u2019.<\/p>\n<p>Depuis cette sortie, les choses ont commenc\u00e9 \u00e0 bouger et des protagonistes ont \u00e9t\u00e9 auditionn\u00e9s dans le fond par le juge Oumar Maham Diallo qui a repris le dossier apr\u00e8s la mort de l\u2019ancien doyen des juges, Samba Sall. Il s\u2019agit de Nd\u00e8ye Khady Ndiaye, la propri\u00e9taire du fameux salon Sweet beaut\u00e9 o\u00f9 Adji Sarr a dit avoir \u00e9t\u00e9 viol\u00e9e par Ousmane Sonko, et de son mari. Si la dame a \u00e9t\u00e9 inculp\u00e9e pour \u201cincitation \u00e0 la d\u00e9bauche, publication d'image contraire aux bonnes m\u0153urs et complicit\u00e9 de viol\u201d, le mari, lui, a \u00e9t\u00e9 entendu \u00e0 titre de t\u00e9moin.<\/p>\n<p>Dans la foul\u00e9e de l\u2019interview pr\u00e9cit\u00e9e, les avocats d\u2019Ousmane ont introduit une demande pour la lev\u00e9e de son contr\u00f4le judiciaire. Mais, le Doyen des juges d\u2019instruction leur a oppos\u00e9 une fin de non-recevoir. Plusieurs raisons sont \u00e9voqu\u00e9es pour expliquer ce refus. La plus commune est que Sonko, ayant refus\u00e9 d\u2019aller signer, le juge ne pouvait s\u2019abaisser \u00e0 lui accorder une telle faveur. D\u2019autres estiment que l\u2019accus\u00e9 doit d\u2019abord \u00eatre entendu sur le fond, pour qu\u2019une telle \u00e9ventualit\u00e9 soit envisag\u00e9e.<\/p>\n<p>Dans tous les cas, les avocats du leader de Pastef se d\u00e9m\u00e8nent pour que leur client soit entendu dans le fond. Dans ce sens, les deux parties ont d\u00e9j\u00e0 pris langue pour convenir d\u2019une date d\u2019audition qui n\u2019a pas encore \u00e9t\u00e9 divulgu\u00e9e. Celle-ci, selon toute vraisemblance ne devrait pas tarder. La date du 6 avril avait \u00e9t\u00e9 \u00e9voqu\u00e9e. Puis, on a pr\u00e9text\u00e9 la tenue du proc\u00e8s du massacre de Boffa Bayottes qui, dit-on, mobilise nombre d\u2019avocats d\u2019Ousmane Sonko, pour justifier sa non-tenue, mercredi dernier.<\/p>\n<p>Justement, les plaidoiries ont \u00e9t\u00e9 cl\u00f4tur\u00e9es, hier, et la date du d\u00e9lib\u00e9r\u00e9 a \u00e9t\u00e9 fix\u00e9e au 13 juin prochain. Autant dire que rien ne s\u2019oppose plus \u00e0 la tenue de cette audition de fond tant attendue.<\/p>\n<div class='share-to-whatsapp-wrapper'><div class='share-on-whsp'>PARTAGER SUR : <\/div><a data-text='CONTR\u00d4LE JUDICIAIRE DANS L\u2019AFFAIRE SWEET BEAUT\u00c9 - Ousmane Sonko a sign\u00e9, hier' data-link='https:\/\/www.nettali.com\/2022\/04\/09\/controle-judiciaire-dans-laffaire-sweet-beaute-ousmane-sonko-a-signe-hier\/' class='whatsapp-button whatsapp-share'>WhatsApp<\/a><div class='clear '><\/div><\/div>","protected":false},"excerpt":{"rendered":"<p>NETTALI.COM -Selon les informations de Enqu\u00eate, le leader de Pastef s\u2019est ravis\u00e9 et est all\u00e9 sign\u00e9, hier, devant le juge d\u2019instruction comme le stipule les termes de son contr\u00f4le judiciaire. Tout porte \u00e0 croire qu\u2019Ousmane Sonko s\u2019est finalement rendu \u00e0 l\u2019avis de ses avocats qui lui ont toujours conseill\u00e9 de ne pas se mettre en [&hellip;]<\/p>\n","protected":false},"author":11,"featured_media":84470,"comment_status":"open","ping_status":"open","sticky":false,"template":"","format":"standard","meta":{"_et_pb_use_builder":"","_et_pb_old_content":""},"categories":[3],"tags":[],"yoast_head":"<!-- This site is optimized with the Yoast SEO Premium plugin v17.8 (Yoast SEO v17.8) - https:\/\/yoast.com\/wordpress\/plugins\/seo\/ -->\n<title>CONTR\u00d4LE JUDICIAIRE DANS L\u2019AFFAIRE SWEET BEAUT\u00c9 - Ousmane Sonko a sign\u00e9, hier | Nettali.com<\/title>\n<meta name=\"robots\" content=\"index, follow, max-snippet:-1, max-image-preview:large, max-video-preview:-1\" \/>\n<link rel=\"canonical\" href=\"https:\/\/www.nettali.com\/2022\/04\/09\/controle-judiciaire-dans-laffaire-sweet-beaute-ousmane-sonko-a-signe-hier\/\" \/>\n<meta property=\"og:locale\" content=\"fr_FR\" \/>\n<meta property=\"og:type\" content=\"article\" \/>\n<meta property=\"og:title\" content=\"CONTR\u00d4LE JUDICIAIRE DANS L\u2019AFFAIRE SWEET BEAUT\u00c9 - Ousmane Sonko a sign\u00e9, hier\" \/>\n<meta property=\"og:description\" content=\"NETTALI.COM -Selon les informations de Enqu\u00eate, le leader de Pastef s\u2019est ravis\u00e9 et est all\u00e9 sign\u00e9, hier, devant le juge d\u2019instruction comme le stipule les termes de son contr\u00f4le judiciaire. Tout porte \u00e0 croire qu\u2019Ousmane Sonko s\u2019est finalement rendu \u00e0 l\u2019avis de ses avocats qui lui ont toujours conseill\u00e9 de ne pas se mettre en [&hellip;]\" \/>\n<meta property=\"og:url\" content=\"https:\/\/www.nettali.com\/2022\/04\/09\/controle-judiciaire-dans-laffaire-sweet-beaute-ousmane-sonko-a-signe-hier\/\" \/>\n<meta property=\"og:site_name\" content=\"Nettali.com\" \/>\n<meta property=\"article:publisher\" content=\"https:\/\/www.facebook.com\/nettalicom\" \/>\n<meta property=\"article:published_time\" content=\"2022-04-09T12:08:12+00:00\" \/>\n<meta property=\"article:modified_time\" content=\"2022-04-10T13:06:59+00:00\" \/>\n<meta property=\"og:image\" content=\"https:\/\/www.nettali.com\/wp-content\/uploads\/2022\/04\/SONKO-OUSMANE-Copie.jpg\" \/>\n\t<meta property=\"og:image:width\" content=\"1000\" \/>\n\t<meta property=\"og:image:height\" content=\"1130\" \/>\n<meta name=\"twitter:card\" content=\"summary_large_image\" \/>\n<meta name=\"twitter:label1\" content=\"\u00c9crit par\" \/>\n\t<meta name=\"twitter:data1\" content=\"Thierno Diop\" \/>\n\t<meta name=\"twitter:label2\" content=\"Dur\u00e9e de lecture estim\u00e9e\" \/>\n\t<meta name=\"twitter:data2\" content=\"3 minutes\" \/>\n<script type=\"application\/ld+json\" class=\"yoast-schema-graph\">{\"@context\":\"https:\/\/schema.org\",\"@graph\":[{\"@type\":\"WebSite\",\"@id\":\"https:\/\/www.nettali.com\/#website\",\"url\":\"https:\/\/www.nettali.com\/\",\"name\":\"Nettali.com\",\"description\":\"Le rendez-vous critique du Net\",\"potentialAction\":[{\"@type\":\"SearchAction\",\"target\":{\"@type\":\"EntryPoint\",\"urlTemplate\":\"https:\/\/www.nettali.com\/?s={search_term_string}\"},\"query-input\":\"required name=search_term_string\"}],\"inLanguage\":\"fr-FR\"},{\"@type\":\"ImageObject\",\"@id\":\"https:\/\/www.nettali.com\/2022\/04\/09\/controle-judiciaire-dans-laffaire-sweet-beaute-ousmane-sonko-a-signe-hier\/#primaryimage\",\"inLanguage\":\"fr-FR\",\"url\":\"https:\/\/www.nettali.com\/wp-content\/uploads\/2022\/04\/SONKO-OUSMANE-Copie.jpg\",\"contentUrl\":\"https:\/\/www.nettali.com\/wp-content\/uploads\/2022\/04\/SONKO-OUSMANE-Copie.jpg\",\"width\":1000,\"height\":1130},{\"@type\":\"WebPage\",\"@id\":\"https:\/\/www.nettali.com\/2022\/04\/09\/controle-judiciaire-dans-laffaire-sweet-beaute-ousmane-sonko-a-signe-hier\/#webpage\",\"url\":\"https:\/\/www.nettali.com\/2022\/04\/09\/controle-judiciaire-dans-laffaire-sweet-beaute-ousmane-sonko-a-signe-hier\/\",\"name\":\"CONTR\\u00d4LE JUDICIAIRE DANS L\\u2019AFFAIRE SWEET BEAUT\\u00c9 - Ousmane Sonko a sign\\u00e9, hier | Nettali.com\",\"isPartOf\":{\"@id\":\"https:\/\/www.nettali.com\/#website\"},\"primaryImageOfPage\":{\"@id\":\"https:\/\/www.nettali.com\/2022\/04\/09\/controle-judiciaire-dans-laffaire-sweet-beaute-ousmane-sonko-a-signe-hier\/#primaryimage\"},\"datePublished\":\"2022-04-09T12:08:12+00:00\",\"dateModified\":\"2022-04-10T13:06:59+00:00\",\"author\":{\"@id\":\"https:\/\/www.nettali.com\/#\/schema\/person\/8a06c6bd7b19304cf4bf985862900b5b\"},\"breadcrumb\":{\"@id\":\"https:\/\/www.nettali.com\/2022\/04\/09\/controle-judiciaire-dans-laffaire-sweet-beaute-ousmane-sonko-a-signe-hier\/#breadcrumb\"},\"inLanguage\":\"fr-FR\",\"potentialAction\":[{\"@type\":\"ReadAction\",\"target\":[\"https:\/\/www.nettali.com\/2022\/04\/09\/controle-judiciaire-dans-laffaire-sweet-beaute-ousmane-sonko-a-signe-hier\/\"]}]},{\"@type\":\"BreadcrumbList\",\"@id\":\"https:\/\/www.nettali.com\/2022\/04\/09\/controle-judiciaire-dans-laffaire-sweet-beaute-ousmane-sonko-a-signe-hier\/#breadcrumb\",\"itemListElement\":[{\"@type\":\"ListItem\",\"position\":1,\"name\":\"Accueil\",\"item\":\"https:\/\/www.nettali.com\/\"},{\"@type\":\"ListItem\",\"position\":2,\"name\":\"CONTR\\u00d4LE JUDICIAIRE DANS L\\u2019AFFAIRE SWEET BEAUT\\u00c9 - Ousmane Sonko a sign\\u00e9, hier\"}]},{\"@type\":\"Person\",\"@id\":\"https:\/\/www.nettali.com\/#\/schema\/person\/8a06c6bd7b19304cf4bf985862900b5b\",\"name\":\"Thierno Diop\",\"image\":{\"@type\":\"ImageObject\",\"@id\":\"https:\/\/www.nettali.com\/#personlogo\",\"inLanguage\":\"fr-FR\",\"url\":\"https:\/\/secure.gravatar.com\/avatar\/c8ca58550c94fd2ac856d27391a6c866?s=96&d=mm&r=g\",\"contentUrl\":\"https:\/\/secure.gravatar.com\/avatar\/c8ca58550c94fd2ac856d27391a6c866?s=96&d=mm&r=g\",\"caption\":\"Thierno Diop\"},\"sameAs\":[\"https:\/\/nettali.com\"]}]}<\/script>\n<!-- \/ Yoast SEO Premium plugin. -->","yoast_head_json":{"title":"CONTR\u00d4LE JUDICIAIRE DANS L\u2019AFFAIRE SWEET BEAUT\u00c9 - Ousmane Sonko a sign\u00e9, hier | Nettali.com","robots":{"index":"index","follow":"follow","max-snippet":"max-snippet:-1","max-image-preview":"max-image-preview:large","max-video-preview":"max-video-preview:-1"},"canonical":"https:\/\/www.nettali.com\/2022\/04\/09\/controle-judiciaire-dans-laffaire-sweet-beaute-ousmane-sonko-a-signe-hier\/","og_locale":"fr_FR","og_type":"article","og_title":"CONTR\u00d4LE JUDICIAIRE DANS L\u2019AFFAIRE SWEET BEAUT\u00c9 - Ousmane Sonko a sign\u00e9, hier","og_description":"NETTALI.COM -Selon les informations de Enqu\u00eate, le leader de Pastef s\u2019est ravis\u00e9 et est all\u00e9 sign\u00e9, hier, devant le juge d\u2019instruction comme le stipule les termes de son contr\u00f4le judiciaire. Tout porte \u00e0 croire qu\u2019Ousmane Sonko s\u2019est finalement rendu \u00e0 l\u2019avis de ses avocats qui lui ont toujours conseill\u00e9 de ne pas se mettre en [&hellip;]","og_url":"https:\/\/www.nettali.com\/2022\/04\/09\/controle-judiciaire-dans-laffaire-sweet-beaute-ousmane-sonko-a-signe-hier\/","og_site_name":"Nettali.com","article_publisher":"https:\/\/www.facebook.com\/nettalicom","article_published_time":"2022-04-09T12:08:12+00:00","article_modified_time":"2022-04-10T13:06:59+00:00","og_image":[{"width":1000,"height":1130,"url":"https:\/\/www.nettali.com\/wp-content\/uploads\/2022\/04\/SONKO-OUSMANE-Copie.jpg","type":"image\/jpeg"}],"twitter_card":"summary_large_image","twitter_misc":{"\u00c9crit par":"Thierno Diop","Dur\u00e9e de lecture estim\u00e9e":"3 minutes"},"schema":{"@context":"https:\/\/schema.org","@graph":[{"@type":"WebSite","@id":"https:\/\/www.nettali.com\/#website","url":"https:\/\/www.nettali.com\/","name":"Nettali.com","description":"Le rendez-vous critique du Net","potentialAction":[{"@type":"SearchAction","target":{"@type":"EntryPoint","urlTemplate":"https:\/\/www.nettali.com\/?s={search_term_string}"},"query-input":"required name=search_term_string"}],"inLanguage":"fr-FR"},{"@type":"ImageObject","@id":"https:\/\/www.nettali.com\/2022\/04\/09\/controle-judiciaire-dans-laffaire-sweet-beaute-ousmane-sonko-a-signe-hier\/#primaryimage","inLanguage":"fr-FR","url":"https:\/\/www.nettali.com\/wp-content\/uploads\/2022\/04\/SONKO-OUSMANE-Copie.jpg","contentUrl":"https:\/\/www.nettali.com\/wp-content\/uploads\/2022\/04\/SONKO-OUSMANE-Copie.jpg","width":1000,"height":1130},{"@type":"WebPage","@id":"https:\/\/www.nettali.com\/2022\/04\/09\/controle-judiciaire-dans-laffaire-sweet-beaute-ousmane-sonko-a-signe-hier\/#webpage","url":"https:\/\/www.nettali.com\/2022\/04\/09\/controle-judiciaire-dans-laffaire-sweet-beaute-ousmane-sonko-a-signe-hier\/","name":"CONTR\u00d4LE JUDICIAIRE DANS L\u2019AFFAIRE SWEET BEAUT\u00c9 - Ousmane Sonko a sign\u00e9, hier | Nettali.com","isPartOf":{"@id":"https:\/\/www.nettali.com\/#website"},"primaryImageOfPage":{"@id":"https:\/\/www.nettali.com\/2022\/04\/09\/controle-judiciaire-dans-laffaire-sweet-beaute-ousmane-sonko-a-signe-hier\/#primaryimage"},"datePublished":"2022-04-09T12:08:12+00:00","dateModified":"2022-04-10T13:06:59+00:00","author":{"@id":"https:\/\/www.nettali.com\/#\/schema\/person\/8a06c6bd7b19304cf4bf985862900b5b"},"breadcrumb":{"@id":"https:\/\/www.nettali.com\/2022\/04\/09\/controle-judiciaire-dans-laffaire-sweet-beaute-ousmane-sonko-a-signe-hier\/#breadcrumb"},"inLanguage":"fr-FR","potentialAction":[{"@type":"ReadAction","target":["https:\/\/www.nettali.com\/2022\/04\/09\/controle-judiciaire-dans-laffaire-sweet-beaute-ousmane-sonko-a-signe-hier\/"]}]},{"@type":"BreadcrumbList","@id":"https:\/\/www.nettali.com\/2022\/04\/09\/controle-judiciaire-dans-laffaire-sweet-beaute-ousmane-sonko-a-signe-hier\/#breadcrumb","itemListElement":[{"@type":"ListItem","position":1,"name":"Accueil","item":"https:\/\/www.nettali.com\/"},{"@type":"ListItem","position":2,"name":"CONTR\u00d4LE JUDICIAIRE DANS L\u2019AFFAIRE SWEET BEAUT\u00c9 - Ousmane Sonko a sign\u00e9, hier"}]},{"@type":"Person","@id":"https:\/\/www.nettali.com\/#\/schema\/person\/8a06c6bd7b19304cf4bf985862900b5b","name":"Thierno Diop","image":{"@type":"ImageObject","@id":"https:\/\/www.nettali.com\/#personlogo","inLanguage":"fr-FR","url":"https:\/\/secure.gravatar.com\/avatar\/c8ca58550c94fd2ac856d27391a6c866?s=96&d=mm&r=g","contentUrl":"https:\/\/secure.gravatar.com\/avatar\/c8ca58550c94fd2ac856d27391a6c866?s=96&d=mm&r=g","caption":"Thierno Diop"},"sameAs":["https:\/\/nettali.com"]}]}},"_links":{"self":[{"href":"https:\/\/www.nettali.com\/rest\/wp\/v2\/posts\/84469"}],"collection":[{"href":"https:\/\/www.nettali.com\/rest\/wp\/v2\/posts"}],"about":[{"href":"https:\/\/www.nettali.com\/rest\/wp\/v2\/types\/post"}],"author":[{"embeddable":true,"href":"https:\/\/www.nettali.com\/rest\/wp\/v2\/users\/11"}],"replies":[{"embeddable":true,"href":"https:\/\/www.nettali.com\/rest\/wp\/v2\/comments?post=84469"}],"version-history":[{"count":1,"href":"https:\/\/www.nettali.com\/rest\/wp\/v2\/posts\/84469\/revisions"}],"predecessor-version":[{"id":84471,"href":"https:\/\/www.nettali.com\/rest\/wp\/v2\/posts\/84469\/revisions\/84471"}],"wp:featuredmedia":[{"embeddable":true,"href":"https:\/\/www.nettali.com\/rest\/wp\/v2\/media\/84470"}],"wp:attachment":[{"href":"https:\/\/www.nettali.com\/rest\/wp\/v2\/media?parent=84469"}],"wp:term":[{"taxonomy":"category","embeddable":true,"href":"https:\/\/www.nettali.com\/rest\/wp\/v2\/categories?post=84469"},{"taxonomy":"post_tag","embeddable":true,"href":"https:\/\/www.nettali.com\/rest\/wp\/v2\/tags?post=84469"}],"curies":[{"name":"wp","href":"https:\/\/api.w.org\/{rel}","templated":true}]}}