{"id":84458,"date":"2022-04-09T09:43:35","date_gmt":"2022-04-09T09:43:35","guid":{"rendered":"https:\/\/www.nettali.com\/?p=84458"},"modified":"2022-04-09T12:03:09","modified_gmt":"2022-04-09T12:03:09","slug":"confrontation-entre-ndeye-khady-et-adji-sarr-jeudi-la-nouvelle-demande-des-avocats-de-sonko","status":"publish","type":"post","link":"https:\/\/www.nettali.com\/2022\/04\/09\/confrontation-entre-ndeye-khady-et-adji-sarr-jeudi-la-nouvelle-demande-des-avocats-de-sonko\/","title":{"rendered":"Confrontation entre Nd\u00e8ye Khady et Adji Sarr jeudi, la nouvelle demande des avocats de Sonko"},"content":{"rendered":"<p><strong>NETTALI.COM - Le doyen des Juges qui a rouvert le dossier Sweet Beauty, va proc\u00e9der \u00e0 une confrontation entre Nd\u00e8ye Khady Ndiaye et Adji Sarr, son ex-employ\u00e9e. Le face \u00e0 face aura lieu jeudi prochain. Les avocats de Sonko ont, de leur c\u00f4t\u00e9 d\u00e9pos\u00e9 une requ\u00eate sur la table du magistrat instructeur.<\/strong><\/p>\n<p>C'est un face-\u00e0-face qui s'annonce d\u00e9tonnant. Le Doyen des Juges va proc\u00e9der \u00e0 une confrontation entre\u00a0 Nd\u00e8ye Khady Ndiaye et Adji Sarr, jeudi prochain. Leurs avocats ont re\u00e7u des convocations, notent nos sources.<\/p>\n<p>Mais, dans ce dossier, un fait nouveau est \u00e0 signaler. Les avocats d'Ousmane Sonko ont adress\u00e9 un courrier au doyen des juges dans lequel, ils sollicitent l'audition de l'ex-capitaine, Seydina Omar Tour\u00e9 en service \u00e0 la section de recherches de la gendarmerie de Colobane, lors du d\u00e9p\u00f4t de la plainte de Adji Sarr contre Sonko. Le capitaine qui a finalement \u00e9t\u00e9 radi\u00e9 pour des soup\u00e7on de collusion avec le principal mis en cause, Ousmane Sonko.<\/p>\n<p>Par la m\u00eame occasion, les avocats ont aussi relanc\u00e9 le magistrat instructeur sur leur demande visant \u00e0 effectuer des r\u00e9quisitions sur les t\u00e9l\u00e9phones d'Adji Sarr et de Sidy Ahmed Mbaye. Ce dernier avait accompagn\u00e9 l'ex-masseuse, lors du d\u00e9p\u00f4t de la plainte, rappelons-le.<\/p>\n<div class='share-to-whatsapp-wrapper'><div class='share-on-whsp'>PARTAGER SUR : <\/div><a data-text='Confrontation entre Nd\u00e8ye Khady et Adji Sarr jeudi, la nouvelle demande des avocats de Sonko' data-link='https:\/\/www.nettali.com\/2022\/04\/09\/confrontation-entre-ndeye-khady-et-adji-sarr-jeudi-la-nouvelle-demande-des-avocats-de-sonko\/' class='whatsapp-button whatsapp-share'>WhatsApp<\/a><div class='clear '><\/div><\/div>","protected":false},"excerpt":{"rendered":"<p>NETTALI.COM - Le doyen des Juges qui a rouvert le dossier Sweet Beauty, va proc\u00e9der \u00e0 une confrontation entre Nd\u00e8ye Khady Ndiaye et Adji Sarr, son ex-employ\u00e9e. Le face \u00e0 face aura lieu jeudi prochain. Les avocats de Sonko ont, de leur c\u00f4t\u00e9 d\u00e9pos\u00e9 une requ\u00eate sur la table du magistrat instructeur. C'est un face-\u00e0-face [&hellip;]<\/p>\n","protected":false},"author":4,"featured_media":84459,"comment_status":"open","ping_status":"open","sticky":false,"template":"","format":"standard","meta":{"_et_pb_use_builder":"","_et_pb_old_content":""},"categories":[3],"tags":[],"yoast_head":"<!-- This site is optimized with the Yoast SEO Premium plugin v17.8 (Yoast SEO v17.8) - https:\/\/yoast.com\/wordpress\/plugins\/seo\/ -->\n<title>Confrontation entre Nd\u00e8ye Khady et Adji Sarr jeudi, la nouvelle demande des avocats de Sonko | Nettali.com<\/title>\n<meta name=\"robots\" content=\"index, follow, max-snippet:-1, max-image-preview:large, max-video-preview:-1\" \/>\n<link rel=\"canonical\" href=\"https:\/\/www.nettali.com\/2022\/04\/09\/confrontation-entre-ndeye-khady-et-adji-sarr-jeudi-la-nouvelle-demande-des-avocats-de-sonko\/\" \/>\n<meta property=\"og:locale\" content=\"fr_FR\" \/>\n<meta property=\"og:type\" content=\"article\" \/>\n<meta property=\"og:title\" content=\"Confrontation entre Nd\u00e8ye Khady et Adji Sarr jeudi, la nouvelle demande des avocats de Sonko\" \/>\n<meta property=\"og:description\" content=\"NETTALI.COM - Le doyen des Juges qui a rouvert le dossier Sweet Beauty, va proc\u00e9der \u00e0 une confrontation entre Nd\u00e8ye Khady Ndiaye et Adji Sarr, son ex-employ\u00e9e. Le face \u00e0 face aura lieu jeudi prochain. Les avocats de Sonko ont, de leur c\u00f4t\u00e9 d\u00e9pos\u00e9 une requ\u00eate sur la table du magistrat instructeur. C&#039;est un face-\u00e0-face [&hellip;]\" \/>\n<meta property=\"og:url\" content=\"https:\/\/www.nettali.com\/2022\/04\/09\/confrontation-entre-ndeye-khady-et-adji-sarr-jeudi-la-nouvelle-demande-des-avocats-de-sonko\/\" \/>\n<meta property=\"og:site_name\" content=\"Nettali.com\" \/>\n<meta property=\"article:publisher\" content=\"https:\/\/www.facebook.com\/nettalicom\" \/>\n<meta property=\"article:published_time\" content=\"2022-04-09T09:43:35+00:00\" \/>\n<meta property=\"article:modified_time\" content=\"2022-04-09T12:03:09+00:00\" \/>\n<meta property=\"og:image\" content=\"https:\/\/www.nettali.com\/wp-content\/uploads\/2022\/04\/sweet-sonko-adji_5573-e1649497369671.png\" \/>\n\t<meta property=\"og:image:width\" content=\"1596\" \/>\n\t<meta property=\"og:image:height\" content=\"592\" \/>\n<meta name=\"twitter:card\" content=\"summary_large_image\" \/>\n<meta name=\"twitter:label1\" content=\"\u00c9crit par\" \/>\n\t<meta name=\"twitter:data1\" content=\"Daouda\" \/>\n\t<meta name=\"twitter:label2\" content=\"Dur\u00e9e de lecture estim\u00e9e\" \/>\n\t<meta name=\"twitter:data2\" content=\"2 minutes\" \/>\n<script type=\"application\/ld+json\" class=\"yoast-schema-graph\">{\"@context\":\"https:\/\/schema.org\",\"@graph\":[{\"@type\":\"WebSite\",\"@id\":\"https:\/\/www.nettali.com\/#website\",\"url\":\"https:\/\/www.nettali.com\/\",\"name\":\"Nettali.com\",\"description\":\"Le rendez-vous critique du Net\",\"potentialAction\":[{\"@type\":\"SearchAction\",\"target\":{\"@type\":\"EntryPoint\",\"urlTemplate\":\"https:\/\/www.nettali.com\/?s={search_term_string}\"},\"query-input\":\"required name=search_term_string\"}],\"inLanguage\":\"fr-FR\"},{\"@type\":\"ImageObject\",\"@id\":\"https:\/\/www.nettali.com\/2022\/04\/09\/confrontation-entre-ndeye-khady-et-adji-sarr-jeudi-la-nouvelle-demande-des-avocats-de-sonko\/#primaryimage\",\"inLanguage\":\"fr-FR\",\"url\":\"https:\/\/www.nettali.com\/wp-content\/uploads\/2022\/04\/sweet-sonko-adji_5573-e1649497369671.png\",\"contentUrl\":\"https:\/\/www.nettali.com\/wp-content\/uploads\/2022\/04\/sweet-sonko-adji_5573-e1649497369671.png\",\"width\":1596,\"height\":592},{\"@type\":\"WebPage\",\"@id\":\"https:\/\/www.nettali.com\/2022\/04\/09\/confrontation-entre-ndeye-khady-et-adji-sarr-jeudi-la-nouvelle-demande-des-avocats-de-sonko\/#webpage\",\"url\":\"https:\/\/www.nettali.com\/2022\/04\/09\/confrontation-entre-ndeye-khady-et-adji-sarr-jeudi-la-nouvelle-demande-des-avocats-de-sonko\/\",\"name\":\"Confrontation entre Nd\\u00e8ye Khady et Adji Sarr jeudi, la nouvelle demande des avocats de Sonko | Nettali.com\",\"isPartOf\":{\"@id\":\"https:\/\/www.nettali.com\/#website\"},\"primaryImageOfPage\":{\"@id\":\"https:\/\/www.nettali.com\/2022\/04\/09\/confrontation-entre-ndeye-khady-et-adji-sarr-jeudi-la-nouvelle-demande-des-avocats-de-sonko\/#primaryimage\"},\"datePublished\":\"2022-04-09T09:43:35+00:00\",\"dateModified\":\"2022-04-09T12:03:09+00:00\",\"author\":{\"@id\":\"https:\/\/www.nettali.com\/#\/schema\/person\/3317e0bb3aa1da309fbf7b2780901bf4\"},\"breadcrumb\":{\"@id\":\"https:\/\/www.nettali.com\/2022\/04\/09\/confrontation-entre-ndeye-khady-et-adji-sarr-jeudi-la-nouvelle-demande-des-avocats-de-sonko\/#breadcrumb\"},\"inLanguage\":\"fr-FR\",\"potentialAction\":[{\"@type\":\"ReadAction\",\"target\":[\"https:\/\/www.nettali.com\/2022\/04\/09\/confrontation-entre-ndeye-khady-et-adji-sarr-jeudi-la-nouvelle-demande-des-avocats-de-sonko\/\"]}]},{\"@type\":\"BreadcrumbList\",\"@id\":\"https:\/\/www.nettali.com\/2022\/04\/09\/confrontation-entre-ndeye-khady-et-adji-sarr-jeudi-la-nouvelle-demande-des-avocats-de-sonko\/#breadcrumb\",\"itemListElement\":[{\"@type\":\"ListItem\",\"position\":1,\"name\":\"Accueil\",\"item\":\"https:\/\/www.nettali.com\/\"},{\"@type\":\"ListItem\",\"position\":2,\"name\":\"Confrontation entre Nd\\u00e8ye Khady et Adji Sarr jeudi, la nouvelle demande des avocats de Sonko\"}]},{\"@type\":\"Person\",\"@id\":\"https:\/\/www.nettali.com\/#\/schema\/person\/3317e0bb3aa1da309fbf7b2780901bf4\",\"name\":\"Daouda\",\"image\":{\"@type\":\"ImageObject\",\"@id\":\"https:\/\/www.nettali.com\/#personlogo\",\"inLanguage\":\"fr-FR\",\"url\":\"https:\/\/secure.gravatar.com\/avatar\/8d143b5a49345098ddcfee1c49c2f47c?s=96&d=mm&r=g\",\"contentUrl\":\"https:\/\/secure.gravatar.com\/avatar\/8d143b5a49345098ddcfee1c49c2f47c?s=96&d=mm&r=g\",\"caption\":\"Daouda\"},\"sameAs\":[\"https:\/\/www.nettali.com\"]}]}<\/script>\n<!-- \/ Yoast SEO Premium plugin. -->","yoast_head_json":{"title":"Confrontation entre Nd\u00e8ye Khady et Adji Sarr jeudi, la nouvelle demande des avocats de Sonko | Nettali.com","robots":{"index":"index","follow":"follow","max-snippet":"max-snippet:-1","max-image-preview":"max-image-preview:large","max-video-preview":"max-video-preview:-1"},"canonical":"https:\/\/www.nettali.com\/2022\/04\/09\/confrontation-entre-ndeye-khady-et-adji-sarr-jeudi-la-nouvelle-demande-des-avocats-de-sonko\/","og_locale":"fr_FR","og_type":"article","og_title":"Confrontation entre Nd\u00e8ye Khady et Adji Sarr jeudi, la nouvelle demande des avocats de Sonko","og_description":"NETTALI.COM - Le doyen des Juges qui a rouvert le dossier Sweet Beauty, va proc\u00e9der \u00e0 une confrontation entre Nd\u00e8ye Khady Ndiaye et Adji Sarr, son ex-employ\u00e9e. Le face \u00e0 face aura lieu jeudi prochain. Les avocats de Sonko ont, de leur c\u00f4t\u00e9 d\u00e9pos\u00e9 une requ\u00eate sur la table du magistrat instructeur. C'est un face-\u00e0-face [&hellip;]","og_url":"https:\/\/www.nettali.com\/2022\/04\/09\/confrontation-entre-ndeye-khady-et-adji-sarr-jeudi-la-nouvelle-demande-des-avocats-de-sonko\/","og_site_name":"Nettali.com","article_publisher":"https:\/\/www.facebook.com\/nettalicom","article_published_time":"2022-04-09T09:43:35+00:00","article_modified_time":"2022-04-09T12:03:09+00:00","og_image":[{"width":1596,"height":592,"url":"https:\/\/www.nettali.com\/wp-content\/uploads\/2022\/04\/sweet-sonko-adji_5573-e1649497369671.png","type":"image\/png"}],"twitter_card":"summary_large_image","twitter_misc":{"\u00c9crit par":"Daouda","Dur\u00e9e de lecture estim\u00e9e":"2 minutes"},"schema":{"@context":"https:\/\/schema.org","@graph":[{"@type":"WebSite","@id":"https:\/\/www.nettali.com\/#website","url":"https:\/\/www.nettali.com\/","name":"Nettali.com","description":"Le rendez-vous critique du Net","potentialAction":[{"@type":"SearchAction","target":{"@type":"EntryPoint","urlTemplate":"https:\/\/www.nettali.com\/?s={search_term_string}"},"query-input":"required name=search_term_string"}],"inLanguage":"fr-FR"},{"@type":"ImageObject","@id":"https:\/\/www.nettali.com\/2022\/04\/09\/confrontation-entre-ndeye-khady-et-adji-sarr-jeudi-la-nouvelle-demande-des-avocats-de-sonko\/#primaryimage","inLanguage":"fr-FR","url":"https:\/\/www.nettali.com\/wp-content\/uploads\/2022\/04\/sweet-sonko-adji_5573-e1649497369671.png","contentUrl":"https:\/\/www.nettali.com\/wp-content\/uploads\/2022\/04\/sweet-sonko-adji_5573-e1649497369671.png","width":1596,"height":592},{"@type":"WebPage","@id":"https:\/\/www.nettali.com\/2022\/04\/09\/confrontation-entre-ndeye-khady-et-adji-sarr-jeudi-la-nouvelle-demande-des-avocats-de-sonko\/#webpage","url":"https:\/\/www.nettali.com\/2022\/04\/09\/confrontation-entre-ndeye-khady-et-adji-sarr-jeudi-la-nouvelle-demande-des-avocats-de-sonko\/","name":"Confrontation entre Nd\u00e8ye Khady et Adji Sarr jeudi, la nouvelle demande des avocats de Sonko | Nettali.com","isPartOf":{"@id":"https:\/\/www.nettali.com\/#website"},"primaryImageOfPage":{"@id":"https:\/\/www.nettali.com\/2022\/04\/09\/confrontation-entre-ndeye-khady-et-adji-sarr-jeudi-la-nouvelle-demande-des-avocats-de-sonko\/#primaryimage"},"datePublished":"2022-04-09T09:43:35+00:00","dateModified":"2022-04-09T12:03:09+00:00","author":{"@id":"https:\/\/www.nettali.com\/#\/schema\/person\/3317e0bb3aa1da309fbf7b2780901bf4"},"breadcrumb":{"@id":"https:\/\/www.nettali.com\/2022\/04\/09\/confrontation-entre-ndeye-khady-et-adji-sarr-jeudi-la-nouvelle-demande-des-avocats-de-sonko\/#breadcrumb"},"inLanguage":"fr-FR","potentialAction":[{"@type":"ReadAction","target":["https:\/\/www.nettali.com\/2022\/04\/09\/confrontation-entre-ndeye-khady-et-adji-sarr-jeudi-la-nouvelle-demande-des-avocats-de-sonko\/"]}]},{"@type":"BreadcrumbList","@id":"https:\/\/www.nettali.com\/2022\/04\/09\/confrontation-entre-ndeye-khady-et-adji-sarr-jeudi-la-nouvelle-demande-des-avocats-de-sonko\/#breadcrumb","itemListElement":[{"@type":"ListItem","position":1,"name":"Accueil","item":"https:\/\/www.nettali.com\/"},{"@type":"ListItem","position":2,"name":"Confrontation entre Nd\u00e8ye Khady et Adji Sarr jeudi, la nouvelle demande des avocats de Sonko"}]},{"@type":"Person","@id":"https:\/\/www.nettali.com\/#\/schema\/person\/3317e0bb3aa1da309fbf7b2780901bf4","name":"Daouda","image":{"@type":"ImageObject","@id":"https:\/\/www.nettali.com\/#personlogo","inLanguage":"fr-FR","url":"https:\/\/secure.gravatar.com\/avatar\/8d143b5a49345098ddcfee1c49c2f47c?s=96&d=mm&r=g","contentUrl":"https:\/\/secure.gravatar.com\/avatar\/8d143b5a49345098ddcfee1c49c2f47c?s=96&d=mm&r=g","caption":"Daouda"},"sameAs":["https:\/\/www.nettali.com"]}]}},"_links":{"self":[{"href":"https:\/\/www.nettali.com\/rest\/wp\/v2\/posts\/84458"}],"collection":[{"href":"https:\/\/www.nettali.com\/rest\/wp\/v2\/posts"}],"about":[{"href":"https:\/\/www.nettali.com\/rest\/wp\/v2\/types\/post"}],"author":[{"embeddable":true,"href":"https:\/\/www.nettali.com\/rest\/wp\/v2\/users\/4"}],"replies":[{"embeddable":true,"href":"https:\/\/www.nettali.com\/rest\/wp\/v2\/comments?post=84458"}],"version-history":[{"count":3,"href":"https:\/\/www.nettali.com\/rest\/wp\/v2\/posts\/84458\/revisions"}],"predecessor-version":[{"id":84465,"href":"https:\/\/www.nettali.com\/rest\/wp\/v2\/posts\/84458\/revisions\/84465"}],"wp:featuredmedia":[{"embeddable":true,"href":"https:\/\/www.nettali.com\/rest\/wp\/v2\/media\/84459"}],"wp:attachment":[{"href":"https:\/\/www.nettali.com\/rest\/wp\/v2\/media?parent=84458"}],"wp:term":[{"taxonomy":"category","embeddable":true,"href":"https:\/\/www.nettali.com\/rest\/wp\/v2\/categories?post=84458"},{"taxonomy":"post_tag","embeddable":true,"href":"https:\/\/www.nettali.com\/rest\/wp\/v2\/tags?post=84458"}],"curies":[{"name":"wp","href":"https:\/\/api.w.org\/{rel}","templated":true}]}}