{"id":84421,"date":"2022-04-08T10:31:31","date_gmt":"2022-04-08T10:31:31","guid":{"rendered":"https:\/\/www.nettali.com\/?p=84421"},"modified":"2022-04-08T12:11:16","modified_gmt":"2022-04-08T12:11:16","slug":"trafic-de-visas-kilifeu-et-simon-juges-le-2-juin-prochain","status":"publish","type":"post","link":"https:\/\/www.nettali.com\/2022\/04\/08\/trafic-de-visas-kilifeu-et-simon-juges-le-2-juin-prochain\/","title":{"rendered":"TRAFIC DE VISAS - Kilifeu et Simon jug\u00e9s le 2 juin prochain"},"content":{"rendered":"<p><strong>NETTALI.COM- Kilifeu et Simon ainsi que leur ami Thierno Amadou Diallo dit Thier seront jug\u00e9s le 2 juin 2022 dans l'affaire du trafic de visas.\u00a0<\/strong><\/p>\n<p>Le proc\u00e8s\u00a0 \u00e9tait pr\u00e9vu ce jeudi 7 avril 2022 mais il a \u00e9t\u00e9\u00a0 renvoy\u00e9 pour citation des pr\u00e9venus. En fait, Kilifeu, Simon et Thier ne se sont pas pr\u00e9sent\u00e9s \u00e0 la barre du tribunal correctionnel de Dakar car ils ne sont pas encore cit\u00e9s \u00e0 compara\u00eetre.<\/p>\n<p>Les trois doivent r\u00e9pondre des faits d'association de malfaiteurs, escroquerie, blanchiment de capitaux, faux et usage de faux.<\/p>\n<p>Cette affaire est n\u00e9e d'une vid\u00e9o sur le net mettant en sc\u00e8ne Kilifeu et \"Thier\". Ce dernier proposant de l'argent au membre de \"Y'en a marre\" pour une affaire de visas. Simon, pour sa part, est accus\u00e9 d'avoir lou\u00e9 son passeport fran\u00e7ais au m\u00eame \"Thier\".<\/p>\n<div class='share-to-whatsapp-wrapper'><div class='share-on-whsp'>PARTAGER SUR : <\/div><a data-text='TRAFIC DE VISAS - Kilifeu et Simon jug\u00e9s le 2 juin prochain' data-link='https:\/\/www.nettali.com\/2022\/04\/08\/trafic-de-visas-kilifeu-et-simon-juges-le-2-juin-prochain\/' class='whatsapp-button whatsapp-share'>WhatsApp<\/a><div class='clear '><\/div><\/div>","protected":false},"excerpt":{"rendered":"<p>NETTALI.COM- Kilifeu et Simon ainsi que leur ami Thierno Amadou Diallo dit Thier seront jug\u00e9s le 2 juin 2022 dans l'affaire du trafic de visas.\u00a0 Le proc\u00e8s\u00a0 \u00e9tait pr\u00e9vu ce jeudi 7 avril 2022 mais il a \u00e9t\u00e9\u00a0 renvoy\u00e9 pour citation des pr\u00e9venus. En fait, Kilifeu, Simon et Thier ne se sont pas pr\u00e9sent\u00e9s \u00e0 [&hellip;]<\/p>\n","protected":false},"author":6,"featured_media":71865,"comment_status":"open","ping_status":"open","sticky":false,"template":"","format":"standard","meta":{"_et_pb_use_builder":"","_et_pb_old_content":""},"categories":[3],"tags":[],"yoast_head":"<!-- This site is optimized with the Yoast SEO Premium plugin v17.8 (Yoast SEO v17.8) - https:\/\/yoast.com\/wordpress\/plugins\/seo\/ -->\n<title>TRAFIC DE VISAS - Kilifeu et Simon jug\u00e9s le 2 juin prochain | Nettali.com<\/title>\n<meta name=\"robots\" content=\"index, follow, max-snippet:-1, max-image-preview:large, max-video-preview:-1\" \/>\n<link rel=\"canonical\" href=\"https:\/\/www.nettali.com\/2022\/04\/08\/trafic-de-visas-kilifeu-et-simon-juges-le-2-juin-prochain\/\" \/>\n<meta property=\"og:locale\" content=\"fr_FR\" \/>\n<meta property=\"og:type\" content=\"article\" \/>\n<meta property=\"og:title\" content=\"TRAFIC DE VISAS - Kilifeu et Simon jug\u00e9s le 2 juin prochain\" \/>\n<meta property=\"og:description\" content=\"NETTALI.COM- Kilifeu et Simon ainsi que leur ami Thierno Amadou Diallo dit Thier seront jug\u00e9s le 2 juin 2022 dans l&#039;affaire du trafic de visas.\u00a0 Le proc\u00e8s\u00a0 \u00e9tait pr\u00e9vu ce jeudi 7 avril 2022 mais il a \u00e9t\u00e9\u00a0 renvoy\u00e9 pour citation des pr\u00e9venus. En fait, Kilifeu, Simon et Thier ne se sont pas pr\u00e9sent\u00e9s \u00e0 [&hellip;]\" \/>\n<meta property=\"og:url\" content=\"https:\/\/www.nettali.com\/2022\/04\/08\/trafic-de-visas-kilifeu-et-simon-juges-le-2-juin-prochain\/\" \/>\n<meta property=\"og:site_name\" content=\"Nettali.com\" \/>\n<meta property=\"article:publisher\" content=\"https:\/\/www.facebook.com\/nettalicom\" \/>\n<meta property=\"article:published_time\" content=\"2022-04-08T10:31:31+00:00\" \/>\n<meta property=\"article:modified_time\" content=\"2022-04-08T12:11:16+00:00\" \/>\n<meta property=\"og:image\" content=\"https:\/\/www.nettali.com\/wp-content\/uploads\/2021\/09\/simon-kilifeu_1.jpeg\" \/>\n\t<meta property=\"og:image:width\" content=\"696\" \/>\n\t<meta property=\"og:image:height\" content=\"404\" \/>\n<meta name=\"twitter:card\" content=\"summary_large_image\" \/>\n<meta name=\"twitter:label1\" content=\"\u00c9crit par\" \/>\n\t<meta name=\"twitter:data1\" content=\"Fatou\" \/>\n\t<meta name=\"twitter:label2\" content=\"Dur\u00e9e de lecture estim\u00e9e\" \/>\n\t<meta name=\"twitter:data2\" content=\"1 minute\" \/>\n<script type=\"application\/ld+json\" class=\"yoast-schema-graph\">{\"@context\":\"https:\/\/schema.org\",\"@graph\":[{\"@type\":\"WebSite\",\"@id\":\"https:\/\/www.nettali.com\/#website\",\"url\":\"https:\/\/www.nettali.com\/\",\"name\":\"Nettali.com\",\"description\":\"Le rendez-vous critique du Net\",\"potentialAction\":[{\"@type\":\"SearchAction\",\"target\":{\"@type\":\"EntryPoint\",\"urlTemplate\":\"https:\/\/www.nettali.com\/?s={search_term_string}\"},\"query-input\":\"required name=search_term_string\"}],\"inLanguage\":\"fr-FR\"},{\"@type\":\"ImageObject\",\"@id\":\"https:\/\/www.nettali.com\/2022\/04\/08\/trafic-de-visas-kilifeu-et-simon-juges-le-2-juin-prochain\/#primaryimage\",\"inLanguage\":\"fr-FR\",\"url\":\"https:\/\/www.nettali.com\/wp-content\/uploads\/2021\/09\/simon-kilifeu_1.jpeg\",\"contentUrl\":\"https:\/\/www.nettali.com\/wp-content\/uploads\/2021\/09\/simon-kilifeu_1.jpeg\",\"width\":696,\"height\":404},{\"@type\":\"WebPage\",\"@id\":\"https:\/\/www.nettali.com\/2022\/04\/08\/trafic-de-visas-kilifeu-et-simon-juges-le-2-juin-prochain\/#webpage\",\"url\":\"https:\/\/www.nettali.com\/2022\/04\/08\/trafic-de-visas-kilifeu-et-simon-juges-le-2-juin-prochain\/\",\"name\":\"TRAFIC DE VISAS - Kilifeu et Simon jug\\u00e9s le 2 juin prochain | Nettali.com\",\"isPartOf\":{\"@id\":\"https:\/\/www.nettali.com\/#website\"},\"primaryImageOfPage\":{\"@id\":\"https:\/\/www.nettali.com\/2022\/04\/08\/trafic-de-visas-kilifeu-et-simon-juges-le-2-juin-prochain\/#primaryimage\"},\"datePublished\":\"2022-04-08T10:31:31+00:00\",\"dateModified\":\"2022-04-08T12:11:16+00:00\",\"author\":{\"@id\":\"https:\/\/www.nettali.com\/#\/schema\/person\/418274a86bdf87caff7a3ef476bd0bbf\"},\"breadcrumb\":{\"@id\":\"https:\/\/www.nettali.com\/2022\/04\/08\/trafic-de-visas-kilifeu-et-simon-juges-le-2-juin-prochain\/#breadcrumb\"},\"inLanguage\":\"fr-FR\",\"potentialAction\":[{\"@type\":\"ReadAction\",\"target\":[\"https:\/\/www.nettali.com\/2022\/04\/08\/trafic-de-visas-kilifeu-et-simon-juges-le-2-juin-prochain\/\"]}]},{\"@type\":\"BreadcrumbList\",\"@id\":\"https:\/\/www.nettali.com\/2022\/04\/08\/trafic-de-visas-kilifeu-et-simon-juges-le-2-juin-prochain\/#breadcrumb\",\"itemListElement\":[{\"@type\":\"ListItem\",\"position\":1,\"name\":\"Accueil\",\"item\":\"https:\/\/www.nettali.com\/\"},{\"@type\":\"ListItem\",\"position\":2,\"name\":\"TRAFIC DE VISAS - Kilifeu et Simon jug\\u00e9s le 2 juin prochain\"}]},{\"@type\":\"Person\",\"@id\":\"https:\/\/www.nettali.com\/#\/schema\/person\/418274a86bdf87caff7a3ef476bd0bbf\",\"name\":\"Fatou\",\"image\":{\"@type\":\"ImageObject\",\"@id\":\"https:\/\/www.nettali.com\/#personlogo\",\"inLanguage\":\"fr-FR\",\"url\":\"https:\/\/secure.gravatar.com\/avatar\/5a9442a2bee7b4dcf167cab035858e9a?s=96&d=mm&r=g\",\"contentUrl\":\"https:\/\/secure.gravatar.com\/avatar\/5a9442a2bee7b4dcf167cab035858e9a?s=96&d=mm&r=g\",\"caption\":\"Fatou\"},\"sameAs\":[\"https:\/\/www.nettali.com\"]}]}<\/script>\n<!-- \/ Yoast SEO Premium plugin. -->","yoast_head_json":{"title":"TRAFIC DE VISAS - Kilifeu et Simon jug\u00e9s le 2 juin prochain | Nettali.com","robots":{"index":"index","follow":"follow","max-snippet":"max-snippet:-1","max-image-preview":"max-image-preview:large","max-video-preview":"max-video-preview:-1"},"canonical":"https:\/\/www.nettali.com\/2022\/04\/08\/trafic-de-visas-kilifeu-et-simon-juges-le-2-juin-prochain\/","og_locale":"fr_FR","og_type":"article","og_title":"TRAFIC DE VISAS - Kilifeu et Simon jug\u00e9s le 2 juin prochain","og_description":"NETTALI.COM- Kilifeu et Simon ainsi que leur ami Thierno Amadou Diallo dit Thier seront jug\u00e9s le 2 juin 2022 dans l'affaire du trafic de visas.\u00a0 Le proc\u00e8s\u00a0 \u00e9tait pr\u00e9vu ce jeudi 7 avril 2022 mais il a \u00e9t\u00e9\u00a0 renvoy\u00e9 pour citation des pr\u00e9venus. En fait, Kilifeu, Simon et Thier ne se sont pas pr\u00e9sent\u00e9s \u00e0 [&hellip;]","og_url":"https:\/\/www.nettali.com\/2022\/04\/08\/trafic-de-visas-kilifeu-et-simon-juges-le-2-juin-prochain\/","og_site_name":"Nettali.com","article_publisher":"https:\/\/www.facebook.com\/nettalicom","article_published_time":"2022-04-08T10:31:31+00:00","article_modified_time":"2022-04-08T12:11:16+00:00","og_image":[{"width":696,"height":404,"url":"https:\/\/www.nettali.com\/wp-content\/uploads\/2021\/09\/simon-kilifeu_1.jpeg","type":"image\/jpeg"}],"twitter_card":"summary_large_image","twitter_misc":{"\u00c9crit par":"Fatou","Dur\u00e9e de lecture estim\u00e9e":"1 minute"},"schema":{"@context":"https:\/\/schema.org","@graph":[{"@type":"WebSite","@id":"https:\/\/www.nettali.com\/#website","url":"https:\/\/www.nettali.com\/","name":"Nettali.com","description":"Le rendez-vous critique du Net","potentialAction":[{"@type":"SearchAction","target":{"@type":"EntryPoint","urlTemplate":"https:\/\/www.nettali.com\/?s={search_term_string}"},"query-input":"required name=search_term_string"}],"inLanguage":"fr-FR"},{"@type":"ImageObject","@id":"https:\/\/www.nettali.com\/2022\/04\/08\/trafic-de-visas-kilifeu-et-simon-juges-le-2-juin-prochain\/#primaryimage","inLanguage":"fr-FR","url":"https:\/\/www.nettali.com\/wp-content\/uploads\/2021\/09\/simon-kilifeu_1.jpeg","contentUrl":"https:\/\/www.nettali.com\/wp-content\/uploads\/2021\/09\/simon-kilifeu_1.jpeg","width":696,"height":404},{"@type":"WebPage","@id":"https:\/\/www.nettali.com\/2022\/04\/08\/trafic-de-visas-kilifeu-et-simon-juges-le-2-juin-prochain\/#webpage","url":"https:\/\/www.nettali.com\/2022\/04\/08\/trafic-de-visas-kilifeu-et-simon-juges-le-2-juin-prochain\/","name":"TRAFIC DE VISAS - Kilifeu et Simon jug\u00e9s le 2 juin prochain | Nettali.com","isPartOf":{"@id":"https:\/\/www.nettali.com\/#website"},"primaryImageOfPage":{"@id":"https:\/\/www.nettali.com\/2022\/04\/08\/trafic-de-visas-kilifeu-et-simon-juges-le-2-juin-prochain\/#primaryimage"},"datePublished":"2022-04-08T10:31:31+00:00","dateModified":"2022-04-08T12:11:16+00:00","author":{"@id":"https:\/\/www.nettali.com\/#\/schema\/person\/418274a86bdf87caff7a3ef476bd0bbf"},"breadcrumb":{"@id":"https:\/\/www.nettali.com\/2022\/04\/08\/trafic-de-visas-kilifeu-et-simon-juges-le-2-juin-prochain\/#breadcrumb"},"inLanguage":"fr-FR","potentialAction":[{"@type":"ReadAction","target":["https:\/\/www.nettali.com\/2022\/04\/08\/trafic-de-visas-kilifeu-et-simon-juges-le-2-juin-prochain\/"]}]},{"@type":"BreadcrumbList","@id":"https:\/\/www.nettali.com\/2022\/04\/08\/trafic-de-visas-kilifeu-et-simon-juges-le-2-juin-prochain\/#breadcrumb","itemListElement":[{"@type":"ListItem","position":1,"name":"Accueil","item":"https:\/\/www.nettali.com\/"},{"@type":"ListItem","position":2,"name":"TRAFIC DE VISAS - Kilifeu et Simon jug\u00e9s le 2 juin prochain"}]},{"@type":"Person","@id":"https:\/\/www.nettali.com\/#\/schema\/person\/418274a86bdf87caff7a3ef476bd0bbf","name":"Fatou","image":{"@type":"ImageObject","@id":"https:\/\/www.nettali.com\/#personlogo","inLanguage":"fr-FR","url":"https:\/\/secure.gravatar.com\/avatar\/5a9442a2bee7b4dcf167cab035858e9a?s=96&d=mm&r=g","contentUrl":"https:\/\/secure.gravatar.com\/avatar\/5a9442a2bee7b4dcf167cab035858e9a?s=96&d=mm&r=g","caption":"Fatou"},"sameAs":["https:\/\/www.nettali.com"]}]}},"_links":{"self":[{"href":"https:\/\/www.nettali.com\/rest\/wp\/v2\/posts\/84421"}],"collection":[{"href":"https:\/\/www.nettali.com\/rest\/wp\/v2\/posts"}],"about":[{"href":"https:\/\/www.nettali.com\/rest\/wp\/v2\/types\/post"}],"author":[{"embeddable":true,"href":"https:\/\/www.nettali.com\/rest\/wp\/v2\/users\/6"}],"replies":[{"embeddable":true,"href":"https:\/\/www.nettali.com\/rest\/wp\/v2\/comments?post=84421"}],"version-history":[{"count":3,"href":"https:\/\/www.nettali.com\/rest\/wp\/v2\/posts\/84421\/revisions"}],"predecessor-version":[{"id":84430,"href":"https:\/\/www.nettali.com\/rest\/wp\/v2\/posts\/84421\/revisions\/84430"}],"wp:featuredmedia":[{"embeddable":true,"href":"https:\/\/www.nettali.com\/rest\/wp\/v2\/media\/71865"}],"wp:attachment":[{"href":"https:\/\/www.nettali.com\/rest\/wp\/v2\/media?parent=84421"}],"wp:term":[{"taxonomy":"category","embeddable":true,"href":"https:\/\/www.nettali.com\/rest\/wp\/v2\/categories?post=84421"},{"taxonomy":"post_tag","embeddable":true,"href":"https:\/\/www.nettali.com\/rest\/wp\/v2\/tags?post=84421"}],"curies":[{"name":"wp","href":"https:\/\/api.w.org\/{rel}","templated":true}]}}