{"id":84392,"date":"2022-04-07T14:17:32","date_gmt":"2022-04-07T14:17:32","guid":{"rendered":"https:\/\/www.nettali.com\/?p=84392"},"modified":"2022-04-07T14:17:32","modified_gmt":"2022-04-07T14:17:32","slug":"burkina-lextradition-de-blaise-compaore-reclamee","status":"publish","type":"post","link":"https:\/\/www.nettali.com\/2022\/04\/07\/burkina-lextradition-de-blaise-compaore-reclamee\/","title":{"rendered":"Burkina : l'extradition de Blaise Compaor\u00e9 r\u00e9clam\u00e9e !"},"content":{"rendered":"<p class=\"summary_label\"><strong>NETTALI.COM - Les avocats de la famille de l'ex-pr\u00e9sident burkinab\u00e8 Thomas Sankara, assassin\u00e9 lors d'un putsch en 1987, ont r\u00e9clam\u00e9 jeudi l'extradition de Blaise Compaor\u00e9, condamn\u00e9 \u00e0 perp\u00e9tuit\u00e9 dans cette affaire et en exil en C\u00f4te d'Ivoire depuis 2014.<\/strong><\/p>\n<div id=\"printable\" class=\"text_body\">\n<p>Cette extradition est \"une lutte de l'\u00e9tat burkinab\u00e8, du peuple burkinab\u00e8\", a estim\u00e9 Me Prosper Farama, lors d'une conf\u00e9rence de presse.<\/p>\n<p><em>\"Si on veut faire justice, et que cette justice ait un sens, alors l'Etat doit mettre tous les moyens en \u0153uvre, en respectant les droits des personnes condamn\u00e9es, pour que cette d\u00e9cision soit ex\u00e9cut\u00e9e\"<\/em>, a-t-il ajout\u00e9.<\/p>\n<p>Mercredi, l'ancien pr\u00e9sident burkinab\u00e8 Blaise Compaor\u00e9 a \u00e9t\u00e9 condamn\u00e9 par contumace \u00e0 la perp\u00e9tuit\u00e9 pour son r\u00f4le dans l'assassinat de son pr\u00e9d\u00e9cesseur Thomas Sankara.<\/p>\n<p>Le commandant de sa garde au moment des faits, Hyacinthe Kafando, lui aussi en exil, a \u00e9cop\u00e9 de la m\u00eame peine, tout comme le g\u00e9n\u00e9ral Gilbert Diend\u00e9r\u00e9, un des chefs de l'arm\u00e9e lors du putsch de 1987, qui purge d\u00e9j\u00e0 une peine de 20 ans de prison pour sa participation \u00e0 une tentative de coup d'Etat en 2015.<\/p>\n<p>Huit autres accus\u00e9s ont \u00e9t\u00e9 condamn\u00e9s \u00e0 des peines allant de 3 \u00e0 20 ans de prison.<\/p>\n<p><em>\"Ce ne serait pas juste \u00e0 l'endroit des autres condamn\u00e9s, qu'ils soient d\u00e9tenus ici et que les autres soient laiss\u00e9s tranquilles l\u00e0 o\u00f9 ils sont\"<\/em>, a d\u00e9clar\u00e9 Me Prosper Farama.<\/p>\n<p>Soutien de poids de l'actuel pr\u00e9sident ivoirien Alassane Ouattara, Blaise Compaor\u00e9 a obtenu la nationalit\u00e9 ivoirienne en 2016 et ne peut \u00e0 ce titre \u00eatre extrad\u00e9.<\/p>\n<p><em>\"C'est le pr\u00e9texte qui a \u00e9t\u00e9 trouv\u00e9 pour cautionner l'impunit\u00e9\"<\/em>, a d\u00e9nonc\u00e9 jeudi Me Benewende Sankara, un autre avocat de la partie civile.<\/p>\n<p><em>\"La question de la nationalit\u00e9 de Compaor\u00e9 pose probl\u00e8me. Mais Hyacinthe Kafando n'est pas naturalis\u00e9 ivoirien. Th\u00e9oriquement, son extradition ne devrait pas poser de probl\u00e8me\"<\/em>, a rench\u00e9ri Me Farama, sugg\u00e9rant qu'il se trouve lui aussi en C\u00f4te d'Ivoire. L'avocat esp\u00e8re sur ce point que les \u00c9tats ivoirien et burkinab\u00e8 \"feront diligence\".<\/p>\n<p><em>\"S'ils doivent apr\u00e8s avoir droit \u00e0 une amnistie ou une gr\u00e2ce, que cela se fasse dans les r\u00e8gles de l'art\"<\/em>, a-t-il ajout\u00e9.<\/p>\n<p>En pronon\u00e7ant son verdict, mercredi, le tribunal militaire de Ouagadougou a reconduit le mandat d'arr\u00eat contre les deux hommes, lanc\u00e9s en 2016.<\/p>\n<p><em>\"J'esp\u00e8re que la C\u00f4te d\u2019Ivoire comprendra qu'elle a, en d\u00e9cision, le destin d'un pays, d'un continent. L'Afrique doit comprendre que les amiti\u00e9s ne doivent pas \u00eatre au dessus des int\u00e9r\u00eats des peuples\"<\/em>, a aussi dit Me Farama.<\/p>\n<p>Interrog\u00e9 en f\u00e9vrier sur le sujet sur RFI\/France24, Alassane Ouattara avait d\u00e9clar\u00e9 que la C\u00f4te d'Ivoire \u00e9tait un \"pays d'hospitalit\u00e9\". \"Je pense que tout cela se fera en temps opportun\", avait-il ajout\u00e9.<\/p>\n<p><strong>Avec l'Afp<\/strong><\/p>\n<\/div>\n<div class='share-to-whatsapp-wrapper'><div class='share-on-whsp'>PARTAGER SUR : <\/div><a data-text='Burkina : l'extradition de Blaise Compaor\u00e9 r\u00e9clam\u00e9e !' data-link='https:\/\/www.nettali.com\/2022\/04\/07\/burkina-lextradition-de-blaise-compaore-reclamee\/' class='whatsapp-button whatsapp-share'>WhatsApp<\/a><div class='clear '><\/div><\/div>","protected":false},"excerpt":{"rendered":"<p>NETTALI.COM - Les avocats de la famille de l'ex-pr\u00e9sident burkinab\u00e8 Thomas Sankara, assassin\u00e9 lors d'un putsch en 1987, ont r\u00e9clam\u00e9 jeudi l'extradition de Blaise Compaor\u00e9, condamn\u00e9 \u00e0 perp\u00e9tuit\u00e9 dans cette affaire et en exil en C\u00f4te d'Ivoire depuis 2014. Cette extradition est \"une lutte de l'\u00e9tat burkinab\u00e8, du peuple burkinab\u00e8\", a estim\u00e9 Me Prosper Farama, [&hellip;]<\/p>\n","protected":false},"author":4,"featured_media":84393,"comment_status":"open","ping_status":"open","sticky":false,"template":"","format":"standard","meta":{"_et_pb_use_builder":"","_et_pb_old_content":""},"categories":[8],"tags":[],"yoast_head":"<!-- This site is optimized with the Yoast SEO Premium plugin v17.8 (Yoast SEO v17.8) - https:\/\/yoast.com\/wordpress\/plugins\/seo\/ -->\n<title>Burkina : l&#039;extradition de Blaise Compaor\u00e9 r\u00e9clam\u00e9e ! | Nettali.com<\/title>\n<meta name=\"robots\" content=\"index, follow, max-snippet:-1, max-image-preview:large, max-video-preview:-1\" \/>\n<link rel=\"canonical\" href=\"https:\/\/www.nettali.com\/2022\/04\/07\/burkina-lextradition-de-blaise-compaore-reclamee\/\" \/>\n<meta property=\"og:locale\" content=\"fr_FR\" \/>\n<meta property=\"og:type\" content=\"article\" \/>\n<meta property=\"og:title\" content=\"Burkina : l&#039;extradition de Blaise Compaor\u00e9 r\u00e9clam\u00e9e !\" \/>\n<meta property=\"og:description\" content=\"NETTALI.COM - Les avocats de la famille de l&#039;ex-pr\u00e9sident burkinab\u00e8 Thomas Sankara, assassin\u00e9 lors d&#039;un putsch en 1987, ont r\u00e9clam\u00e9 jeudi l&#039;extradition de Blaise Compaor\u00e9, condamn\u00e9 \u00e0 perp\u00e9tuit\u00e9 dans cette affaire et en exil en C\u00f4te d&#039;Ivoire depuis 2014. Cette extradition est &quot;une lutte de l&#039;\u00e9tat burkinab\u00e8, du peuple burkinab\u00e8&quot;, a estim\u00e9 Me Prosper Farama, [&hellip;]\" \/>\n<meta property=\"og:url\" content=\"https:\/\/www.nettali.com\/2022\/04\/07\/burkina-lextradition-de-blaise-compaore-reclamee\/\" \/>\n<meta property=\"og:site_name\" content=\"Nettali.com\" \/>\n<meta property=\"article:publisher\" content=\"https:\/\/www.facebook.com\/nettalicom\" \/>\n<meta property=\"article:published_time\" content=\"2022-04-07T14:17:32+00:00\" \/>\n<meta property=\"og:image\" content=\"https:\/\/www.nettali.com\/wp-content\/uploads\/2022\/04\/Blaise_Compaore.jpeg\" \/>\n\t<meta property=\"og:image:width\" content=\"1200\" \/>\n\t<meta property=\"og:image:height\" content=\"900\" \/>\n<meta name=\"twitter:card\" content=\"summary_large_image\" \/>\n<meta name=\"twitter:label1\" content=\"\u00c9crit par\" \/>\n\t<meta name=\"twitter:data1\" content=\"Daouda\" \/>\n\t<meta name=\"twitter:label2\" content=\"Dur\u00e9e de lecture estim\u00e9e\" \/>\n\t<meta name=\"twitter:data2\" content=\"3 minutes\" \/>\n<script type=\"application\/ld+json\" class=\"yoast-schema-graph\">{\"@context\":\"https:\/\/schema.org\",\"@graph\":[{\"@type\":\"WebSite\",\"@id\":\"https:\/\/www.nettali.com\/#website\",\"url\":\"https:\/\/www.nettali.com\/\",\"name\":\"Nettali.com\",\"description\":\"Le rendez-vous critique du Net\",\"potentialAction\":[{\"@type\":\"SearchAction\",\"target\":{\"@type\":\"EntryPoint\",\"urlTemplate\":\"https:\/\/www.nettali.com\/?s={search_term_string}\"},\"query-input\":\"required name=search_term_string\"}],\"inLanguage\":\"fr-FR\"},{\"@type\":\"ImageObject\",\"@id\":\"https:\/\/www.nettali.com\/2022\/04\/07\/burkina-lextradition-de-blaise-compaore-reclamee\/#primaryimage\",\"inLanguage\":\"fr-FR\",\"url\":\"https:\/\/www.nettali.com\/wp-content\/uploads\/2022\/04\/Blaise_Compaore.jpeg\",\"contentUrl\":\"https:\/\/www.nettali.com\/wp-content\/uploads\/2022\/04\/Blaise_Compaore.jpeg\",\"width\":1200,\"height\":900},{\"@type\":\"WebPage\",\"@id\":\"https:\/\/www.nettali.com\/2022\/04\/07\/burkina-lextradition-de-blaise-compaore-reclamee\/#webpage\",\"url\":\"https:\/\/www.nettali.com\/2022\/04\/07\/burkina-lextradition-de-blaise-compaore-reclamee\/\",\"name\":\"Burkina : l'extradition de Blaise Compaor\\u00e9 r\\u00e9clam\\u00e9e ! | Nettali.com\",\"isPartOf\":{\"@id\":\"https:\/\/www.nettali.com\/#website\"},\"primaryImageOfPage\":{\"@id\":\"https:\/\/www.nettali.com\/2022\/04\/07\/burkina-lextradition-de-blaise-compaore-reclamee\/#primaryimage\"},\"datePublished\":\"2022-04-07T14:17:32+00:00\",\"dateModified\":\"2022-04-07T14:17:32+00:00\",\"author\":{\"@id\":\"https:\/\/www.nettali.com\/#\/schema\/person\/3317e0bb3aa1da309fbf7b2780901bf4\"},\"breadcrumb\":{\"@id\":\"https:\/\/www.nettali.com\/2022\/04\/07\/burkina-lextradition-de-blaise-compaore-reclamee\/#breadcrumb\"},\"inLanguage\":\"fr-FR\",\"potentialAction\":[{\"@type\":\"ReadAction\",\"target\":[\"https:\/\/www.nettali.com\/2022\/04\/07\/burkina-lextradition-de-blaise-compaore-reclamee\/\"]}]},{\"@type\":\"BreadcrumbList\",\"@id\":\"https:\/\/www.nettali.com\/2022\/04\/07\/burkina-lextradition-de-blaise-compaore-reclamee\/#breadcrumb\",\"itemListElement\":[{\"@type\":\"ListItem\",\"position\":1,\"name\":\"Accueil\",\"item\":\"https:\/\/www.nettali.com\/\"},{\"@type\":\"ListItem\",\"position\":2,\"name\":\"Burkina : l'extradition de Blaise Compaor\\u00e9 r\\u00e9clam\\u00e9e !\"}]},{\"@type\":\"Person\",\"@id\":\"https:\/\/www.nettali.com\/#\/schema\/person\/3317e0bb3aa1da309fbf7b2780901bf4\",\"name\":\"Daouda\",\"image\":{\"@type\":\"ImageObject\",\"@id\":\"https:\/\/www.nettali.com\/#personlogo\",\"inLanguage\":\"fr-FR\",\"url\":\"https:\/\/secure.gravatar.com\/avatar\/8d143b5a49345098ddcfee1c49c2f47c?s=96&d=mm&r=g\",\"contentUrl\":\"https:\/\/secure.gravatar.com\/avatar\/8d143b5a49345098ddcfee1c49c2f47c?s=96&d=mm&r=g\",\"caption\":\"Daouda\"},\"sameAs\":[\"https:\/\/www.nettali.com\"]}]}<\/script>\n<!-- \/ Yoast SEO Premium plugin. -->","yoast_head_json":{"title":"Burkina : l'extradition de Blaise Compaor\u00e9 r\u00e9clam\u00e9e ! | Nettali.com","robots":{"index":"index","follow":"follow","max-snippet":"max-snippet:-1","max-image-preview":"max-image-preview:large","max-video-preview":"max-video-preview:-1"},"canonical":"https:\/\/www.nettali.com\/2022\/04\/07\/burkina-lextradition-de-blaise-compaore-reclamee\/","og_locale":"fr_FR","og_type":"article","og_title":"Burkina : l'extradition de Blaise Compaor\u00e9 r\u00e9clam\u00e9e !","og_description":"NETTALI.COM - Les avocats de la famille de l'ex-pr\u00e9sident burkinab\u00e8 Thomas Sankara, assassin\u00e9 lors d'un putsch en 1987, ont r\u00e9clam\u00e9 jeudi l'extradition de Blaise Compaor\u00e9, condamn\u00e9 \u00e0 perp\u00e9tuit\u00e9 dans cette affaire et en exil en C\u00f4te d'Ivoire depuis 2014. Cette extradition est \"une lutte de l'\u00e9tat burkinab\u00e8, du peuple burkinab\u00e8\", a estim\u00e9 Me Prosper Farama, [&hellip;]","og_url":"https:\/\/www.nettali.com\/2022\/04\/07\/burkina-lextradition-de-blaise-compaore-reclamee\/","og_site_name":"Nettali.com","article_publisher":"https:\/\/www.facebook.com\/nettalicom","article_published_time":"2022-04-07T14:17:32+00:00","og_image":[{"width":1200,"height":900,"url":"https:\/\/www.nettali.com\/wp-content\/uploads\/2022\/04\/Blaise_Compaore.jpeg","type":"image\/jpeg"}],"twitter_card":"summary_large_image","twitter_misc":{"\u00c9crit par":"Daouda","Dur\u00e9e de lecture estim\u00e9e":"3 minutes"},"schema":{"@context":"https:\/\/schema.org","@graph":[{"@type":"WebSite","@id":"https:\/\/www.nettali.com\/#website","url":"https:\/\/www.nettali.com\/","name":"Nettali.com","description":"Le rendez-vous critique du Net","potentialAction":[{"@type":"SearchAction","target":{"@type":"EntryPoint","urlTemplate":"https:\/\/www.nettali.com\/?s={search_term_string}"},"query-input":"required name=search_term_string"}],"inLanguage":"fr-FR"},{"@type":"ImageObject","@id":"https:\/\/www.nettali.com\/2022\/04\/07\/burkina-lextradition-de-blaise-compaore-reclamee\/#primaryimage","inLanguage":"fr-FR","url":"https:\/\/www.nettali.com\/wp-content\/uploads\/2022\/04\/Blaise_Compaore.jpeg","contentUrl":"https:\/\/www.nettali.com\/wp-content\/uploads\/2022\/04\/Blaise_Compaore.jpeg","width":1200,"height":900},{"@type":"WebPage","@id":"https:\/\/www.nettali.com\/2022\/04\/07\/burkina-lextradition-de-blaise-compaore-reclamee\/#webpage","url":"https:\/\/www.nettali.com\/2022\/04\/07\/burkina-lextradition-de-blaise-compaore-reclamee\/","name":"Burkina : l'extradition de Blaise Compaor\u00e9 r\u00e9clam\u00e9e ! | Nettali.com","isPartOf":{"@id":"https:\/\/www.nettali.com\/#website"},"primaryImageOfPage":{"@id":"https:\/\/www.nettali.com\/2022\/04\/07\/burkina-lextradition-de-blaise-compaore-reclamee\/#primaryimage"},"datePublished":"2022-04-07T14:17:32+00:00","dateModified":"2022-04-07T14:17:32+00:00","author":{"@id":"https:\/\/www.nettali.com\/#\/schema\/person\/3317e0bb3aa1da309fbf7b2780901bf4"},"breadcrumb":{"@id":"https:\/\/www.nettali.com\/2022\/04\/07\/burkina-lextradition-de-blaise-compaore-reclamee\/#breadcrumb"},"inLanguage":"fr-FR","potentialAction":[{"@type":"ReadAction","target":["https:\/\/www.nettali.com\/2022\/04\/07\/burkina-lextradition-de-blaise-compaore-reclamee\/"]}]},{"@type":"BreadcrumbList","@id":"https:\/\/www.nettali.com\/2022\/04\/07\/burkina-lextradition-de-blaise-compaore-reclamee\/#breadcrumb","itemListElement":[{"@type":"ListItem","position":1,"name":"Accueil","item":"https:\/\/www.nettali.com\/"},{"@type":"ListItem","position":2,"name":"Burkina : l'extradition de Blaise Compaor\u00e9 r\u00e9clam\u00e9e !"}]},{"@type":"Person","@id":"https:\/\/www.nettali.com\/#\/schema\/person\/3317e0bb3aa1da309fbf7b2780901bf4","name":"Daouda","image":{"@type":"ImageObject","@id":"https:\/\/www.nettali.com\/#personlogo","inLanguage":"fr-FR","url":"https:\/\/secure.gravatar.com\/avatar\/8d143b5a49345098ddcfee1c49c2f47c?s=96&d=mm&r=g","contentUrl":"https:\/\/secure.gravatar.com\/avatar\/8d143b5a49345098ddcfee1c49c2f47c?s=96&d=mm&r=g","caption":"Daouda"},"sameAs":["https:\/\/www.nettali.com"]}]}},"_links":{"self":[{"href":"https:\/\/www.nettali.com\/rest\/wp\/v2\/posts\/84392"}],"collection":[{"href":"https:\/\/www.nettali.com\/rest\/wp\/v2\/posts"}],"about":[{"href":"https:\/\/www.nettali.com\/rest\/wp\/v2\/types\/post"}],"author":[{"embeddable":true,"href":"https:\/\/www.nettali.com\/rest\/wp\/v2\/users\/4"}],"replies":[{"embeddable":true,"href":"https:\/\/www.nettali.com\/rest\/wp\/v2\/comments?post=84392"}],"version-history":[{"count":1,"href":"https:\/\/www.nettali.com\/rest\/wp\/v2\/posts\/84392\/revisions"}],"predecessor-version":[{"id":84394,"href":"https:\/\/www.nettali.com\/rest\/wp\/v2\/posts\/84392\/revisions\/84394"}],"wp:featuredmedia":[{"embeddable":true,"href":"https:\/\/www.nettali.com\/rest\/wp\/v2\/media\/84393"}],"wp:attachment":[{"href":"https:\/\/www.nettali.com\/rest\/wp\/v2\/media?parent=84392"}],"wp:term":[{"taxonomy":"category","embeddable":true,"href":"https:\/\/www.nettali.com\/rest\/wp\/v2\/categories?post=84392"},{"taxonomy":"post_tag","embeddable":true,"href":"https:\/\/www.nettali.com\/rest\/wp\/v2\/tags?post=84392"}],"curies":[{"name":"wp","href":"https:\/\/api.w.org\/{rel}","templated":true}]}}