{"id":84340,"date":"2022-04-06T18:15:36","date_gmt":"2022-04-06T18:15:36","guid":{"rendered":"https:\/\/www.nettali.com\/?p=84340"},"modified":"2022-04-06T18:16:27","modified_gmt":"2022-04-06T18:16:27","slug":"officiel-koeman-selectionneur-des-pays-bas-apres-le-mondial","status":"publish","type":"post","link":"https:\/\/www.nettali.com\/2022\/04\/06\/officiel-koeman-selectionneur-des-pays-bas-apres-le-mondial\/","title":{"rendered":"OFFICIEL - Koeman s\u00e9lectionneur des Pays-Bas, apr\u00e8s le Mondial"},"content":{"rendered":"<p><strong>NETTALI.COM - La F\u00e9d\u00e9ration n\u00e9erlandaise de football a annonc\u00e9 ce mercredi que Ronald Koeman, limog\u00e9 par le FC Barcelone en d\u00e9but de saison, prendrait la place de Louis Van Gaal, comme s\u00e9lectionneur national, apr\u00e8s le Mondial 2022 au Qatar et jusqu'en 2026.<\/strong><\/p>\n<p>\" <em>Apr\u00e8s la prochaine Coupe du monde, Ronald Koeman succ\u00e8dera \u00e0 Louis van Gaal en tant qu'entra\u00eeneur national. Son contrat avec la KNVB ira jusqu'\u00e0 la Coupe du monde en 2026 et il a maintenant \u00e9t\u00e9 sign\u00e9 par les deux parties<\/em> \", a annonc\u00e9 la f\u00e9d\u00e9ration n\u00e9erlandaise ce mercredi matin.<\/p>\n<p>Une nouvelle qui a ravi Ronald Koeman. Ce dernier n'a pas tarde \u00e0 exprimer sa joie.<\/p>\n<p>\" <em>J'attends avec impatience cette nouvelle collaboration. Il y a un peu plus d'un an et demi, je n'ai certainement pas quitt\u00e9 l'\u00e9quipe nationale n\u00e9erlandaise par m\u00e9contentement. Mon passage ici s'est bien pass\u00e9, les r\u00e9sultats ont \u00e9t\u00e9 bons et le d\u00e9clic avec les internationaux a \u00e9t\u00e9 bon. Nous continuerons bient\u00f4t sur cette voie. C'est certain pour moi<\/em> \", s'est r\u00e9joui l'ancien du Bar\u00e7a.<\/p>\n<div class='share-to-whatsapp-wrapper'><div class='share-on-whsp'>PARTAGER SUR : <\/div><a data-text='OFFICIEL - Koeman s\u00e9lectionneur des Pays-Bas, apr\u00e8s le Mondial' data-link='https:\/\/www.nettali.com\/2022\/04\/06\/officiel-koeman-selectionneur-des-pays-bas-apres-le-mondial\/' class='whatsapp-button whatsapp-share'>WhatsApp<\/a><div class='clear '><\/div><\/div>","protected":false},"excerpt":{"rendered":"<p>NETTALI.COM - La F\u00e9d\u00e9ration n\u00e9erlandaise de football a annonc\u00e9 ce mercredi que Ronald Koeman, limog\u00e9 par le FC Barcelone en d\u00e9but de saison, prendrait la place de Louis Van Gaal, comme s\u00e9lectionneur national, apr\u00e8s le Mondial 2022 au Qatar et jusqu'en 2026. \" Apr\u00e8s la prochaine Coupe du monde, Ronald Koeman succ\u00e8dera \u00e0 Louis van [&hellip;]<\/p>\n","protected":false},"author":5,"featured_media":84341,"comment_status":"open","ping_status":"open","sticky":false,"template":"","format":"standard","meta":{"_et_pb_use_builder":"","_et_pb_old_content":""},"categories":[6],"tags":[],"yoast_head":"<!-- This site is optimized with the Yoast SEO Premium plugin v17.8 (Yoast SEO v17.8) - https:\/\/yoast.com\/wordpress\/plugins\/seo\/ -->\n<title>OFFICIEL - Koeman s\u00e9lectionneur des Pays-Bas, apr\u00e8s le Mondial | Nettali.com<\/title>\n<meta name=\"robots\" content=\"index, follow, max-snippet:-1, max-image-preview:large, max-video-preview:-1\" \/>\n<link rel=\"canonical\" href=\"https:\/\/www.nettali.com\/2022\/04\/06\/officiel-koeman-selectionneur-des-pays-bas-apres-le-mondial\/\" \/>\n<meta property=\"og:locale\" content=\"fr_FR\" \/>\n<meta property=\"og:type\" content=\"article\" \/>\n<meta property=\"og:title\" content=\"OFFICIEL - Koeman s\u00e9lectionneur des Pays-Bas, apr\u00e8s le Mondial\" \/>\n<meta property=\"og:description\" content=\"NETTALI.COM - La F\u00e9d\u00e9ration n\u00e9erlandaise de football a annonc\u00e9 ce mercredi que Ronald Koeman, limog\u00e9 par le FC Barcelone en d\u00e9but de saison, prendrait la place de Louis Van Gaal, comme s\u00e9lectionneur national, apr\u00e8s le Mondial 2022 au Qatar et jusqu&#039;en 2026. &quot; Apr\u00e8s la prochaine Coupe du monde, Ronald Koeman succ\u00e8dera \u00e0 Louis van [&hellip;]\" \/>\n<meta property=\"og:url\" content=\"https:\/\/www.nettali.com\/2022\/04\/06\/officiel-koeman-selectionneur-des-pays-bas-apres-le-mondial\/\" \/>\n<meta property=\"og:site_name\" content=\"Nettali.com\" \/>\n<meta property=\"article:publisher\" content=\"https:\/\/www.facebook.com\/nettalicom\" \/>\n<meta property=\"article:published_time\" content=\"2022-04-06T18:15:36+00:00\" \/>\n<meta property=\"article:modified_time\" content=\"2022-04-06T18:16:27+00:00\" \/>\n<meta property=\"og:image\" content=\"https:\/\/www.nettali.com\/wp-content\/uploads\/2022\/04\/koeman-pays-bas-sourire.jpg\" \/>\n\t<meta property=\"og:image:width\" content=\"730\" \/>\n\t<meta property=\"og:image:height\" content=\"411\" \/>\n<meta name=\"twitter:card\" content=\"summary_large_image\" \/>\n<meta name=\"twitter:label1\" content=\"\u00c9crit par\" \/>\n\t<meta name=\"twitter:data1\" content=\"Ibrahima\" \/>\n\t<meta name=\"twitter:label2\" content=\"Dur\u00e9e de lecture estim\u00e9e\" \/>\n\t<meta name=\"twitter:data2\" content=\"1 minute\" \/>\n<script type=\"application\/ld+json\" class=\"yoast-schema-graph\">{\"@context\":\"https:\/\/schema.org\",\"@graph\":[{\"@type\":\"WebSite\",\"@id\":\"https:\/\/www.nettali.com\/#website\",\"url\":\"https:\/\/www.nettali.com\/\",\"name\":\"Nettali.com\",\"description\":\"Le rendez-vous critique du Net\",\"potentialAction\":[{\"@type\":\"SearchAction\",\"target\":{\"@type\":\"EntryPoint\",\"urlTemplate\":\"https:\/\/www.nettali.com\/?s={search_term_string}\"},\"query-input\":\"required name=search_term_string\"}],\"inLanguage\":\"fr-FR\"},{\"@type\":\"ImageObject\",\"@id\":\"https:\/\/www.nettali.com\/2022\/04\/06\/officiel-koeman-selectionneur-des-pays-bas-apres-le-mondial\/#primaryimage\",\"inLanguage\":\"fr-FR\",\"url\":\"https:\/\/www.nettali.com\/wp-content\/uploads\/2022\/04\/koeman-pays-bas-sourire.jpg\",\"contentUrl\":\"https:\/\/www.nettali.com\/wp-content\/uploads\/2022\/04\/koeman-pays-bas-sourire.jpg\",\"width\":730,\"height\":411},{\"@type\":\"WebPage\",\"@id\":\"https:\/\/www.nettali.com\/2022\/04\/06\/officiel-koeman-selectionneur-des-pays-bas-apres-le-mondial\/#webpage\",\"url\":\"https:\/\/www.nettali.com\/2022\/04\/06\/officiel-koeman-selectionneur-des-pays-bas-apres-le-mondial\/\",\"name\":\"OFFICIEL - Koeman s\\u00e9lectionneur des Pays-Bas, apr\\u00e8s le Mondial | Nettali.com\",\"isPartOf\":{\"@id\":\"https:\/\/www.nettali.com\/#website\"},\"primaryImageOfPage\":{\"@id\":\"https:\/\/www.nettali.com\/2022\/04\/06\/officiel-koeman-selectionneur-des-pays-bas-apres-le-mondial\/#primaryimage\"},\"datePublished\":\"2022-04-06T18:15:36+00:00\",\"dateModified\":\"2022-04-06T18:16:27+00:00\",\"author\":{\"@id\":\"https:\/\/www.nettali.com\/#\/schema\/person\/bb147657c2986240405a608162b9bb23\"},\"breadcrumb\":{\"@id\":\"https:\/\/www.nettali.com\/2022\/04\/06\/officiel-koeman-selectionneur-des-pays-bas-apres-le-mondial\/#breadcrumb\"},\"inLanguage\":\"fr-FR\",\"potentialAction\":[{\"@type\":\"ReadAction\",\"target\":[\"https:\/\/www.nettali.com\/2022\/04\/06\/officiel-koeman-selectionneur-des-pays-bas-apres-le-mondial\/\"]}]},{\"@type\":\"BreadcrumbList\",\"@id\":\"https:\/\/www.nettali.com\/2022\/04\/06\/officiel-koeman-selectionneur-des-pays-bas-apres-le-mondial\/#breadcrumb\",\"itemListElement\":[{\"@type\":\"ListItem\",\"position\":1,\"name\":\"Accueil\",\"item\":\"https:\/\/www.nettali.com\/\"},{\"@type\":\"ListItem\",\"position\":2,\"name\":\"OFFICIEL - Koeman s\\u00e9lectionneur des Pays-Bas, apr\\u00e8s le Mondial\"}]},{\"@type\":\"Person\",\"@id\":\"https:\/\/www.nettali.com\/#\/schema\/person\/bb147657c2986240405a608162b9bb23\",\"name\":\"Ibrahima\",\"image\":{\"@type\":\"ImageObject\",\"@id\":\"https:\/\/www.nettali.com\/#personlogo\",\"inLanguage\":\"fr-FR\",\"url\":\"https:\/\/secure.gravatar.com\/avatar\/26a8a81f09f0dd7624c9d5c36c9ba3a2?s=96&d=mm&r=g\",\"contentUrl\":\"https:\/\/secure.gravatar.com\/avatar\/26a8a81f09f0dd7624c9d5c36c9ba3a2?s=96&d=mm&r=g\",\"caption\":\"Ibrahima\"},\"sameAs\":[\"https:\/\/www.nettali.com\"]}]}<\/script>\n<!-- \/ Yoast SEO Premium plugin. -->","yoast_head_json":{"title":"OFFICIEL - Koeman s\u00e9lectionneur des Pays-Bas, apr\u00e8s le Mondial | Nettali.com","robots":{"index":"index","follow":"follow","max-snippet":"max-snippet:-1","max-image-preview":"max-image-preview:large","max-video-preview":"max-video-preview:-1"},"canonical":"https:\/\/www.nettali.com\/2022\/04\/06\/officiel-koeman-selectionneur-des-pays-bas-apres-le-mondial\/","og_locale":"fr_FR","og_type":"article","og_title":"OFFICIEL - Koeman s\u00e9lectionneur des Pays-Bas, apr\u00e8s le Mondial","og_description":"NETTALI.COM - La F\u00e9d\u00e9ration n\u00e9erlandaise de football a annonc\u00e9 ce mercredi que Ronald Koeman, limog\u00e9 par le FC Barcelone en d\u00e9but de saison, prendrait la place de Louis Van Gaal, comme s\u00e9lectionneur national, apr\u00e8s le Mondial 2022 au Qatar et jusqu'en 2026. \" Apr\u00e8s la prochaine Coupe du monde, Ronald Koeman succ\u00e8dera \u00e0 Louis van [&hellip;]","og_url":"https:\/\/www.nettali.com\/2022\/04\/06\/officiel-koeman-selectionneur-des-pays-bas-apres-le-mondial\/","og_site_name":"Nettali.com","article_publisher":"https:\/\/www.facebook.com\/nettalicom","article_published_time":"2022-04-06T18:15:36+00:00","article_modified_time":"2022-04-06T18:16:27+00:00","og_image":[{"width":730,"height":411,"url":"https:\/\/www.nettali.com\/wp-content\/uploads\/2022\/04\/koeman-pays-bas-sourire.jpg","type":"image\/jpeg"}],"twitter_card":"summary_large_image","twitter_misc":{"\u00c9crit par":"Ibrahima","Dur\u00e9e de lecture estim\u00e9e":"1 minute"},"schema":{"@context":"https:\/\/schema.org","@graph":[{"@type":"WebSite","@id":"https:\/\/www.nettali.com\/#website","url":"https:\/\/www.nettali.com\/","name":"Nettali.com","description":"Le rendez-vous critique du Net","potentialAction":[{"@type":"SearchAction","target":{"@type":"EntryPoint","urlTemplate":"https:\/\/www.nettali.com\/?s={search_term_string}"},"query-input":"required name=search_term_string"}],"inLanguage":"fr-FR"},{"@type":"ImageObject","@id":"https:\/\/www.nettali.com\/2022\/04\/06\/officiel-koeman-selectionneur-des-pays-bas-apres-le-mondial\/#primaryimage","inLanguage":"fr-FR","url":"https:\/\/www.nettali.com\/wp-content\/uploads\/2022\/04\/koeman-pays-bas-sourire.jpg","contentUrl":"https:\/\/www.nettali.com\/wp-content\/uploads\/2022\/04\/koeman-pays-bas-sourire.jpg","width":730,"height":411},{"@type":"WebPage","@id":"https:\/\/www.nettali.com\/2022\/04\/06\/officiel-koeman-selectionneur-des-pays-bas-apres-le-mondial\/#webpage","url":"https:\/\/www.nettali.com\/2022\/04\/06\/officiel-koeman-selectionneur-des-pays-bas-apres-le-mondial\/","name":"OFFICIEL - Koeman s\u00e9lectionneur des Pays-Bas, apr\u00e8s le Mondial | Nettali.com","isPartOf":{"@id":"https:\/\/www.nettali.com\/#website"},"primaryImageOfPage":{"@id":"https:\/\/www.nettali.com\/2022\/04\/06\/officiel-koeman-selectionneur-des-pays-bas-apres-le-mondial\/#primaryimage"},"datePublished":"2022-04-06T18:15:36+00:00","dateModified":"2022-04-06T18:16:27+00:00","author":{"@id":"https:\/\/www.nettali.com\/#\/schema\/person\/bb147657c2986240405a608162b9bb23"},"breadcrumb":{"@id":"https:\/\/www.nettali.com\/2022\/04\/06\/officiel-koeman-selectionneur-des-pays-bas-apres-le-mondial\/#breadcrumb"},"inLanguage":"fr-FR","potentialAction":[{"@type":"ReadAction","target":["https:\/\/www.nettali.com\/2022\/04\/06\/officiel-koeman-selectionneur-des-pays-bas-apres-le-mondial\/"]}]},{"@type":"BreadcrumbList","@id":"https:\/\/www.nettali.com\/2022\/04\/06\/officiel-koeman-selectionneur-des-pays-bas-apres-le-mondial\/#breadcrumb","itemListElement":[{"@type":"ListItem","position":1,"name":"Accueil","item":"https:\/\/www.nettali.com\/"},{"@type":"ListItem","position":2,"name":"OFFICIEL - Koeman s\u00e9lectionneur des Pays-Bas, apr\u00e8s le Mondial"}]},{"@type":"Person","@id":"https:\/\/www.nettali.com\/#\/schema\/person\/bb147657c2986240405a608162b9bb23","name":"Ibrahima","image":{"@type":"ImageObject","@id":"https:\/\/www.nettali.com\/#personlogo","inLanguage":"fr-FR","url":"https:\/\/secure.gravatar.com\/avatar\/26a8a81f09f0dd7624c9d5c36c9ba3a2?s=96&d=mm&r=g","contentUrl":"https:\/\/secure.gravatar.com\/avatar\/26a8a81f09f0dd7624c9d5c36c9ba3a2?s=96&d=mm&r=g","caption":"Ibrahima"},"sameAs":["https:\/\/www.nettali.com"]}]}},"_links":{"self":[{"href":"https:\/\/www.nettali.com\/rest\/wp\/v2\/posts\/84340"}],"collection":[{"href":"https:\/\/www.nettali.com\/rest\/wp\/v2\/posts"}],"about":[{"href":"https:\/\/www.nettali.com\/rest\/wp\/v2\/types\/post"}],"author":[{"embeddable":true,"href":"https:\/\/www.nettali.com\/rest\/wp\/v2\/users\/5"}],"replies":[{"embeddable":true,"href":"https:\/\/www.nettali.com\/rest\/wp\/v2\/comments?post=84340"}],"version-history":[{"count":4,"href":"https:\/\/www.nettali.com\/rest\/wp\/v2\/posts\/84340\/revisions"}],"predecessor-version":[{"id":84345,"href":"https:\/\/www.nettali.com\/rest\/wp\/v2\/posts\/84340\/revisions\/84345"}],"wp:featuredmedia":[{"embeddable":true,"href":"https:\/\/www.nettali.com\/rest\/wp\/v2\/media\/84341"}],"wp:attachment":[{"href":"https:\/\/www.nettali.com\/rest\/wp\/v2\/media?parent=84340"}],"wp:term":[{"taxonomy":"category","embeddable":true,"href":"https:\/\/www.nettali.com\/rest\/wp\/v2\/categories?post=84340"},{"taxonomy":"post_tag","embeddable":true,"href":"https:\/\/www.nettali.com\/rest\/wp\/v2\/tags?post=84340"}],"curies":[{"name":"wp","href":"https:\/\/api.w.org\/{rel}","templated":true}]}}