{"id":84261,"date":"2022-04-05T16:00:57","date_gmt":"2022-04-05T16:00:57","guid":{"rendered":"https:\/\/www.nettali.com\/?p=84261"},"modified":"2022-04-06T00:36:08","modified_gmt":"2022-04-06T00:36:08","slug":"tiantacones-gracies-la-famille-du-defunt-ababacar-diagne-dans-le-desarroi","status":"publish","type":"post","link":"https:\/\/www.nettali.com\/2022\/04\/05\/tiantacones-gracies-la-famille-du-defunt-ababacar-diagne-dans-le-desarroi\/","title":{"rendered":"THIANTACONES GRACIES - La famille du d\u00e9funt Ababacar Diagne dans le d\u00e9sarroi"},"content":{"rendered":"<p><strong>NETTALI.COM - Les THiantacounes qui ont \u00e9t\u00e9 jug\u00e9s et condamn\u00e9s dans l\u2019affaire du double meurtre de M\u00e9dinatoul Salam (Mbour), ont \u00e9t\u00e9 graci\u00e9s par le pr\u00e9sident de la R\u00e9publique, le \u00a03 avril dernier,\u00a0 veille de la c\u00e9l\u00e9bration du 62<sup>e<\/sup> anniversaire de l\u2019ind\u00e9pendance du S\u00e9n\u00e9gal.<\/strong><\/p>\n<p>Une d\u00e9cision contest\u00e9e par la famille de l\u2019un des d\u00e9funts en l\u2019occurrence par la famille de feu Ababacar Diagne. La m\u00e8re du d\u00e9funt Nd\u00e8ye Khady Fall se dit d\u00e9\u00e7ue de cette d\u00e9cision, mais laisse tout entre les mains de Dieu . \u00ab <em>Cette d\u00e9cision nous fait tr\u00e8s mal mais, on n'y peut rien. C\u2019est une d\u00e9cision du pr\u00e9sident de la R\u00e9publique. C\u2019est lui qui d\u00e9cide. Mais, cela fait mal au c\u0153ur d\u2019apprendre que les personnes qui ont tu\u00e9 mon fils, ont \u00e9t\u00e9 lib\u00e9r\u00e9es. Ils l\u2019ont enterr\u00e9 vivant<\/em>\u00a0\u00bb, a d\u00e9clar\u00e9 la dame, renseignant que la famille vit des moments difficiles.<\/p>\n<p>Car, rappelle-t-elle\u00a0:\u00a0\u00ab\u00a0<em>Ababacar a laiss\u00e9 des enfants. C\u2019est sa veuve qui fait tout pour satisfaire leurs besoins et, parfois c\u2019est tr\u00e8s difficile<\/em>\u00a0\u00bb.<\/p>\n<p>En effet, lors du proc\u00e8s des Thiantacones en 2019, le tribunal avait demand\u00e9 aux accus\u00e9s \u00a0de payer \u00e0 chaque famille de victimes des dommages et int\u00e9r\u00eats de 100 millions de francs CFA. Trois ans apr\u00e8s, la famille de Ababacar Diagne n\u2019a rien re\u00e7u. Les thiantacones n\u2019ont toujours pas respect\u00e9 la d\u00e9cision de justice.<\/p>\n<p>Il faut rappeler que les 10 thiantatcones graci\u00e9s ont \u00e9t\u00e9 condamn\u00e9s \u00e0 15 ans de travaux forc\u00e9s. Il leur restait 5 ans de prison.<\/p>\n<div class='share-to-whatsapp-wrapper'><div class='share-on-whsp'>PARTAGER SUR : <\/div><a data-text='THIANTACONES GRACIES - La famille du d\u00e9funt Ababacar Diagne dans le d\u00e9sarroi' data-link='https:\/\/www.nettali.com\/2022\/04\/05\/tiantacones-gracies-la-famille-du-defunt-ababacar-diagne-dans-le-desarroi\/' class='whatsapp-button whatsapp-share'>WhatsApp<\/a><div class='clear '><\/div><\/div>","protected":false},"excerpt":{"rendered":"<p>NETTALI.COM - Les THiantacounes qui ont \u00e9t\u00e9 jug\u00e9s et condamn\u00e9s dans l\u2019affaire du double meurtre de M\u00e9dinatoul Salam (Mbour), ont \u00e9t\u00e9 graci\u00e9s par le pr\u00e9sident de la R\u00e9publique, le \u00a03 avril dernier,\u00a0 veille de la c\u00e9l\u00e9bration du 62e anniversaire de l\u2019ind\u00e9pendance du S\u00e9n\u00e9gal. Une d\u00e9cision contest\u00e9e par la famille de l\u2019un des d\u00e9funts en l\u2019occurrence [&hellip;]<\/p>\n","protected":false},"author":6,"featured_media":84264,"comment_status":"open","ping_status":"open","sticky":false,"template":"","format":"standard","meta":{"_et_pb_use_builder":"","_et_pb_old_content":""},"categories":[3],"tags":[],"yoast_head":"<!-- This site is optimized with the Yoast SEO Premium plugin v17.8 (Yoast SEO v17.8) - https:\/\/yoast.com\/wordpress\/plugins\/seo\/ -->\n<title>THIANTACONES GRACIES - La famille du d\u00e9funt Ababacar Diagne dans le d\u00e9sarroi | Nettali.com<\/title>\n<meta name=\"robots\" content=\"index, follow, max-snippet:-1, max-image-preview:large, max-video-preview:-1\" \/>\n<link rel=\"canonical\" href=\"https:\/\/www.nettali.com\/2022\/04\/05\/tiantacones-gracies-la-famille-du-defunt-ababacar-diagne-dans-le-desarroi\/\" \/>\n<meta property=\"og:locale\" content=\"fr_FR\" \/>\n<meta property=\"og:type\" content=\"article\" \/>\n<meta property=\"og:title\" content=\"THIANTACONES GRACIES - La famille du d\u00e9funt Ababacar Diagne dans le d\u00e9sarroi\" \/>\n<meta property=\"og:description\" content=\"NETTALI.COM - Les THiantacounes qui ont \u00e9t\u00e9 jug\u00e9s et condamn\u00e9s dans l\u2019affaire du double meurtre de M\u00e9dinatoul Salam (Mbour), ont \u00e9t\u00e9 graci\u00e9s par le pr\u00e9sident de la R\u00e9publique, le \u00a03 avril dernier,\u00a0 veille de la c\u00e9l\u00e9bration du 62e anniversaire de l\u2019ind\u00e9pendance du S\u00e9n\u00e9gal. Une d\u00e9cision contest\u00e9e par la famille de l\u2019un des d\u00e9funts en l\u2019occurrence [&hellip;]\" \/>\n<meta property=\"og:url\" content=\"https:\/\/www.nettali.com\/2022\/04\/05\/tiantacones-gracies-la-famille-du-defunt-ababacar-diagne-dans-le-desarroi\/\" \/>\n<meta property=\"og:site_name\" content=\"Nettali.com\" \/>\n<meta property=\"article:publisher\" content=\"https:\/\/www.facebook.com\/nettalicom\" \/>\n<meta property=\"article:published_time\" content=\"2022-04-05T16:00:57+00:00\" \/>\n<meta property=\"article:modified_time\" content=\"2022-04-06T00:36:08+00:00\" \/>\n<meta property=\"og:image\" content=\"https:\/\/www.nettali.com\/wp-content\/uploads\/2022\/04\/dev.jpg\" \/>\n\t<meta property=\"og:image:width\" content=\"1280\" \/>\n\t<meta property=\"og:image:height\" content=\"720\" \/>\n<meta name=\"twitter:card\" content=\"summary_large_image\" \/>\n<meta name=\"twitter:label1\" content=\"\u00c9crit par\" \/>\n\t<meta name=\"twitter:data1\" content=\"Fatou\" \/>\n\t<meta name=\"twitter:label2\" content=\"Dur\u00e9e de lecture estim\u00e9e\" \/>\n\t<meta name=\"twitter:data2\" content=\"2 minutes\" \/>\n<script type=\"application\/ld+json\" class=\"yoast-schema-graph\">{\"@context\":\"https:\/\/schema.org\",\"@graph\":[{\"@type\":\"WebSite\",\"@id\":\"https:\/\/www.nettali.com\/#website\",\"url\":\"https:\/\/www.nettali.com\/\",\"name\":\"Nettali.com\",\"description\":\"Le rendez-vous critique du Net\",\"potentialAction\":[{\"@type\":\"SearchAction\",\"target\":{\"@type\":\"EntryPoint\",\"urlTemplate\":\"https:\/\/www.nettali.com\/?s={search_term_string}\"},\"query-input\":\"required name=search_term_string\"}],\"inLanguage\":\"fr-FR\"},{\"@type\":\"ImageObject\",\"@id\":\"https:\/\/www.nettali.com\/2022\/04\/05\/tiantacones-gracies-la-famille-du-defunt-ababacar-diagne-dans-le-desarroi\/#primaryimage\",\"inLanguage\":\"fr-FR\",\"url\":\"https:\/\/www.nettali.com\/wp-content\/uploads\/2022\/04\/dev.jpg\",\"contentUrl\":\"https:\/\/www.nettali.com\/wp-content\/uploads\/2022\/04\/dev.jpg\",\"width\":1280,\"height\":720},{\"@type\":\"WebPage\",\"@id\":\"https:\/\/www.nettali.com\/2022\/04\/05\/tiantacones-gracies-la-famille-du-defunt-ababacar-diagne-dans-le-desarroi\/#webpage\",\"url\":\"https:\/\/www.nettali.com\/2022\/04\/05\/tiantacones-gracies-la-famille-du-defunt-ababacar-diagne-dans-le-desarroi\/\",\"name\":\"THIANTACONES GRACIES - La famille du d\\u00e9funt Ababacar Diagne dans le d\\u00e9sarroi | Nettali.com\",\"isPartOf\":{\"@id\":\"https:\/\/www.nettali.com\/#website\"},\"primaryImageOfPage\":{\"@id\":\"https:\/\/www.nettali.com\/2022\/04\/05\/tiantacones-gracies-la-famille-du-defunt-ababacar-diagne-dans-le-desarroi\/#primaryimage\"},\"datePublished\":\"2022-04-05T16:00:57+00:00\",\"dateModified\":\"2022-04-06T00:36:08+00:00\",\"author\":{\"@id\":\"https:\/\/www.nettali.com\/#\/schema\/person\/418274a86bdf87caff7a3ef476bd0bbf\"},\"breadcrumb\":{\"@id\":\"https:\/\/www.nettali.com\/2022\/04\/05\/tiantacones-gracies-la-famille-du-defunt-ababacar-diagne-dans-le-desarroi\/#breadcrumb\"},\"inLanguage\":\"fr-FR\",\"potentialAction\":[{\"@type\":\"ReadAction\",\"target\":[\"https:\/\/www.nettali.com\/2022\/04\/05\/tiantacones-gracies-la-famille-du-defunt-ababacar-diagne-dans-le-desarroi\/\"]}]},{\"@type\":\"BreadcrumbList\",\"@id\":\"https:\/\/www.nettali.com\/2022\/04\/05\/tiantacones-gracies-la-famille-du-defunt-ababacar-diagne-dans-le-desarroi\/#breadcrumb\",\"itemListElement\":[{\"@type\":\"ListItem\",\"position\":1,\"name\":\"Accueil\",\"item\":\"https:\/\/www.nettali.com\/\"},{\"@type\":\"ListItem\",\"position\":2,\"name\":\"THIANTACONES GRACIES - La famille du d\\u00e9funt Ababacar Diagne dans le d\\u00e9sarroi\"}]},{\"@type\":\"Person\",\"@id\":\"https:\/\/www.nettali.com\/#\/schema\/person\/418274a86bdf87caff7a3ef476bd0bbf\",\"name\":\"Fatou\",\"image\":{\"@type\":\"ImageObject\",\"@id\":\"https:\/\/www.nettali.com\/#personlogo\",\"inLanguage\":\"fr-FR\",\"url\":\"https:\/\/secure.gravatar.com\/avatar\/5a9442a2bee7b4dcf167cab035858e9a?s=96&d=mm&r=g\",\"contentUrl\":\"https:\/\/secure.gravatar.com\/avatar\/5a9442a2bee7b4dcf167cab035858e9a?s=96&d=mm&r=g\",\"caption\":\"Fatou\"},\"sameAs\":[\"https:\/\/www.nettali.com\"]}]}<\/script>\n<!-- \/ Yoast SEO Premium plugin. -->","yoast_head_json":{"title":"THIANTACONES GRACIES - La famille du d\u00e9funt Ababacar Diagne dans le d\u00e9sarroi | Nettali.com","robots":{"index":"index","follow":"follow","max-snippet":"max-snippet:-1","max-image-preview":"max-image-preview:large","max-video-preview":"max-video-preview:-1"},"canonical":"https:\/\/www.nettali.com\/2022\/04\/05\/tiantacones-gracies-la-famille-du-defunt-ababacar-diagne-dans-le-desarroi\/","og_locale":"fr_FR","og_type":"article","og_title":"THIANTACONES GRACIES - La famille du d\u00e9funt Ababacar Diagne dans le d\u00e9sarroi","og_description":"NETTALI.COM - Les THiantacounes qui ont \u00e9t\u00e9 jug\u00e9s et condamn\u00e9s dans l\u2019affaire du double meurtre de M\u00e9dinatoul Salam (Mbour), ont \u00e9t\u00e9 graci\u00e9s par le pr\u00e9sident de la R\u00e9publique, le \u00a03 avril dernier,\u00a0 veille de la c\u00e9l\u00e9bration du 62e anniversaire de l\u2019ind\u00e9pendance du S\u00e9n\u00e9gal. Une d\u00e9cision contest\u00e9e par la famille de l\u2019un des d\u00e9funts en l\u2019occurrence [&hellip;]","og_url":"https:\/\/www.nettali.com\/2022\/04\/05\/tiantacones-gracies-la-famille-du-defunt-ababacar-diagne-dans-le-desarroi\/","og_site_name":"Nettali.com","article_publisher":"https:\/\/www.facebook.com\/nettalicom","article_published_time":"2022-04-05T16:00:57+00:00","article_modified_time":"2022-04-06T00:36:08+00:00","og_image":[{"width":1280,"height":720,"url":"https:\/\/www.nettali.com\/wp-content\/uploads\/2022\/04\/dev.jpg","type":"image\/jpeg"}],"twitter_card":"summary_large_image","twitter_misc":{"\u00c9crit par":"Fatou","Dur\u00e9e de lecture estim\u00e9e":"2 minutes"},"schema":{"@context":"https:\/\/schema.org","@graph":[{"@type":"WebSite","@id":"https:\/\/www.nettali.com\/#website","url":"https:\/\/www.nettali.com\/","name":"Nettali.com","description":"Le rendez-vous critique du Net","potentialAction":[{"@type":"SearchAction","target":{"@type":"EntryPoint","urlTemplate":"https:\/\/www.nettali.com\/?s={search_term_string}"},"query-input":"required name=search_term_string"}],"inLanguage":"fr-FR"},{"@type":"ImageObject","@id":"https:\/\/www.nettali.com\/2022\/04\/05\/tiantacones-gracies-la-famille-du-defunt-ababacar-diagne-dans-le-desarroi\/#primaryimage","inLanguage":"fr-FR","url":"https:\/\/www.nettali.com\/wp-content\/uploads\/2022\/04\/dev.jpg","contentUrl":"https:\/\/www.nettali.com\/wp-content\/uploads\/2022\/04\/dev.jpg","width":1280,"height":720},{"@type":"WebPage","@id":"https:\/\/www.nettali.com\/2022\/04\/05\/tiantacones-gracies-la-famille-du-defunt-ababacar-diagne-dans-le-desarroi\/#webpage","url":"https:\/\/www.nettali.com\/2022\/04\/05\/tiantacones-gracies-la-famille-du-defunt-ababacar-diagne-dans-le-desarroi\/","name":"THIANTACONES GRACIES - La famille du d\u00e9funt Ababacar Diagne dans le d\u00e9sarroi | Nettali.com","isPartOf":{"@id":"https:\/\/www.nettali.com\/#website"},"primaryImageOfPage":{"@id":"https:\/\/www.nettali.com\/2022\/04\/05\/tiantacones-gracies-la-famille-du-defunt-ababacar-diagne-dans-le-desarroi\/#primaryimage"},"datePublished":"2022-04-05T16:00:57+00:00","dateModified":"2022-04-06T00:36:08+00:00","author":{"@id":"https:\/\/www.nettali.com\/#\/schema\/person\/418274a86bdf87caff7a3ef476bd0bbf"},"breadcrumb":{"@id":"https:\/\/www.nettali.com\/2022\/04\/05\/tiantacones-gracies-la-famille-du-defunt-ababacar-diagne-dans-le-desarroi\/#breadcrumb"},"inLanguage":"fr-FR","potentialAction":[{"@type":"ReadAction","target":["https:\/\/www.nettali.com\/2022\/04\/05\/tiantacones-gracies-la-famille-du-defunt-ababacar-diagne-dans-le-desarroi\/"]}]},{"@type":"BreadcrumbList","@id":"https:\/\/www.nettali.com\/2022\/04\/05\/tiantacones-gracies-la-famille-du-defunt-ababacar-diagne-dans-le-desarroi\/#breadcrumb","itemListElement":[{"@type":"ListItem","position":1,"name":"Accueil","item":"https:\/\/www.nettali.com\/"},{"@type":"ListItem","position":2,"name":"THIANTACONES GRACIES - La famille du d\u00e9funt Ababacar Diagne dans le d\u00e9sarroi"}]},{"@type":"Person","@id":"https:\/\/www.nettali.com\/#\/schema\/person\/418274a86bdf87caff7a3ef476bd0bbf","name":"Fatou","image":{"@type":"ImageObject","@id":"https:\/\/www.nettali.com\/#personlogo","inLanguage":"fr-FR","url":"https:\/\/secure.gravatar.com\/avatar\/5a9442a2bee7b4dcf167cab035858e9a?s=96&d=mm&r=g","contentUrl":"https:\/\/secure.gravatar.com\/avatar\/5a9442a2bee7b4dcf167cab035858e9a?s=96&d=mm&r=g","caption":"Fatou"},"sameAs":["https:\/\/www.nettali.com"]}]}},"_links":{"self":[{"href":"https:\/\/www.nettali.com\/rest\/wp\/v2\/posts\/84261"}],"collection":[{"href":"https:\/\/www.nettali.com\/rest\/wp\/v2\/posts"}],"about":[{"href":"https:\/\/www.nettali.com\/rest\/wp\/v2\/types\/post"}],"author":[{"embeddable":true,"href":"https:\/\/www.nettali.com\/rest\/wp\/v2\/users\/6"}],"replies":[{"embeddable":true,"href":"https:\/\/www.nettali.com\/rest\/wp\/v2\/comments?post=84261"}],"version-history":[{"count":7,"href":"https:\/\/www.nettali.com\/rest\/wp\/v2\/posts\/84261\/revisions"}],"predecessor-version":[{"id":84298,"href":"https:\/\/www.nettali.com\/rest\/wp\/v2\/posts\/84261\/revisions\/84298"}],"wp:featuredmedia":[{"embeddable":true,"href":"https:\/\/www.nettali.com\/rest\/wp\/v2\/media\/84264"}],"wp:attachment":[{"href":"https:\/\/www.nettali.com\/rest\/wp\/v2\/media?parent=84261"}],"wp:term":[{"taxonomy":"category","embeddable":true,"href":"https:\/\/www.nettali.com\/rest\/wp\/v2\/categories?post=84261"},{"taxonomy":"post_tag","embeddable":true,"href":"https:\/\/www.nettali.com\/rest\/wp\/v2\/tags?post=84261"}],"curies":[{"name":"wp","href":"https:\/\/api.w.org\/{rel}","templated":true}]}}