{"id":84243,"date":"2022-04-05T10:29:10","date_gmt":"2022-04-05T10:29:10","guid":{"rendered":"https:\/\/www.nettali.com\/?p=84243"},"modified":"2022-04-05T10:29:10","modified_gmt":"2022-04-05T10:29:10","slug":"semaine-de-la-jeunesse-les-verites-du-president-macky-sall","status":"publish","type":"post","link":"https:\/\/www.nettali.com\/2022\/04\/05\/semaine-de-la-jeunesse-les-verites-du-president-macky-sall\/","title":{"rendered":"SEMAINE DE LA JEUNESSE\u00a0 -\u00a0Les v\u00e9rit\u00e9s du Pr\u00e9sident Macky Sall"},"content":{"rendered":"<p><strong>NETTALI.COM - Accompagn\u00e9 du ministre de la Jeunesse, N\u00e9n\u00e9 Fatoumata Tall, le chef de l\u2019Etat a communi\u00e9, ce week-end, avec la Jeunesse \u00e0 Diamniadio. Occasion pour le Pr\u00e9sident Sall de mettre des pare-feux entre les jeunes et les d\u00e9rives des r\u00e9seaux sociaux. <\/strong><\/p>\n<p>Au premier rang de ses priorit\u00e9s figure la jeunesse qui incarne l\u2019espoir et la force vitale de la Nation. La jeunesse, pour le Pr\u00e9sident Macky Sall, est \u00e0 la fois l\u2019espoir et le c\u0153ur battant de la Nation. Il a tenu \u00e0 le faire savoir, ce week-end, lors du lancement de la Semaine nationale de la jeunesse. Profitant de la rencontre, le chef de l\u2019Etat n\u2019a pas h\u00e9sit\u00e9 \u00e0 cracher ses v\u00e9rit\u00e9s aux jeunes, non sans leur procurer des conseils pour un avenir meilleur au service de leur patrie. Le Pr\u00e9sident Sall a invit\u00e9 les jeunes \u00ab\u00e0 refuser la violence sous toutes ses formes\u00bb. Car celle-ci, dit-il, ne m\u00e8ne qu\u2019au recul et \u00e0 la ruine.<\/p>\n<p><em>\u00abNe vous laissez pas dormir dans des aventures sans lendemain. Ne perdez pas votre temps dans un usage abusif de l\u2019Internet et des r\u00e9seaux sociaux \u00e0 la merci de personnes qui se disent influenceurs. Seules les connaissances qui nous rendent meilleurs sont utiles. Il faut un bon usage de l\u2019internet. Prenez ce qui est bon sur Internet et jetez \u00e0 la poubelle les mauvaises choses\u00bb<\/em>, a indiqu\u00e9 Macky Sall aux jeunes. Le chef de l\u2019Etat leur demande \u00e9galement de choisir la voie de l\u2019\u00e9ducation,\u00a0 de l\u2019apprentissage et de la formation parce que c\u2019est elle qui \u00e9claire l\u2019esprit et forge la capacit\u00e9 de jugement.<\/p>\n<p><em> \u00abElle constitue la meilleure ligne de d\u00e9fense contre l\u2019ignorance, l\u2019obscurantisme et la manipulation des consciences\u00bb<\/em>, souligne-t-il. Macky Sall invite les jeunes \u00e0 s\u2019inspirer des valeurs traditionnelles enseignant les principes qui forment la force de caract\u00e8re. <em>\u00abL\u2019ouverture c\u2019est apr\u00e8s l\u2019enracinement. Je vous invite chers jeunes \u00e0 m\u00e9diter sur ces enseignements communs \u00e0 toutes nos cultures. Ces enseignements sont \u00e9galement v\u00e9hicul\u00e9s dans toutes nos langues. Ce sont des rep\u00e8res imperturbables et des remparts solides contre les tentations et les d\u00e9rives parce que ces enseignements nous renvoient \u00e0 notre for int\u00e9rieur\u00bb<\/em>, souligne-t-il. Macky Sall dit avoir d\u00e9fini les politiques de jeunesse dans le Plan S\u00e9n\u00e9gal \u00e9mergent (Pse), notamment dans son axe 2 d\u00e9ni\u00e9 au capital humain o\u00f9 l\u2019\u00e9ducation, la formation, l\u2019emploi et l\u2019employabilit\u00e9 des jeunes figurent en rang de priorit\u00e9. Et le gouvernement a\u00a0 traduit cette strat\u00e9gie en acte par des investissements massifs qui ont permis la multiplication des structures scolaires et des universit\u00e9s.<\/p>\n<p><em>\u00abEn 2012, quand j\u2019acc\u00e9dais \u00e0 la Magistrature supr\u00eame, il y avait l\u2019Universit\u00e9 de Dakar et celle de Saint-Louis et des Centres universitaires r\u00e9gionaux (Cur) de Bambey et Ziguinchor. Regardez entre-temps, le nombre d\u2019universit\u00e9s et de centres de formation professionnelle. Il y a une multiplication des structures scolaires et universitaires parce qu\u2019il faut former les jeunes. Ceux qui n\u2019ont pas fr\u00e9quent\u00e9 les \u00e9coles doivent avoir des m\u00e9tiers afin de gagner leur vie. C\u2019est la raison pour laquelle le Fonds de financement de la formation professionnelle et technique (3 Fpt) est l\u00e0. Nous avons mis des moyens jamais \u00e9gal\u00e9s. Il y a une intensification du recrutement des enseignants et la revalorisation de leur statut et traitement\u00bb<\/em>, explique le chef de l\u2019Etat. Il plaide pour une adaptation de l\u2019\u00e9ducation et de la formation aux r\u00e9alit\u00e9s du temps et aux besoins du march\u00e9.<\/p>\n<div class='share-to-whatsapp-wrapper'><div class='share-on-whsp'>PARTAGER SUR : <\/div><a data-text='SEMAINE DE LA JEUNESSE\u00a0 -\u00a0Les v\u00e9rit\u00e9s du Pr\u00e9sident Macky Sall' data-link='https:\/\/www.nettali.com\/2022\/04\/05\/semaine-de-la-jeunesse-les-verites-du-president-macky-sall\/' class='whatsapp-button whatsapp-share'>WhatsApp<\/a><div class='clear '><\/div><\/div>","protected":false},"excerpt":{"rendered":"<p>NETTALI.COM - Accompagn\u00e9 du ministre de la Jeunesse, N\u00e9n\u00e9 Fatoumata Tall, le chef de l\u2019Etat a communi\u00e9, ce week-end, avec la Jeunesse \u00e0 Diamniadio. Occasion pour le Pr\u00e9sident Sall de mettre des pare-feux entre les jeunes et les d\u00e9rives des r\u00e9seaux sociaux. Au premier rang de ses priorit\u00e9s figure la jeunesse qui incarne l\u2019espoir et [&hellip;]<\/p>\n","protected":false},"author":4,"featured_media":73699,"comment_status":"open","ping_status":"open","sticky":false,"template":"","format":"standard","meta":{"_et_pb_use_builder":"","_et_pb_old_content":""},"categories":[2],"tags":[],"yoast_head":"<!-- This site is optimized with the Yoast SEO Premium plugin v17.8 (Yoast SEO v17.8) - https:\/\/yoast.com\/wordpress\/plugins\/seo\/ -->\n<title>SEMAINE DE LA JEUNESSE\u00a0 -\u00a0Les v\u00e9rit\u00e9s du Pr\u00e9sident Macky Sall | Nettali.com<\/title>\n<meta name=\"robots\" content=\"index, follow, max-snippet:-1, max-image-preview:large, max-video-preview:-1\" \/>\n<link rel=\"canonical\" href=\"https:\/\/www.nettali.com\/2022\/04\/05\/semaine-de-la-jeunesse-les-verites-du-president-macky-sall\/\" \/>\n<meta property=\"og:locale\" content=\"fr_FR\" \/>\n<meta property=\"og:type\" content=\"article\" \/>\n<meta property=\"og:title\" content=\"SEMAINE DE LA JEUNESSE\u00a0 -\u00a0Les v\u00e9rit\u00e9s du Pr\u00e9sident Macky Sall\" \/>\n<meta property=\"og:description\" content=\"NETTALI.COM - Accompagn\u00e9 du ministre de la Jeunesse, N\u00e9n\u00e9 Fatoumata Tall, le chef de l\u2019Etat a communi\u00e9, ce week-end, avec la Jeunesse \u00e0 Diamniadio. Occasion pour le Pr\u00e9sident Sall de mettre des pare-feux entre les jeunes et les d\u00e9rives des r\u00e9seaux sociaux. Au premier rang de ses priorit\u00e9s figure la jeunesse qui incarne l\u2019espoir et [&hellip;]\" \/>\n<meta property=\"og:url\" content=\"https:\/\/www.nettali.com\/2022\/04\/05\/semaine-de-la-jeunesse-les-verites-du-president-macky-sall\/\" \/>\n<meta property=\"og:site_name\" content=\"Nettali.com\" \/>\n<meta property=\"article:publisher\" content=\"https:\/\/www.facebook.com\/nettalicom\" \/>\n<meta property=\"article:published_time\" content=\"2022-04-05T10:29:10+00:00\" \/>\n<meta property=\"og:image\" content=\"https:\/\/www.nettali.com\/wp-content\/uploads\/2021\/10\/Macky-e1634142929896.jpeg\" \/>\n\t<meta property=\"og:image:width\" content=\"1264\" \/>\n\t<meta property=\"og:image:height\" content=\"592\" \/>\n<meta name=\"twitter:card\" content=\"summary_large_image\" \/>\n<meta name=\"twitter:label1\" content=\"\u00c9crit par\" \/>\n\t<meta name=\"twitter:data1\" content=\"Daouda\" \/>\n\t<meta name=\"twitter:label2\" content=\"Dur\u00e9e de lecture estim\u00e9e\" \/>\n\t<meta name=\"twitter:data2\" content=\"3 minutes\" \/>\n<script type=\"application\/ld+json\" class=\"yoast-schema-graph\">{\"@context\":\"https:\/\/schema.org\",\"@graph\":[{\"@type\":\"WebSite\",\"@id\":\"https:\/\/www.nettali.com\/#website\",\"url\":\"https:\/\/www.nettali.com\/\",\"name\":\"Nettali.com\",\"description\":\"Le rendez-vous critique du Net\",\"potentialAction\":[{\"@type\":\"SearchAction\",\"target\":{\"@type\":\"EntryPoint\",\"urlTemplate\":\"https:\/\/www.nettali.com\/?s={search_term_string}\"},\"query-input\":\"required name=search_term_string\"}],\"inLanguage\":\"fr-FR\"},{\"@type\":\"ImageObject\",\"@id\":\"https:\/\/www.nettali.com\/2022\/04\/05\/semaine-de-la-jeunesse-les-verites-du-president-macky-sall\/#primaryimage\",\"inLanguage\":\"fr-FR\",\"url\":\"https:\/\/www.nettali.com\/wp-content\/uploads\/2021\/10\/Macky-e1634142929896.jpeg\",\"contentUrl\":\"https:\/\/www.nettali.com\/wp-content\/uploads\/2021\/10\/Macky-e1634142929896.jpeg\",\"width\":1264,\"height\":592},{\"@type\":\"WebPage\",\"@id\":\"https:\/\/www.nettali.com\/2022\/04\/05\/semaine-de-la-jeunesse-les-verites-du-president-macky-sall\/#webpage\",\"url\":\"https:\/\/www.nettali.com\/2022\/04\/05\/semaine-de-la-jeunesse-les-verites-du-president-macky-sall\/\",\"name\":\"SEMAINE DE LA JEUNESSE\\u00a0 -\\u00a0Les v\\u00e9rit\\u00e9s du Pr\\u00e9sident Macky Sall | Nettali.com\",\"isPartOf\":{\"@id\":\"https:\/\/www.nettali.com\/#website\"},\"primaryImageOfPage\":{\"@id\":\"https:\/\/www.nettali.com\/2022\/04\/05\/semaine-de-la-jeunesse-les-verites-du-president-macky-sall\/#primaryimage\"},\"datePublished\":\"2022-04-05T10:29:10+00:00\",\"dateModified\":\"2022-04-05T10:29:10+00:00\",\"author\":{\"@id\":\"https:\/\/www.nettali.com\/#\/schema\/person\/3317e0bb3aa1da309fbf7b2780901bf4\"},\"breadcrumb\":{\"@id\":\"https:\/\/www.nettali.com\/2022\/04\/05\/semaine-de-la-jeunesse-les-verites-du-president-macky-sall\/#breadcrumb\"},\"inLanguage\":\"fr-FR\",\"potentialAction\":[{\"@type\":\"ReadAction\",\"target\":[\"https:\/\/www.nettali.com\/2022\/04\/05\/semaine-de-la-jeunesse-les-verites-du-president-macky-sall\/\"]}]},{\"@type\":\"BreadcrumbList\",\"@id\":\"https:\/\/www.nettali.com\/2022\/04\/05\/semaine-de-la-jeunesse-les-verites-du-president-macky-sall\/#breadcrumb\",\"itemListElement\":[{\"@type\":\"ListItem\",\"position\":1,\"name\":\"Accueil\",\"item\":\"https:\/\/www.nettali.com\/\"},{\"@type\":\"ListItem\",\"position\":2,\"name\":\"SEMAINE DE LA JEUNESSE\\u00a0 -\\u00a0Les v\\u00e9rit\\u00e9s du Pr\\u00e9sident Macky Sall\"}]},{\"@type\":\"Person\",\"@id\":\"https:\/\/www.nettali.com\/#\/schema\/person\/3317e0bb3aa1da309fbf7b2780901bf4\",\"name\":\"Daouda\",\"image\":{\"@type\":\"ImageObject\",\"@id\":\"https:\/\/www.nettali.com\/#personlogo\",\"inLanguage\":\"fr-FR\",\"url\":\"https:\/\/secure.gravatar.com\/avatar\/8d143b5a49345098ddcfee1c49c2f47c?s=96&d=mm&r=g\",\"contentUrl\":\"https:\/\/secure.gravatar.com\/avatar\/8d143b5a49345098ddcfee1c49c2f47c?s=96&d=mm&r=g\",\"caption\":\"Daouda\"},\"sameAs\":[\"https:\/\/www.nettali.com\"]}]}<\/script>\n<!-- \/ Yoast SEO Premium plugin. -->","yoast_head_json":{"title":"SEMAINE DE LA JEUNESSE\u00a0 -\u00a0Les v\u00e9rit\u00e9s du Pr\u00e9sident Macky Sall | Nettali.com","robots":{"index":"index","follow":"follow","max-snippet":"max-snippet:-1","max-image-preview":"max-image-preview:large","max-video-preview":"max-video-preview:-1"},"canonical":"https:\/\/www.nettali.com\/2022\/04\/05\/semaine-de-la-jeunesse-les-verites-du-president-macky-sall\/","og_locale":"fr_FR","og_type":"article","og_title":"SEMAINE DE LA JEUNESSE\u00a0 -\u00a0Les v\u00e9rit\u00e9s du Pr\u00e9sident Macky Sall","og_description":"NETTALI.COM - Accompagn\u00e9 du ministre de la Jeunesse, N\u00e9n\u00e9 Fatoumata Tall, le chef de l\u2019Etat a communi\u00e9, ce week-end, avec la Jeunesse \u00e0 Diamniadio. Occasion pour le Pr\u00e9sident Sall de mettre des pare-feux entre les jeunes et les d\u00e9rives des r\u00e9seaux sociaux. Au premier rang de ses priorit\u00e9s figure la jeunesse qui incarne l\u2019espoir et [&hellip;]","og_url":"https:\/\/www.nettali.com\/2022\/04\/05\/semaine-de-la-jeunesse-les-verites-du-president-macky-sall\/","og_site_name":"Nettali.com","article_publisher":"https:\/\/www.facebook.com\/nettalicom","article_published_time":"2022-04-05T10:29:10+00:00","og_image":[{"width":1264,"height":592,"url":"https:\/\/www.nettali.com\/wp-content\/uploads\/2021\/10\/Macky-e1634142929896.jpeg","type":"image\/jpeg"}],"twitter_card":"summary_large_image","twitter_misc":{"\u00c9crit par":"Daouda","Dur\u00e9e de lecture estim\u00e9e":"3 minutes"},"schema":{"@context":"https:\/\/schema.org","@graph":[{"@type":"WebSite","@id":"https:\/\/www.nettali.com\/#website","url":"https:\/\/www.nettali.com\/","name":"Nettali.com","description":"Le rendez-vous critique du Net","potentialAction":[{"@type":"SearchAction","target":{"@type":"EntryPoint","urlTemplate":"https:\/\/www.nettali.com\/?s={search_term_string}"},"query-input":"required name=search_term_string"}],"inLanguage":"fr-FR"},{"@type":"ImageObject","@id":"https:\/\/www.nettali.com\/2022\/04\/05\/semaine-de-la-jeunesse-les-verites-du-president-macky-sall\/#primaryimage","inLanguage":"fr-FR","url":"https:\/\/www.nettali.com\/wp-content\/uploads\/2021\/10\/Macky-e1634142929896.jpeg","contentUrl":"https:\/\/www.nettali.com\/wp-content\/uploads\/2021\/10\/Macky-e1634142929896.jpeg","width":1264,"height":592},{"@type":"WebPage","@id":"https:\/\/www.nettali.com\/2022\/04\/05\/semaine-de-la-jeunesse-les-verites-du-president-macky-sall\/#webpage","url":"https:\/\/www.nettali.com\/2022\/04\/05\/semaine-de-la-jeunesse-les-verites-du-president-macky-sall\/","name":"SEMAINE DE LA JEUNESSE\u00a0 -\u00a0Les v\u00e9rit\u00e9s du Pr\u00e9sident Macky Sall | Nettali.com","isPartOf":{"@id":"https:\/\/www.nettali.com\/#website"},"primaryImageOfPage":{"@id":"https:\/\/www.nettali.com\/2022\/04\/05\/semaine-de-la-jeunesse-les-verites-du-president-macky-sall\/#primaryimage"},"datePublished":"2022-04-05T10:29:10+00:00","dateModified":"2022-04-05T10:29:10+00:00","author":{"@id":"https:\/\/www.nettali.com\/#\/schema\/person\/3317e0bb3aa1da309fbf7b2780901bf4"},"breadcrumb":{"@id":"https:\/\/www.nettali.com\/2022\/04\/05\/semaine-de-la-jeunesse-les-verites-du-president-macky-sall\/#breadcrumb"},"inLanguage":"fr-FR","potentialAction":[{"@type":"ReadAction","target":["https:\/\/www.nettali.com\/2022\/04\/05\/semaine-de-la-jeunesse-les-verites-du-president-macky-sall\/"]}]},{"@type":"BreadcrumbList","@id":"https:\/\/www.nettali.com\/2022\/04\/05\/semaine-de-la-jeunesse-les-verites-du-president-macky-sall\/#breadcrumb","itemListElement":[{"@type":"ListItem","position":1,"name":"Accueil","item":"https:\/\/www.nettali.com\/"},{"@type":"ListItem","position":2,"name":"SEMAINE DE LA JEUNESSE\u00a0 -\u00a0Les v\u00e9rit\u00e9s du Pr\u00e9sident Macky Sall"}]},{"@type":"Person","@id":"https:\/\/www.nettali.com\/#\/schema\/person\/3317e0bb3aa1da309fbf7b2780901bf4","name":"Daouda","image":{"@type":"ImageObject","@id":"https:\/\/www.nettali.com\/#personlogo","inLanguage":"fr-FR","url":"https:\/\/secure.gravatar.com\/avatar\/8d143b5a49345098ddcfee1c49c2f47c?s=96&d=mm&r=g","contentUrl":"https:\/\/secure.gravatar.com\/avatar\/8d143b5a49345098ddcfee1c49c2f47c?s=96&d=mm&r=g","caption":"Daouda"},"sameAs":["https:\/\/www.nettali.com"]}]}},"_links":{"self":[{"href":"https:\/\/www.nettali.com\/rest\/wp\/v2\/posts\/84243"}],"collection":[{"href":"https:\/\/www.nettali.com\/rest\/wp\/v2\/posts"}],"about":[{"href":"https:\/\/www.nettali.com\/rest\/wp\/v2\/types\/post"}],"author":[{"embeddable":true,"href":"https:\/\/www.nettali.com\/rest\/wp\/v2\/users\/4"}],"replies":[{"embeddable":true,"href":"https:\/\/www.nettali.com\/rest\/wp\/v2\/comments?post=84243"}],"version-history":[{"count":1,"href":"https:\/\/www.nettali.com\/rest\/wp\/v2\/posts\/84243\/revisions"}],"predecessor-version":[{"id":84245,"href":"https:\/\/www.nettali.com\/rest\/wp\/v2\/posts\/84243\/revisions\/84245"}],"wp:featuredmedia":[{"embeddable":true,"href":"https:\/\/www.nettali.com\/rest\/wp\/v2\/media\/73699"}],"wp:attachment":[{"href":"https:\/\/www.nettali.com\/rest\/wp\/v2\/media?parent=84243"}],"wp:term":[{"taxonomy":"category","embeddable":true,"href":"https:\/\/www.nettali.com\/rest\/wp\/v2\/categories?post=84243"},{"taxonomy":"post_tag","embeddable":true,"href":"https:\/\/www.nettali.com\/rest\/wp\/v2\/tags?post=84243"}],"curies":[{"name":"wp","href":"https:\/\/api.w.org\/{rel}","templated":true}]}}