{"id":84167,"date":"2022-04-03T23:35:06","date_gmt":"2022-04-03T23:35:06","guid":{"rendered":"https:\/\/www.nettali.com\/?p=84167"},"modified":"2022-04-04T00:43:31","modified_gmt":"2022-04-04T00:43:31","slug":"vie-dans-larmee-nationale-dethie-fall-ouvre-ses-carnets-secrets","status":"publish","type":"post","link":"https:\/\/www.nettali.com\/2022\/04\/03\/vie-dans-larmee-nationale-dethie-fall-ouvre-ses-carnets-secrets\/","title":{"rendered":"VIE DANS L'ARMEE NATIONALE - D\u00e9thie Fall ouvre ses carnets secrets"},"content":{"rendered":"<p><strong>NETTALI.COM - A la vielle de la c\u00e9l\u00e9bration du 62\u00e8me anniversaire de l'ind\u00e9pendance du S\u00e9n\u00e9gal, D\u00e9thi\u00e9 Fall a rendu un vibrant hommage aux forces de l'ordre. A travers un communiqu\u00e9 que nous vous proposons in extenso, le pr\u00e9sident du Parti r\u00e9publicain pour le progr\u00e8s <\/strong><strong>a rappel\u00e9 son passage dans l'arm\u00e9e s\u00e9n\u00e9galaise.<\/strong><\/p>\n<p>Chers compatriotes,<\/p>\n<p>Je profite du 62\u00e8me anniversaire de la c\u00e9l\u00e9bration de notre accession \u00e0 l'ind\u00e9pendance pour rendre un vibrant hommage, entre autres, \u00e0 nos forces de d\u00e9fense et de s\u00e9curit\u00e9, partout o\u00f9 elles se trouvent, \u00e0 l'int\u00e9rieur du pays, comme \u00e0 l'ext\u00e9rieur.<\/p>\n<p>Nous sommes tous conscients des sacrifices et efforts soutenus que vous ne cessez de consentir pour la paix et la s\u00e9curit\u00e9. En effet, les populations s\u00e9n\u00e9galaises trouvent leur sommeil, la nuit, \u00e0 partir de vos innombrables insomnies et nuits blanches que vous passez pour veiller sur elles.<\/p>\n<p><img loading=\"lazy\" class=\"alignnone size-medium wp-image-84172\" src=\"https:\/\/www.nettali.com\/wp-content\/uploads\/2022\/04\/IMG-20220403-WA0124-212x300.jpg\" alt=\"\" width=\"212\" height=\"300\" srcset=\"https:\/\/www.nettali.com\/wp-content\/uploads\/2022\/04\/IMG-20220403-WA0124-212x300.jpg 212w, https:\/\/www.nettali.com\/wp-content\/uploads\/2022\/04\/IMG-20220403-WA0124.jpg 625w\" sizes=\"(max-width: 212px) 100vw, 212px\" \/><\/p>\n<p>J'ai eu la chance, en 5\u00e8me ann\u00e9e de ma formation d'ing\u00e9nieur polytechnicien \u00e0 l'\u00e9cole polytechnique de Thi\u00e8s, de s\u00e9journer \u00e0 l'Ecole Nationale des officiers d\u2019Active (ENOA) pour ma formation militaire dans le cadre du programme d'officiers de r\u00e9serve.<\/p>\n<p>Ce s\u00e9jour \u00e0 AMBOFOR 1 avec la devise XEL, JOM, FIT ( les Jambars comprendront) a \u00e9t\u00e9 d\u2019une grande richesse, aussi bien du point de vue physique, intellectuel, mental, disciplinaire et tactique. Cela m'a permis aussi de vivre et d'appr\u00e9cier les tr\u00e8s hautes dispositions et le haut professionnalisme de notre arm\u00e9e. Vous nous rendez tous fiers, tous les jours, sur les th\u00e9\u00e2tres d'op\u00e9ration, au plan national, continental , qu'international.<\/p>\n<p><img loading=\"lazy\" class=\"alignnone size-medium wp-image-84169\" src=\"https:\/\/www.nettali.com\/wp-content\/uploads\/2022\/04\/IMG-20220403-WA0126-149x300.jpg\" alt=\"\" width=\"149\" height=\"300\" srcset=\"https:\/\/www.nettali.com\/wp-content\/uploads\/2022\/04\/IMG-20220403-WA0126-149x300.jpg 149w, https:\/\/www.nettali.com\/wp-content\/uploads\/2022\/04\/IMG-20220403-WA0126-510x1024.jpg 510w, https:\/\/www.nettali.com\/wp-content\/uploads\/2022\/04\/IMG-20220403-WA0126.jpg 538w\" sizes=\"(max-width: 149px) 100vw, 149px\" \/><\/p>\n<p>Je rends un vibrant hommage \u00e0 tous nos officiers, sous officiers et militaires du rang, qu'ils soient encore en exercice, en incapacit\u00e9, \u00e0 la retraite ou plus de ce monde.<\/p>\n<p>Mes respects et hommages \u00e9galement \u00e0 nos anciens combattants<img loading=\"lazy\" class=\"alignnone size-medium wp-image-84171\" src=\"https:\/\/www.nettali.com\/wp-content\/uploads\/2022\/04\/IMG-20220403-WA0125-139x300.jpg\" alt=\"\" width=\"139\" height=\"300\" srcset=\"https:\/\/www.nettali.com\/wp-content\/uploads\/2022\/04\/IMG-20220403-WA0125-139x300.jpg 139w, https:\/\/www.nettali.com\/wp-content\/uploads\/2022\/04\/IMG-20220403-WA0125.jpg 414w\" sizes=\"(max-width: 139px) 100vw, 139px\" \/><\/p>\n<p>&nbsp;<\/p>\n<p>Je remercie particuli\u00e8rement le G\u00e9n\u00e9ral de brigade Amadou Anta GUEYE et les Colonels Mathieu Diogoye SENE et Cheikh GUEYE, qui ont \u00e9t\u00e9 mes instructeurs dans le cadre de cette formation militaire et principalement lors de la Formation Initiale du Combattant (FIC).<\/p>\n<p>\u00c0 vous tous, Mon Garde \u00e0 Vous<img loading=\"lazy\" class=\"alignnone size-medium wp-image-84170\" src=\"https:\/\/www.nettali.com\/wp-content\/uploads\/2022\/04\/IMG-20220403-WA0127-139x300.jpg\" alt=\"\" width=\"139\" height=\"300\" srcset=\"https:\/\/www.nettali.com\/wp-content\/uploads\/2022\/04\/IMG-20220403-WA0127-139x300.jpg 139w, https:\/\/www.nettali.com\/wp-content\/uploads\/2022\/04\/IMG-20220403-WA0127-473x1024.jpg 473w, https:\/\/www.nettali.com\/wp-content\/uploads\/2022\/04\/IMG-20220403-WA0127.jpg 499w\" sizes=\"(max-width: 139px) 100vw, 139px\" \/><\/p>\n<p>&nbsp;<\/p>\n<p>D\u00e9thi\u00e9 FALL,<br \/>\nPr\u00e9sident du PRP \".<\/p>\n<div class='share-to-whatsapp-wrapper'><div class='share-on-whsp'>PARTAGER SUR : <\/div><a data-text='VIE DANS L'ARMEE NATIONALE - D\u00e9thie Fall ouvre ses carnets secrets' data-link='https:\/\/www.nettali.com\/2022\/04\/03\/vie-dans-larmee-nationale-dethie-fall-ouvre-ses-carnets-secrets\/' class='whatsapp-button whatsapp-share'>WhatsApp<\/a><div class='clear '><\/div><\/div>","protected":false},"excerpt":{"rendered":"<p>NETTALI.COM - A la vielle de la c\u00e9l\u00e9bration du 62\u00e8me anniversaire de l'ind\u00e9pendance du S\u00e9n\u00e9gal, D\u00e9thi\u00e9 Fall a rendu un vibrant hommage aux forces de l'ordre. A travers un communiqu\u00e9 que nous vous proposons in extenso, le pr\u00e9sident du Parti r\u00e9publicain pour le progr\u00e8s a rappel\u00e9 son passage dans l'arm\u00e9e s\u00e9n\u00e9galaise. Chers compatriotes, Je profite [&hellip;]<\/p>\n","protected":false},"author":5,"featured_media":84172,"comment_status":"open","ping_status":"open","sticky":false,"template":"","format":"standard","meta":{"_et_pb_use_builder":"","_et_pb_old_content":""},"categories":[3],"tags":[],"yoast_head":"<!-- This site is optimized with the Yoast SEO Premium plugin v17.8 (Yoast SEO v17.8) - https:\/\/yoast.com\/wordpress\/plugins\/seo\/ -->\n<title>VIE DANS L&#039;ARMEE NATIONALE - D\u00e9thie Fall ouvre ses carnets secrets | Nettali.com<\/title>\n<meta name=\"robots\" content=\"index, follow, max-snippet:-1, max-image-preview:large, max-video-preview:-1\" \/>\n<link rel=\"canonical\" href=\"https:\/\/www.nettali.com\/2022\/04\/03\/vie-dans-larmee-nationale-dethie-fall-ouvre-ses-carnets-secrets\/\" \/>\n<meta property=\"og:locale\" content=\"fr_FR\" \/>\n<meta property=\"og:type\" content=\"article\" \/>\n<meta property=\"og:title\" content=\"VIE DANS L&#039;ARMEE NATIONALE - D\u00e9thie Fall ouvre ses carnets secrets\" \/>\n<meta property=\"og:description\" content=\"NETTALI.COM - A la vielle de la c\u00e9l\u00e9bration du 62\u00e8me anniversaire de l&#039;ind\u00e9pendance du S\u00e9n\u00e9gal, D\u00e9thi\u00e9 Fall a rendu un vibrant hommage aux forces de l&#039;ordre. A travers un communiqu\u00e9 que nous vous proposons in extenso, le pr\u00e9sident du Parti r\u00e9publicain pour le progr\u00e8s a rappel\u00e9 son passage dans l&#039;arm\u00e9e s\u00e9n\u00e9galaise. Chers compatriotes, Je profite [&hellip;]\" \/>\n<meta property=\"og:url\" content=\"https:\/\/www.nettali.com\/2022\/04\/03\/vie-dans-larmee-nationale-dethie-fall-ouvre-ses-carnets-secrets\/\" \/>\n<meta property=\"og:site_name\" content=\"Nettali.com\" \/>\n<meta property=\"article:publisher\" content=\"https:\/\/www.facebook.com\/nettalicom\" \/>\n<meta property=\"article:published_time\" content=\"2022-04-03T23:35:06+00:00\" \/>\n<meta property=\"article:modified_time\" content=\"2022-04-04T00:43:31+00:00\" \/>\n<meta property=\"og:image\" content=\"https:\/\/www.nettali.com\/wp-content\/uploads\/2022\/04\/IMG-20220403-WA0124.jpg\" \/>\n\t<meta property=\"og:image:width\" content=\"625\" \/>\n\t<meta property=\"og:image:height\" content=\"886\" \/>\n<meta name=\"twitter:card\" content=\"summary_large_image\" \/>\n<meta name=\"twitter:label1\" content=\"\u00c9crit par\" \/>\n\t<meta name=\"twitter:data1\" content=\"Ibrahima\" \/>\n\t<meta name=\"twitter:label2\" content=\"Dur\u00e9e de lecture estim\u00e9e\" \/>\n\t<meta name=\"twitter:data2\" content=\"3 minutes\" \/>\n<script type=\"application\/ld+json\" class=\"yoast-schema-graph\">{\"@context\":\"https:\/\/schema.org\",\"@graph\":[{\"@type\":\"WebSite\",\"@id\":\"https:\/\/www.nettali.com\/#website\",\"url\":\"https:\/\/www.nettali.com\/\",\"name\":\"Nettali.com\",\"description\":\"Le rendez-vous critique du Net\",\"potentialAction\":[{\"@type\":\"SearchAction\",\"target\":{\"@type\":\"EntryPoint\",\"urlTemplate\":\"https:\/\/www.nettali.com\/?s={search_term_string}\"},\"query-input\":\"required name=search_term_string\"}],\"inLanguage\":\"fr-FR\"},{\"@type\":\"ImageObject\",\"@id\":\"https:\/\/www.nettali.com\/2022\/04\/03\/vie-dans-larmee-nationale-dethie-fall-ouvre-ses-carnets-secrets\/#primaryimage\",\"inLanguage\":\"fr-FR\",\"url\":\"https:\/\/www.nettali.com\/wp-content\/uploads\/2022\/04\/IMG-20220403-WA0124.jpg\",\"contentUrl\":\"https:\/\/www.nettali.com\/wp-content\/uploads\/2022\/04\/IMG-20220403-WA0124.jpg\",\"width\":625,\"height\":886},{\"@type\":\"WebPage\",\"@id\":\"https:\/\/www.nettali.com\/2022\/04\/03\/vie-dans-larmee-nationale-dethie-fall-ouvre-ses-carnets-secrets\/#webpage\",\"url\":\"https:\/\/www.nettali.com\/2022\/04\/03\/vie-dans-larmee-nationale-dethie-fall-ouvre-ses-carnets-secrets\/\",\"name\":\"VIE DANS L'ARMEE NATIONALE - D\\u00e9thie Fall ouvre ses carnets secrets | Nettali.com\",\"isPartOf\":{\"@id\":\"https:\/\/www.nettali.com\/#website\"},\"primaryImageOfPage\":{\"@id\":\"https:\/\/www.nettali.com\/2022\/04\/03\/vie-dans-larmee-nationale-dethie-fall-ouvre-ses-carnets-secrets\/#primaryimage\"},\"datePublished\":\"2022-04-03T23:35:06+00:00\",\"dateModified\":\"2022-04-04T00:43:31+00:00\",\"author\":{\"@id\":\"https:\/\/www.nettali.com\/#\/schema\/person\/bb147657c2986240405a608162b9bb23\"},\"breadcrumb\":{\"@id\":\"https:\/\/www.nettali.com\/2022\/04\/03\/vie-dans-larmee-nationale-dethie-fall-ouvre-ses-carnets-secrets\/#breadcrumb\"},\"inLanguage\":\"fr-FR\",\"potentialAction\":[{\"@type\":\"ReadAction\",\"target\":[\"https:\/\/www.nettali.com\/2022\/04\/03\/vie-dans-larmee-nationale-dethie-fall-ouvre-ses-carnets-secrets\/\"]}]},{\"@type\":\"BreadcrumbList\",\"@id\":\"https:\/\/www.nettali.com\/2022\/04\/03\/vie-dans-larmee-nationale-dethie-fall-ouvre-ses-carnets-secrets\/#breadcrumb\",\"itemListElement\":[{\"@type\":\"ListItem\",\"position\":1,\"name\":\"Accueil\",\"item\":\"https:\/\/www.nettali.com\/\"},{\"@type\":\"ListItem\",\"position\":2,\"name\":\"VIE DANS L'ARMEE NATIONALE - D\\u00e9thie Fall ouvre ses carnets secrets\"}]},{\"@type\":\"Person\",\"@id\":\"https:\/\/www.nettali.com\/#\/schema\/person\/bb147657c2986240405a608162b9bb23\",\"name\":\"Ibrahima\",\"image\":{\"@type\":\"ImageObject\",\"@id\":\"https:\/\/www.nettali.com\/#personlogo\",\"inLanguage\":\"fr-FR\",\"url\":\"https:\/\/secure.gravatar.com\/avatar\/26a8a81f09f0dd7624c9d5c36c9ba3a2?s=96&d=mm&r=g\",\"contentUrl\":\"https:\/\/secure.gravatar.com\/avatar\/26a8a81f09f0dd7624c9d5c36c9ba3a2?s=96&d=mm&r=g\",\"caption\":\"Ibrahima\"},\"sameAs\":[\"https:\/\/www.nettali.com\"]}]}<\/script>\n<!-- \/ Yoast SEO Premium plugin. -->","yoast_head_json":{"title":"VIE DANS L'ARMEE NATIONALE - D\u00e9thie Fall ouvre ses carnets secrets | Nettali.com","robots":{"index":"index","follow":"follow","max-snippet":"max-snippet:-1","max-image-preview":"max-image-preview:large","max-video-preview":"max-video-preview:-1"},"canonical":"https:\/\/www.nettali.com\/2022\/04\/03\/vie-dans-larmee-nationale-dethie-fall-ouvre-ses-carnets-secrets\/","og_locale":"fr_FR","og_type":"article","og_title":"VIE DANS L'ARMEE NATIONALE - D\u00e9thie Fall ouvre ses carnets secrets","og_description":"NETTALI.COM - A la vielle de la c\u00e9l\u00e9bration du 62\u00e8me anniversaire de l'ind\u00e9pendance du S\u00e9n\u00e9gal, D\u00e9thi\u00e9 Fall a rendu un vibrant hommage aux forces de l'ordre. A travers un communiqu\u00e9 que nous vous proposons in extenso, le pr\u00e9sident du Parti r\u00e9publicain pour le progr\u00e8s a rappel\u00e9 son passage dans l'arm\u00e9e s\u00e9n\u00e9galaise. Chers compatriotes, Je profite [&hellip;]","og_url":"https:\/\/www.nettali.com\/2022\/04\/03\/vie-dans-larmee-nationale-dethie-fall-ouvre-ses-carnets-secrets\/","og_site_name":"Nettali.com","article_publisher":"https:\/\/www.facebook.com\/nettalicom","article_published_time":"2022-04-03T23:35:06+00:00","article_modified_time":"2022-04-04T00:43:31+00:00","og_image":[{"width":625,"height":886,"url":"https:\/\/www.nettali.com\/wp-content\/uploads\/2022\/04\/IMG-20220403-WA0124.jpg","type":"image\/jpeg"}],"twitter_card":"summary_large_image","twitter_misc":{"\u00c9crit par":"Ibrahima","Dur\u00e9e de lecture estim\u00e9e":"3 minutes"},"schema":{"@context":"https:\/\/schema.org","@graph":[{"@type":"WebSite","@id":"https:\/\/www.nettali.com\/#website","url":"https:\/\/www.nettali.com\/","name":"Nettali.com","description":"Le rendez-vous critique du Net","potentialAction":[{"@type":"SearchAction","target":{"@type":"EntryPoint","urlTemplate":"https:\/\/www.nettali.com\/?s={search_term_string}"},"query-input":"required name=search_term_string"}],"inLanguage":"fr-FR"},{"@type":"ImageObject","@id":"https:\/\/www.nettali.com\/2022\/04\/03\/vie-dans-larmee-nationale-dethie-fall-ouvre-ses-carnets-secrets\/#primaryimage","inLanguage":"fr-FR","url":"https:\/\/www.nettali.com\/wp-content\/uploads\/2022\/04\/IMG-20220403-WA0124.jpg","contentUrl":"https:\/\/www.nettali.com\/wp-content\/uploads\/2022\/04\/IMG-20220403-WA0124.jpg","width":625,"height":886},{"@type":"WebPage","@id":"https:\/\/www.nettali.com\/2022\/04\/03\/vie-dans-larmee-nationale-dethie-fall-ouvre-ses-carnets-secrets\/#webpage","url":"https:\/\/www.nettali.com\/2022\/04\/03\/vie-dans-larmee-nationale-dethie-fall-ouvre-ses-carnets-secrets\/","name":"VIE DANS L'ARMEE NATIONALE - D\u00e9thie Fall ouvre ses carnets secrets | Nettali.com","isPartOf":{"@id":"https:\/\/www.nettali.com\/#website"},"primaryImageOfPage":{"@id":"https:\/\/www.nettali.com\/2022\/04\/03\/vie-dans-larmee-nationale-dethie-fall-ouvre-ses-carnets-secrets\/#primaryimage"},"datePublished":"2022-04-03T23:35:06+00:00","dateModified":"2022-04-04T00:43:31+00:00","author":{"@id":"https:\/\/www.nettali.com\/#\/schema\/person\/bb147657c2986240405a608162b9bb23"},"breadcrumb":{"@id":"https:\/\/www.nettali.com\/2022\/04\/03\/vie-dans-larmee-nationale-dethie-fall-ouvre-ses-carnets-secrets\/#breadcrumb"},"inLanguage":"fr-FR","potentialAction":[{"@type":"ReadAction","target":["https:\/\/www.nettali.com\/2022\/04\/03\/vie-dans-larmee-nationale-dethie-fall-ouvre-ses-carnets-secrets\/"]}]},{"@type":"BreadcrumbList","@id":"https:\/\/www.nettali.com\/2022\/04\/03\/vie-dans-larmee-nationale-dethie-fall-ouvre-ses-carnets-secrets\/#breadcrumb","itemListElement":[{"@type":"ListItem","position":1,"name":"Accueil","item":"https:\/\/www.nettali.com\/"},{"@type":"ListItem","position":2,"name":"VIE DANS L'ARMEE NATIONALE - D\u00e9thie Fall ouvre ses carnets secrets"}]},{"@type":"Person","@id":"https:\/\/www.nettali.com\/#\/schema\/person\/bb147657c2986240405a608162b9bb23","name":"Ibrahima","image":{"@type":"ImageObject","@id":"https:\/\/www.nettali.com\/#personlogo","inLanguage":"fr-FR","url":"https:\/\/secure.gravatar.com\/avatar\/26a8a81f09f0dd7624c9d5c36c9ba3a2?s=96&d=mm&r=g","contentUrl":"https:\/\/secure.gravatar.com\/avatar\/26a8a81f09f0dd7624c9d5c36c9ba3a2?s=96&d=mm&r=g","caption":"Ibrahima"},"sameAs":["https:\/\/www.nettali.com"]}]}},"_links":{"self":[{"href":"https:\/\/www.nettali.com\/rest\/wp\/v2\/posts\/84167"}],"collection":[{"href":"https:\/\/www.nettali.com\/rest\/wp\/v2\/posts"}],"about":[{"href":"https:\/\/www.nettali.com\/rest\/wp\/v2\/types\/post"}],"author":[{"embeddable":true,"href":"https:\/\/www.nettali.com\/rest\/wp\/v2\/users\/5"}],"replies":[{"embeddable":true,"href":"https:\/\/www.nettali.com\/rest\/wp\/v2\/comments?post=84167"}],"version-history":[{"count":4,"href":"https:\/\/www.nettali.com\/rest\/wp\/v2\/posts\/84167\/revisions"}],"predecessor-version":[{"id":84177,"href":"https:\/\/www.nettali.com\/rest\/wp\/v2\/posts\/84167\/revisions\/84177"}],"wp:featuredmedia":[{"embeddable":true,"href":"https:\/\/www.nettali.com\/rest\/wp\/v2\/media\/84172"}],"wp:attachment":[{"href":"https:\/\/www.nettali.com\/rest\/wp\/v2\/media?parent=84167"}],"wp:term":[{"taxonomy":"category","embeddable":true,"href":"https:\/\/www.nettali.com\/rest\/wp\/v2\/categories?post=84167"},{"taxonomy":"post_tag","embeddable":true,"href":"https:\/\/www.nettali.com\/rest\/wp\/v2\/tags?post=84167"}],"curies":[{"name":"wp","href":"https:\/\/api.w.org\/{rel}","templated":true}]}}